{"id":179341,"date":"2026-03-10T16:15:00","date_gmt":"2026-03-10T19:15:00","guid":{"rendered":"https:\/\/www.em.com.br\/emfoco\/?p=179341"},"modified":"2026-03-09T14:13:25","modified_gmt":"2026-03-09T17:13:25","slug":"apos-mais-de-500-dias-afastada-auxiliar-de-limpeza-perde-emprego-e-busca-indenizacao-na-justica","status":"publish","type":"post","link":"https:\/\/www.em.com.br\/emfoco\/2026\/03\/10\/apos-mais-de-500-dias-afastada-auxiliar-de-limpeza-perde-emprego-e-busca-indenizacao-na-justica\/","title":{"rendered":"Ap\u00f3s mais de 500 dias afastada, auxiliar de limpeza perde emprego e busca indeniza\u00e7\u00e3o na Justi\u00e7a"},"content":{"rendered":"\n<p>O epis\u00f3dio da faxineira demitida ap\u00f3s 545 dias sem trabalhar por motivo de doen\u00e7a, na Catalunha, em 2026, reacendeu o debate sobre at\u00e9 onde vai a prote\u00e7\u00e3o trabalhista em casos de afastamento prolongado por sa\u00fade, especialmente quando, ap\u00f3s quase 15 anos na mesma empresa, o v\u00ednculo \u00e9 encerrado assim que se esgota o per\u00edodo de incapacidade tempor\u00e1ria e se reconhece uma incapacidade permanente total para a fun\u00e7\u00e3o.<\/p>\n\n\n\n<h2 class=\"wp-block-heading\">O que \u00e9 despedimento improcedente e como foi usado neste caso?<\/h2>\n\n\n\n<p>Despedimento improcedente, no direito do trabalho espanhol, \u00e9 a <strong><a href=\"https:\/\/www.em.com.br\/emfoco\/2026\/03\/03\/funcionaria-afastada-por-atestado-e-flagrada-em-bar-e-justica-confirma-demissao-de-forma-contundente\/\" target=\"_blank\" rel=\"noreferrer noopener\">demiss\u00e3o <\/a><\/strong>considerada injustificada ou com falhas de procedimento, que pode gerar indeniza\u00e7\u00e3o maior ou at\u00e9 readmiss\u00e3o. Isso ocorre quando o empregador n\u00e3o prova motivo suficiente ou desrespeita regras formais para desligar o trabalhador.<\/p>\n\n\n\n<p>No caso da faxineira, a tese foi de que o fim do contrato, ap\u00f3s 545 dias de afastamento, n\u00e3o seria autom\u00e1tico, mas uma decis\u00e3o empresarial pass\u00edvel de ser vista como desligamento irregular. Ela tamb\u00e9m sustentou que, diante da incapacidade permanente total para limpeza, a empresa deveria ter avaliado alternativas de realoca\u00e7\u00e3o em fun\u00e7\u00e3o compat\u00edvel antes de extinguir o v\u00ednculo.<\/p>\n\n\n\n<figure class=\"wp-block-image size-large\"><img loading=\"lazy\" decoding=\"async\" width=\"1024\" height=\"576\" src=\"https:\/\/www.em.com.br\/emfoco\/wp-content\/uploads\/2026\/03\/13-1-1024x576.jpg\" alt=\"Ap\u00f3s mais de 500 dias afastada, auxiliar de limpeza perde emprego e busca indeniza\u00e7\u00e3o na Justi\u00e7a\" class=\"wp-image-179379\" srcset=\"https:\/\/www.em.com.br\/emfoco\/wp-content\/uploads\/2026\/03\/13-1-1024x576.jpg 1024w, https:\/\/www.em.com.br\/emfoco\/wp-content\/uploads\/2026\/03\/13-1-300x169.jpg 300w, https:\/\/www.em.com.br\/emfoco\/wp-content\/uploads\/2026\/03\/13-1-768x432.jpg 768w, https:\/\/www.em.com.br\/emfoco\/wp-content\/uploads\/2026\/03\/13-1-750x422.jpg 750w, https:\/\/www.em.com.br\/emfoco\/wp-content\/uploads\/2026\/03\/13-1-1140x641.jpg 1140w, https:\/\/www.em.com.br\/emfoco\/wp-content\/uploads\/2026\/03\/13-1.jpg 1280w\" sizes=\"auto, (max-width: 1024px) 100vw, 1024px\" \/><figcaption class=\"wp-element-caption\">Despedimento improcedente exige prova de falha no procedimento de desligamento empresarial<\/figcaption><\/figure>\n\n\n\n<h2 class=\"wp-block-heading\">Quais foram os principais pontos discutidos na demiss\u00e3o ap\u00f3s 545 dias de afastamento?<\/h2>\n\n\n\n<p>O debate come\u00e7ou quando, ao fim do limite legal de incapacidade tempor\u00e1ria, a empresa encerrou o contrato e pagou cerca de <strong>1.769,93 euros<\/strong>, que a trabalhadora considerou apenas como verbas rescis\u00f3rias b\u00e1sicas. A partir da\u00ed, discutiu-se se havia um verdadeiro ato de despedimento pass\u00edvel de ser classificado como improcedente.<\/p>\n\n\n\n<p>De um lado, a faxineira alegou longa antiguidade, sa\u00fade fragilizada e falta de tentativa de readapta\u00e7\u00e3o; de outro, a empresa afirmou ter seguido a regra do esgotamento da incapacidade tempor\u00e1ria, refor\u00e7ada pelo reconhecimento de incapacidade permanente para o posto habitual. Esse impasse levou o caso ao Judici\u00e1rio, levantando d\u00favidas em quem vive situa\u00e7\u00e3o semelhante.<\/p>\n\n\n\n<h2 class=\"wp-block-heading\">Como a Justi\u00e7a espanhola interpretou a demiss\u00e3o ap\u00f3s a longa licen\u00e7a m\u00e9dica?<\/h2>\n\n\n\n<p>O juizado do trabalho em Barcelona rejeitou o pedido da trabalhadora, entendendo que a empresa agiu em linha com a legisla\u00e7\u00e3o ao aplicar a doutrina do esgotamento da incapacidade tempor\u00e1ria. Assim, n\u00e3o teria havido dispensa arbitr\u00e1ria, mas consequ\u00eancia jur\u00eddica prevista em lei.<\/p>\n\n\n\n<p>O <a href=\"https:\/\/www.poderjudicial.es\/cgpj\/es\/Poder-Judicial\/Tribunales-Superiores-de-Justicia\/TSJ-Cataluna\/\" target=\"_blank\" rel=\"noreferrer noopener\"><strong>Tribunal Superior de Justi\u00e7a da Catalunha<\/strong> <\/a>confirmou essa vis\u00e3o e, depois, o Tribunal Supremo manteve a decis\u00e3o ao concluir que os precedentes citados pela faxineira n\u00e3o eram compar\u00e1veis. Com isso, ela ficou apenas com a quita\u00e7\u00e3o final, pr\u00f3xima ao sal\u00e1rio mensal, sem direito \u00e0 indeniza\u00e7\u00e3o ampliada t\u00edpica de um despedimento improcedente.<\/p>\n\n\n\n<figure class=\"wp-block-image size-large\"><img loading=\"lazy\" decoding=\"async\" width=\"1024\" height=\"576\" src=\"https:\/\/www.em.com.br\/emfoco\/wp-content\/uploads\/2026\/03\/12-9-1024x576.jpg\" alt=\"Ap\u00f3s mais de 500 dias afastada, auxiliar de limpeza perde emprego e busca indeniza\u00e7\u00e3o na Justi\u00e7a\" class=\"wp-image-179378\" srcset=\"https:\/\/www.em.com.br\/emfoco\/wp-content\/uploads\/2026\/03\/12-9-1024x576.jpg 1024w, https:\/\/www.em.com.br\/emfoco\/wp-content\/uploads\/2026\/03\/12-9-300x169.jpg 300w, https:\/\/www.em.com.br\/emfoco\/wp-content\/uploads\/2026\/03\/12-9-768x432.jpg 768w, https:\/\/www.em.com.br\/emfoco\/wp-content\/uploads\/2026\/03\/12-9-750x422.jpg 750w, https:\/\/www.em.com.br\/emfoco\/wp-content\/uploads\/2026\/03\/12-9-1140x641.jpg 1140w, https:\/\/www.em.com.br\/emfoco\/wp-content\/uploads\/2026\/03\/12-9.jpg 1280w\" sizes=\"auto, (max-width: 1024px) 100vw, 1024px\" \/><figcaption class=\"wp-element-caption\">Justi\u00e7a interpretou a demiss\u00e3o como cumprimento estrito da legisla\u00e7\u00e3o trabalhista vigente<\/figcaption><\/figure>\n\n\n\n<h2 class=\"wp-block-heading\">Quais cuidados trabalhadores e empresas devem ter em afastamentos longos por doen\u00e7a?<\/h2>\n\n\n\n<p>Esse caso mostra que a forma de encerrar contratos em afastamentos prolongados afeta diretamente direitos e valores recebidos. Para evitar surpresas, \u00e9 essencial entender se o fim do v\u00ednculo decorre automaticamente do esgotamento da incapacidade ou se configura um ato de despedimento que pode ser questionado.<\/p>\n\n\n\n<p>Nesse contexto, alguns cuidados pr\u00e1ticos tendem a fazer diferen\u00e7a na prote\u00e7\u00e3o de ambos os lados da rela\u00e7\u00e3o de trabalho:<\/p>\n\n\n\n<ul class=\"wp-block-list\">\n<li><strong>Empresas:<\/strong>\u00a0respeitar prazos legais, registrar claramente o motivo do desligamento e avaliar seriamente a possibilidade de readapta\u00e7\u00e3o;<\/li>\n\n\n\n<li><strong>Trabalhadores:<\/strong>\u00a0guardar laudos e atestados, conferir com aten\u00e7\u00e3o a comunica\u00e7\u00e3o de demiss\u00e3o e procurar apoio jur\u00eddico logo ap\u00f3s receber a not\u00edcia;<\/li>\n\n\n\n<li><strong>Ambas as partes:<\/strong>\u00a0conhecer decis\u00f5es recentes dos tribunais para alinhar expectativas e estrat\u00e9gias diante de doen\u00e7as de longa dura\u00e7\u00e3o.<\/li>\n<\/ul>\n\n\n\n<h2 class=\"wp-block-heading\">O que esse caso ensina e como agir se voc\u00ea estiver em situa\u00e7\u00e3o parecida?<\/h2>\n\n\n\n<p>Em um cen\u00e1rio p\u00f3s-pandemia, com afastamentos m\u00e9dicos mais frequentes, decis\u00f5es como essa ajudam a delimitar o alcance da prote\u00e7\u00e3o trabalhista em situa\u00e7\u00f5es de incapacidade prolongada. Saber quando o contrato \u00e9 automaticamente extinto e quando h\u00e1 espa\u00e7o para questionar a demiss\u00e3o pode significar a diferen\u00e7a entre receber s\u00f3 a liquida\u00e7\u00e3o b\u00e1sica ou uma compensa\u00e7\u00e3o mais robusta.<\/p>\n\n\n\n<p>Se voc\u00ea est\u00e1 ou pode vir a ficar em afastamento longo, n\u00e3o espere o fim do benef\u00edcio para entender seus direitos: informe-se agora, re\u00fana documentos m\u00e9dicos, revise cuidadosamente qualquer carta de desligamento e busque orienta\u00e7\u00e3o jur\u00eddica especializada com urg\u00eancia, antes que os prazos se esgotem e a chance de contestar a demiss\u00e3o desapare\u00e7a.<\/p>\n","protected":false},"excerpt":{"rendered":"<p>O epis\u00f3dio da faxineira demitida ap\u00f3s 545 dias sem trabalhar por motivo de doen\u00e7a, na Catalunha, em 2026, reacendeu o debate sobre at\u00e9 onde vai a prote\u00e7\u00e3o trabalhista em casos de afastamento prolongado por sa\u00fade, especialmente quando, ap\u00f3s quase 15 anos na mesma empresa, o v\u00ednculo \u00e9 encerrado assim que se esgota o per\u00edodo de [&hellip;]<\/p>\n","protected":false},"author":13,"featured_media":179380,"comment_status":"open","ping_status":"open","sticky":false,"template":"","format":"standard","meta":{"jnews-multi-image_gallery":[],"jnews_single_post":{"format":"standard"},"jnews_primary_category":[],"jnews_social_meta":[],"jnews_override_counter":[],"footnotes":""},"categories":[28],"tags":[25915,2287,24188],"class_list":["post-179341","post","type-post","status-publish","format-standard","has-post-thumbnail","hentry","category-economia","tag-545-dias-sem-trabalhar","tag-demissao","tag-faxineira"],"yoast_head":"<!-- This site is optimized with the Yoast SEO plugin v23.8 - https:\/\/yoast.com\/wordpress\/plugins\/seo\/ -->\n<title>Ap\u00f3s mais de 500 dias afastada, auxiliar de limpeza perde emprego e busca indeniza\u00e7\u00e3o na Justi\u00e7a - Estado de Minas - Em foco<\/title>\n<meta name=\"description\" content=\"Faxineira foi demitida ap\u00f3s 545 dias afastada por doen\u00e7a e levou o caso \u00e0 Justi\u00e7a. Decis\u00e3o reacendeu debate sobre direitos trabalhistas.\" \/>\n<meta name=\"robots\" content=\"index, follow, max-snippet:-1, max-image-preview:large, max-video-preview:-1\" \/>\n<link rel=\"canonical\" href=\"https:\/\/www.em.com.br\/emfoco\/2026\/03\/10\/apos-mais-de-500-dias-afastada-auxiliar-de-limpeza-perde-emprego-e-busca-indenizacao-na-justica\/\" \/>\n<meta property=\"og:locale\" content=\"pt_BR\" \/>\n<meta property=\"og:type\" content=\"article\" \/>\n<meta property=\"og:title\" content=\"Ap\u00f3s mais de 500 dias afastada, auxiliar de limpeza perde emprego e busca indeniza\u00e7\u00e3o na Justi\u00e7a - Estado de Minas - Em foco\" \/>\n<meta property=\"og:description\" content=\"Faxineira foi demitida ap\u00f3s 545 dias afastada por doen\u00e7a e levou o caso \u00e0 Justi\u00e7a. Decis\u00e3o reacendeu debate sobre direitos trabalhistas.\" \/>\n<meta property=\"og:url\" content=\"https:\/\/www.em.com.br\/emfoco\/2026\/03\/10\/apos-mais-de-500-dias-afastada-auxiliar-de-limpeza-perde-emprego-e-busca-indenizacao-na-justica\/\" \/>\n<meta property=\"og:site_name\" content=\"Estado de Minas - Em foco\" \/>\n<meta property=\"article:published_time\" content=\"2026-03-10T19:15:00+00:00\" \/>\n<meta property=\"article:modified_time\" content=\"2026-03-09T17:13:25+00:00\" \/>\n<meta property=\"og:image\" content=\"https:\/\/www.em.com.br\/emfoco\/wp-content\/uploads\/2026\/03\/14.jpg\" \/>\n\t<meta property=\"og:image:width\" content=\"1280\" \/>\n\t<meta property=\"og:image:height\" content=\"720\" \/>\n\t<meta property=\"og:image:type\" content=\"image\/jpeg\" \/>\n<meta name=\"author\" content=\"Gabriel Martins\" \/>\n<meta name=\"twitter:card\" content=\"summary_large_image\" \/>\n<meta name=\"twitter:label1\" content=\"Escrito por\" \/>\n\t<meta name=\"twitter:data1\" content=\"Gabriel Martins\" \/>\n\t<meta name=\"twitter:label2\" content=\"Est. tempo de leitura\" \/>\n\t<meta name=\"twitter:data2\" content=\"5 minutos\" \/>\n<!-- \/ Yoast SEO plugin. -->","yoast_head_json":{"title":"Ap\u00f3s mais de 500 dias afastada, auxiliar de limpeza perde emprego e busca indeniza\u00e7\u00e3o na Justi\u00e7a - Estado de Minas - Em foco","description":"Faxineira foi demitida ap\u00f3s 545 dias afastada por doen\u00e7a e levou o caso \u00e0 Justi\u00e7a. Decis\u00e3o reacendeu debate sobre direitos trabalhistas.","robots":{"index":"index","follow":"follow","max-snippet":"max-snippet:-1","max-image-preview":"max-image-preview:large","max-video-preview":"max-video-preview:-1"},"canonical":"https:\/\/www.em.com.br\/emfoco\/2026\/03\/10\/apos-mais-de-500-dias-afastada-auxiliar-de-limpeza-perde-emprego-e-busca-indenizacao-na-justica\/","og_locale":"pt_BR","og_type":"article","og_title":"Ap\u00f3s mais de 500 dias afastada, auxiliar de limpeza perde emprego e busca indeniza\u00e7\u00e3o na Justi\u00e7a - Estado de Minas - Em foco","og_description":"Faxineira foi demitida ap\u00f3s 545 dias afastada por doen\u00e7a e levou o caso \u00e0 Justi\u00e7a. Decis\u00e3o reacendeu debate sobre direitos trabalhistas.","og_url":"https:\/\/www.em.com.br\/emfoco\/2026\/03\/10\/apos-mais-de-500-dias-afastada-auxiliar-de-limpeza-perde-emprego-e-busca-indenizacao-na-justica\/","og_site_name":"Estado de Minas - Em foco","article_published_time":"2026-03-10T19:15:00+00:00","article_modified_time":"2026-03-09T17:13:25+00:00","og_image":[{"width":1280,"height":720,"url":"https:\/\/www.em.com.br\/emfoco\/wp-content\/uploads\/2026\/03\/14.jpg","type":"image\/jpeg"}],"author":"Gabriel Martins","twitter_card":"summary_large_image","twitter_misc":{"Escrito por":"Gabriel Martins","Est. tempo de leitura":"5 minutos"},"schema":{"@context":"https:\/\/schema.org","@graph":[{"@type":"WebPage","@id":"https:\/\/www.em.com.br\/emfoco\/2026\/03\/10\/apos-mais-de-500-dias-afastada-auxiliar-de-limpeza-perde-emprego-e-busca-indenizacao-na-justica\/","url":"https:\/\/www.em.com.br\/emfoco\/2026\/03\/10\/apos-mais-de-500-dias-afastada-auxiliar-de-limpeza-perde-emprego-e-busca-indenizacao-na-justica\/","name":"Ap\u00f3s mais de 500 dias afastada, auxiliar de limpeza perde emprego e busca indeniza\u00e7\u00e3o na Justi\u00e7a - Estado de Minas - Em foco","isPartOf":{"@id":"https:\/\/www.em.com.br\/emfoco\/#website"},"primaryImageOfPage":{"@id":"https:\/\/www.em.com.br\/emfoco\/2026\/03\/10\/apos-mais-de-500-dias-afastada-auxiliar-de-limpeza-perde-emprego-e-busca-indenizacao-na-justica\/#primaryimage"},"image":{"@id":"https:\/\/www.em.com.br\/emfoco\/2026\/03\/10\/apos-mais-de-500-dias-afastada-auxiliar-de-limpeza-perde-emprego-e-busca-indenizacao-na-justica\/#primaryimage"},"thumbnailUrl":"https:\/\/www.em.com.br\/emfoco\/wp-content\/uploads\/2026\/03\/14.jpg","datePublished":"2026-03-10T19:15:00+00:00","dateModified":"2026-03-09T17:13:25+00:00","author":{"@id":"https:\/\/www.em.com.br\/emfoco\/#\/schema\/person\/1c9ddeab18b98abeffef834667bcf08a"},"description":"Faxineira foi demitida ap\u00f3s 545 dias afastada por doen\u00e7a e levou o caso \u00e0 Justi\u00e7a. Decis\u00e3o reacendeu debate sobre direitos trabalhistas.","breadcrumb":{"@id":"https:\/\/www.em.com.br\/emfoco\/2026\/03\/10\/apos-mais-de-500-dias-afastada-auxiliar-de-limpeza-perde-emprego-e-busca-indenizacao-na-justica\/#breadcrumb"},"inLanguage":"pt-BR","potentialAction":[{"@type":"ReadAction","target":["https:\/\/www.em.com.br\/emfoco\/2026\/03\/10\/apos-mais-de-500-dias-afastada-auxiliar-de-limpeza-perde-emprego-e-busca-indenizacao-na-justica\/"]}]},{"@type":"ImageObject","inLanguage":"pt-BR","@id":"https:\/\/www.em.com.br\/emfoco\/2026\/03\/10\/apos-mais-de-500-dias-afastada-auxiliar-de-limpeza-perde-emprego-e-busca-indenizacao-na-justica\/#primaryimage","url":"https:\/\/www.em.com.br\/emfoco\/wp-content\/uploads\/2026\/03\/14.jpg","contentUrl":"https:\/\/www.em.com.br\/emfoco\/wp-content\/uploads\/2026\/03\/14.jpg","width":1280,"height":720,"caption":"Decis\u00e3o judicial delimita o alcance da prote\u00e7\u00e3o em casos de sa\u00fade prolongada"},{"@type":"BreadcrumbList","@id":"https:\/\/www.em.com.br\/emfoco\/2026\/03\/10\/apos-mais-de-500-dias-afastada-auxiliar-de-limpeza-perde-emprego-e-busca-indenizacao-na-justica\/#breadcrumb","itemListElement":[{"@type":"ListItem","position":1,"name":"In\u00edcio","item":"https:\/\/www.em.com.br\/emfoco\/"},{"@type":"ListItem","position":2,"name":"Ap\u00f3s mais de 500 dias afastada, auxiliar de limpeza perde emprego e busca indeniza\u00e7\u00e3o na Justi\u00e7a"}]},{"@type":"WebSite","@id":"https:\/\/www.em.com.br\/emfoco\/#website","url":"https:\/\/www.em.com.br\/emfoco\/","name":"Estado de Minas - Em foco","description":"Acompanhe as \u00faltimas not\u00edcias e fique bem informado sobre tudo o que acontece em Minas Gerais, Brasil e no mundo.","potentialAction":[{"@type":"SearchAction","target":{"@type":"EntryPoint","urlTemplate":"https:\/\/www.em.com.br\/emfoco\/?s={search_term_string}"},"query-input":{"@type":"PropertyValueSpecification","valueRequired":true,"valueName":"search_term_string"}}],"inLanguage":"pt-BR"},{"@type":"Person","@id":"https:\/\/www.em.com.br\/emfoco\/#\/schema\/person\/1c9ddeab18b98abeffef834667bcf08a","name":"Gabriel Martins","image":{"@type":"ImageObject","inLanguage":"pt-BR","@id":"https:\/\/www.em.com.br\/emfoco\/#\/schema\/person\/image\/","url":"https:\/\/secure.gravatar.com\/avatar\/f0f1e2efdfd88f1ad2cb08c5c2731e50?s=96&d=mm&r=g","contentUrl":"https:\/\/secure.gravatar.com\/avatar\/f0f1e2efdfd88f1ad2cb08c5c2731e50?s=96&d=mm&r=g","caption":"Gabriel Martins"},"sameAs":["https:\/\/www.em.com.br\/emfoco\/"],"url":"https:\/\/www.em.com.br\/emfoco\/author\/gabrielmartinsmyth\/"}]}},"_links":{"self":[{"href":"https:\/\/www.em.com.br\/emfoco\/wp-json\/wp\/v2\/posts\/179341","targetHints":{"allow":["GET"]}}],"collection":[{"href":"https:\/\/www.em.com.br\/emfoco\/wp-json\/wp\/v2\/posts"}],"about":[{"href":"https:\/\/www.em.com.br\/emfoco\/wp-json\/wp\/v2\/types\/post"}],"author":[{"embeddable":true,"href":"https:\/\/www.em.com.br\/emfoco\/wp-json\/wp\/v2\/users\/13"}],"replies":[{"embeddable":true,"href":"https:\/\/www.em.com.br\/emfoco\/wp-json\/wp\/v2\/comments?post=179341"}],"version-history":[{"count":1,"href":"https:\/\/www.em.com.br\/emfoco\/wp-json\/wp\/v2\/posts\/179341\/revisions"}],"predecessor-version":[{"id":179381,"href":"https:\/\/www.em.com.br\/emfoco\/wp-json\/wp\/v2\/posts\/179341\/revisions\/179381"}],"wp:featuredmedia":[{"embeddable":true,"href":"https:\/\/www.em.com.br\/emfoco\/wp-json\/wp\/v2\/media\/179380"}],"wp:attachment":[{"href":"https:\/\/www.em.com.br\/emfoco\/wp-json\/wp\/v2\/media?parent=179341"}],"wp:term":[{"taxonomy":"category","embeddable":true,"href":"https:\/\/www.em.com.br\/emfoco\/wp-json\/wp\/v2\/categories?post=179341"},{"taxonomy":"post_tag","embeddable":true,"href":"https:\/\/www.em.com.br\/emfoco\/wp-json\/wp\/v2\/tags?post=179341"}],"curies":[{"name":"wp","href":"https:\/\/api.w.org\/{rel}","templated":true}]}}