{"id":17933,"date":"2025-02-09T17:00:02","date_gmt":"2025-02-09T20:00:02","guid":{"rendered":"https:\/\/www.em.com.br\/emfoco\/?p=17933"},"modified":"2025-02-08T23:39:18","modified_gmt":"2025-02-09T02:39:18","slug":"tenho-direito-ao-bpc-descubra-agora","status":"publish","type":"post","link":"https:\/\/www.em.com.br\/emfoco\/2025\/02\/09\/tenho-direito-ao-bpc-descubra-agora\/","title":{"rendered":"Comunicado para todos os benefici\u00e1rios que recebem o BPC em 2025"},"content":{"rendered":"\n<p>O <strong>Benef\u00edcio de Presta\u00e7\u00e3o Continuada (<a href=\"https:\/\/www.gov.br\/mds\/pt-br\/acoes-e-programas\/suas\/beneficios-assistenciais\/beneficio-assistencial-ao-idoso-e-a-pessoa-com-deficiencia-bpc\" target=\"_blank\" rel=\"noreferrer noopener\">BPC<\/a>)<\/strong> \u00e9 um programa social brasileiro que oferece suporte <a href=\"https:\/\/www.em.com.br\/emfoco\/2025\/01\/25\/qual-o-segredo-do-sucesso-financeiro-de-christian-bale-confira\/\" target=\"_blank\" rel=\"noreferrer noopener\">financeiro <\/a>a idosos com 65 anos ou mais e a pessoas com defici\u00eancia que n\u00e3o possuem meios de se sustentar. Este benef\u00edcio, estabelecido pela <strong>Lei Org\u00e2nica da Assist\u00eancia Social (Loas)<\/strong>, assegura um sal\u00e1rio m\u00ednimo mensal para aqueles que se qualificam, promovendo uma rede de prote\u00e7\u00e3o social para os mais vulner\u00e1veis.<\/p>\n\n\n\n<p>Para ser eleg\u00edvel ao BPC, \u00e9 necess\u00e1rio que a renda familiar per capita n\u00e3o ultrapasse um quarto do sal\u00e1rio m\u00ednimo vigente. Isso significa que a soma dos rendimentos de todos os membros da fam\u00edlia, dividida pelo n\u00famero de pessoas, deve estar dentro desse limite. Este crit\u00e9rio \u00e9 fundamental para garantir que o benef\u00edcio seja direcionado a quem realmente precisa.<\/p>\n\n\n\n<h2 class=\"wp-block-heading\">Por que os benefici\u00e1rios do BPC est\u00e3o recebendo notifica\u00e7\u00f5es?<\/h2>\n\n\n\n<p>Recentemente, o <strong>Instituto Nacional do Seguro Social (INSS)<\/strong> iniciou um processo de notifica\u00e7\u00e3o para mais de 120 mil benefici\u00e1rios do BPC. Esta a\u00e7\u00e3o foi motivada por uma revis\u00e3o cadastral que indicou que alguns benefici\u00e1rios podem ter uma renda familiar per capita superior ao permitido, o que poderia torn\u00e1-los ineleg\u00edveis para o benef\u00edcio.<\/p>\n\n\n<div class=\"wp-block-image\">\n<figure class=\"aligncenter size-large\"><img loading=\"lazy\" decoding=\"async\" width=\"1024\" height=\"576\" src=\"https:\/\/www.em.com.br\/emfoco\/wp-content\/uploads\/2024\/12\/Idosos_1734194756779-1024x576.jpg\" alt=\"Tenho direito ao BPC? descubra agora!\" class=\"wp-image-5003\" srcset=\"https:\/\/www.em.com.br\/emfoco\/wp-content\/uploads\/2024\/12\/Idosos_1734194756779-1024x576.jpg 1024w, https:\/\/www.em.com.br\/emfoco\/wp-content\/uploads\/2024\/12\/Idosos_1734194756779-300x169.jpg 300w, https:\/\/www.em.com.br\/emfoco\/wp-content\/uploads\/2024\/12\/Idosos_1734194756779-768x432.jpg 768w, https:\/\/www.em.com.br\/emfoco\/wp-content\/uploads\/2024\/12\/Idosos_1734194756779-750x422.jpg 750w, https:\/\/www.em.com.br\/emfoco\/wp-content\/uploads\/2024\/12\/Idosos_1734194756779-1140x641.jpg 1140w, https:\/\/www.em.com.br\/emfoco\/wp-content\/uploads\/2024\/12\/Idosos_1734194756779.jpg 1280w\" sizes=\"auto, (max-width: 1024px) 100vw, 1024px\" \/><figcaption class=\"wp-element-caption\">Aponsetado &#8211; Cr\u00e9ditos: depositphotos.com \/ AndrewLozovyi<\/figcaption><\/figure><\/div>\n\n\n<p>As notifica\u00e7\u00f5es t\u00eam como objetivo assegurar que o BPC continue a atender aqueles que realmente necessitam. Os benefici\u00e1rios notificados precisam comprovar que ainda se enquadram nos crit\u00e9rios de elegibilidade, apresentando a documenta\u00e7\u00e3o necess\u00e1ria para evitar a suspens\u00e3o do benef\u00edcio.<\/p>\n\n\n\n<h2 class=\"wp-block-heading\">Quais passos seguir ap\u00f3s receber uma notifica\u00e7\u00e3o do BPC?<\/h2>\n\n\n\n<p>Os benefici\u00e1rios que recebem uma notifica\u00e7\u00e3o t\u00eam um prazo de 30 dias para apresentar uma defesa. Este prazo \u00e9 crucial para que possam fornecer documentos que comprovem sua situa\u00e7\u00e3o financeira e, assim, garantir a continuidade do benef\u00edcio.<\/p>\n\n\n\n<p>Para facilitar o processo, a defesa pode ser feita atrav\u00e9s do aplicativo Meu INSS, onde \u00e9 poss\u00edvel enviar documentos de forma digital. Alternativamente, os benefici\u00e1rios podem comparecer a ag\u00eancias dos Correios ou unidades da Previd\u00eancia Social, desde que fa\u00e7am um agendamento pr\u00e9vio.<\/p>\n\n\n\n<h2 class=\"wp-block-heading\">Quais s\u00e3o as consequ\u00eancias de n\u00e3o responder \u00e0 notifica\u00e7\u00e3o do BPC?<\/h2>\n\n\n\n<p>Os benefici\u00e1rios que n\u00e3o conseguirem comprovar sua elegibilidade correm o risco de ter o benef\u00edcio suspenso. A suspens\u00e3o do BPC pode ter um impacto significativo, j\u00e1 que muitos dependem desse aux\u00edlio como principal fonte de renda.<\/p>\n\n\n\n<p>\u00c9 essencial que os benefici\u00e1rios mantenham suas informa\u00e7\u00f5es atualizadas e comuniquem qualquer mudan\u00e7a na situa\u00e7\u00e3o financeira da fam\u00edlia ao INSS. Este processo de revis\u00e3o \u00e9 importante para garantir que o BPC continue a ser um recurso para aqueles que realmente precisam, assegurando a justi\u00e7a e a efici\u00eancia do programa.<\/p>\n","protected":false},"excerpt":{"rendered":"<p>O Benef\u00edcio de Presta\u00e7\u00e3o Continuada (BPC) \u00e9 um programa social brasileiro que oferece suporte financeiro a idosos com 65 anos ou mais e a pessoas com defici\u00eancia que n\u00e3o possuem meios de se sustentar. Este benef\u00edcio, estabelecido pela Lei Org\u00e2nica da Assist\u00eancia Social (Loas), assegura um sal\u00e1rio m\u00ednimo mensal para aqueles que se qualificam, promovendo [&hellip;]<\/p>\n","protected":false},"author":7,"featured_media":18088,"comment_status":"open","ping_status":"open","sticky":false,"template":"","format":"standard","meta":{"jnews-multi-image_gallery":[],"jnews_single_post":{"format":"standard"},"jnews_primary_category":[],"jnews_social_meta":[],"jnews_override_counter":[],"footnotes":""},"categories":[28],"tags":[259,257,174,4730],"class_list":["post-17933","post","type-post","status-publish","format-standard","has-post-thumbnail","hentry","category-economia","tag-beneficio","tag-bpc","tag-inss","tag-revisao-cadastral"],"yoast_head":"<!-- This site is optimized with the Yoast SEO plugin v23.8 - https:\/\/yoast.com\/wordpress\/plugins\/seo\/ -->\n<title>Comunicado para todos os benefici\u00e1rios que recebem o BPC em 2025 - Estado de Minas - Em foco<\/title>\n<meta name=\"description\" content=\"Aten\u00e7\u00e3o benefici\u00e1rios do BPC em 2025: confira informa\u00e7\u00f5es importantes sobre os pr\u00f3ximos passos e atualiza\u00e7\u00f5es para garantir seu direito.\" \/>\n<meta name=\"robots\" content=\"index, follow, max-snippet:-1, max-image-preview:large, max-video-preview:-1\" \/>\n<link rel=\"canonical\" href=\"https:\/\/www.em.com.br\/emfoco\/2025\/02\/09\/tenho-direito-ao-bpc-descubra-agora\/\" \/>\n<meta property=\"og:locale\" content=\"pt_BR\" \/>\n<meta property=\"og:type\" content=\"article\" \/>\n<meta property=\"og:title\" content=\"Comunicado para todos os benefici\u00e1rios que recebem o BPC em 2025 - Estado de Minas - Em foco\" \/>\n<meta property=\"og:description\" content=\"Aten\u00e7\u00e3o benefici\u00e1rios do BPC em 2025: confira informa\u00e7\u00f5es importantes sobre os pr\u00f3ximos passos e atualiza\u00e7\u00f5es para garantir seu direito.\" \/>\n<meta property=\"og:url\" content=\"https:\/\/www.em.com.br\/emfoco\/2025\/02\/09\/tenho-direito-ao-bpc-descubra-agora\/\" \/>\n<meta property=\"og:site_name\" content=\"Estado de Minas - Em foco\" \/>\n<meta property=\"article:published_time\" content=\"2025-02-09T20:00:02+00:00\" \/>\n<meta property=\"article:modified_time\" content=\"2025-02-09T02:39:18+00:00\" \/>\n<meta property=\"og:image\" content=\"https:\/\/www.em.com.br\/emfoco\/wp-content\/uploads\/2025\/02\/inss-brasil_1739068720531.jpg\" \/>\n\t<meta property=\"og:image:width\" content=\"1280\" \/>\n\t<meta property=\"og:image:height\" content=\"720\" \/>\n\t<meta property=\"og:image:type\" content=\"image\/jpeg\" \/>\n<meta name=\"author\" content=\"Kelvin\" \/>\n<meta name=\"twitter:card\" content=\"summary_large_image\" \/>\n<meta name=\"twitter:label1\" content=\"Escrito por\" \/>\n\t<meta name=\"twitter:data1\" content=\"Kelvin\" \/>\n\t<meta name=\"twitter:label2\" content=\"Est. tempo de leitura\" \/>\n\t<meta name=\"twitter:data2\" content=\"3 minutos\" \/>\n<!-- \/ Yoast SEO plugin. -->","yoast_head_json":{"title":"Comunicado para todos os benefici\u00e1rios que recebem o BPC em 2025 - Estado de Minas - Em foco","description":"Aten\u00e7\u00e3o benefici\u00e1rios do BPC em 2025: confira informa\u00e7\u00f5es importantes sobre os pr\u00f3ximos passos e atualiza\u00e7\u00f5es para garantir seu direito.","robots":{"index":"index","follow":"follow","max-snippet":"max-snippet:-1","max-image-preview":"max-image-preview:large","max-video-preview":"max-video-preview:-1"},"canonical":"https:\/\/www.em.com.br\/emfoco\/2025\/02\/09\/tenho-direito-ao-bpc-descubra-agora\/","og_locale":"pt_BR","og_type":"article","og_title":"Comunicado para todos os benefici\u00e1rios que recebem o BPC em 2025 - Estado de Minas - Em foco","og_description":"Aten\u00e7\u00e3o benefici\u00e1rios do BPC em 2025: confira informa\u00e7\u00f5es importantes sobre os pr\u00f3ximos passos e atualiza\u00e7\u00f5es para garantir seu direito.","og_url":"https:\/\/www.em.com.br\/emfoco\/2025\/02\/09\/tenho-direito-ao-bpc-descubra-agora\/","og_site_name":"Estado de Minas - Em foco","article_published_time":"2025-02-09T20:00:02+00:00","article_modified_time":"2025-02-09T02:39:18+00:00","og_image":[{"width":1280,"height":720,"url":"https:\/\/www.em.com.br\/emfoco\/wp-content\/uploads\/2025\/02\/inss-brasil_1739068720531.jpg","type":"image\/jpeg"}],"author":"Kelvin","twitter_card":"summary_large_image","twitter_misc":{"Escrito por":"Kelvin","Est. tempo de leitura":"3 minutos"},"schema":{"@context":"https:\/\/schema.org","@graph":[{"@type":"WebPage","@id":"https:\/\/www.em.com.br\/emfoco\/2025\/02\/09\/tenho-direito-ao-bpc-descubra-agora\/","url":"https:\/\/www.em.com.br\/emfoco\/2025\/02\/09\/tenho-direito-ao-bpc-descubra-agora\/","name":"Comunicado para todos os benefici\u00e1rios que recebem o BPC em 2025 - Estado de Minas - Em foco","isPartOf":{"@id":"https:\/\/www.em.com.br\/emfoco\/#website"},"primaryImageOfPage":{"@id":"https:\/\/www.em.com.br\/emfoco\/2025\/02\/09\/tenho-direito-ao-bpc-descubra-agora\/#primaryimage"},"image":{"@id":"https:\/\/www.em.com.br\/emfoco\/2025\/02\/09\/tenho-direito-ao-bpc-descubra-agora\/#primaryimage"},"thumbnailUrl":"https:\/\/www.em.com.br\/emfoco\/wp-content\/uploads\/2025\/02\/inss-brasil_1739068720531.jpg","datePublished":"2025-02-09T20:00:02+00:00","dateModified":"2025-02-09T02:39:18+00:00","author":{"@id":"https:\/\/www.em.com.br\/emfoco\/#\/schema\/person\/fb0a7f48c6fbb94b83f413a80f61917d"},"description":"Aten\u00e7\u00e3o benefici\u00e1rios do BPC em 2025: confira informa\u00e7\u00f5es importantes sobre os pr\u00f3ximos passos e atualiza\u00e7\u00f5es para garantir seu direito.","breadcrumb":{"@id":"https:\/\/www.em.com.br\/emfoco\/2025\/02\/09\/tenho-direito-ao-bpc-descubra-agora\/#breadcrumb"},"inLanguage":"pt-BR","potentialAction":[{"@type":"ReadAction","target":["https:\/\/www.em.com.br\/emfoco\/2025\/02\/09\/tenho-direito-ao-bpc-descubra-agora\/"]}]},{"@type":"ImageObject","inLanguage":"pt-BR","@id":"https:\/\/www.em.com.br\/emfoco\/2025\/02\/09\/tenho-direito-ao-bpc-descubra-agora\/#primaryimage","url":"https:\/\/www.em.com.br\/emfoco\/wp-content\/uploads\/2025\/02\/inss-brasil_1739068720531.jpg","contentUrl":"https:\/\/www.em.com.br\/emfoco\/wp-content\/uploads\/2025\/02\/inss-brasil_1739068720531.jpg","width":1280,"height":720,"caption":"INSS - Cr\u00e9ditos: depositphotos.com \/ rafapress"},{"@type":"BreadcrumbList","@id":"https:\/\/www.em.com.br\/emfoco\/2025\/02\/09\/tenho-direito-ao-bpc-descubra-agora\/#breadcrumb","itemListElement":[{"@type":"ListItem","position":1,"name":"In\u00edcio","item":"https:\/\/www.em.com.br\/emfoco\/"},{"@type":"ListItem","position":2,"name":"Comunicado para todos os benefici\u00e1rios que recebem o BPC em 2025"}]},{"@type":"WebSite","@id":"https:\/\/www.em.com.br\/emfoco\/#website","url":"https:\/\/www.em.com.br\/emfoco\/","name":"Estado de Minas - Em foco","description":"Acompanhe as \u00faltimas not\u00edcias e fique bem informado sobre tudo o que acontece em Minas Gerais, Brasil e no mundo.","potentialAction":[{"@type":"SearchAction","target":{"@type":"EntryPoint","urlTemplate":"https:\/\/www.em.com.br\/emfoco\/?s={search_term_string}"},"query-input":{"@type":"PropertyValueSpecification","valueRequired":true,"valueName":"search_term_string"}}],"inLanguage":"pt-BR"},{"@type":"Person","@id":"https:\/\/www.em.com.br\/emfoco\/#\/schema\/person\/fb0a7f48c6fbb94b83f413a80f61917d","name":"Kelvin","image":{"@type":"ImageObject","inLanguage":"pt-BR","@id":"https:\/\/www.em.com.br\/emfoco\/#\/schema\/person\/image\/","url":"https:\/\/secure.gravatar.com\/avatar\/e74f84337e6bf6c4c5e88fbdffa05270?s=96&d=mm&r=g","contentUrl":"https:\/\/secure.gravatar.com\/avatar\/e74f84337e6bf6c4c5e88fbdffa05270?s=96&d=mm&r=g","caption":"Kelvin"},"sameAs":["https:\/\/www.em.com.br\/emfoco"],"url":"https:\/\/www.em.com.br\/emfoco\/author\/kelvinmyth\/"}]}},"_links":{"self":[{"href":"https:\/\/www.em.com.br\/emfoco\/wp-json\/wp\/v2\/posts\/17933","targetHints":{"allow":["GET"]}}],"collection":[{"href":"https:\/\/www.em.com.br\/emfoco\/wp-json\/wp\/v2\/posts"}],"about":[{"href":"https:\/\/www.em.com.br\/emfoco\/wp-json\/wp\/v2\/types\/post"}],"author":[{"embeddable":true,"href":"https:\/\/www.em.com.br\/emfoco\/wp-json\/wp\/v2\/users\/7"}],"replies":[{"embeddable":true,"href":"https:\/\/www.em.com.br\/emfoco\/wp-json\/wp\/v2\/comments?post=17933"}],"version-history":[{"count":3,"href":"https:\/\/www.em.com.br\/emfoco\/wp-json\/wp\/v2\/posts\/17933\/revisions"}],"predecessor-version":[{"id":18089,"href":"https:\/\/www.em.com.br\/emfoco\/wp-json\/wp\/v2\/posts\/17933\/revisions\/18089"}],"wp:featuredmedia":[{"embeddable":true,"href":"https:\/\/www.em.com.br\/emfoco\/wp-json\/wp\/v2\/media\/18088"}],"wp:attachment":[{"href":"https:\/\/www.em.com.br\/emfoco\/wp-json\/wp\/v2\/media?parent=17933"}],"wp:term":[{"taxonomy":"category","embeddable":true,"href":"https:\/\/www.em.com.br\/emfoco\/wp-json\/wp\/v2\/categories?post=17933"},{"taxonomy":"post_tag","embeddable":true,"href":"https:\/\/www.em.com.br\/emfoco\/wp-json\/wp\/v2\/tags?post=17933"}],"curies":[{"name":"wp","href":"https:\/\/api.w.org\/{rel}","templated":true}]}}