{"id":179328,"date":"2026-03-10T20:55:00","date_gmt":"2026-03-10T23:55:00","guid":{"rendered":"https:\/\/www.em.com.br\/emfoco\/?p=179328"},"modified":"2026-03-09T16:48:15","modified_gmt":"2026-03-09T19:48:15","slug":"como-cada-signo-pode-superar-um-marco-dificil-e-manter-equilibrio-emocional-mesmo-em-um-periodo-mais-intenso","status":"publish","type":"post","link":"https:\/\/www.em.com.br\/emfoco\/2026\/03\/10\/como-cada-signo-pode-superar-um-marco-dificil-e-manter-equilibrio-emocional-mesmo-em-um-periodo-mais-intenso\/","title":{"rendered":"Como cada signo pode superar um mar\u00e7o dif\u00edcil e manter equil\u00edbrio emocional mesmo em um per\u00edodo mais intenso"},"content":{"rendered":"\n<p>Em per\u00edodos em que mar\u00e7o parece mais intenso e puxado, muitas pessoas recorrem \u00e0 astrologia em busca de orienta\u00e7\u00e3o pr\u00e1tica para atravessar o m\u00eas com mais equil\u00edbrio. Em vez de prever acontecimentos espec\u00edficos, a leitura astrol\u00f3gica mostra como cada signo pode usar suas qualidades naturais para lidar com press\u00e3o, imprevistos e instabilidade emocional, transformando um momento desafiador em oportunidade de ajuste e autoconhecimento.<\/p>\n\n\n\n<h2 class=\"wp-block-heading\">O que significa viver um mar\u00e7o dif\u00edcil na astrologia<\/h2>\n\n\n\n<p><a href=\"https:\/\/www.em.com.br\/emfoco\/2026\/03\/08\/o-inicio-de-marco-de-2026-pode-destravar-planos-e-financas-para-estes-4-signos\/\" target=\"_blank\" rel=\"noreferrer noopener\">Mar\u00e7o <\/a>\u00e9 entendido como um per\u00edodo com maior carga emocional, confus\u00e3o ou sensa\u00e7\u00e3o de sobrecarga no dia a dia. Em vez de lutar contra o clima do momento, a proposta astrol\u00f3gica \u00e9 aprender a cooperar com ele, ajustando ritmo, expectativas e prioridades de forma consciente.<\/p>\n\n\n\n<p>Quando se fala em um \u201cmar\u00e7o dif\u00edcil\u201d, entram em cena temas como retr\u00f3grados de planetas, tr\u00e2nsitos intensos em signos de \u00e1gua e mudan\u00e7as de ritmo no trabalho e nas rela\u00e7\u00f5es. Nesses cen\u00e1rios, adapta\u00e7\u00e3o e autogest\u00e3o emocional s\u00e3o essenciais para evitar desgastes desnecess\u00e1rios.<\/p>\n\n\n\n<figure class=\"wp-block-image\"><img decoding=\"async\" src=\"https:\/\/www.em.com.br\/emfoco\/wp-content\/uploads\/2026\/02\/ChatGPT-Image-17-de-fev.-de-2026-12_51_31-1-1024x576.png\" alt=\"\"\/><figcaption class=\"wp-element-caption\">Esse m\u00eas pode mudar tudo para alguns signos<\/figcaption><\/figure>\n\n\n\n<h2 class=\"wp-block-heading\">Como os signos de Fogo podem canalizar energia em mar\u00e7o dif\u00edcil<\/h2>\n\n\n\n<p>\u00c1ries, Le\u00e3o e Sagit\u00e1rio costumam reagir a um mar\u00e7o complicado aumentando o ritmo, o que pode gerar estresse adicional. Para esses signos, canalizar o excesso de energia \u00e9 fundamental por meio de atividades f\u00edsicas, projetos que exijam iniciativa e metas claras, sempre com algum planejamento.<\/p>\n\n\n\n<p>Nesse contexto, vale observar que o impulso de \u201cresolver tudo na hora\u201d pode sair caro. Por isso, \u00e9 \u00fatil criar pequenas pausas estrat\u00e9gicas e pr\u00e1ticas que ajudem a organizar a\u00e7\u00e3o e foco:<\/p>\n\n\n\n<ul class=\"wp-block-list\">\n<li><strong>\u00c1ries<\/strong>: ganha mais estabilidade quando desacelera antes de agir; respira\u00e7\u00f5es profundas e intervalos curtos entre tarefas reduzem a impulsividade.<\/li>\n\n\n\n<li><strong>Le\u00e3o<\/strong>: atravessa melhor um mar\u00e7o dif\u00edcil quando volta a aten\u00e7\u00e3o ao pr\u00f3prio bem-estar, investindo em autocuidado e atividades criativas que reforcem a autoconfian\u00e7a interna.<\/li>\n\n\n\n<li><strong>Sagit\u00e1rio<\/strong>: se beneficia ao combinar entusiasmo com realismo, revendo objetivos, dividindo grandes sonhos em etapas menores e aceitando limites moment\u00e2neos.<\/li>\n<\/ul>\n\n\n\n<h2 class=\"wp-block-heading\">Como os signos de Terra mant\u00eam a estabilidade em mar\u00e7o dif\u00edcil<\/h2>\n\n\n\n<p>Para <strong>Touro<\/strong>, <strong>Virgem <\/strong>e <strong>Capric\u00f3rnio<\/strong>, um\u00a0mar\u00e7o dif\u00edcil\u00a0costuma se manifestar por meio de mudan\u00e7as inesperadas na rotina ou cobran\u00e7as profissionais mais intensas. Como esses signos prezam seguran\u00e7a e previsibilidade, o desafio \u00e9 trabalhar flexibilidade sem perder o eixo, escolhendo com clareza o que preservar e o que adaptar.<\/p>\n\n\n\n<p>Em vez de resistir a todo tipo de mudan\u00e7a, torna-se mais produtivo ajustar h\u00e1bitos gradualmente e cuidar do corpo e da mente. Pausas conscientes, sono de qualidade e limites claros ajudam a evitar o ac\u00famulo de tens\u00e3o e a sensa\u00e7\u00e3o de ruptura total.<\/p>\n\n\n\n<figure class=\"wp-block-image\"><img decoding=\"async\" src=\"https:\/\/www.em.com.br\/emfoco\/wp-content\/uploads\/2026\/02\/Gemini_Generated_Image_s9lk4cs9lk4cs9lk-1-1024x576.png\" alt=\"\"\/><figcaption class=\"wp-element-caption\">Esse m\u00eas pode mudar tudo para alguns signos<\/figcaption><\/figure>\n\n\n\n<h2 class=\"wp-block-heading\">Como os signos de Ar organizam a mente em mar\u00e7o dif\u00edcil<\/h2>\n\n\n\n<p><strong>G\u00eameos<\/strong>, <strong>Libra <\/strong>e <strong>Aqu\u00e1rio <\/strong>sentem um mar\u00e7o conturbado principalmente na \u00e1rea mental: pensamentos acelerados, excesso de informa\u00e7\u00f5es e preocupa\u00e7\u00f5es em loop. Para esse trio, organizar ideias \u00e9 t\u00e3o importante quanto organizar a rotina, usando ferramentas simples para transformar inquieta\u00e7\u00e3o em a\u00e7\u00e3o concreta.<\/p>\n\n\n\n<p>Listas, planejadores e conversas objetivas ajudam a diminuir mal-entendidos e ru\u00eddos na comunica\u00e7\u00e3o. Registrar planos e d\u00favidas, definir prioridades e buscar apoio em redes e grupos torna o per\u00edodo mais leve e colaborativo, em vez de isolado e ca\u00f3tico.<\/p>\n\n\n\n<h2 class=\"wp-block-heading\">Como os signos de \u00c1gua protegem emo\u00e7\u00f5es em mar\u00e7o dif\u00edcil<\/h2>\n\n\n\n<p><strong>C\u00e2ncer<\/strong>, <strong>Escorpi\u00e3o <\/strong>e <strong>Peixes <\/strong>costumam sentir com intensidade qualquer mudan\u00e7a de clima emocional em mar\u00e7o, absorvendo o ambiente com facilidade. O grande desafio \u00e9 n\u00e3o se deixar arrastar por ondas de preocupa\u00e7\u00e3o, m\u00e1goa ou nostalgia, usando a sensibilidade como b\u00fassola, e n\u00e3o como fonte de sofrimento constante.<\/p>\n\n\n\n<p>Para atravessar o per\u00edodo com mais lucidez, \u00e9 essencial escolher ambientes saud\u00e1veis, expressar sentimentos de forma construtiva e criar rituais de <a href=\"https:\/\/www.psicologossaopaulo.com.br\/blog\/autocuidado-para-se-sentir-melhor\/\" target=\"_blank\" rel=\"noreferrer noopener\">autocuidado <\/a>emocional. Use este mar\u00e7o como ponto de virada: observe seus padr\u00f5es, aplique as orienta\u00e7\u00f5es do seu signo e comece hoje a ajustar atitudes. N\u00e3o espere o m\u00eas \u201cpassar sozinho\u201d; assuma agora o comando do seu processo e transforme um mar\u00e7o dif\u00edcil em um ciclo de cura e reorganiza\u00e7\u00e3o pessoal.<\/p>\n","protected":false},"excerpt":{"rendered":"<p>Em per\u00edodos em que mar\u00e7o parece mais intenso e puxado, muitas pessoas recorrem \u00e0 astrologia em busca de orienta\u00e7\u00e3o pr\u00e1tica para atravessar o m\u00eas com mais equil\u00edbrio. Em vez de prever acontecimentos espec\u00edficos, a leitura astrol\u00f3gica mostra como cada signo pode usar suas qualidades naturais para lidar com press\u00e3o, imprevistos e instabilidade emocional, transformando um [&hellip;]<\/p>\n","protected":false},"author":11,"featured_media":179333,"comment_status":"open","ping_status":"open","sticky":false,"template":"","format":"standard","meta":{"jnews-multi-image_gallery":[],"jnews_single_post":{"format":"standard"},"jnews_primary_category":[],"jnews_social_meta":[],"jnews_override_counter":[],"footnotes":""},"categories":[1,25],"tags":[171,4938,168],"class_list":["post-179328","post","type-post","status-publish","format-standard","has-post-thumbnail","hentry","category-noticias","category-signos","tag-horoscopo","tag-marco","tag-signos"],"yoast_head":"<!-- This site is optimized with the Yoast SEO plugin v23.8 - https:\/\/yoast.com\/wordpress\/plugins\/seo\/ -->\n<title>Como cada signo pode superar um mar\u00e7o dif\u00edcil e manter equil\u00edbrio emocional mesmo em um per\u00edodo mais intenso - Estado de Minas - Em foco<\/title>\n<meta name=\"description\" content=\"Veja como cada signo pode lidar com um mar\u00e7o dif\u00edcil usando autoconhecimento e equil\u00edbrio emocional.\" \/>\n<meta name=\"robots\" content=\"index, follow, max-snippet:-1, max-image-preview:large, max-video-preview:-1\" \/>\n<link rel=\"canonical\" href=\"https:\/\/www.em.com.br\/emfoco\/2026\/03\/10\/como-cada-signo-pode-superar-um-marco-dificil-e-manter-equilibrio-emocional-mesmo-em-um-periodo-mais-intenso\/\" \/>\n<meta property=\"og:locale\" content=\"pt_BR\" \/>\n<meta property=\"og:type\" content=\"article\" \/>\n<meta property=\"og:title\" content=\"Como cada signo pode superar um mar\u00e7o dif\u00edcil e manter equil\u00edbrio emocional mesmo em um per\u00edodo mais intenso - Estado de Minas - Em foco\" \/>\n<meta property=\"og:description\" content=\"Veja como cada signo pode lidar com um mar\u00e7o dif\u00edcil usando autoconhecimento e equil\u00edbrio emocional.\" \/>\n<meta property=\"og:url\" content=\"https:\/\/www.em.com.br\/emfoco\/2026\/03\/10\/como-cada-signo-pode-superar-um-marco-dificil-e-manter-equilibrio-emocional-mesmo-em-um-periodo-mais-intenso\/\" \/>\n<meta property=\"og:site_name\" content=\"Estado de Minas - Em foco\" \/>\n<meta property=\"article:published_time\" content=\"2026-03-10T23:55:00+00:00\" \/>\n<meta property=\"article:modified_time\" content=\"2026-03-09T19:48:15+00:00\" \/>\n<meta property=\"og:image\" content=\"https:\/\/www.em.com.br\/emfoco\/wp-content\/uploads\/2026\/03\/ChatGPT-Image-9-de-mar.-de-2026-12_07_34-1.png\" \/>\n\t<meta property=\"og:image:width\" content=\"1280\" \/>\n\t<meta property=\"og:image:height\" content=\"720\" \/>\n\t<meta property=\"og:image:type\" content=\"image\/png\" \/>\n<meta name=\"author\" content=\"Andre\u0301 Rangel\u00a0\" \/>\n<meta name=\"twitter:card\" content=\"summary_large_image\" \/>\n<meta name=\"twitter:label1\" content=\"Escrito por\" \/>\n\t<meta name=\"twitter:data1\" content=\"Andre\u0301 Rangel\u00a0\" \/>\n\t<meta name=\"twitter:label2\" content=\"Est. tempo de leitura\" \/>\n\t<meta name=\"twitter:data2\" content=\"5 minutos\" \/>\n<!-- \/ Yoast SEO plugin. -->","yoast_head_json":{"title":"Como cada signo pode superar um mar\u00e7o dif\u00edcil e manter equil\u00edbrio emocional mesmo em um per\u00edodo mais intenso - Estado de Minas - Em foco","description":"Veja como cada signo pode lidar com um mar\u00e7o dif\u00edcil usando autoconhecimento e equil\u00edbrio emocional.","robots":{"index":"index","follow":"follow","max-snippet":"max-snippet:-1","max-image-preview":"max-image-preview:large","max-video-preview":"max-video-preview:-1"},"canonical":"https:\/\/www.em.com.br\/emfoco\/2026\/03\/10\/como-cada-signo-pode-superar-um-marco-dificil-e-manter-equilibrio-emocional-mesmo-em-um-periodo-mais-intenso\/","og_locale":"pt_BR","og_type":"article","og_title":"Como cada signo pode superar um mar\u00e7o dif\u00edcil e manter equil\u00edbrio emocional mesmo em um per\u00edodo mais intenso - Estado de Minas - Em foco","og_description":"Veja como cada signo pode lidar com um mar\u00e7o dif\u00edcil usando autoconhecimento e equil\u00edbrio emocional.","og_url":"https:\/\/www.em.com.br\/emfoco\/2026\/03\/10\/como-cada-signo-pode-superar-um-marco-dificil-e-manter-equilibrio-emocional-mesmo-em-um-periodo-mais-intenso\/","og_site_name":"Estado de Minas - Em foco","article_published_time":"2026-03-10T23:55:00+00:00","article_modified_time":"2026-03-09T19:48:15+00:00","og_image":[{"width":1280,"height":720,"url":"https:\/\/www.em.com.br\/emfoco\/wp-content\/uploads\/2026\/03\/ChatGPT-Image-9-de-mar.-de-2026-12_07_34-1.png","type":"image\/png"}],"author":"Andre\u0301 Rangel\u00a0","twitter_card":"summary_large_image","twitter_misc":{"Escrito por":"Andre\u0301 Rangel\u00a0","Est. tempo de leitura":"5 minutos"},"schema":{"@context":"https:\/\/schema.org","@graph":[{"@type":"WebPage","@id":"https:\/\/www.em.com.br\/emfoco\/2026\/03\/10\/como-cada-signo-pode-superar-um-marco-dificil-e-manter-equilibrio-emocional-mesmo-em-um-periodo-mais-intenso\/","url":"https:\/\/www.em.com.br\/emfoco\/2026\/03\/10\/como-cada-signo-pode-superar-um-marco-dificil-e-manter-equilibrio-emocional-mesmo-em-um-periodo-mais-intenso\/","name":"Como cada signo pode superar um mar\u00e7o dif\u00edcil e manter equil\u00edbrio emocional mesmo em um per\u00edodo mais intenso - Estado de Minas - Em foco","isPartOf":{"@id":"https:\/\/www.em.com.br\/emfoco\/#website"},"primaryImageOfPage":{"@id":"https:\/\/www.em.com.br\/emfoco\/2026\/03\/10\/como-cada-signo-pode-superar-um-marco-dificil-e-manter-equilibrio-emocional-mesmo-em-um-periodo-mais-intenso\/#primaryimage"},"image":{"@id":"https:\/\/www.em.com.br\/emfoco\/2026\/03\/10\/como-cada-signo-pode-superar-um-marco-dificil-e-manter-equilibrio-emocional-mesmo-em-um-periodo-mais-intenso\/#primaryimage"},"thumbnailUrl":"https:\/\/www.em.com.br\/emfoco\/wp-content\/uploads\/2026\/03\/ChatGPT-Image-9-de-mar.-de-2026-12_07_34-1.png","datePublished":"2026-03-10T23:55:00+00:00","dateModified":"2026-03-09T19:48:15+00:00","author":{"@id":"https:\/\/www.em.com.br\/emfoco\/#\/schema\/person\/60eda09c1fedf0d6891f4cef4b60b8b8"},"description":"Veja como cada signo pode lidar com um mar\u00e7o dif\u00edcil usando autoconhecimento e equil\u00edbrio emocional.","breadcrumb":{"@id":"https:\/\/www.em.com.br\/emfoco\/2026\/03\/10\/como-cada-signo-pode-superar-um-marco-dificil-e-manter-equilibrio-emocional-mesmo-em-um-periodo-mais-intenso\/#breadcrumb"},"inLanguage":"pt-BR","potentialAction":[{"@type":"ReadAction","target":["https:\/\/www.em.com.br\/emfoco\/2026\/03\/10\/como-cada-signo-pode-superar-um-marco-dificil-e-manter-equilibrio-emocional-mesmo-em-um-periodo-mais-intenso\/"]}]},{"@type":"ImageObject","inLanguage":"pt-BR","@id":"https:\/\/www.em.com.br\/emfoco\/2026\/03\/10\/como-cada-signo-pode-superar-um-marco-dificil-e-manter-equilibrio-emocional-mesmo-em-um-periodo-mais-intenso\/#primaryimage","url":"https:\/\/www.em.com.br\/emfoco\/wp-content\/uploads\/2026\/03\/ChatGPT-Image-9-de-mar.-de-2026-12_07_34-1.png","contentUrl":"https:\/\/www.em.com.br\/emfoco\/wp-content\/uploads\/2026\/03\/ChatGPT-Image-9-de-mar.-de-2026-12_07_34-1.png","width":1280,"height":720,"caption":"Esses signos sentem muito mas n\u00e3o demonstram"},{"@type":"BreadcrumbList","@id":"https:\/\/www.em.com.br\/emfoco\/2026\/03\/10\/como-cada-signo-pode-superar-um-marco-dificil-e-manter-equilibrio-emocional-mesmo-em-um-periodo-mais-intenso\/#breadcrumb","itemListElement":[{"@type":"ListItem","position":1,"name":"In\u00edcio","item":"https:\/\/www.em.com.br\/emfoco\/"},{"@type":"ListItem","position":2,"name":"Como cada signo pode superar um mar\u00e7o dif\u00edcil e manter equil\u00edbrio emocional mesmo em um per\u00edodo mais intenso"}]},{"@type":"WebSite","@id":"https:\/\/www.em.com.br\/emfoco\/#website","url":"https:\/\/www.em.com.br\/emfoco\/","name":"Estado de Minas - Em foco","description":"Acompanhe as \u00faltimas not\u00edcias e fique bem informado sobre tudo o que acontece em Minas Gerais, Brasil e no mundo.","potentialAction":[{"@type":"SearchAction","target":{"@type":"EntryPoint","urlTemplate":"https:\/\/www.em.com.br\/emfoco\/?s={search_term_string}"},"query-input":{"@type":"PropertyValueSpecification","valueRequired":true,"valueName":"search_term_string"}}],"inLanguage":"pt-BR"},{"@type":"Person","@id":"https:\/\/www.em.com.br\/emfoco\/#\/schema\/person\/60eda09c1fedf0d6891f4cef4b60b8b8","name":"Andre\u0301 Rangel\u00a0","image":{"@type":"ImageObject","inLanguage":"pt-BR","@id":"https:\/\/www.em.com.br\/emfoco\/#\/schema\/person\/image\/","url":"https:\/\/secure.gravatar.com\/avatar\/6234dc814c77c8ef6d8bba622c787efc?s=96&d=mm&r=g","contentUrl":"https:\/\/secure.gravatar.com\/avatar\/6234dc814c77c8ef6d8bba622c787efc?s=96&d=mm&r=g","caption":"Andre\u0301 Rangel\u00a0"},"url":"https:\/\/www.em.com.br\/emfoco\/author\/luizmyth\/"}]}},"_links":{"self":[{"href":"https:\/\/www.em.com.br\/emfoco\/wp-json\/wp\/v2\/posts\/179328","targetHints":{"allow":["GET"]}}],"collection":[{"href":"https:\/\/www.em.com.br\/emfoco\/wp-json\/wp\/v2\/posts"}],"about":[{"href":"https:\/\/www.em.com.br\/emfoco\/wp-json\/wp\/v2\/types\/post"}],"author":[{"embeddable":true,"href":"https:\/\/www.em.com.br\/emfoco\/wp-json\/wp\/v2\/users\/11"}],"replies":[{"embeddable":true,"href":"https:\/\/www.em.com.br\/emfoco\/wp-json\/wp\/v2\/comments?post=179328"}],"version-history":[{"count":3,"href":"https:\/\/www.em.com.br\/emfoco\/wp-json\/wp\/v2\/posts\/179328\/revisions"}],"predecessor-version":[{"id":179335,"href":"https:\/\/www.em.com.br\/emfoco\/wp-json\/wp\/v2\/posts\/179328\/revisions\/179335"}],"wp:featuredmedia":[{"embeddable":true,"href":"https:\/\/www.em.com.br\/emfoco\/wp-json\/wp\/v2\/media\/179333"}],"wp:attachment":[{"href":"https:\/\/www.em.com.br\/emfoco\/wp-json\/wp\/v2\/media?parent=179328"}],"wp:term":[{"taxonomy":"category","embeddable":true,"href":"https:\/\/www.em.com.br\/emfoco\/wp-json\/wp\/v2\/categories?post=179328"},{"taxonomy":"post_tag","embeddable":true,"href":"https:\/\/www.em.com.br\/emfoco\/wp-json\/wp\/v2\/tags?post=179328"}],"curies":[{"name":"wp","href":"https:\/\/api.w.org\/{rel}","templated":true}]}}