{"id":179318,"date":"2026-03-10T08:30:00","date_gmt":"2026-03-10T11:30:00","guid":{"rendered":"https:\/\/www.em.com.br\/emfoco\/?p=179318"},"modified":"2026-03-10T00:29:53","modified_gmt":"2026-03-10T03:29:53","slug":"supermercados-terao-que-separar-energeticos-dos-refrigerantes-e-nova-regra-do-governo-ja-comeca-a-mudar-a-organizacao-das-prateleiras","status":"publish","type":"post","link":"https:\/\/www.em.com.br\/emfoco\/2026\/03\/10\/supermercados-terao-que-separar-energeticos-dos-refrigerantes-e-nova-regra-do-governo-ja-comeca-a-mudar-a-organizacao-das-prateleiras\/","title":{"rendered":"Supermercados ter\u00e3o que separar energ\u00e9ticos dos refrigerantes e nova regra do governo j\u00e1 come\u00e7a a mudar a organiza\u00e7\u00e3o das prateleiras"},"content":{"rendered":"\n<p>O debate sobre o consumo de bebidas energ\u00e9ticas por adolescentes ganhou for\u00e7a na <strong>Espanha <\/strong>com novas regras em comunidades aut\u00f4nomas, como a <strong>Gal\u00edcia<\/strong>, onde menores de 16 anos passaram a ter o acesso controlado de forma semelhante ao \u00e1lcool e ao tabaco, refletindo uma preocupa\u00e7\u00e3o crescente com os efeitos dessas bebidas na sa\u00fade, no comportamento e nos h\u00e1bitos de consumo dos jovens, em sintonia com um cen\u00e1rio global de maior aten\u00e7\u00e3o ao bem-estar das novas gera\u00e7\u00f5es.<\/p>\n\n\n\n<h2 class=\"wp-block-heading\">O que muda com a proibi\u00e7\u00e3o de energ\u00e9ticos para menores na Espanha<\/h2>\n\n\n\n<p>A proibi\u00e7\u00e3o de venda de bebidas energ\u00e9ticas a menores de 16 anos altera a rotina de consumidores e comerciantes, exigindo controle de idade na compra, como j\u00e1 acontece com cigarro e bebida alco\u00f3lica. Em caso de d\u00favida, a orienta\u00e7\u00e3o \u00e9 solicitar documento de identidade e registrar procedimentos internos de confer\u00eancia, reduzindo brechas no cumprimento da lei.<\/p>\n\n\n\n<p>Na Gal\u00edcia, a lei prev\u00ea san\u00e7\u00f5es espec\u00edficas: consumir uma bebida energ\u00e9tica na rua ou simplesmente carreg\u00e1-la na mochila sem ter idade legal \u00e9 infra\u00e7\u00e3o menor, com multas de<strong> \u20ac 200<\/strong> a <strong>\u20ac 3.000<\/strong>. Em casos repetidos ou envolvendo venda ou fornecimento a menores, as penalidades podem ser classificadas como graves, com multas de at\u00e9 <strong>\u20ac 15.000<\/strong> para pressionar estabelecimentos e respons\u00e1veis.<\/p>\n\n\n\n<figure class=\"wp-block-image size-large\"><img loading=\"lazy\" decoding=\"async\" width=\"1024\" height=\"576\" src=\"https:\/\/www.em.com.br\/emfoco\/wp-content\/uploads\/2026\/03\/ChatGPT-Image-9-de-mar.-de-2026-11_39_24-1-1024x576.png\" alt=\"Uma nova regra muda o consumo de energ\u00e9ticos\" class=\"wp-image-179321\" srcset=\"https:\/\/www.em.com.br\/emfoco\/wp-content\/uploads\/2026\/03\/ChatGPT-Image-9-de-mar.-de-2026-11_39_24-1-1024x576.png 1024w, https:\/\/www.em.com.br\/emfoco\/wp-content\/uploads\/2026\/03\/ChatGPT-Image-9-de-mar.-de-2026-11_39_24-1-300x169.png 300w, https:\/\/www.em.com.br\/emfoco\/wp-content\/uploads\/2026\/03\/ChatGPT-Image-9-de-mar.-de-2026-11_39_24-1-768x432.png 768w, https:\/\/www.em.com.br\/emfoco\/wp-content\/uploads\/2026\/03\/ChatGPT-Image-9-de-mar.-de-2026-11_39_24-1-750x422.png 750w, https:\/\/www.em.com.br\/emfoco\/wp-content\/uploads\/2026\/03\/ChatGPT-Image-9-de-mar.-de-2026-11_39_24-1-1140x641.png 1140w, https:\/\/www.em.com.br\/emfoco\/wp-content\/uploads\/2026\/03\/ChatGPT-Image-9-de-mar.-de-2026-11_39_24-1.png 1280w\" sizes=\"auto, (max-width: 1024px) 100vw, 1024px\" \/><figcaption class=\"wp-element-caption\">Uma nova regra muda o consumo de energ\u00e9ticos<\/figcaption><\/figure>\n\n\n\n<h2 class=\"wp-block-heading\">Como o Brasil est\u00e1 regulamentando energ\u00e9ticos para menores<\/h2>\n\n\n\n<p>No <strong>Brasil<\/strong>, ainda n\u00e3o h\u00e1 uma proibi\u00e7\u00e3o federal consolidada voltada a menores, mas cresce a fiscaliza\u00e7\u00e3o e o n\u00famero de projetos de lei para restringir o acesso de crian\u00e7as e adolescentes. Esse movimento aproxima gradualmente a realidade brasileira do que j\u00e1 ocorre em pa\u00edses europeus, com foco em sa\u00fade p\u00fablica e preven\u00e7\u00e3o de consumo precoce.<\/p>\n\n\n\n<p>Hoje, o cen\u00e1rio combina a\u00e7\u00f5es da <strong>Anvisa<\/strong>, novas regras de rotulagem e debates legislativos, criando um ambiente de transi\u00e7\u00e3o. Supermercados e fabricantes precisam se adaptar a exig\u00eancias mais r\u00edgidas de composi\u00e7\u00e3o, seguran\u00e7a, rotulagem frontal e avisos obrigat\u00f3rios, especialmente para produtos com alta concentra\u00e7\u00e3o de cafe\u00edna e a\u00e7\u00facar.<\/p>\n\n\n\n<h2 class=\"wp-block-heading\">Quais s\u00e3o as regras atuais, fiscaliza\u00e7\u00f5es e propostas em debate<\/h2>\n\n\n\n<p>Nos \u00faltimos anos, a Anvisa ampliou o controle sobre bebidas energ\u00e9ticas, determinando o recolhimento de produtos sem comprova\u00e7\u00e3o de seguran\u00e7a e qualidade. A rotulagem frontal com lupa preta para alto teor de a\u00e7\u00facar e os alertas obrigat\u00f3rios nos r\u00f3tulos buscam desestimular o consumo indiscriminado, sobretudo quando h\u00e1 mistura com \u00e1lcool.<\/p>\n\n\n\n<p>No <strong>Congresso Nacional<\/strong>, ao menos quatro projetos tratam do tema, incluindo propostas de proibir a venda de energ\u00e9ticos para menores de 18 anos e de criar \u00e1reas espec\u00edficas de exposi\u00e7\u00e3o nos supermercados. Para organizar essa nova rotina, comerciantes e gestores podem seguir algumas orienta\u00e7\u00f5es pr\u00e1ticas e de baixo custo:<\/p>\n\n\n\n<ul class=\"wp-block-list\">\n<li>Separar bebidas energ\u00e9ticas dos refrigerantes tradicionais nas g\u00f4ndolas.<\/li>\n\n\n\n<li>Evitar exposi\u00e7\u00e3o em \u00e1reas de grande circula\u00e7\u00e3o de jovens e pr\u00f3ximos aos caixas.<\/li>\n\n\n\n<li>Posicionar os produtos em zonas monitoradas por funcion\u00e1rios e c\u00e2meras.<\/li>\n\n\n\n<li>Inserir avisos vis\u00edveis sobre restri\u00e7\u00e3o de venda a menores e riscos \u00e0 sa\u00fade.<\/li>\n<\/ul>\n\n\n\n<figure class=\"wp-block-image size-large\"><img loading=\"lazy\" decoding=\"async\" width=\"1024\" height=\"576\" src=\"https:\/\/www.em.com.br\/emfoco\/wp-content\/uploads\/2026\/03\/Gemini_Generated_Image_kvp6lqkvp6lqkvp6-1-1024x576.png\" alt=\"Uma nova regra muda o consumo de energ\u00e9ticos\" class=\"wp-image-179322\" srcset=\"https:\/\/www.em.com.br\/emfoco\/wp-content\/uploads\/2026\/03\/Gemini_Generated_Image_kvp6lqkvp6lqkvp6-1-1024x576.png 1024w, https:\/\/www.em.com.br\/emfoco\/wp-content\/uploads\/2026\/03\/Gemini_Generated_Image_kvp6lqkvp6lqkvp6-1-300x169.png 300w, https:\/\/www.em.com.br\/emfoco\/wp-content\/uploads\/2026\/03\/Gemini_Generated_Image_kvp6lqkvp6lqkvp6-1-768x432.png 768w, https:\/\/www.em.com.br\/emfoco\/wp-content\/uploads\/2026\/03\/Gemini_Generated_Image_kvp6lqkvp6lqkvp6-1-750x422.png 750w, https:\/\/www.em.com.br\/emfoco\/wp-content\/uploads\/2026\/03\/Gemini_Generated_Image_kvp6lqkvp6lqkvp6-1-1140x641.png 1140w, https:\/\/www.em.com.br\/emfoco\/wp-content\/uploads\/2026\/03\/Gemini_Generated_Image_kvp6lqkvp6lqkvp6-1.png 1280w\" sizes=\"auto, (max-width: 1024px) 100vw, 1024px\" \/><figcaption class=\"wp-element-caption\">Uma nova regra muda o consumo de energ\u00e9ticos<\/figcaption><\/figure>\n\n\n\n<h2 class=\"wp-block-heading\">Quais s\u00e3o os principais riscos das bebidas energ\u00e9ticas para menores<\/h2>\n\n\n\n<p>A restri\u00e7\u00e3o ao consumo por menores se apoia em evid\u00eancias de impactos na sa\u00fade f\u00edsica e mental, como problemas de sono, aumento da press\u00e3o arterial e altera\u00e7\u00f5es de humor. Em idades precoces, o organismo \u00e9 mais sens\u00edvel aos efeitos dos estimulantes, o que pode intensificar quadros de ansiedade e piorar o desempenho escolar.<\/p>\n\n\n\n<p>A cafe\u00edna \u00e9 o principal componente em destaque, mas taurina, guaran\u00e1 e outros ingredientes potencializam o efeito estimulante e o teor de a\u00e7\u00facar. Em adolescentes, esse conjunto pode gerar taquicardia, irritabilidade, agita\u00e7\u00e3o, dificuldade de concentra\u00e7\u00e3o e maior exposi\u00e7\u00e3o a comportamentos de risco, sobretudo em festas e eventos com \u00e1lcool.<\/p>\n\n\n\n<h2 class=\"wp-block-heading\">Qual \u00e9 o impacto dessa regulamenta\u00e7\u00e3o e o que voc\u00ea pode fazer agora<\/h2>\n\n\n\n<p>Ao refor\u00e7ar a proibi\u00e7\u00e3o de bebidas energ\u00e9ticas para menores de 16 anos, a Espanha se alinha a uma tend\u00eancia de prote\u00e7\u00e3o \u00e0 sa\u00fade juvenil, colocando cora\u00e7\u00e3o, sono e desempenho escolar no centro do debate. Na Gal\u00edcia, al\u00e9m de proibir o acesso, a lei exige que os estabelecimentos reorganizem a exposi\u00e7\u00e3o, realoquem os energ\u00e9ticos para setores de acesso mais controlado e adotem procedimentos claros de verifica\u00e7\u00e3o de idade.<\/p>\n\n\n\n<p>Se voc\u00ea \u00e9 pai, m\u00e3e, educador ou comerciante, o momento de agir \u00e9 agora: converse hoje mesmo com os jovens sobre os riscos, reveja a oferta e a exposi\u00e7\u00e3o desses produtos e pressione por regras mais respons\u00e1veis no seu ambiente. N\u00e3o espere um susto para mudar \u2014 transforme j\u00e1 seus h\u00e1bitos e pol\u00edticas locais para proteger com urg\u00eancia a pr\u00f3xima gera\u00e7\u00e3o.<\/p>\n\n\n\n<p><\/p>\n","protected":false},"excerpt":{"rendered":"<p>O debate sobre o consumo de bebidas energ\u00e9ticas por adolescentes ganhou for\u00e7a na Espanha com novas regras em comunidades aut\u00f4nomas, como a Gal\u00edcia, onde menores de 16 anos passaram a ter o acesso controlado de forma semelhante ao \u00e1lcool e ao tabaco, refletindo uma preocupa\u00e7\u00e3o crescente com os efeitos dessas bebidas na sa\u00fade, no comportamento [&hellip;]<\/p>\n","protected":false},"author":11,"featured_media":179323,"comment_status":"open","ping_status":"open","sticky":false,"template":"","format":"standard","meta":{"jnews-multi-image_gallery":[],"jnews_single_post":{"format":"standard"},"jnews_primary_category":[],"jnews_social_meta":[],"jnews_override_counter":[],"footnotes":""},"categories":[1,9053],"tags":[4486,4881,25907,4637,8165,415],"class_list":["post-179318","post","type-post","status-publish","format-standard","has-post-thumbnail","hentry","category-noticias","category-saude","tag-adolescentes","tag-bebidas","tag-energeticos","tag-multas","tag-novas-regras","tag-saude"],"yoast_head":"<!-- This site is optimized with the Yoast SEO plugin v23.8 - https:\/\/yoast.com\/wordpress\/plugins\/seo\/ -->\n<title>Supermercados ter\u00e3o que separar energ\u00e9ticos dos refrigerantes e nova regra do governo j\u00e1 come\u00e7a a mudar a organiza\u00e7\u00e3o das prateleiras - Estado de Minas - Em foco<\/title>\n<meta name=\"description\" content=\"Restri\u00e7\u00e3o a energ\u00e9ticos para menores avan\u00e7a na Espanha e reacende debate sobre sa\u00fade juvenil.\" \/>\n<meta name=\"robots\" content=\"index, follow, max-snippet:-1, max-image-preview:large, max-video-preview:-1\" \/>\n<link rel=\"canonical\" href=\"https:\/\/www.em.com.br\/emfoco\/2026\/03\/10\/supermercados-terao-que-separar-energeticos-dos-refrigerantes-e-nova-regra-do-governo-ja-comeca-a-mudar-a-organizacao-das-prateleiras\/\" \/>\n<meta property=\"og:locale\" content=\"pt_BR\" \/>\n<meta property=\"og:type\" content=\"article\" \/>\n<meta property=\"og:title\" content=\"Supermercados ter\u00e3o que separar energ\u00e9ticos dos refrigerantes e nova regra do governo j\u00e1 come\u00e7a a mudar a organiza\u00e7\u00e3o das prateleiras - Estado de Minas - Em foco\" \/>\n<meta property=\"og:description\" content=\"Restri\u00e7\u00e3o a energ\u00e9ticos para menores avan\u00e7a na Espanha e reacende debate sobre sa\u00fade juvenil.\" \/>\n<meta property=\"og:url\" content=\"https:\/\/www.em.com.br\/emfoco\/2026\/03\/10\/supermercados-terao-que-separar-energeticos-dos-refrigerantes-e-nova-regra-do-governo-ja-comeca-a-mudar-a-organizacao-das-prateleiras\/\" \/>\n<meta property=\"og:site_name\" content=\"Estado de Minas - Em foco\" \/>\n<meta property=\"article:published_time\" content=\"2026-03-10T11:30:00+00:00\" \/>\n<meta property=\"article:modified_time\" content=\"2026-03-10T03:29:53+00:00\" \/>\n<meta property=\"og:image\" content=\"https:\/\/www.em.com.br\/emfoco\/wp-content\/uploads\/2026\/03\/Gemini_Generated_Image_x0onf2x0onf2x0on-1.png\" \/>\n\t<meta property=\"og:image:width\" content=\"1280\" \/>\n\t<meta property=\"og:image:height\" content=\"720\" \/>\n\t<meta property=\"og:image:type\" content=\"image\/png\" \/>\n<meta name=\"author\" content=\"Andre\u0301 Rangel\u00a0\" \/>\n<meta name=\"twitter:card\" content=\"summary_large_image\" \/>\n<meta name=\"twitter:label1\" content=\"Escrito por\" \/>\n\t<meta name=\"twitter:data1\" content=\"Andre\u0301 Rangel\u00a0\" \/>\n\t<meta name=\"twitter:label2\" content=\"Est. tempo de leitura\" \/>\n\t<meta name=\"twitter:data2\" content=\"5 minutos\" \/>\n<!-- \/ Yoast SEO plugin. -->","yoast_head_json":{"title":"Supermercados ter\u00e3o que separar energ\u00e9ticos dos refrigerantes e nova regra do governo j\u00e1 come\u00e7a a mudar a organiza\u00e7\u00e3o das prateleiras - Estado de Minas - Em foco","description":"Restri\u00e7\u00e3o a energ\u00e9ticos para menores avan\u00e7a na Espanha e reacende debate sobre sa\u00fade juvenil.","robots":{"index":"index","follow":"follow","max-snippet":"max-snippet:-1","max-image-preview":"max-image-preview:large","max-video-preview":"max-video-preview:-1"},"canonical":"https:\/\/www.em.com.br\/emfoco\/2026\/03\/10\/supermercados-terao-que-separar-energeticos-dos-refrigerantes-e-nova-regra-do-governo-ja-comeca-a-mudar-a-organizacao-das-prateleiras\/","og_locale":"pt_BR","og_type":"article","og_title":"Supermercados ter\u00e3o que separar energ\u00e9ticos dos refrigerantes e nova regra do governo j\u00e1 come\u00e7a a mudar a organiza\u00e7\u00e3o das prateleiras - Estado de Minas - Em foco","og_description":"Restri\u00e7\u00e3o a energ\u00e9ticos para menores avan\u00e7a na Espanha e reacende debate sobre sa\u00fade juvenil.","og_url":"https:\/\/www.em.com.br\/emfoco\/2026\/03\/10\/supermercados-terao-que-separar-energeticos-dos-refrigerantes-e-nova-regra-do-governo-ja-comeca-a-mudar-a-organizacao-das-prateleiras\/","og_site_name":"Estado de Minas - Em foco","article_published_time":"2026-03-10T11:30:00+00:00","article_modified_time":"2026-03-10T03:29:53+00:00","og_image":[{"width":1280,"height":720,"url":"https:\/\/www.em.com.br\/emfoco\/wp-content\/uploads\/2026\/03\/Gemini_Generated_Image_x0onf2x0onf2x0on-1.png","type":"image\/png"}],"author":"Andre\u0301 Rangel\u00a0","twitter_card":"summary_large_image","twitter_misc":{"Escrito por":"Andre\u0301 Rangel\u00a0","Est. tempo de leitura":"5 minutos"},"schema":{"@context":"https:\/\/schema.org","@graph":[{"@type":"WebPage","@id":"https:\/\/www.em.com.br\/emfoco\/2026\/03\/10\/supermercados-terao-que-separar-energeticos-dos-refrigerantes-e-nova-regra-do-governo-ja-comeca-a-mudar-a-organizacao-das-prateleiras\/","url":"https:\/\/www.em.com.br\/emfoco\/2026\/03\/10\/supermercados-terao-que-separar-energeticos-dos-refrigerantes-e-nova-regra-do-governo-ja-comeca-a-mudar-a-organizacao-das-prateleiras\/","name":"Supermercados ter\u00e3o que separar energ\u00e9ticos dos refrigerantes e nova regra do governo j\u00e1 come\u00e7a a mudar a organiza\u00e7\u00e3o das prateleiras - Estado de Minas - Em foco","isPartOf":{"@id":"https:\/\/www.em.com.br\/emfoco\/#website"},"primaryImageOfPage":{"@id":"https:\/\/www.em.com.br\/emfoco\/2026\/03\/10\/supermercados-terao-que-separar-energeticos-dos-refrigerantes-e-nova-regra-do-governo-ja-comeca-a-mudar-a-organizacao-das-prateleiras\/#primaryimage"},"image":{"@id":"https:\/\/www.em.com.br\/emfoco\/2026\/03\/10\/supermercados-terao-que-separar-energeticos-dos-refrigerantes-e-nova-regra-do-governo-ja-comeca-a-mudar-a-organizacao-das-prateleiras\/#primaryimage"},"thumbnailUrl":"https:\/\/www.em.com.br\/emfoco\/wp-content\/uploads\/2026\/03\/Gemini_Generated_Image_x0onf2x0onf2x0on-1.png","datePublished":"2026-03-10T11:30:00+00:00","dateModified":"2026-03-10T03:29:53+00:00","author":{"@id":"https:\/\/www.em.com.br\/emfoco\/#\/schema\/person\/60eda09c1fedf0d6891f4cef4b60b8b8"},"description":"Restri\u00e7\u00e3o a energ\u00e9ticos para menores avan\u00e7a na Espanha e reacende debate sobre sa\u00fade juvenil.","breadcrumb":{"@id":"https:\/\/www.em.com.br\/emfoco\/2026\/03\/10\/supermercados-terao-que-separar-energeticos-dos-refrigerantes-e-nova-regra-do-governo-ja-comeca-a-mudar-a-organizacao-das-prateleiras\/#breadcrumb"},"inLanguage":"pt-BR","potentialAction":[{"@type":"ReadAction","target":["https:\/\/www.em.com.br\/emfoco\/2026\/03\/10\/supermercados-terao-que-separar-energeticos-dos-refrigerantes-e-nova-regra-do-governo-ja-comeca-a-mudar-a-organizacao-das-prateleiras\/"]}]},{"@type":"ImageObject","inLanguage":"pt-BR","@id":"https:\/\/www.em.com.br\/emfoco\/2026\/03\/10\/supermercados-terao-que-separar-energeticos-dos-refrigerantes-e-nova-regra-do-governo-ja-comeca-a-mudar-a-organizacao-das-prateleiras\/#primaryimage","url":"https:\/\/www.em.com.br\/emfoco\/wp-content\/uploads\/2026\/03\/Gemini_Generated_Image_x0onf2x0onf2x0on-1.png","contentUrl":"https:\/\/www.em.com.br\/emfoco\/wp-content\/uploads\/2026\/03\/Gemini_Generated_Image_x0onf2x0onf2x0on-1.png","width":1280,"height":720,"caption":"Uma nova regra muda o consumo de energ\u00e9ticos"},{"@type":"BreadcrumbList","@id":"https:\/\/www.em.com.br\/emfoco\/2026\/03\/10\/supermercados-terao-que-separar-energeticos-dos-refrigerantes-e-nova-regra-do-governo-ja-comeca-a-mudar-a-organizacao-das-prateleiras\/#breadcrumb","itemListElement":[{"@type":"ListItem","position":1,"name":"In\u00edcio","item":"https:\/\/www.em.com.br\/emfoco\/"},{"@type":"ListItem","position":2,"name":"Supermercados ter\u00e3o que separar energ\u00e9ticos dos refrigerantes e nova regra do governo j\u00e1 come\u00e7a a mudar a organiza\u00e7\u00e3o das prateleiras"}]},{"@type":"WebSite","@id":"https:\/\/www.em.com.br\/emfoco\/#website","url":"https:\/\/www.em.com.br\/emfoco\/","name":"Estado de Minas - Em foco","description":"Acompanhe as \u00faltimas not\u00edcias e fique bem informado sobre tudo o que acontece em Minas Gerais, Brasil e no mundo.","potentialAction":[{"@type":"SearchAction","target":{"@type":"EntryPoint","urlTemplate":"https:\/\/www.em.com.br\/emfoco\/?s={search_term_string}"},"query-input":{"@type":"PropertyValueSpecification","valueRequired":true,"valueName":"search_term_string"}}],"inLanguage":"pt-BR"},{"@type":"Person","@id":"https:\/\/www.em.com.br\/emfoco\/#\/schema\/person\/60eda09c1fedf0d6891f4cef4b60b8b8","name":"Andre\u0301 Rangel\u00a0","image":{"@type":"ImageObject","inLanguage":"pt-BR","@id":"https:\/\/www.em.com.br\/emfoco\/#\/schema\/person\/image\/","url":"https:\/\/secure.gravatar.com\/avatar\/6234dc814c77c8ef6d8bba622c787efc?s=96&d=mm&r=g","contentUrl":"https:\/\/secure.gravatar.com\/avatar\/6234dc814c77c8ef6d8bba622c787efc?s=96&d=mm&r=g","caption":"Andre\u0301 Rangel\u00a0"},"url":"https:\/\/www.em.com.br\/emfoco\/author\/luizmyth\/"}]}},"_links":{"self":[{"href":"https:\/\/www.em.com.br\/emfoco\/wp-json\/wp\/v2\/posts\/179318","targetHints":{"allow":["GET"]}}],"collection":[{"href":"https:\/\/www.em.com.br\/emfoco\/wp-json\/wp\/v2\/posts"}],"about":[{"href":"https:\/\/www.em.com.br\/emfoco\/wp-json\/wp\/v2\/types\/post"}],"author":[{"embeddable":true,"href":"https:\/\/www.em.com.br\/emfoco\/wp-json\/wp\/v2\/users\/11"}],"replies":[{"embeddable":true,"href":"https:\/\/www.em.com.br\/emfoco\/wp-json\/wp\/v2\/comments?post=179318"}],"version-history":[{"count":3,"href":"https:\/\/www.em.com.br\/emfoco\/wp-json\/wp\/v2\/posts\/179318\/revisions"}],"predecessor-version":[{"id":179324,"href":"https:\/\/www.em.com.br\/emfoco\/wp-json\/wp\/v2\/posts\/179318\/revisions\/179324"}],"wp:featuredmedia":[{"embeddable":true,"href":"https:\/\/www.em.com.br\/emfoco\/wp-json\/wp\/v2\/media\/179323"}],"wp:attachment":[{"href":"https:\/\/www.em.com.br\/emfoco\/wp-json\/wp\/v2\/media?parent=179318"}],"wp:term":[{"taxonomy":"category","embeddable":true,"href":"https:\/\/www.em.com.br\/emfoco\/wp-json\/wp\/v2\/categories?post=179318"},{"taxonomy":"post_tag","embeddable":true,"href":"https:\/\/www.em.com.br\/emfoco\/wp-json\/wp\/v2\/tags?post=179318"}],"curies":[{"name":"wp","href":"https:\/\/api.w.org\/{rel}","templated":true}]}}