{"id":179313,"date":"2026-03-10T21:15:13","date_gmt":"2026-03-11T00:15:13","guid":{"rendered":"https:\/\/www.em.com.br\/emfoco\/?p=179313"},"modified":"2026-03-09T16:04:52","modified_gmt":"2026-03-09T19:04:52","slug":"o-que-significa-observar-muito-antes-de-falar-em-um-grupo-segundo-a-psicologia","status":"publish","type":"post","link":"https:\/\/www.em.com.br\/emfoco\/2026\/03\/10\/o-que-significa-observar-muito-antes-de-falar-em-um-grupo-segundo-a-psicologia\/","title":{"rendered":"O que significa observar muito antes de falar em um grupo, segundo a psicologia"},"content":{"rendered":"\n<p><b>Talvez<\/b> voc\u00ea j\u00e1 tenha passado por isso: entra em um grupo novo, observa tudo em sil\u00eancio e s\u00f3 fala quando sente que <b>\u201cpegou o jeito\u201d<\/b> do ambiente. Para muita gente, isso gera d\u00favida: ser\u00e1 que tem algo errado comigo ou \u00e9 s\u00f3 meu jeito de ser? A psicologia mostra que observar bastante antes de falar pode dizer muito sobre como cada pessoa lida com o <b>mundo<\/b> e com as outras pessoas.<\/p>\n\n\n\n<h2 class=\"wp-block-heading\">O que significa observar muito antes de falar em um grupo<\/h2>\n\n\n\n<p>Do ponto de vista <b>psicol\u00f3gico<\/b>, observar bastante antes de se pronunciar costuma indicar um funcionamento mais introspectivo. Pessoas com um perfil mais <b>quieto<\/b> ou reflexivo geralmente precisam de um tempo maior para entender o que est\u00e1 acontecendo ao redor antes de entrar na <b>conversa<\/b>.<\/p>\n\n\n\n<p>Elas costumam avaliar quem <b>fala<\/b> mais, quais opini\u00f5es aparecem com frequ\u00eancia, que tipo de brincadeira \u00e9 bem-vinda e at\u00e9 que n\u00edvel de abertura o grupo tem para ideias diferentes. Em vez de ser \u201capenas <b>timidez<\/b>\u201d, muitas vezes \u00e9 uma forma de processar melhor as situa\u00e7\u00f5es <b>sociais<\/b>.<\/p>\n\n\n<div class=\"wp-block-image\">\n<figure class=\"aligncenter size-large\"><img loading=\"lazy\" decoding=\"async\" width=\"1024\" height=\"576\" src=\"https:\/\/www.em.com.br\/emfoco\/wp-content\/uploads\/2026\/03\/Gemini_Generated_Image_74s6rw74s6rw74s6-1-1024x576.png\" alt=\"\" class=\"wp-image-179423\" srcset=\"https:\/\/www.em.com.br\/emfoco\/wp-content\/uploads\/2026\/03\/Gemini_Generated_Image_74s6rw74s6rw74s6-1-1024x576.png 1024w, https:\/\/www.em.com.br\/emfoco\/wp-content\/uploads\/2026\/03\/Gemini_Generated_Image_74s6rw74s6rw74s6-1-300x169.png 300w, https:\/\/www.em.com.br\/emfoco\/wp-content\/uploads\/2026\/03\/Gemini_Generated_Image_74s6rw74s6rw74s6-1-768x432.png 768w, https:\/\/www.em.com.br\/emfoco\/wp-content\/uploads\/2026\/03\/Gemini_Generated_Image_74s6rw74s6rw74s6-1-750x422.png 750w, https:\/\/www.em.com.br\/emfoco\/wp-content\/uploads\/2026\/03\/Gemini_Generated_Image_74s6rw74s6rw74s6-1-1140x641.png 1140w, https:\/\/www.em.com.br\/emfoco\/wp-content\/uploads\/2026\/03\/Gemini_Generated_Image_74s6rw74s6rw74s6-1.png 1280w\" sizes=\"auto, (max-width: 1024px) 100vw, 1024px\" \/><figcaption class=\"wp-element-caption\">Em muitas pessoas, esse jeito de agir est\u00e1 ligado \u00e0 personalidade introvertida<\/figcaption><\/figure><\/div>\n\n\n<p>Leia tamb\u00e9m:&nbsp;<a href=\"https:\/\/www.em.com.br\/emfoco\/2026\/03\/08\/o-que-significa-reler-mensagens-varia-vezes-antes-de-enviar-segundo-a-psicologia\/\" target=\"_blank\" rel=\"noopener\">O que significa reler mensagens v\u00e1ria vezes antes de enviar, segundo a psicologia<\/a><\/p>\n\n\n\n<h2 class=\"wp-block-heading\">Como a introvers\u00e3o e a ansiedade social influenciam esse comportamento<\/h2>\n\n\n\n<p>Em muitas pessoas, esse jeito de agir est\u00e1 ligado \u00e0 personalidade <b>introvertida<\/b>, que prefere ouvir, observar e pensar antes de falar. N\u00e3o significa falta de <b>interesse<\/b>, e sim uma forma diferente de recarregar energia e processar o que <b>acontece<\/b>.<\/p>\n\n\n\n<p>Em outros casos, pode haver tamb\u00e9m ansiedade <b>social<\/b> ou medo de julgamento. A pessoa observa o grupo tentando prever rea\u00e7\u00f5es, calculando o que pode gerar cr\u00edticas ou olhares estranhos, o que pode ser resultado tanto de <b>inseguran\u00e7a<\/b> atual quanto de experi\u00eancias dif\u00edceis no <b>passado<\/b>.<\/p>\n\n\n\n<h2 class=\"wp-block-heading\">Por que algumas pessoas preferem observar primeiro e falar depois<\/h2>\n\n\n\n<p>Uma das explica\u00e7\u00f5es mais comuns \u00e9 que observar antes de falar \u00e9 uma forma de autorregula\u00e7\u00e3o <b>emocional<\/b>. Ao ficar em sil\u00eancio no in\u00edcio, a pessoa vai se acalmando, mede a pr\u00f3pria <a href=\"https:\/\/www.einstein.br\/n\/glossario-de-saude\/ansiedade\" target=\"_blank\" rel=\"noreferrer noopener\">ansiedade <\/a>e testa se o ambiente \u00e9 amig\u00e1vel ou <b>tenso<\/b>.<\/p>\n\n\n\n<p>Outra raz\u00e3o \u00e9 o chamado monitoramento <b>social<\/b>: quase como uma \u201cpesquisa de campo\u201d, a pessoa percebe quem lidera, quem costuma se opor, quais s\u00e3o os conflitos velados e como cada um se comunica. Isso cria um tipo de mapa <b>interno<\/b> que orienta quando, como e com quem <b>falar<\/b>.<\/p>\n\n\n<div class=\"wp-block-image\">\n<figure class=\"aligncenter size-large\"><img loading=\"lazy\" decoding=\"async\" width=\"1024\" height=\"576\" src=\"https:\/\/www.em.com.br\/emfoco\/wp-content\/uploads\/2026\/03\/Gemini_Generated_Image_r7t5iwr7t5iwr7t5-1-1024x576.png\" alt=\"\" class=\"wp-image-179415\" srcset=\"https:\/\/www.em.com.br\/emfoco\/wp-content\/uploads\/2026\/03\/Gemini_Generated_Image_r7t5iwr7t5iwr7t5-1-1024x576.png 1024w, https:\/\/www.em.com.br\/emfoco\/wp-content\/uploads\/2026\/03\/Gemini_Generated_Image_r7t5iwr7t5iwr7t5-1-300x169.png 300w, https:\/\/www.em.com.br\/emfoco\/wp-content\/uploads\/2026\/03\/Gemini_Generated_Image_r7t5iwr7t5iwr7t5-1-768x432.png 768w, https:\/\/www.em.com.br\/emfoco\/wp-content\/uploads\/2026\/03\/Gemini_Generated_Image_r7t5iwr7t5iwr7t5-1-750x422.png 750w, https:\/\/www.em.com.br\/emfoco\/wp-content\/uploads\/2026\/03\/Gemini_Generated_Image_r7t5iwr7t5iwr7t5-1-1140x641.png 1140w, https:\/\/www.em.com.br\/emfoco\/wp-content\/uploads\/2026\/03\/Gemini_Generated_Image_r7t5iwr7t5iwr7t5-1.png 1280w\" sizes=\"auto, (max-width: 1024px) 100vw, 1024px\" \/><figcaption class=\"wp-element-caption\">Em muitas pessoas, esse jeito de agir est\u00e1 ligado \u00e0 personalidade introvertida<\/figcaption><\/figure><\/div>\n\n\n<h2 class=\"wp-block-heading\">Quais fatores de hist\u00f3ria de vida podem intensificar esse jeito de agir<\/h2>\n\n\n\n<p>Alguns aspectos da hist\u00f3ria <b>pessoal<\/b> podem tornar essa postura de observa\u00e7\u00e3o ainda mais forte. Em geral, eles envolvem situa\u00e7\u00f5es em que se expor significou dor, <b>vergonha<\/b> ou bronca no passado, o que faz o c\u00e9rebro ligar o alerta em novos <b>grupos<\/b>.<\/p>\n\n\n\n<ul class=\"wp-block-list\">\n<li><strong>Hist\u00f3rico<\/strong> de cr\u00edticas ou bullying: faz a pessoa pensar duas, tr\u00eas vezes antes de se <strong>expor<\/strong>.<\/li>\n\n\n\n<li><strong>Educa\u00e7\u00e3o<\/strong> r\u00edgida: ensina a falar pouco, s\u00f3 quando perguntam ou <strong>autorizam<\/strong>.<\/li>\n\n\n\n<li><strong>Temperamento<\/strong> mais sens\u00edvel: aumenta a preocupa\u00e7\u00e3o com o impacto das pr\u00f3prias <strong>palavras<\/strong>.<\/li>\n\n\n\n<li><strong>Contexto<\/strong> desconhecido: favorece observar at\u00e9 que o ambiente pare\u00e7a mais <strong>previs\u00edvel<\/strong>.<\/li>\n<\/ul>\n\n\n\n<h2 class=\"wp-block-heading\">Observar muito antes de falar \u00e9 sempre algo ruim<\/h2>\n\n\n\n<p>Na psicologia, esse comportamento n\u00e3o \u00e9 visto automaticamente como <b>problema<\/b>. Em muitos contextos, \u00e9 um recurso de adapta\u00e7\u00e3o: quem observa mais costuma notar express\u00f5es, tons de voz e climas escondidos que outras pessoas ignoram, o que pode aumentar a <b>empatia<\/b> e a qualidade das contribui\u00e7\u00f5es quando decide <b>falar<\/b>.<\/p>\n\n\n\n<p>Vira sinal de alerta quando o sil\u00eancio impede a pessoa de expressar necessidades, opini\u00f5es ou limites, mesmo quando ela gostaria de se posicionar. Nesses casos, podem existir por tr\u00e1s baixa <b>autoestima<\/b>, medo constante de errar ou a sensa\u00e7\u00e3o de que sua <b>voz<\/b> n\u00e3o tem <b>valor<\/b>.<\/p>\n\n\n\n<div class=\"analise-psicologica-silencio\" style=\"box-sizing: border-box; display: flex; flex-direction: column; width: 100%; max-width: 800px; margin: 30px auto; background-color: #ffffff; color: #374151; border-radius: 12px; overflow: hidden; font-family: 'Segoe UI', Roboto, Helvetica, Arial, sans-serif; box-shadow: 0 10px 25px rgba(0,0,0,0.05); border: 1px solid #f3f4f6; position: relative; z-index: 5;\">\n\n  <div style=\"background-color: #fdf2f8; padding: 25px; border-bottom: 3px solid #db2777; text-align: left;\">\n    <h2 style=\"margin: 0; color: #831843; font-size: 1.4rem; font-weight: 700; line-height: 1.3;\">\ud83d\udcac O que o seu sil\u00eancio est\u00e1 dizendo?<\/h2>\n    <div style=\"font-size: 0.95rem; margin-top: 8px; color: #9d174d; opacity: 0.9;\">Entenda a diferen\u00e7a entre o sil\u00eancio protetor e o sil\u00eancio que sinaliza a necessidade de ajuda<\/div>\n  <\/div>\n\n  <div style=\"padding: 25px; display: flex; flex-direction: column; gap: 15px;\">\n    \n    <div style=\"background-color: #f0fdf4; border-radius: 8px; padding: 20px; border: 1px solid #dcfce7; display: flex; align-items: flex-start;\">\n      <div style=\"margin-right: 15px; font-size: 1.3rem;\">\ud83c\udf3f<\/div>\n      <div>\n        <h3 style=\"margin: 0 0 5px 0; color: #166534; font-size: 1.05rem; font-weight: bold;\">Recurso Saud\u00e1vel<\/h3>\n        <div style=\"font-size: 0.95rem; line-height: 1.6; color: #14532d;\">\n          Ocorre quando o sil\u00eancio ajuda a <strong>analisar primeiro<\/strong> para participar depois com mais <strong>seguran\u00e7a<\/strong>. \u00c9 uma ferramenta de prud\u00eancia e processamento interno.\n        <\/div>\n      <\/div>\n    <\/div>\n\n    <div style=\"background-color: #fffbeb; border-radius: 8px; padding: 20px; border: 1px solid #fef3c7; display: flex; align-items: flex-start;\">\n      <div style=\"margin-right: 15px; font-size: 1.3rem;\">\u26a0\ufe0f<\/div>\n      <div>\n        <h3 style=\"margin: 0 0 5px 0; color: #92400e; font-size: 1.05rem; font-weight: bold;\">Sofrimento Emocional<\/h3>\n        <div style=\"font-size: 0.95rem; line-height: 1.6; color: #78350f;\">\n          Se o sil\u00eancio <strong>trava<\/strong> a pessoa mesmo quando ela sente vontade de falar, isso pode indicar <strong>sofrimento emocional<\/strong>. A comunica\u00e7\u00e3o torna-se uma barreira intranspon\u00edvel.\n        <\/div>\n      <\/div>\n    <\/div>\n\n    <div style=\"background-color: #fef2f2; border-radius: 8px; padding: 20px; border: 1px solid #fee2e2; display: flex; align-items: flex-start;\">\n      <div style=\"margin-right: 15px; font-size: 1.3rem;\">\ud83d\udea8<\/div>\n      <div>\n        <h3 style=\"margin: 0 0 5px 0; color: #991b1b; font-size: 1.05rem; font-weight: bold;\">Necessidade de Apoio<\/h3>\n        <div style=\"font-size: 0.95rem; line-height: 1.6; color: #7f1d1d;\">\n          Quando o sil\u00eancio \u00e9 acompanhado de <strong>sintomas f\u00edsicos intensos de ansiedade<\/strong>, \u00e9 fundamental buscar <strong>avalia\u00e7\u00e3o profissional<\/strong>. O corpo est\u00e1 pedindo socorro atrav\u00e9s da mudez.\n        <\/div>\n      <\/div>\n    <\/div>\n\n  <\/div>\n\n  <div style=\"background-color: #f9fafb; padding: 15px 25px; text-align: center; border-top: 1px solid #f3f4f6;\">\n    <p style=\"margin: 0; font-size: 0.85rem; color: #6b7280; font-style: italic;\">\n      Reflex\u00e3o do Redator: Nem todo sil\u00eancio \u00e9 aus\u00eancia de palavras; \u00e0s vezes, ele \u00e9 o grito mais alto de uma mente sobrecarregada.\n    <\/p>\n  <\/div>\n<\/div>\n\n\n\n<h2 class=\"wp-block-heading\">Como a psicologia enxerga esse comportamento no dia a dia<\/h2>\n\n\n\n<p>Pesquisas mostram que n\u00e3o h\u00e1 um \u00fanico <b>motivo<\/b> para observar muito antes de falar. Para algumas pessoas \u00e9 um tra\u00e7o est\u00e1vel, ligado a um jeito mais <b>anal\u00edtico<\/b> e reservado; para outras, depende do contexto: at\u00e9 gente extrovertida pode ficar calada em ambientes hier\u00e1rquicos ou <b>competitivos<\/b>.<\/p>\n\n\n\n<p>Esse comportamento tamb\u00e9m costuma mudar com o <b>tempo<\/b>: quando a confian\u00e7a no grupo aumenta, a fala flui com mais naturalidade. Assim, observar antes de falar pode ser entendido como uma mistura de <b>prote\u00e7\u00e3o<\/b>, an\u00e1lise e busca de <b>pertencimento<\/b>, variando conforme a hist\u00f3ria de vida e as caracter\u00edsticas de cada pessoa.<\/p>\n","protected":false},"excerpt":{"rendered":"<p>Talvez voc\u00ea j\u00e1 tenha passado por isso: entra em um grupo novo, observa tudo em sil\u00eancio e s\u00f3 fala quando sente que \u201cpegou o jeito\u201d do ambiente. Para muita gente, isso gera d\u00favida: ser\u00e1 que tem algo errado comigo ou \u00e9 s\u00f3 meu jeito de ser? A psicologia mostra que observar bastante antes de falar [&hellip;]<\/p>\n","protected":false},"author":9,"featured_media":179416,"comment_status":"open","ping_status":"open","sticky":false,"template":"","format":"standard","meta":{"jnews-multi-image_gallery":[],"jnews_single_post":{"format":"standard"},"jnews_primary_category":[],"jnews_social_meta":[],"jnews_override_counter":[],"footnotes":""},"categories":[8819,9053],"tags":[25906,25905,5155],"class_list":["post-179313","post","type-post","status-publish","format-standard","has-post-thumbnail","hentry","category-curiosidades","category-saude","tag-falar-pouco-em-publico","tag-observar-muito","tag-psicologia"],"yoast_head":"<!-- This site is optimized with the Yoast SEO plugin v23.8 - https:\/\/yoast.com\/wordpress\/plugins\/seo\/ -->\n<title>O que significa observar muito antes de falar em um grupo, segundo a psicologia - Estado de Minas - Em foco<\/title>\n<meta name=\"description\" content=\"Observar antes de falar em grupos pode revelar introvers\u00e3o, an\u00e1lise emocional ou estrat\u00e9gias de adapta\u00e7\u00e3o ao ambiente social.\" \/>\n<meta name=\"robots\" content=\"index, follow, max-snippet:-1, max-image-preview:large, max-video-preview:-1\" \/>\n<link rel=\"canonical\" href=\"https:\/\/www.em.com.br\/emfoco\/2026\/03\/10\/o-que-significa-observar-muito-antes-de-falar-em-um-grupo-segundo-a-psicologia\/\" \/>\n<meta property=\"og:locale\" content=\"pt_BR\" \/>\n<meta property=\"og:type\" content=\"article\" \/>\n<meta property=\"og:title\" content=\"O que significa observar muito antes de falar em um grupo, segundo a psicologia - Estado de Minas - Em foco\" \/>\n<meta property=\"og:description\" content=\"Observar antes de falar em grupos pode revelar introvers\u00e3o, an\u00e1lise emocional ou estrat\u00e9gias de adapta\u00e7\u00e3o ao ambiente social.\" \/>\n<meta property=\"og:url\" content=\"https:\/\/www.em.com.br\/emfoco\/2026\/03\/10\/o-que-significa-observar-muito-antes-de-falar-em-um-grupo-segundo-a-psicologia\/\" \/>\n<meta property=\"og:site_name\" content=\"Estado de Minas - Em foco\" \/>\n<meta property=\"article:published_time\" content=\"2026-03-11T00:15:13+00:00\" \/>\n<meta property=\"article:modified_time\" content=\"2026-03-09T19:04:52+00:00\" \/>\n<meta property=\"og:image\" content=\"https:\/\/www.em.com.br\/emfoco\/wp-content\/uploads\/2026\/03\/Gemini_Generated_Image_3wtdfw3wtdfw3wtd-1.png\" \/>\n\t<meta property=\"og:image:width\" content=\"1280\" \/>\n\t<meta property=\"og:image:height\" content=\"720\" \/>\n\t<meta property=\"og:image:type\" content=\"image\/png\" \/>\n<meta name=\"author\" content=\"Daniely Cardoso\" \/>\n<meta name=\"twitter:card\" content=\"summary_large_image\" \/>\n<meta name=\"twitter:label1\" content=\"Escrito por\" \/>\n\t<meta name=\"twitter:data1\" content=\"Daniely Cardoso\" \/>\n\t<meta name=\"twitter:label2\" content=\"Est. tempo de leitura\" \/>\n\t<meta name=\"twitter:data2\" content=\"6 minutos\" \/>\n<!-- \/ Yoast SEO plugin. -->","yoast_head_json":{"title":"O que significa observar muito antes de falar em um grupo, segundo a psicologia - Estado de Minas - Em foco","description":"Observar antes de falar em grupos pode revelar introvers\u00e3o, an\u00e1lise emocional ou estrat\u00e9gias de adapta\u00e7\u00e3o ao ambiente social.","robots":{"index":"index","follow":"follow","max-snippet":"max-snippet:-1","max-image-preview":"max-image-preview:large","max-video-preview":"max-video-preview:-1"},"canonical":"https:\/\/www.em.com.br\/emfoco\/2026\/03\/10\/o-que-significa-observar-muito-antes-de-falar-em-um-grupo-segundo-a-psicologia\/","og_locale":"pt_BR","og_type":"article","og_title":"O que significa observar muito antes de falar em um grupo, segundo a psicologia - Estado de Minas - Em foco","og_description":"Observar antes de falar em grupos pode revelar introvers\u00e3o, an\u00e1lise emocional ou estrat\u00e9gias de adapta\u00e7\u00e3o ao ambiente social.","og_url":"https:\/\/www.em.com.br\/emfoco\/2026\/03\/10\/o-que-significa-observar-muito-antes-de-falar-em-um-grupo-segundo-a-psicologia\/","og_site_name":"Estado de Minas - Em foco","article_published_time":"2026-03-11T00:15:13+00:00","article_modified_time":"2026-03-09T19:04:52+00:00","og_image":[{"width":1280,"height":720,"url":"https:\/\/www.em.com.br\/emfoco\/wp-content\/uploads\/2026\/03\/Gemini_Generated_Image_3wtdfw3wtdfw3wtd-1.png","type":"image\/png"}],"author":"Daniely Cardoso","twitter_card":"summary_large_image","twitter_misc":{"Escrito por":"Daniely Cardoso","Est. tempo de leitura":"6 minutos"},"schema":{"@context":"https:\/\/schema.org","@graph":[{"@type":"WebPage","@id":"https:\/\/www.em.com.br\/emfoco\/2026\/03\/10\/o-que-significa-observar-muito-antes-de-falar-em-um-grupo-segundo-a-psicologia\/","url":"https:\/\/www.em.com.br\/emfoco\/2026\/03\/10\/o-que-significa-observar-muito-antes-de-falar-em-um-grupo-segundo-a-psicologia\/","name":"O que significa observar muito antes de falar em um grupo, segundo a psicologia - Estado de Minas - Em foco","isPartOf":{"@id":"https:\/\/www.em.com.br\/emfoco\/#website"},"primaryImageOfPage":{"@id":"https:\/\/www.em.com.br\/emfoco\/2026\/03\/10\/o-que-significa-observar-muito-antes-de-falar-em-um-grupo-segundo-a-psicologia\/#primaryimage"},"image":{"@id":"https:\/\/www.em.com.br\/emfoco\/2026\/03\/10\/o-que-significa-observar-muito-antes-de-falar-em-um-grupo-segundo-a-psicologia\/#primaryimage"},"thumbnailUrl":"https:\/\/www.em.com.br\/emfoco\/wp-content\/uploads\/2026\/03\/Gemini_Generated_Image_3wtdfw3wtdfw3wtd-1.png","datePublished":"2026-03-11T00:15:13+00:00","dateModified":"2026-03-09T19:04:52+00:00","author":{"@id":"https:\/\/www.em.com.br\/emfoco\/#\/schema\/person\/0a8186d72f2c3a5c6276d90b41f271a0"},"description":"Observar antes de falar em grupos pode revelar introvers\u00e3o, an\u00e1lise emocional ou estrat\u00e9gias de adapta\u00e7\u00e3o ao ambiente social.","breadcrumb":{"@id":"https:\/\/www.em.com.br\/emfoco\/2026\/03\/10\/o-que-significa-observar-muito-antes-de-falar-em-um-grupo-segundo-a-psicologia\/#breadcrumb"},"inLanguage":"pt-BR","potentialAction":[{"@type":"ReadAction","target":["https:\/\/www.em.com.br\/emfoco\/2026\/03\/10\/o-que-significa-observar-muito-antes-de-falar-em-um-grupo-segundo-a-psicologia\/"]}]},{"@type":"ImageObject","inLanguage":"pt-BR","@id":"https:\/\/www.em.com.br\/emfoco\/2026\/03\/10\/o-que-significa-observar-muito-antes-de-falar-em-um-grupo-segundo-a-psicologia\/#primaryimage","url":"https:\/\/www.em.com.br\/emfoco\/wp-content\/uploads\/2026\/03\/Gemini_Generated_Image_3wtdfw3wtdfw3wtd-1.png","contentUrl":"https:\/\/www.em.com.br\/emfoco\/wp-content\/uploads\/2026\/03\/Gemini_Generated_Image_3wtdfw3wtdfw3wtd-1.png","width":1280,"height":720,"caption":"Alguns aspectos da hist\u00f3ria pessoal podem tornar essa postura de observa\u00e7\u00e3o ainda mais forte"},{"@type":"BreadcrumbList","@id":"https:\/\/www.em.com.br\/emfoco\/2026\/03\/10\/o-que-significa-observar-muito-antes-de-falar-em-um-grupo-segundo-a-psicologia\/#breadcrumb","itemListElement":[{"@type":"ListItem","position":1,"name":"In\u00edcio","item":"https:\/\/www.em.com.br\/emfoco\/"},{"@type":"ListItem","position":2,"name":"O que significa observar muito antes de falar em um grupo, segundo a psicologia"}]},{"@type":"WebSite","@id":"https:\/\/www.em.com.br\/emfoco\/#website","url":"https:\/\/www.em.com.br\/emfoco\/","name":"Estado de Minas - Em foco","description":"Acompanhe as \u00faltimas not\u00edcias e fique bem informado sobre tudo o que acontece em Minas Gerais, Brasil e no mundo.","potentialAction":[{"@type":"SearchAction","target":{"@type":"EntryPoint","urlTemplate":"https:\/\/www.em.com.br\/emfoco\/?s={search_term_string}"},"query-input":{"@type":"PropertyValueSpecification","valueRequired":true,"valueName":"search_term_string"}}],"inLanguage":"pt-BR"},{"@type":"Person","@id":"https:\/\/www.em.com.br\/emfoco\/#\/schema\/person\/0a8186d72f2c3a5c6276d90b41f271a0","name":"Daniely Cardoso","image":{"@type":"ImageObject","inLanguage":"pt-BR","@id":"https:\/\/www.em.com.br\/emfoco\/#\/schema\/person\/image\/","url":"https:\/\/secure.gravatar.com\/avatar\/4b80ddbd124d1f071b626d52d62e5dff?s=96&d=mm&r=g","contentUrl":"https:\/\/secure.gravatar.com\/avatar\/4b80ddbd124d1f071b626d52d62e5dff?s=96&d=mm&r=g","caption":"Daniely Cardoso"},"url":"https:\/\/www.em.com.br\/emfoco\/author\/danielymyth\/"}]}},"_links":{"self":[{"href":"https:\/\/www.em.com.br\/emfoco\/wp-json\/wp\/v2\/posts\/179313","targetHints":{"allow":["GET"]}}],"collection":[{"href":"https:\/\/www.em.com.br\/emfoco\/wp-json\/wp\/v2\/posts"}],"about":[{"href":"https:\/\/www.em.com.br\/emfoco\/wp-json\/wp\/v2\/types\/post"}],"author":[{"embeddable":true,"href":"https:\/\/www.em.com.br\/emfoco\/wp-json\/wp\/v2\/users\/9"}],"replies":[{"embeddable":true,"href":"https:\/\/www.em.com.br\/emfoco\/wp-json\/wp\/v2\/comments?post=179313"}],"version-history":[{"count":3,"href":"https:\/\/www.em.com.br\/emfoco\/wp-json\/wp\/v2\/posts\/179313\/revisions"}],"predecessor-version":[{"id":179425,"href":"https:\/\/www.em.com.br\/emfoco\/wp-json\/wp\/v2\/posts\/179313\/revisions\/179425"}],"wp:featuredmedia":[{"embeddable":true,"href":"https:\/\/www.em.com.br\/emfoco\/wp-json\/wp\/v2\/media\/179416"}],"wp:attachment":[{"href":"https:\/\/www.em.com.br\/emfoco\/wp-json\/wp\/v2\/media?parent=179313"}],"wp:term":[{"taxonomy":"category","embeddable":true,"href":"https:\/\/www.em.com.br\/emfoco\/wp-json\/wp\/v2\/categories?post=179313"},{"taxonomy":"post_tag","embeddable":true,"href":"https:\/\/www.em.com.br\/emfoco\/wp-json\/wp\/v2\/tags?post=179313"}],"curies":[{"name":"wp","href":"https:\/\/api.w.org\/{rel}","templated":true}]}}