{"id":179301,"date":"2026-03-09T18:30:00","date_gmt":"2026-03-09T21:30:00","guid":{"rendered":"https:\/\/www.em.com.br\/emfoco\/?p=179301"},"modified":"2026-03-09T12:13:33","modified_gmt":"2026-03-09T15:13:33","slug":"previdencia-confirma-que-15-anos-de-contribuicao-ja-nao-garantem-aposentadoria-e-muitos-trabalhadores-podem-ser-afetados","status":"publish","type":"post","link":"https:\/\/www.em.com.br\/emfoco\/2026\/03\/09\/previdencia-confirma-que-15-anos-de-contribuicao-ja-nao-garantem-aposentadoria-e-muitos-trabalhadores-podem-ser-afetados\/","title":{"rendered":"Previd\u00eancia confirma que 15 anos de contribui\u00e7\u00e3o j\u00e1 n\u00e3o garantem aposentadoria e muitos trabalhadores podem ser afetados"},"content":{"rendered":"\n<p>A aposentadoria contributiva no sistema espanhol vai muito al\u00e9m de \u201cchegar na idade certa\u201d. Em 2026, tanto na <strong>Espanha <\/strong>quanto no <strong>Brasil<\/strong>, \u00e9 essencial entender requisitos de idade m\u00ednima, tempo de contribui\u00e7\u00e3o, regras sobre os \u00faltimos anos de trabalho e impacto das lacunas na vida laboral para garantir o direito ao benef\u00edcio e melhorar o valor final recebido.<\/p>\n\n\n\n<h2 class=\"wp-block-heading\">O que \u00e9 aposentadoria contributiva por idade e quem tem direito<\/h2>\n\n\n\n<p>A aposentadoria contributiva por velhice \u00e9 o benef\u00edcio pago pela <strong>Seguridade Social<\/strong> espanhola a quem encerra a vida laboral ap\u00f3s cumprir requisitos de idade e tempo de contribui\u00e7\u00e3o. Diferentemente de aux\u00edlios assistenciais, o valor \u00e9 calculado com base nas contribui\u00e7\u00f5es feitas ao longo dos anos e na chamada base de c\u00e1lculo.<\/p>\n\n\n\n<p>Em 2026, a idade legal ordin\u00e1ria \u00e9 de 66 anos e 10 meses para quem n\u00e3o alcan\u00e7a 38 anos e tr\u00eas meses de contribui\u00e7\u00f5es, enquanto quem ultrapassa esse patamar pode se aposentar aos 65 anos com direito a 100% da base de c\u00e1lculo. \u00c9 obrigat\u00f3rio ter ao menos 15 anos de contribui\u00e7\u00e3o ao longo da carreira para gerar direito \u00e0 aposentadoria contributiva.<\/p>\n\n\n\n<figure class=\"wp-block-image size-large\"><img loading=\"lazy\" decoding=\"async\" width=\"1024\" height=\"576\" src=\"https:\/\/www.em.com.br\/emfoco\/wp-content\/uploads\/2026\/03\/ChatGPT-Image-9-de-mar.-de-2026-11_01_57-1-1024x576.png\" alt=\"Planejamento da aposentadoria ganha aten\u00e7\u00e3o\" class=\"wp-image-179304\" srcset=\"https:\/\/www.em.com.br\/emfoco\/wp-content\/uploads\/2026\/03\/ChatGPT-Image-9-de-mar.-de-2026-11_01_57-1-1024x576.png 1024w, https:\/\/www.em.com.br\/emfoco\/wp-content\/uploads\/2026\/03\/ChatGPT-Image-9-de-mar.-de-2026-11_01_57-1-300x169.png 300w, https:\/\/www.em.com.br\/emfoco\/wp-content\/uploads\/2026\/03\/ChatGPT-Image-9-de-mar.-de-2026-11_01_57-1-768x432.png 768w, https:\/\/www.em.com.br\/emfoco\/wp-content\/uploads\/2026\/03\/ChatGPT-Image-9-de-mar.-de-2026-11_01_57-1-750x422.png 750w, https:\/\/www.em.com.br\/emfoco\/wp-content\/uploads\/2026\/03\/ChatGPT-Image-9-de-mar.-de-2026-11_01_57-1-1140x641.png 1140w, https:\/\/www.em.com.br\/emfoco\/wp-content\/uploads\/2026\/03\/ChatGPT-Image-9-de-mar.-de-2026-11_01_57-1.png 1280w\" sizes=\"auto, (max-width: 1024px) 100vw, 1024px\" \/><figcaption class=\"wp-element-caption\">Planejamento da aposentadoria ganha aten\u00e7\u00e3o<\/figcaption><\/figure>\n\n\n\n<h2 class=\"wp-block-heading\">Como funciona a aposentadoria por idade no Brasil em 2026<\/h2>\n\n\n\n<p>No Brasil, em 2026, a aposentadoria por idade do <strong>INSS <\/strong>exige idade m\u00ednima e tempo m\u00ednimo de contribui\u00e7\u00e3o cumpridos ao mesmo tempo. Os 15 anos de contribui\u00e7\u00e3o continuam sendo a car\u00eancia b\u00e1sica, mas sozinhos n\u00e3o garantem o benef\u00edcio se a idade m\u00ednima n\u00e3o for atingida.<\/p>\n\n\n\n<p>Para a regra geral urbana em 2026, os requisitos s\u00e3o os seguintes:<\/p>\n\n\n\n<ul class=\"wp-block-list\">\n<li><strong>Mulheres:<\/strong>\u00a062 anos de idade e, no m\u00ednimo, 15 anos de contribui\u00e7\u00e3o.<\/li>\n\n\n\n<li><strong>Homens:<\/strong>\u00a065 anos de idade e, no m\u00ednimo, 15 anos de contribui\u00e7\u00e3o para quem j\u00e1 era segurado antes da Reforma de 2019, ou 20 anos para quem come\u00e7ou a contribuir ap\u00f3s a reforma.<\/li>\n<\/ul>\n\n\n\n<h2 class=\"wp-block-heading\">Por que o tempo m\u00ednimo de contribui\u00e7\u00e3o \u00e9 determinante<\/h2>\n\n\n\n<p>Os 15 anos de contribui\u00e7\u00e3o representam o per\u00edodo de car\u00eancia geral, mas a legisla\u00e7\u00e3o exige ainda a chamada car\u00eancia espec\u00edfica. Pelo menos dois desses 15 anos devem estar inclu\u00eddos nos 15 anos imediatamente anteriores \u00e0 data em que a aposentadoria \u00e9 solicitada.<\/p>\n\n\n\n<p>Na pr\u00e1tica, quem trabalhou d\u00e9cadas e ficou muitos anos sem contribuir antes de atingir a idade legal pode n\u00e3o cumprir essa car\u00eancia espec\u00edfica. Assim, mesmo com mais de 15 anos de contribui\u00e7\u00f5es totais, o direito \u00e0 aposentadoria contributiva pode n\u00e3o ser consolidado se faltar esse m\u00ednimo de dois anos finais.<\/p>\n\n\n\n<figure class=\"wp-block-image\"><img decoding=\"async\" src=\"https:\/\/www.em.com.br\/emfoco\/wp-content\/uploads\/2025\/03\/idoso-pensando_1741627507533-1024x576.jpg\" alt=\"\"\/><figcaption class=\"wp-element-caption\">O segredo para n\u00e3o perder o direito \u00e0 aposentadoria &#8211; Cr\u00e9ditos: depositphotos.com \/ IgorTishenko<\/figcaption><\/figure>\n\n\n\n<h2 class=\"wp-block-heading\">Como as lacunas de contribui\u00e7\u00e3o afetam o valor da aposentadoria<\/h2>\n\n\n\n<p>Os per\u00edodos sem contribui\u00e7\u00e3o, conhecidos como lacunas de contribui\u00e7\u00e3o, reduzem a base de c\u00e1lculo usada para determinar o valor mensal da aposentadoria. No regime geral de trabalhadores assalariados, h\u00e1 um mecanismo de integra\u00e7\u00e3o que suaviza, mas n\u00e3o elimina, essa perda econ\u00f4mica.<\/p>\n\n\n\n<p>As primeiras 48 mensalidades sem contribuir s\u00e3o preenchidas com 100% da base m\u00ednima de contribui\u00e7\u00e3o e, a partir do 49\u00ba m\u00eas, com 50% da base m\u00ednima. Para trabalhadores aut\u00f4nomos, as lacunas costumam ser ainda mais penalizadoras, pois em regra n\u00e3o s\u00e3o integradas, contando como base zero, salvo exce\u00e7\u00f5es ligadas \u00e0 cessa\u00e7\u00e3o da atividade.<\/p>\n\n\n\n<h2 class=\"wp-block-heading\">Como planejar sua aposentadoria com urg\u00eancia e seguran\u00e7a<\/h2>\n\n\n\n<p>Diante das regras de idade, car\u00eancia, lacunas e possibilidades de antecipar ou adiar o benef\u00edcio, revisar periodicamente a vida laboral \u00e9 decisivo para n\u00e3o perder direitos. Consultar o extrato de contribui\u00e7\u00f5es, conferir os anos totais, analisar os \u00faltimos 15 anos e identificar per\u00edodos em branco s\u00e3o passos b\u00e1sicos de um bom planejamento.<\/p>\n\n\n\n<p>Se voc\u00ea j\u00e1 tem per\u00edodos longos sem contribui\u00e7\u00e3o ou est\u00e1 perto da idade de se aposentar, n\u00e3o espere mais: revise seus dados hoje, procure a Seguridade Social ou um especialista e avalie alternativas como acordos especiais de contribui\u00e7\u00e3o. Cada ano conta, e adiar essa decis\u00e3o pode significar perder dinheiro e adiar o momento de se aposentar com tranquilidade.<\/p>\n","protected":false},"excerpt":{"rendered":"<p>A aposentadoria contributiva no sistema espanhol vai muito al\u00e9m de \u201cchegar na idade certa\u201d. Em 2026, tanto na Espanha quanto no Brasil, \u00e9 essencial entender requisitos de idade m\u00ednima, tempo de contribui\u00e7\u00e3o, regras sobre os \u00faltimos anos de trabalho e impacto das lacunas na vida laboral para garantir o direito ao benef\u00edcio e melhorar o [&hellip;]<\/p>\n","protected":false},"author":11,"featured_media":179305,"comment_status":"open","ping_status":"open","sticky":false,"template":"","format":"standard","meta":{"jnews-multi-image_gallery":[],"jnews_single_post":{"format":"standard"},"jnews_primary_category":[],"jnews_social_meta":[],"jnews_override_counter":[],"footnotes":""},"categories":[28,1],"tags":[172,529,241,259,174,652],"class_list":["post-179301","post","type-post","status-publish","format-standard","has-post-thumbnail","hentry","category-economia","category-noticias","tag-aposentadoria","tag-aposentados","tag-aposentar","tag-beneficio","tag-inss","tag-tempo-de-contribuicao"],"yoast_head":"<!-- This site is optimized with the Yoast SEO plugin v23.8 - https:\/\/yoast.com\/wordpress\/plugins\/seo\/ -->\n<title>Previd\u00eancia confirma que 15 anos de contribui\u00e7\u00e3o j\u00e1 n\u00e3o garantem aposentadoria e muitos trabalhadores podem ser afetados - Estado de Minas - Em foco<\/title>\n<meta name=\"description\" content=\"A aposentadoria contributiva exige idade m\u00ednima e tempo de contribui\u00e7\u00e3o. Entenda as regras na Espanha e no Brasil em 2026.\" \/>\n<meta name=\"robots\" content=\"index, follow, max-snippet:-1, max-image-preview:large, max-video-preview:-1\" \/>\n<link rel=\"canonical\" href=\"https:\/\/www.em.com.br\/emfoco\/2026\/03\/09\/previdencia-confirma-que-15-anos-de-contribuicao-ja-nao-garantem-aposentadoria-e-muitos-trabalhadores-podem-ser-afetados\/\" \/>\n<meta property=\"og:locale\" content=\"pt_BR\" \/>\n<meta property=\"og:type\" content=\"article\" \/>\n<meta property=\"og:title\" content=\"Previd\u00eancia confirma que 15 anos de contribui\u00e7\u00e3o j\u00e1 n\u00e3o garantem aposentadoria e muitos trabalhadores podem ser afetados - Estado de Minas - Em foco\" \/>\n<meta property=\"og:description\" content=\"A aposentadoria contributiva exige idade m\u00ednima e tempo de contribui\u00e7\u00e3o. Entenda as regras na Espanha e no Brasil em 2026.\" \/>\n<meta property=\"og:url\" content=\"https:\/\/www.em.com.br\/emfoco\/2026\/03\/09\/previdencia-confirma-que-15-anos-de-contribuicao-ja-nao-garantem-aposentadoria-e-muitos-trabalhadores-podem-ser-afetados\/\" \/>\n<meta property=\"og:site_name\" content=\"Estado de Minas - Em foco\" \/>\n<meta property=\"article:published_time\" content=\"2026-03-09T21:30:00+00:00\" \/>\n<meta property=\"article:modified_time\" content=\"2026-03-09T15:13:33+00:00\" \/>\n<meta property=\"og:image\" content=\"https:\/\/www.em.com.br\/emfoco\/wp-content\/uploads\/2026\/03\/ChatGPT-Image-9-de-mar.-de-2026-11_03_22-1.png\" \/>\n\t<meta property=\"og:image:width\" content=\"1280\" \/>\n\t<meta property=\"og:image:height\" content=\"720\" \/>\n\t<meta property=\"og:image:type\" content=\"image\/png\" \/>\n<meta name=\"author\" content=\"Andre\u0301 Rangel\u00a0\" \/>\n<meta name=\"twitter:card\" content=\"summary_large_image\" \/>\n<meta name=\"twitter:label1\" content=\"Escrito por\" \/>\n\t<meta name=\"twitter:data1\" content=\"Andre\u0301 Rangel\u00a0\" \/>\n\t<meta name=\"twitter:label2\" content=\"Est. tempo de leitura\" \/>\n\t<meta name=\"twitter:data2\" content=\"5 minutos\" \/>\n<!-- \/ Yoast SEO plugin. -->","yoast_head_json":{"title":"Previd\u00eancia confirma que 15 anos de contribui\u00e7\u00e3o j\u00e1 n\u00e3o garantem aposentadoria e muitos trabalhadores podem ser afetados - Estado de Minas - Em foco","description":"A aposentadoria contributiva exige idade m\u00ednima e tempo de contribui\u00e7\u00e3o. Entenda as regras na Espanha e no Brasil em 2026.","robots":{"index":"index","follow":"follow","max-snippet":"max-snippet:-1","max-image-preview":"max-image-preview:large","max-video-preview":"max-video-preview:-1"},"canonical":"https:\/\/www.em.com.br\/emfoco\/2026\/03\/09\/previdencia-confirma-que-15-anos-de-contribuicao-ja-nao-garantem-aposentadoria-e-muitos-trabalhadores-podem-ser-afetados\/","og_locale":"pt_BR","og_type":"article","og_title":"Previd\u00eancia confirma que 15 anos de contribui\u00e7\u00e3o j\u00e1 n\u00e3o garantem aposentadoria e muitos trabalhadores podem ser afetados - Estado de Minas - Em foco","og_description":"A aposentadoria contributiva exige idade m\u00ednima e tempo de contribui\u00e7\u00e3o. Entenda as regras na Espanha e no Brasil em 2026.","og_url":"https:\/\/www.em.com.br\/emfoco\/2026\/03\/09\/previdencia-confirma-que-15-anos-de-contribuicao-ja-nao-garantem-aposentadoria-e-muitos-trabalhadores-podem-ser-afetados\/","og_site_name":"Estado de Minas - Em foco","article_published_time":"2026-03-09T21:30:00+00:00","article_modified_time":"2026-03-09T15:13:33+00:00","og_image":[{"width":1280,"height":720,"url":"https:\/\/www.em.com.br\/emfoco\/wp-content\/uploads\/2026\/03\/ChatGPT-Image-9-de-mar.-de-2026-11_03_22-1.png","type":"image\/png"}],"author":"Andre\u0301 Rangel\u00a0","twitter_card":"summary_large_image","twitter_misc":{"Escrito por":"Andre\u0301 Rangel\u00a0","Est. tempo de leitura":"5 minutos"},"schema":{"@context":"https:\/\/schema.org","@graph":[{"@type":"WebPage","@id":"https:\/\/www.em.com.br\/emfoco\/2026\/03\/09\/previdencia-confirma-que-15-anos-de-contribuicao-ja-nao-garantem-aposentadoria-e-muitos-trabalhadores-podem-ser-afetados\/","url":"https:\/\/www.em.com.br\/emfoco\/2026\/03\/09\/previdencia-confirma-que-15-anos-de-contribuicao-ja-nao-garantem-aposentadoria-e-muitos-trabalhadores-podem-ser-afetados\/","name":"Previd\u00eancia confirma que 15 anos de contribui\u00e7\u00e3o j\u00e1 n\u00e3o garantem aposentadoria e muitos trabalhadores podem ser afetados - Estado de Minas - Em foco","isPartOf":{"@id":"https:\/\/www.em.com.br\/emfoco\/#website"},"primaryImageOfPage":{"@id":"https:\/\/www.em.com.br\/emfoco\/2026\/03\/09\/previdencia-confirma-que-15-anos-de-contribuicao-ja-nao-garantem-aposentadoria-e-muitos-trabalhadores-podem-ser-afetados\/#primaryimage"},"image":{"@id":"https:\/\/www.em.com.br\/emfoco\/2026\/03\/09\/previdencia-confirma-que-15-anos-de-contribuicao-ja-nao-garantem-aposentadoria-e-muitos-trabalhadores-podem-ser-afetados\/#primaryimage"},"thumbnailUrl":"https:\/\/www.em.com.br\/emfoco\/wp-content\/uploads\/2026\/03\/ChatGPT-Image-9-de-mar.-de-2026-11_03_22-1.png","datePublished":"2026-03-09T21:30:00+00:00","dateModified":"2026-03-09T15:13:33+00:00","author":{"@id":"https:\/\/www.em.com.br\/emfoco\/#\/schema\/person\/60eda09c1fedf0d6891f4cef4b60b8b8"},"description":"A aposentadoria contributiva exige idade m\u00ednima e tempo de contribui\u00e7\u00e3o. Entenda as regras na Espanha e no Brasil em 2026.","breadcrumb":{"@id":"https:\/\/www.em.com.br\/emfoco\/2026\/03\/09\/previdencia-confirma-que-15-anos-de-contribuicao-ja-nao-garantem-aposentadoria-e-muitos-trabalhadores-podem-ser-afetados\/#breadcrumb"},"inLanguage":"pt-BR","potentialAction":[{"@type":"ReadAction","target":["https:\/\/www.em.com.br\/emfoco\/2026\/03\/09\/previdencia-confirma-que-15-anos-de-contribuicao-ja-nao-garantem-aposentadoria-e-muitos-trabalhadores-podem-ser-afetados\/"]}]},{"@type":"ImageObject","inLanguage":"pt-BR","@id":"https:\/\/www.em.com.br\/emfoco\/2026\/03\/09\/previdencia-confirma-que-15-anos-de-contribuicao-ja-nao-garantem-aposentadoria-e-muitos-trabalhadores-podem-ser-afetados\/#primaryimage","url":"https:\/\/www.em.com.br\/emfoco\/wp-content\/uploads\/2026\/03\/ChatGPT-Image-9-de-mar.-de-2026-11_03_22-1.png","contentUrl":"https:\/\/www.em.com.br\/emfoco\/wp-content\/uploads\/2026\/03\/ChatGPT-Image-9-de-mar.-de-2026-11_03_22-1.png","width":1280,"height":720,"caption":"Planejamento da aposentadoria ganha aten\u00e7\u00e3o"},{"@type":"BreadcrumbList","@id":"https:\/\/www.em.com.br\/emfoco\/2026\/03\/09\/previdencia-confirma-que-15-anos-de-contribuicao-ja-nao-garantem-aposentadoria-e-muitos-trabalhadores-podem-ser-afetados\/#breadcrumb","itemListElement":[{"@type":"ListItem","position":1,"name":"In\u00edcio","item":"https:\/\/www.em.com.br\/emfoco\/"},{"@type":"ListItem","position":2,"name":"Previd\u00eancia confirma que 15 anos de contribui\u00e7\u00e3o j\u00e1 n\u00e3o garantem aposentadoria e muitos trabalhadores podem ser afetados"}]},{"@type":"WebSite","@id":"https:\/\/www.em.com.br\/emfoco\/#website","url":"https:\/\/www.em.com.br\/emfoco\/","name":"Estado de Minas - Em foco","description":"Acompanhe as \u00faltimas not\u00edcias e fique bem informado sobre tudo o que acontece em Minas Gerais, Brasil e no mundo.","potentialAction":[{"@type":"SearchAction","target":{"@type":"EntryPoint","urlTemplate":"https:\/\/www.em.com.br\/emfoco\/?s={search_term_string}"},"query-input":{"@type":"PropertyValueSpecification","valueRequired":true,"valueName":"search_term_string"}}],"inLanguage":"pt-BR"},{"@type":"Person","@id":"https:\/\/www.em.com.br\/emfoco\/#\/schema\/person\/60eda09c1fedf0d6891f4cef4b60b8b8","name":"Andre\u0301 Rangel\u00a0","image":{"@type":"ImageObject","inLanguage":"pt-BR","@id":"https:\/\/www.em.com.br\/emfoco\/#\/schema\/person\/image\/","url":"https:\/\/secure.gravatar.com\/avatar\/6234dc814c77c8ef6d8bba622c787efc?s=96&d=mm&r=g","contentUrl":"https:\/\/secure.gravatar.com\/avatar\/6234dc814c77c8ef6d8bba622c787efc?s=96&d=mm&r=g","caption":"Andre\u0301 Rangel\u00a0"},"url":"https:\/\/www.em.com.br\/emfoco\/author\/luizmyth\/"}]}},"_links":{"self":[{"href":"https:\/\/www.em.com.br\/emfoco\/wp-json\/wp\/v2\/posts\/179301","targetHints":{"allow":["GET"]}}],"collection":[{"href":"https:\/\/www.em.com.br\/emfoco\/wp-json\/wp\/v2\/posts"}],"about":[{"href":"https:\/\/www.em.com.br\/emfoco\/wp-json\/wp\/v2\/types\/post"}],"author":[{"embeddable":true,"href":"https:\/\/www.em.com.br\/emfoco\/wp-json\/wp\/v2\/users\/11"}],"replies":[{"embeddable":true,"href":"https:\/\/www.em.com.br\/emfoco\/wp-json\/wp\/v2\/comments?post=179301"}],"version-history":[{"count":3,"href":"https:\/\/www.em.com.br\/emfoco\/wp-json\/wp\/v2\/posts\/179301\/revisions"}],"predecessor-version":[{"id":179307,"href":"https:\/\/www.em.com.br\/emfoco\/wp-json\/wp\/v2\/posts\/179301\/revisions\/179307"}],"wp:featuredmedia":[{"embeddable":true,"href":"https:\/\/www.em.com.br\/emfoco\/wp-json\/wp\/v2\/media\/179305"}],"wp:attachment":[{"href":"https:\/\/www.em.com.br\/emfoco\/wp-json\/wp\/v2\/media?parent=179301"}],"wp:term":[{"taxonomy":"category","embeddable":true,"href":"https:\/\/www.em.com.br\/emfoco\/wp-json\/wp\/v2\/categories?post=179301"},{"taxonomy":"post_tag","embeddable":true,"href":"https:\/\/www.em.com.br\/emfoco\/wp-json\/wp\/v2\/tags?post=179301"}],"curies":[{"name":"wp","href":"https:\/\/api.w.org\/{rel}","templated":true}]}}