{"id":179272,"date":"2026-03-09T11:00:00","date_gmt":"2026-03-09T14:00:00","guid":{"rendered":"https:\/\/www.em.com.br\/emfoco\/?p=179272"},"modified":"2026-03-09T10:25:30","modified_gmt":"2026-03-09T13:25:30","slug":"nova-regra-entra-em-vigor-em-15-de-marco-e-proibe-cortar-a-grama-entre-meio-dia-e-16h-com-risco-de-multa-para-proprietarios","status":"publish","type":"post","link":"https:\/\/www.em.com.br\/emfoco\/2026\/03\/09\/nova-regra-entra-em-vigor-em-15-de-marco-e-proibe-cortar-a-grama-entre-meio-dia-e-16h-com-risco-de-multa-para-proprietarios\/","title":{"rendered":"Nova regra entra em vigor em 15 de mar\u00e7o e pro\u00edbe cortar a grama entre meio-dia e 16h, com risco de multa para propriet\u00e1rios"},"content":{"rendered":"\n<p>Em v\u00e1rios munic\u00edpios portugueses, o simples gesto de ligar o cortador de grama na hora do almo\u00e7o passou a ter regras espec\u00edficas, e em algumas localidades, entre as 12h e as 16h \u00e9 proibido cortar grama, com possibilidade de multa em caso de descumprimento, o que vem alterando rotinas habituais, sobretudo aos fins de semana.<\/p>\n\n\n\n<h2 class=\"wp-block-heading\">O que significa proibir o corte de grama ao meio\u2011dia em Portugal<\/h2>\n\n\n\n<p>A proibi\u00e7\u00e3o de cortar grama entre as 12h e as 16h refor\u00e7a principalmente a necessidade de controle de ru\u00eddo e \u00e0 prote\u00e7\u00e3o em per\u00edodos de maior calor. Em muitos regulamentos, o objetivo \u00e9 garantir um intervalo de sossego no meio do dia e reduzir riscos para a sa\u00fade de quem opera as m\u00e1quinas.<\/p>\n\n\n\n<p>Na pr\u00e1tica, o barulho tende a concentrar\u2011se no in\u00edcio da manh\u00e3 e no fim da tarde, o que pode gerar novos focos de tens\u00e3o entre vizinhos. Mesmo quem s\u00f3 liga o equipamento \u201cuns minutos\u201d continua sujeito ao hor\u00e1rio estipulado, j\u00e1 que muitos regulamentos n\u00e3o diferenciam a dura\u00e7\u00e3o da tarefa.<\/p>\n\n\n\n<figure class=\"wp-block-image size-large\"><img loading=\"lazy\" decoding=\"async\" width=\"1024\" height=\"576\" src=\"https:\/\/www.em.com.br\/emfoco\/wp-content\/uploads\/2026\/03\/ChatGPT-Image-9-de-mar.-de-2026-10_18_48-1-1024x576.png\" alt=\"Hor\u00e1rio para cortar grama pode dar multa\" class=\"wp-image-179282\" srcset=\"https:\/\/www.em.com.br\/emfoco\/wp-content\/uploads\/2026\/03\/ChatGPT-Image-9-de-mar.-de-2026-10_18_48-1-1024x576.png 1024w, https:\/\/www.em.com.br\/emfoco\/wp-content\/uploads\/2026\/03\/ChatGPT-Image-9-de-mar.-de-2026-10_18_48-1-300x169.png 300w, https:\/\/www.em.com.br\/emfoco\/wp-content\/uploads\/2026\/03\/ChatGPT-Image-9-de-mar.-de-2026-10_18_48-1-768x432.png 768w, https:\/\/www.em.com.br\/emfoco\/wp-content\/uploads\/2026\/03\/ChatGPT-Image-9-de-mar.-de-2026-10_18_48-1-750x422.png 750w, https:\/\/www.em.com.br\/emfoco\/wp-content\/uploads\/2026\/03\/ChatGPT-Image-9-de-mar.-de-2026-10_18_48-1-1140x641.png 1140w, https:\/\/www.em.com.br\/emfoco\/wp-content\/uploads\/2026\/03\/ChatGPT-Image-9-de-mar.-de-2026-10_18_48-1.png 1280w\" sizes=\"auto, (max-width: 1024px) 100vw, 1024px\" \/><figcaption class=\"wp-element-caption\">Hor\u00e1rio para cortar grama pode dar multa<\/figcaption><\/figure>\n\n\n\n<h2 class=\"wp-block-heading\">Como funciona o corte de grama no Brasil em 2026<\/h2>\n\n\n\n<p>No <strong>Brasil <\/strong>em 2026, cortar a grama de forma correta envolve seguir regras de hor\u00e1rio (<strong><a href=\"https:\/\/www.jusbrasil.com.br\/artigos\/lei-do-silencio-para-se-garantir-conheca-seus-direitos-e-deveres\/266427263\" target=\"_blank\" rel=\"noreferrer noopener\">Lei do Sil\u00eancio<\/a><\/strong>), normas de condom\u00ednio e boas pr\u00e1ticas de jardinagem. N\u00e3o h\u00e1 uma lei federal \u00fanica, mas a combina\u00e7\u00e3o entre legisla\u00e7\u00f5es municipais e regras internas define o que \u00e9 considerado manejo adequado.<\/p>\n\n\n\n<p>As principais orienta\u00e7\u00f5es envolvem hor\u00e1rios permitidos, altura ideal de corte, frequ\u00eancia segundo o clima e uso seguro dos equipamentos, evitando conflitos com vizinhos e problemas para a sa\u00fade do gramado.<\/p>\n\n\n\n<ul class=\"wp-block-list\">\n<li><strong>Hor\u00e1rios de ru\u00eddo<\/strong>: uso de cortadores barulhentos geralmente das 07h\/08h \u00e0s 18h\/19h em dias \u00fateis, e a partir das 09h em fins de semana, segundo leis municipais.<\/li>\n\n\n\n<li><strong>Altura de corte<\/strong>: nunca remover mais de 1\/3 da folha; grama Esmeralda entre 2 e 3 cm, Santo Agostinho\/S\u00e3o Carlos entre 4 e 5 cm.<\/li>\n\n\n\n<li><strong>Frequ\u00eancia e clima<\/strong>: cortes semanais em per\u00edodos chuvosos e intervalos de 15 a 30 dias em \u00e9pocas frias ou secas.<\/li>\n\n\n\n<li><strong>Seguran\u00e7a e manuten\u00e7\u00e3o<\/strong>: l\u00e2minas afiadas, uso de EPIs, cuidado com grama molhada e manejo correto das aparas.<\/li>\n<\/ul>\n\n\n\n<h2 class=\"wp-block-heading\">Como funcionam os regulamentos locais para cortar grama<\/h2>\n\n\n\n<p>As limita\u00e7\u00f5es ao uso do cortador de grama n\u00e3o s\u00e3o uniformes, pois a gest\u00e3o do ru\u00eddo \u00e9 feita sobretudo por regulamentos municipais, normas de bairro ou avisos sazonais. Assim, \u00e9 poss\u00edvel que duas ruas vizinhas tenham regras distintas quanto a hor\u00e1rios, dias e tipos de equipamentos.<\/p>\n\n\n\n<p>Ao consultar o regulamento local, \u00e9 importante verificar em quais dias a regra se aplica, quais m\u00e1quinas est\u00e3o inclu\u00eddas, se h\u00e1 restri\u00e7\u00f5es sazonais e se existem exce\u00e7\u00f5es para situa\u00e7\u00f5es urgentes, como obras ou manuten\u00e7\u00e3o de \u00e1reas p\u00fablicas.<\/p>\n\n\n\n<figure class=\"wp-block-image size-large\"><img loading=\"lazy\" decoding=\"async\" width=\"1024\" height=\"576\" src=\"https:\/\/www.em.com.br\/emfoco\/wp-content\/uploads\/2026\/03\/ChatGPT-Image-9-de-mar.-de-2026-10_20_54-1-1024x576.png\" alt=\"Hor\u00e1rio para cortar grama pode dar multa\" class=\"wp-image-179283\" srcset=\"https:\/\/www.em.com.br\/emfoco\/wp-content\/uploads\/2026\/03\/ChatGPT-Image-9-de-mar.-de-2026-10_20_54-1-1024x576.png 1024w, https:\/\/www.em.com.br\/emfoco\/wp-content\/uploads\/2026\/03\/ChatGPT-Image-9-de-mar.-de-2026-10_20_54-1-300x169.png 300w, https:\/\/www.em.com.br\/emfoco\/wp-content\/uploads\/2026\/03\/ChatGPT-Image-9-de-mar.-de-2026-10_20_54-1-768x432.png 768w, https:\/\/www.em.com.br\/emfoco\/wp-content\/uploads\/2026\/03\/ChatGPT-Image-9-de-mar.-de-2026-10_20_54-1-750x422.png 750w, https:\/\/www.em.com.br\/emfoco\/wp-content\/uploads\/2026\/03\/ChatGPT-Image-9-de-mar.-de-2026-10_20_54-1-1140x641.png 1140w, https:\/\/www.em.com.br\/emfoco\/wp-content\/uploads\/2026\/03\/ChatGPT-Image-9-de-mar.-de-2026-10_20_54-1.png 1280w\" sizes=\"auto, (max-width: 1024px) 100vw, 1024px\" \/><figcaption class=\"wp-element-caption\">Hor\u00e1rio para cortar grama pode dar multa<\/figcaption><\/figure>\n\n\n\n<h2 class=\"wp-block-heading\">\u00c9 poss\u00edvel obter exce\u00e7\u00f5es ao hor\u00e1rio de corte de grama<\/h2>\n\n\n\n<p>Muitas d\u00favidas surgem quando algu\u00e9m trabalha em turnos ou tem rotinas irregulares e s\u00f3 consegue cuidar do jardim em hor\u00e1rios sens\u00edveis. Em geral, exce\u00e7\u00f5es formais para cortar grama fora do hor\u00e1rio s\u00e3o pouco comuns, sobretudo em espa\u00e7os privados, mas vale sempre confirmar com a prefeitura ou associa\u00e7\u00e3o de bairro.<\/p>\n\n\n\n<p>Na falta de exce\u00e7\u00e3o espec\u00edfica, a sa\u00edda costuma ser adaptar a rotina ou o pr\u00f3prio jardim, usando equipamentos mais silenciosos, contratando servi\u00e7os de jardinagem em hor\u00e1rio permitido ou negociando acordos informais com vizinhos, sempre dentro da lei.<\/p>\n\n\n\n<h2 class=\"wp-block-heading\">Quais s\u00e3o os impactos na conviv\u00eancia e o que fazer a partir de agora<\/h2>\n\n\n\n<p>As restri\u00e7\u00f5es de hor\u00e1rio para cortar grama v\u00e3o al\u00e9m do barulho, trazendo debates sobre o uso do espa\u00e7o privado, a press\u00e3o est\u00e9tica sobre jardins e a necessidade de conciliar cuidados externos com o descanso coletivo. Em bairros densos, uma tarde de s\u00e1bado sem m\u00e1quinas pode representar um raro momento de sil\u00eancio e bem\u2011estar para todos.<\/p>\n\n\n\n<p>Informe\u2011se hoje mesmo sobre o regulamento do seu munic\u00edpio, reveja a forma como cuida do jardim e considere solu\u00e7\u00f5es mais sustent\u00e1veis e menos ruidosas; agir agora pode evitar multas, preservar a boa conviv\u00eancia com os vizinhos e proteger o seu pr\u00f3prio tempo de descanso antes que novas regras se tornem ainda mais r\u00edgidas.<\/p>\n\n\n\n<p><\/p>\n","protected":false},"excerpt":{"rendered":"<p>Em v\u00e1rios munic\u00edpios portugueses, o simples gesto de ligar o cortador de grama na hora do almo\u00e7o passou a ter regras espec\u00edficas, e em algumas localidades, entre as 12h e as 16h \u00e9 proibido cortar grama, com possibilidade de multa em caso de descumprimento, o que vem alterando rotinas habituais, sobretudo aos fins de semana. [&hellip;]<\/p>\n","protected":false},"author":11,"featured_media":179284,"comment_status":"open","ping_status":"open","sticky":false,"template":"","format":"standard","meta":{"jnews-multi-image_gallery":[],"jnews_single_post":{"format":"standard"},"jnews_primary_category":[],"jnews_social_meta":[],"jnews_override_counter":[],"footnotes":""},"categories":[28,1],"tags":[25900,4781,20535,3325,16919,9442,8216,25899],"class_list":["post-179272","post","type-post","status-publish","format-standard","has-post-thumbnail","hentry","category-economia","category-noticias","tag-cortar-grama","tag-grama","tag-horario","tag-jardim","tag-lei-do-silencio","tag-multa","tag-nova-regra","tag-ruido"],"yoast_head":"<!-- This site is optimized with the Yoast SEO plugin v23.8 - https:\/\/yoast.com\/wordpress\/plugins\/seo\/ -->\n<title>Nova regra entra em vigor em 15 de mar\u00e7o e pro\u00edbe cortar a grama entre meio-dia e 16h, com risco de multa para propriet\u00e1rios - Estado de Minas - Em foco<\/title>\n<meta name=\"description\" content=\"Cortar grama no hor\u00e1rio errado pode resultar em multa. Veja como funcionam os regulamentos e o que fazer.\" \/>\n<meta name=\"robots\" content=\"index, follow, max-snippet:-1, max-image-preview:large, max-video-preview:-1\" \/>\n<link rel=\"canonical\" href=\"https:\/\/www.em.com.br\/emfoco\/2026\/03\/09\/nova-regra-entra-em-vigor-em-15-de-marco-e-proibe-cortar-a-grama-entre-meio-dia-e-16h-com-risco-de-multa-para-proprietarios\/\" \/>\n<meta property=\"og:locale\" content=\"pt_BR\" \/>\n<meta property=\"og:type\" content=\"article\" \/>\n<meta property=\"og:title\" content=\"Nova regra entra em vigor em 15 de mar\u00e7o e pro\u00edbe cortar a grama entre meio-dia e 16h, com risco de multa para propriet\u00e1rios - Estado de Minas - Em foco\" \/>\n<meta property=\"og:description\" content=\"Cortar grama no hor\u00e1rio errado pode resultar em multa. Veja como funcionam os regulamentos e o que fazer.\" \/>\n<meta property=\"og:url\" content=\"https:\/\/www.em.com.br\/emfoco\/2026\/03\/09\/nova-regra-entra-em-vigor-em-15-de-marco-e-proibe-cortar-a-grama-entre-meio-dia-e-16h-com-risco-de-multa-para-proprietarios\/\" \/>\n<meta property=\"og:site_name\" content=\"Estado de Minas - Em foco\" \/>\n<meta property=\"article:published_time\" content=\"2026-03-09T14:00:00+00:00\" \/>\n<meta property=\"article:modified_time\" content=\"2026-03-09T13:25:30+00:00\" \/>\n<meta property=\"og:image\" content=\"https:\/\/www.em.com.br\/emfoco\/wp-content\/uploads\/2026\/03\/Gemini_Generated_Image_mw38wumw38wumw38-1.png\" \/>\n\t<meta property=\"og:image:width\" content=\"1280\" \/>\n\t<meta property=\"og:image:height\" content=\"720\" \/>\n\t<meta property=\"og:image:type\" content=\"image\/png\" \/>\n<meta name=\"author\" content=\"Andre\u0301 Rangel\u00a0\" \/>\n<meta name=\"twitter:card\" content=\"summary_large_image\" \/>\n<meta name=\"twitter:label1\" content=\"Escrito por\" \/>\n\t<meta name=\"twitter:data1\" content=\"Andre\u0301 Rangel\u00a0\" \/>\n\t<meta name=\"twitter:label2\" content=\"Est. tempo de leitura\" \/>\n\t<meta name=\"twitter:data2\" content=\"5 minutos\" \/>\n<!-- \/ Yoast SEO plugin. -->","yoast_head_json":{"title":"Nova regra entra em vigor em 15 de mar\u00e7o e pro\u00edbe cortar a grama entre meio-dia e 16h, com risco de multa para propriet\u00e1rios - Estado de Minas - Em foco","description":"Cortar grama no hor\u00e1rio errado pode resultar em multa. Veja como funcionam os regulamentos e o que fazer.","robots":{"index":"index","follow":"follow","max-snippet":"max-snippet:-1","max-image-preview":"max-image-preview:large","max-video-preview":"max-video-preview:-1"},"canonical":"https:\/\/www.em.com.br\/emfoco\/2026\/03\/09\/nova-regra-entra-em-vigor-em-15-de-marco-e-proibe-cortar-a-grama-entre-meio-dia-e-16h-com-risco-de-multa-para-proprietarios\/","og_locale":"pt_BR","og_type":"article","og_title":"Nova regra entra em vigor em 15 de mar\u00e7o e pro\u00edbe cortar a grama entre meio-dia e 16h, com risco de multa para propriet\u00e1rios - Estado de Minas - Em foco","og_description":"Cortar grama no hor\u00e1rio errado pode resultar em multa. Veja como funcionam os regulamentos e o que fazer.","og_url":"https:\/\/www.em.com.br\/emfoco\/2026\/03\/09\/nova-regra-entra-em-vigor-em-15-de-marco-e-proibe-cortar-a-grama-entre-meio-dia-e-16h-com-risco-de-multa-para-proprietarios\/","og_site_name":"Estado de Minas - Em foco","article_published_time":"2026-03-09T14:00:00+00:00","article_modified_time":"2026-03-09T13:25:30+00:00","og_image":[{"width":1280,"height":720,"url":"https:\/\/www.em.com.br\/emfoco\/wp-content\/uploads\/2026\/03\/Gemini_Generated_Image_mw38wumw38wumw38-1.png","type":"image\/png"}],"author":"Andre\u0301 Rangel\u00a0","twitter_card":"summary_large_image","twitter_misc":{"Escrito por":"Andre\u0301 Rangel\u00a0","Est. tempo de leitura":"5 minutos"},"schema":{"@context":"https:\/\/schema.org","@graph":[{"@type":"WebPage","@id":"https:\/\/www.em.com.br\/emfoco\/2026\/03\/09\/nova-regra-entra-em-vigor-em-15-de-marco-e-proibe-cortar-a-grama-entre-meio-dia-e-16h-com-risco-de-multa-para-proprietarios\/","url":"https:\/\/www.em.com.br\/emfoco\/2026\/03\/09\/nova-regra-entra-em-vigor-em-15-de-marco-e-proibe-cortar-a-grama-entre-meio-dia-e-16h-com-risco-de-multa-para-proprietarios\/","name":"Nova regra entra em vigor em 15 de mar\u00e7o e pro\u00edbe cortar a grama entre meio-dia e 16h, com risco de multa para propriet\u00e1rios - Estado de Minas - Em foco","isPartOf":{"@id":"https:\/\/www.em.com.br\/emfoco\/#website"},"primaryImageOfPage":{"@id":"https:\/\/www.em.com.br\/emfoco\/2026\/03\/09\/nova-regra-entra-em-vigor-em-15-de-marco-e-proibe-cortar-a-grama-entre-meio-dia-e-16h-com-risco-de-multa-para-proprietarios\/#primaryimage"},"image":{"@id":"https:\/\/www.em.com.br\/emfoco\/2026\/03\/09\/nova-regra-entra-em-vigor-em-15-de-marco-e-proibe-cortar-a-grama-entre-meio-dia-e-16h-com-risco-de-multa-para-proprietarios\/#primaryimage"},"thumbnailUrl":"https:\/\/www.em.com.br\/emfoco\/wp-content\/uploads\/2026\/03\/Gemini_Generated_Image_mw38wumw38wumw38-1.png","datePublished":"2026-03-09T14:00:00+00:00","dateModified":"2026-03-09T13:25:30+00:00","author":{"@id":"https:\/\/www.em.com.br\/emfoco\/#\/schema\/person\/60eda09c1fedf0d6891f4cef4b60b8b8"},"description":"Cortar grama no hor\u00e1rio errado pode resultar em multa. Veja como funcionam os regulamentos e o que fazer.","breadcrumb":{"@id":"https:\/\/www.em.com.br\/emfoco\/2026\/03\/09\/nova-regra-entra-em-vigor-em-15-de-marco-e-proibe-cortar-a-grama-entre-meio-dia-e-16h-com-risco-de-multa-para-proprietarios\/#breadcrumb"},"inLanguage":"pt-BR","potentialAction":[{"@type":"ReadAction","target":["https:\/\/www.em.com.br\/emfoco\/2026\/03\/09\/nova-regra-entra-em-vigor-em-15-de-marco-e-proibe-cortar-a-grama-entre-meio-dia-e-16h-com-risco-de-multa-para-proprietarios\/"]}]},{"@type":"ImageObject","inLanguage":"pt-BR","@id":"https:\/\/www.em.com.br\/emfoco\/2026\/03\/09\/nova-regra-entra-em-vigor-em-15-de-marco-e-proibe-cortar-a-grama-entre-meio-dia-e-16h-com-risco-de-multa-para-proprietarios\/#primaryimage","url":"https:\/\/www.em.com.br\/emfoco\/wp-content\/uploads\/2026\/03\/Gemini_Generated_Image_mw38wumw38wumw38-1.png","contentUrl":"https:\/\/www.em.com.br\/emfoco\/wp-content\/uploads\/2026\/03\/Gemini_Generated_Image_mw38wumw38wumw38-1.png","width":1280,"height":720,"caption":"Hor\u00e1rio para cortar grama pode dar multa"},{"@type":"BreadcrumbList","@id":"https:\/\/www.em.com.br\/emfoco\/2026\/03\/09\/nova-regra-entra-em-vigor-em-15-de-marco-e-proibe-cortar-a-grama-entre-meio-dia-e-16h-com-risco-de-multa-para-proprietarios\/#breadcrumb","itemListElement":[{"@type":"ListItem","position":1,"name":"In\u00edcio","item":"https:\/\/www.em.com.br\/emfoco\/"},{"@type":"ListItem","position":2,"name":"Nova regra entra em vigor em 15 de mar\u00e7o e pro\u00edbe cortar a grama entre meio-dia e 16h, com risco de multa para propriet\u00e1rios"}]},{"@type":"WebSite","@id":"https:\/\/www.em.com.br\/emfoco\/#website","url":"https:\/\/www.em.com.br\/emfoco\/","name":"Estado de Minas - Em foco","description":"Acompanhe as \u00faltimas not\u00edcias e fique bem informado sobre tudo o que acontece em Minas Gerais, Brasil e no mundo.","potentialAction":[{"@type":"SearchAction","target":{"@type":"EntryPoint","urlTemplate":"https:\/\/www.em.com.br\/emfoco\/?s={search_term_string}"},"query-input":{"@type":"PropertyValueSpecification","valueRequired":true,"valueName":"search_term_string"}}],"inLanguage":"pt-BR"},{"@type":"Person","@id":"https:\/\/www.em.com.br\/emfoco\/#\/schema\/person\/60eda09c1fedf0d6891f4cef4b60b8b8","name":"Andre\u0301 Rangel\u00a0","image":{"@type":"ImageObject","inLanguage":"pt-BR","@id":"https:\/\/www.em.com.br\/emfoco\/#\/schema\/person\/image\/","url":"https:\/\/secure.gravatar.com\/avatar\/6234dc814c77c8ef6d8bba622c787efc?s=96&d=mm&r=g","contentUrl":"https:\/\/secure.gravatar.com\/avatar\/6234dc814c77c8ef6d8bba622c787efc?s=96&d=mm&r=g","caption":"Andre\u0301 Rangel\u00a0"},"url":"https:\/\/www.em.com.br\/emfoco\/author\/luizmyth\/"}]}},"_links":{"self":[{"href":"https:\/\/www.em.com.br\/emfoco\/wp-json\/wp\/v2\/posts\/179272","targetHints":{"allow":["GET"]}}],"collection":[{"href":"https:\/\/www.em.com.br\/emfoco\/wp-json\/wp\/v2\/posts"}],"about":[{"href":"https:\/\/www.em.com.br\/emfoco\/wp-json\/wp\/v2\/types\/post"}],"author":[{"embeddable":true,"href":"https:\/\/www.em.com.br\/emfoco\/wp-json\/wp\/v2\/users\/11"}],"replies":[{"embeddable":true,"href":"https:\/\/www.em.com.br\/emfoco\/wp-json\/wp\/v2\/comments?post=179272"}],"version-history":[{"count":4,"href":"https:\/\/www.em.com.br\/emfoco\/wp-json\/wp\/v2\/posts\/179272\/revisions"}],"predecessor-version":[{"id":179286,"href":"https:\/\/www.em.com.br\/emfoco\/wp-json\/wp\/v2\/posts\/179272\/revisions\/179286"}],"wp:featuredmedia":[{"embeddable":true,"href":"https:\/\/www.em.com.br\/emfoco\/wp-json\/wp\/v2\/media\/179284"}],"wp:attachment":[{"href":"https:\/\/www.em.com.br\/emfoco\/wp-json\/wp\/v2\/media?parent=179272"}],"wp:term":[{"taxonomy":"category","embeddable":true,"href":"https:\/\/www.em.com.br\/emfoco\/wp-json\/wp\/v2\/categories?post=179272"},{"taxonomy":"post_tag","embeddable":true,"href":"https:\/\/www.em.com.br\/emfoco\/wp-json\/wp\/v2\/tags?post=179272"}],"curies":[{"name":"wp","href":"https:\/\/api.w.org\/{rel}","templated":true}]}}