{"id":179238,"date":"2026-03-09T18:05:00","date_gmt":"2026-03-09T21:05:00","guid":{"rendered":"https:\/\/www.em.com.br\/emfoco\/?p=179238"},"modified":"2026-03-09T10:35:11","modified_gmt":"2026-03-09T13:35:11","slug":"cidade-serrana-a-95km-da-capital-onde-a-selecao-brasileira-treina-tem-vista-para-o-dedo-de-deus-e-temperatura-media-de-17c","status":"publish","type":"post","link":"https:\/\/www.em.com.br\/emfoco\/2026\/03\/09\/cidade-serrana-a-95km-da-capital-onde-a-selecao-brasileira-treina-tem-vista-para-o-dedo-de-deus-e-temperatura-media-de-17c\/","title":{"rendered":"Cidade serrana a 95km da capital onde a Sele\u00e7\u00e3o Brasileira treina tem vista para o Dedo de Deus e temperatura m\u00e9dia de 17\u00b0C"},"content":{"rendered":"\n<p>Uma forma\u00e7\u00e3o rochosa em formato de m\u00e3o apontando para o c\u00e9u deu nome ao esporte que nasceu ali: em 1912, a escalada do <strong>Dedo de Deus<\/strong> marcou o in\u00edcio do montanhismo brasileiro. Mais de um s\u00e9culo depois, <strong>Teres\u00f3polis<\/strong> ainda vive entre picos, cachoeiras e uma temperatura m\u00e9dia anual de 17 \u00b0C, a apenas 95 km da capital fluminense.<\/p>\n\n\n\n<h2 class=\"wp-block-heading\">O pico que estampa a bandeira do estado e mudou a hist\u00f3ria do esporte<\/h2>\n\n\n\n<p>O <strong>Dedo de Deus<\/strong>, com 1.692 metros de altitude, \u00e9 a silhueta mais reconhecida da <strong>Serra dos \u00d3rg\u00e3os<\/strong>. A forma\u00e7\u00e3o estampa a bandeira do <strong>Rio de Janeiro<\/strong> e \u00e9 vis\u00edvel de diversos \u00e2ngulos da rodovia Rio-Teres\u00f3polis. Em 1912, uma expedi\u00e7\u00e3o liderada por alpinistas cariocas conquistou o cume pela primeira vez, feito considerado o marco fundador do montanhismo no <strong>Brasil<\/strong>. A serra recebeu esse nome porque, vista de longe, seus picos lembram os tubos de um \u00f3rg\u00e3o de catedral.<\/p>\n\n\n\n<p>O <a href=\"https:\/\/www.gov.br\/icmbio\/pt-br\/assuntos\/biodiversidade\/unidade-de-conservacao\/parques-nacionais\/pn-da-serra-dos-orgaos\" target=\"_blank\" rel=\"noreferrer noopener\"><strong>Parque Nacional da Serra dos \u00d3rg\u00e3os (PARNASO)<\/strong><\/a>, criado em 1939 e administrado pelo <strong>Instituto Chico Mendes de Conserva\u00e7\u00e3o da Biodiversidade (ICMBio)<\/strong>, possui mais de 200 km de trilhas, a maior rede do pa\u00eds. A <strong>Travessia Petr\u00f3polis-Teres\u00f3polis<\/strong>, com 30 km de subidas e descidas pela parte alta das montanhas, \u00e9 uma das caminhadas mais desafiadoras do Brasil.<\/p>\n\n\n<div class=\"wp-block-image\">\n<figure class=\"aligncenter size-large\"><img loading=\"lazy\" decoding=\"async\" width=\"1024\" height=\"576\" src=\"https:\/\/www.em.com.br\/emfoco\/wp-content\/uploads\/2025\/12\/Teresopolis_1742475230194-1024x576.jpg\" alt=\"\" class=\"wp-image-141568\" srcset=\"https:\/\/www.em.com.br\/emfoco\/wp-content\/uploads\/2025\/12\/Teresopolis_1742475230194-1024x576.jpg 1024w, https:\/\/www.em.com.br\/emfoco\/wp-content\/uploads\/2025\/12\/Teresopolis_1742475230194-300x169.jpg 300w, https:\/\/www.em.com.br\/emfoco\/wp-content\/uploads\/2025\/12\/Teresopolis_1742475230194-768x432.jpg 768w, https:\/\/www.em.com.br\/emfoco\/wp-content\/uploads\/2025\/12\/Teresopolis_1742475230194-750x422.jpg 750w, https:\/\/www.em.com.br\/emfoco\/wp-content\/uploads\/2025\/12\/Teresopolis_1742475230194-1140x641.jpg 1140w, https:\/\/www.em.com.br\/emfoco\/wp-content\/uploads\/2025\/12\/Teresopolis_1742475230194.jpg 1280w\" sizes=\"auto, (max-width: 1024px) 100vw, 1024px\" \/><figcaption class=\"wp-element-caption\">Teres\u00f3polis, no Rio de Janeiro, encanta com montanhas, cachoeiras e clima de tranquilidade \/\/ Cr\u00e9ditos: depositphotos.com \/ Brasilnut<\/figcaption><\/figure><\/div>\n\n\n<h2 class=\"wp-block-heading\">A cidade que a imperatriz escolheu e o futebol n\u00e3o largou mais<\/h2>\n\n\n\n<p><strong>Teres\u00f3polis<\/strong> \u00e9 uma homenagem \u00e0 <strong>Imperatriz Teresa Cristina<\/strong>, esposa de <strong>Dom Pedro II<\/strong>. A fam\u00edlia imperial passava f\u00e9rias na regi\u00e3o, encantada pelo clima ameno e pela paisagem da serra. O povoado cresceu a partir da fazenda do portugu\u00eas <strong>George March<\/strong>, que em 1821 comprou uma gleba e transformou-a em fazenda modelo, construindo casas para alugar aos visitantes. March se tornou, sem saber, o primeiro empres\u00e1rio de turismo da regi\u00e3o.<\/p>\n\n\n\n<p>Em 1978, a <strong>Confedera\u00e7\u00e3o Brasileira de Futebol (CBF)<\/strong> comprou parte da antiga Fazenda Comary e instalou ali o centro de treinamento da <strong>Sele\u00e7\u00e3o Brasileira<\/strong>. A <a href=\"https:\/\/www.teresopolis.rj.gov.br\/historias-que-contam-teresopolis\/\" target=\"_blank\" rel=\"noreferrer noopener\"><strong>Granja Comary<\/strong><\/a> ocupa 150 mil metros quadrados de \u00e1rea verde, com cinco campos, alojamentos e vista direta para o Dedo de Deus. O <strong>Lago Comary<\/strong>, artificial e tombado como patrim\u00f4nio hist\u00f3rico municipal, emoldura o cen\u00e1rio onde as sele\u00e7\u00f5es masculina e feminina se preparam para competi\u00e7\u00f5es internacionais.<\/p>\n\n\n<div class=\"wp-block-image\">\n<figure class=\"aligncenter size-large\"><img loading=\"lazy\" decoding=\"async\" width=\"1024\" height=\"576\" src=\"https:\/\/www.em.com.br\/emfoco\/wp-content\/uploads\/2025\/12\/Teresopolis_1742475184713-1024x576.jpg\" alt=\"\" class=\"wp-image-142080\" srcset=\"https:\/\/www.em.com.br\/emfoco\/wp-content\/uploads\/2025\/12\/Teresopolis_1742475184713-1024x576.jpg 1024w, https:\/\/www.em.com.br\/emfoco\/wp-content\/uploads\/2025\/12\/Teresopolis_1742475184713-300x169.jpg 300w, https:\/\/www.em.com.br\/emfoco\/wp-content\/uploads\/2025\/12\/Teresopolis_1742475184713-768x432.jpg 768w, https:\/\/www.em.com.br\/emfoco\/wp-content\/uploads\/2025\/12\/Teresopolis_1742475184713-750x422.jpg 750w, https:\/\/www.em.com.br\/emfoco\/wp-content\/uploads\/2025\/12\/Teresopolis_1742475184713-1140x641.jpg 1140w, https:\/\/www.em.com.br\/emfoco\/wp-content\/uploads\/2025\/12\/Teresopolis_1742475184713.jpg 1280w\" sizes=\"auto, (max-width: 1024px) 100vw, 1024px\" \/><figcaption class=\"wp-element-caption\">Teres\u00f3polis \u00e9 um dos destinos mais encantadores do interior do Rio de Janeiro \/\/ Cr\u00e9ditos: depositphotos.com \/ Ranimiro<\/figcaption><\/figure><\/div>\n\n\n<h2 class=\"wp-block-heading\">Nestor Augusto Pinto e a Feirinha de 700 barracas<\/h2>\n\n\n\n<p>Teres\u00f3polis guarda um fato pouco conhecido: segundo a <a href=\"https:\/\/www.teresopolis.rj.gov.br\/historias-que-contam-teresopolis-e-feira-de-artes-manuais-neste-fim-de-semana\/\" target=\"_blank\" rel=\"noreferrer noopener\"><strong>Casa da Mem\u00f3ria Arthur Dalmasso<\/strong><\/a>, o munic\u00edpio elegeu <strong>Nestor Augusto Pinto<\/strong>, apontado como o primeiro prefeito negro eleito no Brasil. A s\u00e9rie \u201cHist\u00f3rias que contam Teres\u00f3polis\u201d, produzida pela <strong>Secretaria de Cultura<\/strong>, documenta esse e outros epis\u00f3dios que ajudam a entender a forma\u00e7\u00e3o da cidade.<\/p>\n\n\n\n<p>Outro s\u00edmbolo local \u00e9 a <strong>Feirinha do Alto<\/strong>, realizada nos fins de semana na Pra\u00e7a Higino da Silveira. S\u00e3o mais de 700 expositores de artesanato, moda de inverno e gastronomia serrana. Fondue, truta fresca, cervejas artesanais e caf\u00e9s coloniais dominam a oferta gastron\u00f4mica, reflexo da influ\u00eancia de imigrantes su\u00ed\u00e7os, alem\u00e3es e italianos que se estabeleceram na serra entre os s\u00e9culos XIX e XX.<\/p>\n\n\n\n<p>Quem busca um roteiro de inverno em <strong>Teres\u00f3polis<\/strong>, vai curtir esse v\u00eddeo especialmente selecionado do canal <strong>Rio Para Pobres<\/strong>, que conta com mais de <strong>166 mil<\/strong> visualiza\u00e7\u00f5es, onde <strong>Will Braga<\/strong> mostra o que fazer de gra\u00e7a e onde comer na <strong>Serra Fluminense<\/strong>:<\/p>\n\n\n\n<figure class=\"wp-block-embed is-type-video is-provider-youtube wp-block-embed-youtube wp-embed-aspect-16-9 wp-has-aspect-ratio\"><div class=\"wp-block-embed__wrapper\">\n<div class=\"jeg_video_container jeg_video_content\"><iframe loading=\"lazy\" title=\"BATE E VOLTA EM TERES\u00d3POLIS | Onde comer? O que fazer de gra\u00e7a?\" width=\"500\" height=\"281\" src=\"https:\/\/www.youtube.com\/embed\/uZvfJuoCBN4?feature=oembed\" frameborder=\"0\" allow=\"accelerometer; autoplay; clipboard-write; encrypted-media; gyroscope; picture-in-picture; web-share\" referrerpolicy=\"strict-origin-when-cross-origin\" allowfullscreen><\/iframe><\/div>\n<\/div><\/figure>\n\n\n\n<h2 class=\"wp-block-heading\">Vale a pena morar na serra a 95 km do Rio<\/h2>\n\n\n\n<p>A popula\u00e7\u00e3o estimada de Teres\u00f3polis em 2025 \u00e9 de 176.735 habitantes, segundo o <a href=\"https:\/\/www.ibge.gov.br\/cidades-e-estados\/rj\/teresopolis.html\" target=\"_blank\" rel=\"noreferrer noopener\"><strong>IBGE<\/strong><\/a>. A cidade funciona como centro regional de sa\u00fade e educa\u00e7\u00e3o para munic\u00edpios vizinhos, com destaque para o <strong>Centro Universit\u00e1rio Serra dos \u00d3rg\u00e3os (UNIFESO)<\/strong>, que atrai estudantes de todo o estado. A escolariza\u00e7\u00e3o entre crian\u00e7as de 6 a 14 anos atinge 98,27%, acima da m\u00e9dia nacional.<\/p>\n\n\n\n<p>A temperatura m\u00e9dia anual de 17 \u00b0C, o ar puro da altitude e a proximidade com a capital fazem de Teres\u00f3polis um ref\u00fagio para fam\u00edlias e aposentados que trocam o calor do litoral pela tranquilidade da serra sem abrir m\u00e3o de infraestrutura urbana. A cidade tamb\u00e9m \u00e9 o maior produtor de hortali\u00e7as do estado e maior produtor de tangerina do <strong>Rio de Janeiro<\/strong>, com 456 hectares de \u00e1rea plantada, o que garante feiras e restaurantes abastecidos com produtos locais frescos.<\/p>\n\n\n\n<p><strong>Leia tamb\u00e9m: <a href=\"https:\/\/www.em.com.br\/emfoco\/2026\/03\/04\/uma-montanha-1-385-metros-desapareceu-a-cidade-mineira-a-2-horas-de-belo-horizonte-onde-a-paisagem-valia-menos-que-os-lucros-e-o-maior-poeta-brasileiro-nasceu\/\" target=\"_blank\" rel=\"noreferrer noopener\">Uma montanha de 1.385 metros desapareceu, a cidade mineira a 2 horas de Belo Horizonte onde a paisagem valia menos que os lucros e o maior poeta brasileiro nasceu<\/a><\/strong><\/p>\n\n\n\n<h2 class=\"wp-block-heading\">Quando o clima favorece cada tipo de passeio<\/h2>\n\n\n\n<p>O clima tropical de altitude garante noites frias o ano inteiro. O ver\u00e3o \u00e9 chuvoso, mas as manh\u00e3s costumam abrir com sol. A melhor \u00e9poca depende do tipo de experi\u00eancia:<\/p>\n\n\n\n<style>\n    .card-interativo {\n        transition: transform 0.15s ease-in-out, box-shadow 0.15s ease-in-out;\n        cursor: pointer;\n    }\n    .card-interativo:hover {\n        transform: translateY(-4px);\n    }\n    .card-interativo:active {\n        transform: scale(0.96);\n    }\n<\/style>\n<div class=\"google-auto-ads-ignore\" style=\"box-sizing: border-box; display: flex; flex-direction: column; width: 100%; max-width: 900px; margin: 30px auto; font-family: 'Segoe UI', Roboto, Helvetica, Arial, sans-serif; clear: both;\">\n    <div style=\"display: flex; flex-wrap: wrap; gap: 15px;\">\n        \n        <div class=\"card-interativo\" style=\"flex: 1 1 calc(25% - 15px); min-width: 200px; border: 1px solid #e1e6ef; border-top: 4px solid #1a2a57; border-radius: 8px; padding: 20px; background: #fff; box-sizing: border-box; box-shadow: 0 4px 10px rgba(26, 42, 87, 0.05); display: flex; flex-direction: column;\">\n            <div style=\"display: flex; align-items: center; justify-content: center; gap: 8px; margin-bottom: 20px;\">\n                <span style=\"font-size: 22px; line-height: 1;\">\u2600\ufe0f<\/span>\n                <strong style=\"color: #1a2a57; font-size: 16px; text-transform: uppercase;\">Ver\u00e3o<\/strong>\n            <\/div>\n            <div style=\"margin-bottom: auto;\">\n                <div style=\"text-align: center; font-size: 11px; font-weight: 800; color: #111c3a; text-transform: uppercase; margin-bottom: 5px;\">Dezembro &#8211; Fevereiro<\/div>\n                <div style=\"text-align: center; font-size: 26px; font-weight: 900; color: #1a2a57; margin-bottom: 10px;\">15\u00b0C a 25\u00b0C<\/div>\n                <div style=\"text-align: center; font-size: 13px; color: #555; line-height: 1.5; margin-bottom: 15px;\">O clima de altitude segura o calor\u00e3o, mas as chuvas marcam presen\u00e7a. Acorde cedo para curtir as <strong>Cachoeiras do PARNASO pela manh\u00e3<\/strong>. <em>Evite trilhas ap\u00f3s o almo\u00e7o devido aos temporais de ver\u00e3o com raios.<\/em><\/div>\n            <\/div>\n            <div style=\"text-align: center;\">\n                <span style=\"display: inline-block; background: #f0f4f8; color: #1a2a57; font-size: 10px; font-weight: 800; padding: 6px 12px; border-radius: 20px; text-transform: uppercase; border: 1px solid #e1e6ef; line-height: 1.4;\">\ud83d\udca7 Chuva Alta<\/span>\n            <\/div>\n        <\/div>\n\n        <div class=\"card-interativo\" style=\"flex: 1 1 calc(25% - 15px); min-width: 200px; border: 1px solid #e1e6ef; border-top: 4px solid #1a2a57; border-radius: 8px; padding: 20px; background: #fff; box-sizing: border-box; box-shadow: 0 4px 10px rgba(26, 42, 87, 0.05); display: flex; flex-direction: column;\">\n            <div style=\"display: flex; align-items: center; justify-content: center; gap: 8px; margin-bottom: 20px;\">\n                <span style=\"font-size: 22px; line-height: 1;\">\ud83c\udf42<\/span>\n                <strong style=\"color: #1a2a57; font-size: 16px; text-transform: uppercase;\">Outono<\/strong>\n            <\/div>\n            <div style=\"margin-bottom: auto;\">\n                <div style=\"text-align: center; font-size: 11px; font-weight: 800; color: #111c3a; text-transform: uppercase; margin-bottom: 5px;\">Mar\u00e7o &#8211; Maio<\/div>\n                <div style=\"text-align: center; font-size: 26px; font-weight: 900; color: #1a2a57; margin-bottom: 10px;\">12\u00b0C a 22\u00b0C<\/div>\n                <div style=\"text-align: center; font-size: 13px; color: #555; line-height: 1.5; margin-bottom: 15px;\">O tempo firma e come\u00e7a a temporada oficial do montanhismo! Per\u00edodo perfeito e espetacular para fazer a cl\u00e1ssica <strong>Travessia Petr\u00f3polis-Teres\u00f3polis<\/strong> com seguran\u00e7a.<\/div>\n            <\/div>\n            <div style=\"text-align: center;\">\n                <span style=\"display: inline-block; background: #f0f4f8; color: #1a2a57; font-size: 10px; font-weight: 800; padding: 6px 12px; border-radius: 20px; text-transform: uppercase; border: 1px solid #e1e6ef; line-height: 1.4;\">\u2601\ufe0f Chuva M\u00e9dia<\/span>\n            <\/div>\n        <\/div>\n\n        <div class=\"card-interativo\" style=\"flex: 1 1 calc(25% - 15px); min-width: 200px; border: 2px solid #1a2a57; border-radius: 8px; padding: 20px; background: #f0f4f8; box-sizing: border-box; box-shadow: 0 4px 10px rgba(26, 42, 87, 0.1); display: flex; flex-direction: column;\">\n            <div style=\"display: flex; align-items: center; justify-content: center; gap: 8px; margin-bottom: 20px;\">\n                <span style=\"font-size: 22px; line-height: 1;\">\u2744\ufe0f<\/span>\n                <strong style=\"color: #1a2a57; font-size: 16px; text-transform: uppercase;\">Inverno<\/strong>\n            <\/div>\n            <div style=\"margin-bottom: auto;\">\n                <div style=\"text-align: center; font-size: 11px; font-weight: 800; color: #111c3a; text-transform: uppercase; margin-bottom: 5px;\">Junho &#8211; Agosto<\/div>\n                <div style=\"text-align: center; font-size: 26px; font-weight: 900; color: #1a2a57; margin-bottom: 10px;\">8\u00b0C a 19\u00b0C<\/div>\n                <div style=\"text-align: center; font-size: 13px; color: #555; line-height: 1.5; margin-bottom: 15px;\">O turismo da serra atinge seu auge! O clima frio \u00e9 um convite irrecus\u00e1vel para curtir os <strong>festivais de inverno e se deliciar com fondue<\/strong>. <em>V\u00e1 bem agasalhado, pois as noites s\u00e3o geladas!<\/em><\/div>\n            <\/div>\n            <div style=\"text-align: center;\">\n                <span style=\"display: inline-block; background: #1a2a57; color: #fff; font-size: 10px; font-weight: 800; padding: 6px 12px; border-radius: 20px; text-transform: uppercase; line-height: 1.4;\">\ud83c\udf92 Alta Temporada<\/span>\n            <\/div>\n        <\/div>\n\n        <div class=\"card-interativo\" style=\"flex: 1 1 calc(25% - 15px); min-width: 200px; border: 1px solid #e1e6ef; border-top: 4px solid #1a2a57; border-radius: 8px; padding: 20px; background: #fff; box-sizing: border-box; box-shadow: 0 4px 10px rgba(26, 42, 87, 0.05); display: flex; flex-direction: column;\">\n            <div style=\"display: flex; align-items: center; justify-content: center; gap: 8px; margin-bottom: 20px;\">\n                <span style=\"font-size: 22px; line-height: 1;\">\ud83c\udf38<\/span>\n                <strong style=\"color: #1a2a57; font-size: 16px; text-transform: uppercase;\">Primavera<\/strong>\n            <\/div>\n            <div style=\"margin-bottom: auto;\">\n                <div style=\"text-align: center; font-size: 11px; font-weight: 800; color: #111c3a; text-transform: uppercase; margin-bottom: 5px;\">Setembro &#8211; Novembro<\/div>\n                <div style=\"text-align: center; font-size: 26px; font-weight: 900; color: #1a2a57; margin-bottom: 10px;\">12\u00b0C a 23\u00b0C<\/div>\n                <div style=\"text-align: center; font-size: 13px; color: #555; line-height: 1.5; margin-bottom: 15px;\">O sol volta a aquecer as tardes e a cidade floresce. \u00c9 uma \u00e9poca deliciosa para passear pela famosa <strong>Feirinha do Alto e conhecer as cervejarias locais<\/strong> sem superlota\u00e7\u00e3o.<\/div>\n            <\/div>\n            <div style=\"text-align: center;\">\n                <span style=\"display: inline-block; background: #f0f4f8; color: #1a2a57; font-size: 10px; font-weight: 800; padding: 6px 12px; border-radius: 20px; text-transform: uppercase; border: 1px solid #e1e6ef; line-height: 1.4;\">\u2601\ufe0f Chuva M\u00e9dia<\/span>\n            <\/div>\n        <\/div>\n        \n    <\/div>\n<\/div>\n\n\n\n<p><em>Temperaturas aproximadas com base no <a href=\"https:\/\/www.climatempo.com.br\/climatologia\/504\/teresopolis-rj\" target=\"_blank\" rel=\"noreferrer noopener\"><strong>Climatempo<\/strong><\/a>. Condi\u00e7\u00f5es podem variar.<\/em><\/p>\n\n\n\n<h2 class=\"wp-block-heading\">Suba a serra e sinta o ar que convenceu at\u00e9 a fam\u00edlia imperial<\/h2>\n\n\n\n<p>Teres\u00f3polis combina o que poucas cidades brasileiras conseguem reunir: um parque nacional com a maior rede de trilhas do pa\u00eds, o centro de treinamento da Sele\u00e7\u00e3o, feiras com centenas de expositores, gastronomia europeia e uma temperatura m\u00e9dia que dispensa ar-condicionado o ano inteiro. Tudo isso a menos de duas horas do Rio.<\/p>\n\n\n\n<p>Voc\u00ea precisa subir a serra pela BR-116, parar no Mirante do Soberbo e ver o Dedo de Deus surgir entre as nuvens para entender por que os teresopolitanos dizem que, quem chega, n\u00e3o quer mais descer.<\/p>\n","protected":false},"excerpt":{"rendered":"<p>Uma forma\u00e7\u00e3o rochosa em formato de m\u00e3o apontando para o c\u00e9u deu nome ao esporte que nasceu ali: em 1912, a escalada do Dedo de Deus marcou o in\u00edcio do montanhismo brasileiro. Mais de um s\u00e9culo depois, Teres\u00f3polis ainda vive entre picos, cachoeiras e uma temperatura m\u00e9dia anual de 17 \u00b0C, a apenas 95 km [&hellip;]<\/p>\n","protected":false},"author":6,"featured_media":142086,"comment_status":"open","ping_status":"open","sticky":false,"template":"","format":"standard","meta":{"jnews-multi-image_gallery":[],"jnews_single_post":{"format":"standard"},"jnews_primary_category":[],"jnews_social_meta":[],"jnews_override_counter":[],"footnotes":""},"categories":[26],"tags":[183,151,20849],"class_list":["post-179238","post","type-post","status-publish","format-standard","has-post-thumbnail","hentry","category-cidades","tag-cidades","tag-rio-de-janeiro","tag-teresopolis"],"yoast_head":"<!-- This site is optimized with the Yoast SEO plugin v23.8 - https:\/\/yoast.com\/wordpress\/plugins\/seo\/ -->\n<title>Cidade serrana a 95km da capital onde a Sele\u00e7\u00e3o Brasileira treina tem vista para o Dedo de Deus e temperatura m\u00e9dia de 17\u00b0C - Estado de Minas - Em foco<\/title>\n<meta name=\"description\" content=\"Clima ameno, paisagens de serra e vista para forma\u00e7\u00f5es famosas tornam essa cidade serrana um ref\u00fagio pr\u00f3ximo da capital.\" \/>\n<meta name=\"robots\" content=\"index, follow, max-snippet:-1, max-image-preview:large, max-video-preview:-1\" \/>\n<link rel=\"canonical\" href=\"https:\/\/www.em.com.br\/emfoco\/2026\/03\/09\/cidade-serrana-a-95km-da-capital-onde-a-selecao-brasileira-treina-tem-vista-para-o-dedo-de-deus-e-temperatura-media-de-17c\/\" \/>\n<meta property=\"og:locale\" content=\"pt_BR\" \/>\n<meta property=\"og:type\" content=\"article\" \/>\n<meta property=\"og:title\" content=\"Cidade serrana a 95km da capital onde a Sele\u00e7\u00e3o Brasileira treina tem vista para o Dedo de Deus e temperatura m\u00e9dia de 17\u00b0C - Estado de Minas - Em foco\" \/>\n<meta property=\"og:description\" content=\"Clima ameno, paisagens de serra e vista para forma\u00e7\u00f5es famosas tornam essa cidade serrana um ref\u00fagio pr\u00f3ximo da capital.\" \/>\n<meta property=\"og:url\" content=\"https:\/\/www.em.com.br\/emfoco\/2026\/03\/09\/cidade-serrana-a-95km-da-capital-onde-a-selecao-brasileira-treina-tem-vista-para-o-dedo-de-deus-e-temperatura-media-de-17c\/\" \/>\n<meta property=\"og:site_name\" content=\"Estado de Minas - Em foco\" \/>\n<meta property=\"article:published_time\" content=\"2026-03-09T21:05:00+00:00\" \/>\n<meta property=\"article:modified_time\" content=\"2026-03-09T13:35:11+00:00\" \/>\n<meta property=\"og:image\" content=\"https:\/\/www.em.com.br\/emfoco\/wp-content\/uploads\/2025\/12\/image-51.png\" \/>\n\t<meta property=\"og:image:width\" content=\"1280\" \/>\n\t<meta property=\"og:image:height\" content=\"721\" \/>\n\t<meta property=\"og:image:type\" content=\"image\/png\" \/>\n<meta name=\"author\" content=\"Vitor Bruno\" \/>\n<meta name=\"twitter:card\" content=\"summary_large_image\" \/>\n<meta name=\"twitter:label1\" content=\"Escrito por\" \/>\n\t<meta name=\"twitter:data1\" content=\"Vitor Bruno\" \/>\n\t<meta name=\"twitter:label2\" content=\"Est. tempo de leitura\" \/>\n\t<meta name=\"twitter:data2\" content=\"7 minutos\" \/>\n<!-- \/ Yoast SEO plugin. -->","yoast_head_json":{"title":"Cidade serrana a 95km da capital onde a Sele\u00e7\u00e3o Brasileira treina tem vista para o Dedo de Deus e temperatura m\u00e9dia de 17\u00b0C - Estado de Minas - Em foco","description":"Clima ameno, paisagens de serra e vista para forma\u00e7\u00f5es famosas tornam essa cidade serrana um ref\u00fagio pr\u00f3ximo da capital.","robots":{"index":"index","follow":"follow","max-snippet":"max-snippet:-1","max-image-preview":"max-image-preview:large","max-video-preview":"max-video-preview:-1"},"canonical":"https:\/\/www.em.com.br\/emfoco\/2026\/03\/09\/cidade-serrana-a-95km-da-capital-onde-a-selecao-brasileira-treina-tem-vista-para-o-dedo-de-deus-e-temperatura-media-de-17c\/","og_locale":"pt_BR","og_type":"article","og_title":"Cidade serrana a 95km da capital onde a Sele\u00e7\u00e3o Brasileira treina tem vista para o Dedo de Deus e temperatura m\u00e9dia de 17\u00b0C - Estado de Minas - Em foco","og_description":"Clima ameno, paisagens de serra e vista para forma\u00e7\u00f5es famosas tornam essa cidade serrana um ref\u00fagio pr\u00f3ximo da capital.","og_url":"https:\/\/www.em.com.br\/emfoco\/2026\/03\/09\/cidade-serrana-a-95km-da-capital-onde-a-selecao-brasileira-treina-tem-vista-para-o-dedo-de-deus-e-temperatura-media-de-17c\/","og_site_name":"Estado de Minas - Em foco","article_published_time":"2026-03-09T21:05:00+00:00","article_modified_time":"2026-03-09T13:35:11+00:00","og_image":[{"width":1280,"height":721,"url":"https:\/\/www.em.com.br\/emfoco\/wp-content\/uploads\/2025\/12\/image-51.png","type":"image\/png"}],"author":"Vitor Bruno","twitter_card":"summary_large_image","twitter_misc":{"Escrito por":"Vitor Bruno","Est. tempo de leitura":"7 minutos"},"schema":{"@context":"https:\/\/schema.org","@graph":[{"@type":"WebPage","@id":"https:\/\/www.em.com.br\/emfoco\/2026\/03\/09\/cidade-serrana-a-95km-da-capital-onde-a-selecao-brasileira-treina-tem-vista-para-o-dedo-de-deus-e-temperatura-media-de-17c\/","url":"https:\/\/www.em.com.br\/emfoco\/2026\/03\/09\/cidade-serrana-a-95km-da-capital-onde-a-selecao-brasileira-treina-tem-vista-para-o-dedo-de-deus-e-temperatura-media-de-17c\/","name":"Cidade serrana a 95km da capital onde a Sele\u00e7\u00e3o Brasileira treina tem vista para o Dedo de Deus e temperatura m\u00e9dia de 17\u00b0C - Estado de Minas - Em foco","isPartOf":{"@id":"https:\/\/www.em.com.br\/emfoco\/#website"},"primaryImageOfPage":{"@id":"https:\/\/www.em.com.br\/emfoco\/2026\/03\/09\/cidade-serrana-a-95km-da-capital-onde-a-selecao-brasileira-treina-tem-vista-para-o-dedo-de-deus-e-temperatura-media-de-17c\/#primaryimage"},"image":{"@id":"https:\/\/www.em.com.br\/emfoco\/2026\/03\/09\/cidade-serrana-a-95km-da-capital-onde-a-selecao-brasileira-treina-tem-vista-para-o-dedo-de-deus-e-temperatura-media-de-17c\/#primaryimage"},"thumbnailUrl":"https:\/\/www.em.com.br\/emfoco\/wp-content\/uploads\/2025\/12\/image-51.png","datePublished":"2026-03-09T21:05:00+00:00","dateModified":"2026-03-09T13:35:11+00:00","author":{"@id":"https:\/\/www.em.com.br\/emfoco\/#\/schema\/person\/364ac1852fafd00f1be20f0b8b237569"},"description":"Clima ameno, paisagens de serra e vista para forma\u00e7\u00f5es famosas tornam essa cidade serrana um ref\u00fagio pr\u00f3ximo da capital.","breadcrumb":{"@id":"https:\/\/www.em.com.br\/emfoco\/2026\/03\/09\/cidade-serrana-a-95km-da-capital-onde-a-selecao-brasileira-treina-tem-vista-para-o-dedo-de-deus-e-temperatura-media-de-17c\/#breadcrumb"},"inLanguage":"pt-BR","potentialAction":[{"@type":"ReadAction","target":["https:\/\/www.em.com.br\/emfoco\/2026\/03\/09\/cidade-serrana-a-95km-da-capital-onde-a-selecao-brasileira-treina-tem-vista-para-o-dedo-de-deus-e-temperatura-media-de-17c\/"]}]},{"@type":"ImageObject","inLanguage":"pt-BR","@id":"https:\/\/www.em.com.br\/emfoco\/2026\/03\/09\/cidade-serrana-a-95km-da-capital-onde-a-selecao-brasileira-treina-tem-vista-para-o-dedo-de-deus-e-temperatura-media-de-17c\/#primaryimage","url":"https:\/\/www.em.com.br\/emfoco\/wp-content\/uploads\/2025\/12\/image-51.png","contentUrl":"https:\/\/www.em.com.br\/emfoco\/wp-content\/uploads\/2025\/12\/image-51.png","width":1280,"height":721,"caption":"Teres\u00f3polis \u00e9 um santu\u00e1rio de ar puro e beleza c\u00eanica (imagem ilustrativa)"},{"@type":"BreadcrumbList","@id":"https:\/\/www.em.com.br\/emfoco\/2026\/03\/09\/cidade-serrana-a-95km-da-capital-onde-a-selecao-brasileira-treina-tem-vista-para-o-dedo-de-deus-e-temperatura-media-de-17c\/#breadcrumb","itemListElement":[{"@type":"ListItem","position":1,"name":"In\u00edcio","item":"https:\/\/www.em.com.br\/emfoco\/"},{"@type":"ListItem","position":2,"name":"Cidade serrana a 95km da capital onde a Sele\u00e7\u00e3o Brasileira treina tem vista para o Dedo de Deus e temperatura m\u00e9dia de 17\u00b0C"}]},{"@type":"WebSite","@id":"https:\/\/www.em.com.br\/emfoco\/#website","url":"https:\/\/www.em.com.br\/emfoco\/","name":"Estado de Minas - Em foco","description":"Acompanhe as \u00faltimas not\u00edcias e fique bem informado sobre tudo o que acontece em Minas Gerais, Brasil e no mundo.","potentialAction":[{"@type":"SearchAction","target":{"@type":"EntryPoint","urlTemplate":"https:\/\/www.em.com.br\/emfoco\/?s={search_term_string}"},"query-input":{"@type":"PropertyValueSpecification","valueRequired":true,"valueName":"search_term_string"}}],"inLanguage":"pt-BR"},{"@type":"Person","@id":"https:\/\/www.em.com.br\/emfoco\/#\/schema\/person\/364ac1852fafd00f1be20f0b8b237569","name":"Vitor Bruno","image":{"@type":"ImageObject","inLanguage":"pt-BR","@id":"https:\/\/www.em.com.br\/emfoco\/#\/schema\/person\/image\/","url":"https:\/\/secure.gravatar.com\/avatar\/b719e5cdede09f942064960883b5524d?s=96&d=mm&r=g","contentUrl":"https:\/\/secure.gravatar.com\/avatar\/b719e5cdede09f942064960883b5524d?s=96&d=mm&r=g","caption":"Vitor Bruno"},"sameAs":["https:\/\/www.em.com.br\/emfoco\/"],"url":"https:\/\/www.em.com.br\/emfoco\/author\/vitormyth\/"}]}},"_links":{"self":[{"href":"https:\/\/www.em.com.br\/emfoco\/wp-json\/wp\/v2\/posts\/179238","targetHints":{"allow":["GET"]}}],"collection":[{"href":"https:\/\/www.em.com.br\/emfoco\/wp-json\/wp\/v2\/posts"}],"about":[{"href":"https:\/\/www.em.com.br\/emfoco\/wp-json\/wp\/v2\/types\/post"}],"author":[{"embeddable":true,"href":"https:\/\/www.em.com.br\/emfoco\/wp-json\/wp\/v2\/users\/6"}],"replies":[{"embeddable":true,"href":"https:\/\/www.em.com.br\/emfoco\/wp-json\/wp\/v2\/comments?post=179238"}],"version-history":[{"count":10,"href":"https:\/\/www.em.com.br\/emfoco\/wp-json\/wp\/v2\/posts\/179238\/revisions"}],"predecessor-version":[{"id":179293,"href":"https:\/\/www.em.com.br\/emfoco\/wp-json\/wp\/v2\/posts\/179238\/revisions\/179293"}],"wp:featuredmedia":[{"embeddable":true,"href":"https:\/\/www.em.com.br\/emfoco\/wp-json\/wp\/v2\/media\/142086"}],"wp:attachment":[{"href":"https:\/\/www.em.com.br\/emfoco\/wp-json\/wp\/v2\/media?parent=179238"}],"wp:term":[{"taxonomy":"category","embeddable":true,"href":"https:\/\/www.em.com.br\/emfoco\/wp-json\/wp\/v2\/categories?post=179238"},{"taxonomy":"post_tag","embeddable":true,"href":"https:\/\/www.em.com.br\/emfoco\/wp-json\/wp\/v2\/tags?post=179238"}],"curies":[{"name":"wp","href":"https:\/\/api.w.org\/{rel}","templated":true}]}}