{"id":179237,"date":"2026-03-09T15:05:00","date_gmt":"2026-03-09T18:05:00","guid":{"rendered":"https:\/\/www.em.com.br\/emfoco\/?p=179237"},"modified":"2026-03-09T10:17:24","modified_gmt":"2026-03-09T13:17:24","slug":"a-colonia-fundada-em-1858-que-homenageia-dom-pedro-ii-sem-que-o-imperador-tenha-jamais-pisado-ali","status":"publish","type":"post","link":"https:\/\/www.em.com.br\/emfoco\/2026\/03\/09\/a-colonia-fundada-em-1858-que-homenageia-dom-pedro-ii-sem-que-o-imperador-tenha-jamais-pisado-ali\/","title":{"rendered":"A col\u00f4nia fundada em 1858 que homenageia Dom Pedro II sem que o imperador tenha jamais pisado ali"},"content":{"rendered":"\n<p>Nas ruas de <strong>Nova Petr\u00f3polis<\/strong>, na <strong>Serra Ga\u00facha<\/strong>, moradores mais velhos ainda se cumprimentam em <strong>Hunsr\u00fcckisch<\/strong>, um dialeto germ\u00e2nico que sobreviveu a quase dois s\u00e9culos longe da Europa e a uma proibi\u00e7\u00e3o formal do governo brasileiro. A cidade de cerca de 21 mil habitantes coleciona t\u00edtulos que n\u00e3o cabem no seu tamanho: Capital Nacional do Cooperativismo, Jardim da Serra Ga\u00facha e sede de mais de 50 grupos de canto coral.<\/p>\n\n\n\n<h2 class=\"wp-block-heading\">O padre su\u00ed\u00e7o que fundou o cooperativismo de cr\u00e9dito brasileiro<\/h2>\n\n\n\n<p>Em 28 de dezembro de 1902, vinte colonos se reuniram no sal\u00e3o de bailes de <strong>Nicolau Kehl<\/strong>, na comunidade de <strong>Linha Imperial<\/strong>, a 8 km do centro de Nova Petr\u00f3polis. O encontro quase n\u00e3o aconteceu. A primeira tentativa foi cancelada porque um vendaval derrubou o pavilh\u00e3o da Sociedade Tiro ao Alvo, onde os estatutos seriam discutidos. A segunda foi adiada pela morte da esposa de um dos organizadores.<\/p>\n\n\n\n<p>Na terceira tentativa, o padre jesu\u00edta su\u00ed\u00e7o <strong>Theodor Amstad<\/strong> conseguiu aprovar os estatutos da <strong>Caixa de Economia e Empr\u00e9stimos Amstad<\/strong>, inspirada no modelo de <strong>Friedrich Wilhelm Raiffeisen<\/strong>. Era a primeira cooperativa de cr\u00e9dito da <strong>Am\u00e9rica Latina<\/strong>, criada para dar acesso a empr\u00e9stimos a agricultores que n\u00e3o tinham garantias a oferecer aos bancos. A institui\u00e7\u00e3o funciona at\u00e9 hoje sob o nome de <a href=\"https:\/\/sicredipioneira.com.br\/quem-somos\/historia\/1902-1920\" target=\"_blank\" rel=\"noreferrer noopener\"><strong>Sicredi Pioneira RS<\/strong><\/a>. Em 2010, uma lei federal reconheceu Nova Petr\u00f3polis como <strong>Capital Nacional do Cooperativismo<\/strong>. Em 2019, a <strong>Lei Federal 13.926<\/strong> oficializou Amstad como patrono do cooperativismo brasileiro, conforme registra a <a href=\"https:\/\/www.novapetropolis.rs.gov.br\/noticias\/padre-theodor-amstad-e-o-patrono-do-cooperativismo-brasileiro\" target=\"_blank\" rel=\"noreferrer noopener\"><strong>Prefeitura de Nova Petr\u00f3polis<\/strong><\/a>.<\/p>\n\n\n<div class=\"wp-block-image\">\n<figure class=\"aligncenter size-large\"><img loading=\"lazy\" decoding=\"async\" width=\"1024\" height=\"576\" src=\"https:\/\/www.em.com.br\/emfoco\/wp-content\/uploads\/2025\/12\/Nova-Petropolis_1763540772706-1024x576.jpg\" alt=\"\" class=\"wp-image-143409\" srcset=\"https:\/\/www.em.com.br\/emfoco\/wp-content\/uploads\/2025\/12\/Nova-Petropolis_1763540772706-1024x576.jpg 1024w, https:\/\/www.em.com.br\/emfoco\/wp-content\/uploads\/2025\/12\/Nova-Petropolis_1763540772706-300x169.jpg 300w, https:\/\/www.em.com.br\/emfoco\/wp-content\/uploads\/2025\/12\/Nova-Petropolis_1763540772706-768x432.jpg 768w, https:\/\/www.em.com.br\/emfoco\/wp-content\/uploads\/2025\/12\/Nova-Petropolis_1763540772706-750x422.jpg 750w, https:\/\/www.em.com.br\/emfoco\/wp-content\/uploads\/2025\/12\/Nova-Petropolis_1763540772706-1140x641.jpg 1140w, https:\/\/www.em.com.br\/emfoco\/wp-content\/uploads\/2025\/12\/Nova-Petropolis_1763540772706.jpg 1280w\" sizes=\"auto, (max-width: 1024px) 100vw, 1024px\" \/><figcaption class=\"wp-element-caption\">Nova Petr\u00f3polis est\u00e1 situada entre Porto Alegre e Caxias do Sul \/\/ Cr\u00e9ditos: depositphotos.com \/ pedromoraesphotos<\/figcaption><\/figure><\/div>\n\n\n<h2 class=\"wp-block-heading\">O alem\u00e3o que nenhuma lei conseguiu silenciar<\/h2>\n\n\n\n<p>Os imigrantes que chegaram a partir de 1858 vinham principalmente da <strong>Pomer\u00e2nia<\/strong>, <strong>Sax\u00f4nia<\/strong>, <strong>Bo\u00eamia<\/strong> e da regi\u00e3o do <strong>Hunsr\u00fcck<\/strong>, no sudoeste da <strong>Alemanha<\/strong>. Trouxeram um dialeto oral, sem forma escrita padronizada, que serviu como l\u00edngua franca entre grupos \u00e9tnicos distintos. Durante o <strong>Estado Novo<\/strong> de Get\u00falio Vargas, na d\u00e9cada de 1930, o uso de idiomas estrangeiros foi proibido em espa\u00e7os p\u00fablicos. As atas da cooperativa, at\u00e9 ent\u00e3o redigidas em alem\u00e3o, passaram a ser escritas em portugu\u00eas j\u00e1 durante a Primeira Guerra Mundial.<\/p>\n\n\n\n<p>Mesmo assim, o Hunsr\u00fcckisch resistiu nas casas, igrejas e festas comunit\u00e1rias. Em 2012, foi reconhecido como patrim\u00f4nio hist\u00f3rico e cultural do <strong>Rio Grande do Sul<\/strong>. Escolas do munic\u00edpio oferecem aulas de alem\u00e3o desde a educa\u00e7\u00e3o infantil. A professora <strong>C\u00e9lia Heylmann<\/strong>, idealizadora do Memorial do Hunsr\u00fcck em Linha Imperial, se refere ao dialeto infantil como <em>Schatz-Deutsch<\/em>, algo como \u201calem\u00e3o tesouro\u201d. Mais de 50 corais e dez grupos de dan\u00e7as folcl\u00f3ricas mant\u00eam viva a tradi\u00e7\u00e3o musical trazida pelos colonizadores, segundo a <a href=\"https:\/\/www.novapetropolisturismo.com.br\/a-cidade\" target=\"_blank\" rel=\"noreferrer noopener\"><strong>Secretaria de Turismo de Nova Petr\u00f3polis<\/strong><\/a>.<\/p>\n\n\n\n<p>Quem busca por qualidade de vida e cultura alem\u00e3, vai curtir esse v\u00eddeo especialmente selecionado do canal <strong>Novas Fronteiras<\/strong>, que conta com mais de <strong>87 mil<\/strong> visualiza\u00e7\u00f5es, onde <strong>Rafael Escapela<\/strong> mostra as belezas e curiosidades de <strong>Nova Petr\u00f3polis<\/strong>, no <strong>Rio Grande do Sul<\/strong>:<\/p>\n\n\n\n<figure class=\"wp-block-embed is-type-video is-provider-youtube wp-block-embed-youtube wp-embed-aspect-16-9 wp-has-aspect-ratio\"><div class=\"wp-block-embed__wrapper\">\n<div class=\"jeg_video_container jeg_video_content\"><iframe loading=\"lazy\" title=\"Uma Cidade de 1.\u00ba Mundo Escondida no RS (Nova Petr\u00f3polis)\" width=\"500\" height=\"281\" src=\"https:\/\/www.youtube.com\/embed\/WJX_fHjGK4E?feature=oembed\" frameborder=\"0\" allow=\"accelerometer; autoplay; clipboard-write; encrypted-media; gyroscope; picture-in-picture; web-share\" referrerpolicy=\"strict-origin-when-cross-origin\" allowfullscreen><\/iframe><\/div>\n<\/div><\/figure>\n\n\n\n<h2 class=\"wp-block-heading\">Um campo de futebol transformado em labirinto de ciprestes<\/h2>\n\n\n\n<p>O cart\u00e3o-postal mais fotografado da cidade nasceu de uma quadra esportiva abandonada. No final dos anos 1980, o imigrante alem\u00e3o <strong>Hans Hesse<\/strong> sugeriu transformar o terreno em um labirinto de cercas vivas, inspirado no <strong>Park Sch\u00f6nbusch<\/strong>, em <strong>Aschaffenburg<\/strong>, cidade onde cresceu na Alemanha. Com apoio da prefeitura e do arquiteto <strong>Lauro Alberto Schuch<\/strong>, o <strong>Labirinto Verde<\/strong> foi inaugurado em 1989 na <strong>Pra\u00e7a das Flores<\/strong>.<\/p>\n\n\n\n<p>No in\u00edcio, adultos ficavam t\u00e3o frustrados por n\u00e3o encontrar o centro que crian\u00e7as da cidade desenharam mapas para ajud\u00e1-los. Em 2011, o percurso foi refeito com o plantio de mais de 1.700 mudas de ciprestes. Hoje o labirinto tem 28 metros de di\u00e2metro e paredes verdes com mais de 2 metros de altura. A entrada \u00e9 gratuita, conforme informa a <a href=\"https:\/\/turismo.novapetropolis.rs.gov.br\/locais\/labirinto-verde\" target=\"_blank\" rel=\"noreferrer noopener\"><strong>Secretaria de Turismo<\/strong><\/a>. A pra\u00e7a onde ele est\u00e1, oficialmente chamada Pra\u00e7a da Rep\u00fablica, foi rebatizada pelos moradores por causa dos canteiros floridos que colorem o centro durante as quatro esta\u00e7\u00f5es.<\/p>\n\n\n<div class=\"wp-block-image\">\n<figure class=\"aligncenter size-large\"><img loading=\"lazy\" decoding=\"async\" width=\"1024\" height=\"576\" src=\"https:\/\/www.em.com.br\/emfoco\/wp-content\/uploads\/2025\/12\/Nova-Petropolis_1763540801378-1024x576.jpg\" alt=\"\" class=\"wp-image-143411\" srcset=\"https:\/\/www.em.com.br\/emfoco\/wp-content\/uploads\/2025\/12\/Nova-Petropolis_1763540801378-1024x576.jpg 1024w, https:\/\/www.em.com.br\/emfoco\/wp-content\/uploads\/2025\/12\/Nova-Petropolis_1763540801378-300x169.jpg 300w, https:\/\/www.em.com.br\/emfoco\/wp-content\/uploads\/2025\/12\/Nova-Petropolis_1763540801378-768x432.jpg 768w, https:\/\/www.em.com.br\/emfoco\/wp-content\/uploads\/2025\/12\/Nova-Petropolis_1763540801378-750x422.jpg 750w, https:\/\/www.em.com.br\/emfoco\/wp-content\/uploads\/2025\/12\/Nova-Petropolis_1763540801378-1140x641.jpg 1140w, https:\/\/www.em.com.br\/emfoco\/wp-content\/uploads\/2025\/12\/Nova-Petropolis_1763540801378.jpg 1280w\" sizes=\"auto, (max-width: 1024px) 100vw, 1024px\" \/><figcaption class=\"wp-element-caption\">Nova Petr\u00f3polis nasceu a partir da coloniza\u00e7\u00e3o alem\u00e3 em 1859 \/\/ Cr\u00e9ditos: depositphotos.com \/ diegograndi<\/figcaption><\/figure><\/div>\n\n\n<p><strong>Leia tamb\u00e9m: <a href=\"https:\/\/www.em.com.br\/emfoco\/2026\/03\/04\/uma-montanha-1-385-metros-desapareceu-a-cidade-mineira-a-2-horas-de-belo-horizonte-onde-a-paisagem-valia-menos-que-os-lucros-e-o-maior-poeta-brasileiro-nasceu\/\" target=\"_blank\" rel=\"noreferrer noopener\">Uma montanha de 1.385 metros desapareceu, a cidade mineira a 2 horas de Belo Horizonte onde a paisagem valia menos que os lucros e o maior poeta brasileiro nasceu<\/a><\/strong><\/p>\n\n\n\n<h2 class=\"wp-block-heading\">A col\u00f4nia que homenageia Dom Pedro II sem que ele tenha pisado ali<\/h2>\n\n\n\n<p>O nome Nova Petr\u00f3polis foi uma dupla homenagem: ao imperador <strong>Dom Pedro II<\/strong> e \u00e0 cidade fluminense de <strong>Petr\u00f3polis<\/strong>, ref\u00fagio de ver\u00e3o da corte. A col\u00f4nia foi fundada em 7 de setembro de 1858, logo ap\u00f3s o fim da <strong>Revolu\u00e7\u00e3o Farroupilha<\/strong>, quando o <strong>Rio Grande do Sul<\/strong> retomou os projetos de imigra\u00e7\u00e3o interrompidos por dez anos de conflito. Coube ao agrimensor argentino <strong>Jos\u00e9 Maria Vidal<\/strong> medir e dividir as terras em lotes de cerca de 50 hectares, dispostos ao longo de linhas e picadas com n\u00facleos de apoio a cada 10 km.<\/p>\n\n\n\n<p>Os colonos n\u00e3o trouxeram apenas sementes e ferramentas. Em 1910, sem esperar pelo governo, implantaram uma rede telef\u00f4nica pr\u00f3pria que interligava todos os n\u00facleos coloniais \u00e0s duas centrais. Durante a Revolu\u00e7\u00e3o Federalista, na d\u00e9cada de 1890, organizaram uma for\u00e7a paramilitar de atiradores nos moldes dos <em>Sch\u00fctzen<\/em> alem\u00e3es para se defender de bandoleiros. Esse esp\u00edrito de autossufici\u00eancia comunit\u00e1ria alimentou o cooperativismo que viria a definir a cidade no s\u00e9culo seguinte, segundo o <a href=\"https:\/\/www.novapetropolis.rs.gov.br\/pagina\/historico\" target=\"_blank\" rel=\"noreferrer noopener\"><strong>site oficial do munic\u00edpio<\/strong><\/a>.<\/p>\n\n\n<div class=\"wp-block-image\">\n<figure class=\"aligncenter size-large\"><img loading=\"lazy\" decoding=\"async\" width=\"1024\" height=\"576\" src=\"https:\/\/www.em.com.br\/emfoco\/wp-content\/uploads\/2025\/12\/Nova-Petropolis_1763540784601-1024x576.jpg\" alt=\"Essa cidade da serra ga\u00facha encanta com jardins perfeitos e vida tranquila\" class=\"wp-image-143410\" srcset=\"https:\/\/www.em.com.br\/emfoco\/wp-content\/uploads\/2025\/12\/Nova-Petropolis_1763540784601-1024x576.jpg 1024w, https:\/\/www.em.com.br\/emfoco\/wp-content\/uploads\/2025\/12\/Nova-Petropolis_1763540784601-300x169.jpg 300w, https:\/\/www.em.com.br\/emfoco\/wp-content\/uploads\/2025\/12\/Nova-Petropolis_1763540784601-768x432.jpg 768w, https:\/\/www.em.com.br\/emfoco\/wp-content\/uploads\/2025\/12\/Nova-Petropolis_1763540784601-750x422.jpg 750w, https:\/\/www.em.com.br\/emfoco\/wp-content\/uploads\/2025\/12\/Nova-Petropolis_1763540784601-1140x641.jpg 1140w, https:\/\/www.em.com.br\/emfoco\/wp-content\/uploads\/2025\/12\/Nova-Petropolis_1763540784601.jpg 1280w\" sizes=\"auto, (max-width: 1024px) 100vw, 1024px\" \/><figcaption class=\"wp-element-caption\">Nova Petropolis vem preservando tradi\u00e7\u00f5es e cen\u00e1rios que remetem \u00e0 coloniza\u00e7\u00e3o alem\u00e3 \/\/ Cr\u00e9ditos: depositphotos.com \/ lltrarbach<\/figcaption><\/figure><\/div>\n\n\n<h2 class=\"wp-block-heading\">Ou\u00e7a o Hunsr\u00fcckisch antes que ele se transforme apenas em patrim\u00f4nio<\/h2>\n\n\n\n<p>Nova Petr\u00f3polis re\u00fane num raio de poucos quil\u00f4metros a origem do cooperativismo de cr\u00e9dito latino-americano, um dialeto germ\u00e2nico vivo que resistiu a guerras e proibi\u00e7\u00f5es, e uma tradi\u00e7\u00e3o coral que supera, em n\u00famero de grupos por habitante, cidades muitas vezes maiores. O labirinto de ciprestes no centro \u00e9 s\u00f3 a camada mais vis\u00edvel de uma cidade constru\u00edda pela teimosia coletiva de imigrantes que precisaram inventar tudo do zero.<\/p>\n\n\n\n<p>Voc\u00ea precisa subir a Rota Rom\u00e2ntica, ouvir o Hunsr\u00fcckisch nas ruas e entender por que essa cidade de 21 mil habitantes carrega tantos t\u00edtulos nacionais.<\/p>\n","protected":false},"excerpt":{"rendered":"<p>Nas ruas de Nova Petr\u00f3polis, na Serra Ga\u00facha, moradores mais velhos ainda se cumprimentam em Hunsr\u00fcckisch, um dialeto germ\u00e2nico que sobreviveu a quase dois s\u00e9culos longe da Europa e a uma proibi\u00e7\u00e3o formal do governo brasileiro. A cidade de cerca de 21 mil habitantes coleciona t\u00edtulos que n\u00e3o cabem no seu tamanho: Capital Nacional do [&hellip;]<\/p>\n","protected":false},"author":6,"featured_media":143408,"comment_status":"open","ping_status":"open","sticky":false,"template":"","format":"standard","meta":{"jnews-multi-image_gallery":[],"jnews_single_post":{"format":"standard"},"jnews_primary_category":[],"jnews_social_meta":[],"jnews_override_counter":[],"footnotes":""},"categories":[26],"tags":[183,16397,1506],"class_list":["post-179237","post","type-post","status-publish","format-standard","has-post-thumbnail","hentry","category-cidades","tag-cidades","tag-nova-petropolis","tag-rio-grande-do-sul"],"yoast_head":"<!-- This site is optimized with the Yoast SEO plugin v23.8 - https:\/\/yoast.com\/wordpress\/plugins\/seo\/ -->\n<title>A col\u00f4nia fundada em 1858 que homenageia Dom Pedro II sem que o imperador tenha jamais pisado ali - Estado de Minas - Em foco<\/title>\n<meta name=\"description\" content=\"Fundada no s\u00e9culo XIX por imigrantes, essa col\u00f4nia preserva homenagens \u00e0 monarquia brasileira mesmo sem visita imperial.\" \/>\n<meta name=\"robots\" content=\"index, follow, max-snippet:-1, max-image-preview:large, max-video-preview:-1\" \/>\n<link rel=\"canonical\" href=\"https:\/\/www.em.com.br\/emfoco\/2026\/03\/09\/a-colonia-fundada-em-1858-que-homenageia-dom-pedro-ii-sem-que-o-imperador-tenha-jamais-pisado-ali\/\" \/>\n<meta property=\"og:locale\" content=\"pt_BR\" \/>\n<meta property=\"og:type\" content=\"article\" \/>\n<meta property=\"og:title\" content=\"A col\u00f4nia fundada em 1858 que homenageia Dom Pedro II sem que o imperador tenha jamais pisado ali - Estado de Minas - Em foco\" \/>\n<meta property=\"og:description\" content=\"Fundada no s\u00e9culo XIX por imigrantes, essa col\u00f4nia preserva homenagens \u00e0 monarquia brasileira mesmo sem visita imperial.\" \/>\n<meta property=\"og:url\" content=\"https:\/\/www.em.com.br\/emfoco\/2026\/03\/09\/a-colonia-fundada-em-1858-que-homenageia-dom-pedro-ii-sem-que-o-imperador-tenha-jamais-pisado-ali\/\" \/>\n<meta property=\"og:site_name\" content=\"Estado de Minas - Em foco\" \/>\n<meta property=\"article:published_time\" content=\"2026-03-09T18:05:00+00:00\" \/>\n<meta property=\"article:modified_time\" content=\"2026-03-09T13:17:24+00:00\" \/>\n<meta property=\"og:image\" content=\"https:\/\/www.em.com.br\/emfoco\/wp-content\/uploads\/2025\/12\/Nova-Petropolis.jpg\" \/>\n\t<meta property=\"og:image:width\" content=\"1280\" \/>\n\t<meta property=\"og:image:height\" content=\"720\" \/>\n\t<meta property=\"og:image:type\" content=\"image\/jpeg\" \/>\n<meta name=\"author\" content=\"Vitor Bruno\" \/>\n<meta name=\"twitter:card\" content=\"summary_large_image\" \/>\n<meta name=\"twitter:label1\" content=\"Escrito por\" \/>\n\t<meta name=\"twitter:data1\" content=\"Vitor Bruno\" \/>\n\t<meta name=\"twitter:label2\" content=\"Est. tempo de leitura\" \/>\n\t<meta name=\"twitter:data2\" content=\"7 minutos\" \/>\n<!-- \/ Yoast SEO plugin. -->","yoast_head_json":{"title":"A col\u00f4nia fundada em 1858 que homenageia Dom Pedro II sem que o imperador tenha jamais pisado ali - Estado de Minas - Em foco","description":"Fundada no s\u00e9culo XIX por imigrantes, essa col\u00f4nia preserva homenagens \u00e0 monarquia brasileira mesmo sem visita imperial.","robots":{"index":"index","follow":"follow","max-snippet":"max-snippet:-1","max-image-preview":"max-image-preview:large","max-video-preview":"max-video-preview:-1"},"canonical":"https:\/\/www.em.com.br\/emfoco\/2026\/03\/09\/a-colonia-fundada-em-1858-que-homenageia-dom-pedro-ii-sem-que-o-imperador-tenha-jamais-pisado-ali\/","og_locale":"pt_BR","og_type":"article","og_title":"A col\u00f4nia fundada em 1858 que homenageia Dom Pedro II sem que o imperador tenha jamais pisado ali - Estado de Minas - Em foco","og_description":"Fundada no s\u00e9culo XIX por imigrantes, essa col\u00f4nia preserva homenagens \u00e0 monarquia brasileira mesmo sem visita imperial.","og_url":"https:\/\/www.em.com.br\/emfoco\/2026\/03\/09\/a-colonia-fundada-em-1858-que-homenageia-dom-pedro-ii-sem-que-o-imperador-tenha-jamais-pisado-ali\/","og_site_name":"Estado de Minas - Em foco","article_published_time":"2026-03-09T18:05:00+00:00","article_modified_time":"2026-03-09T13:17:24+00:00","og_image":[{"width":1280,"height":720,"url":"https:\/\/www.em.com.br\/emfoco\/wp-content\/uploads\/2025\/12\/Nova-Petropolis.jpg","type":"image\/jpeg"}],"author":"Vitor Bruno","twitter_card":"summary_large_image","twitter_misc":{"Escrito por":"Vitor Bruno","Est. tempo de leitura":"7 minutos"},"schema":{"@context":"https:\/\/schema.org","@graph":[{"@type":"WebPage","@id":"https:\/\/www.em.com.br\/emfoco\/2026\/03\/09\/a-colonia-fundada-em-1858-que-homenageia-dom-pedro-ii-sem-que-o-imperador-tenha-jamais-pisado-ali\/","url":"https:\/\/www.em.com.br\/emfoco\/2026\/03\/09\/a-colonia-fundada-em-1858-que-homenageia-dom-pedro-ii-sem-que-o-imperador-tenha-jamais-pisado-ali\/","name":"A col\u00f4nia fundada em 1858 que homenageia Dom Pedro II sem que o imperador tenha jamais pisado ali - Estado de Minas - Em foco","isPartOf":{"@id":"https:\/\/www.em.com.br\/emfoco\/#website"},"primaryImageOfPage":{"@id":"https:\/\/www.em.com.br\/emfoco\/2026\/03\/09\/a-colonia-fundada-em-1858-que-homenageia-dom-pedro-ii-sem-que-o-imperador-tenha-jamais-pisado-ali\/#primaryimage"},"image":{"@id":"https:\/\/www.em.com.br\/emfoco\/2026\/03\/09\/a-colonia-fundada-em-1858-que-homenageia-dom-pedro-ii-sem-que-o-imperador-tenha-jamais-pisado-ali\/#primaryimage"},"thumbnailUrl":"https:\/\/www.em.com.br\/emfoco\/wp-content\/uploads\/2025\/12\/Nova-Petropolis.jpg","datePublished":"2026-03-09T18:05:00+00:00","dateModified":"2026-03-09T13:17:24+00:00","author":{"@id":"https:\/\/www.em.com.br\/emfoco\/#\/schema\/person\/364ac1852fafd00f1be20f0b8b237569"},"description":"Fundada no s\u00e9culo XIX por imigrantes, essa col\u00f4nia preserva homenagens \u00e0 monarquia brasileira mesmo sem visita imperial.","breadcrumb":{"@id":"https:\/\/www.em.com.br\/emfoco\/2026\/03\/09\/a-colonia-fundada-em-1858-que-homenageia-dom-pedro-ii-sem-que-o-imperador-tenha-jamais-pisado-ali\/#breadcrumb"},"inLanguage":"pt-BR","potentialAction":[{"@type":"ReadAction","target":["https:\/\/www.em.com.br\/emfoco\/2026\/03\/09\/a-colonia-fundada-em-1858-que-homenageia-dom-pedro-ii-sem-que-o-imperador-tenha-jamais-pisado-ali\/"]}]},{"@type":"ImageObject","inLanguage":"pt-BR","@id":"https:\/\/www.em.com.br\/emfoco\/2026\/03\/09\/a-colonia-fundada-em-1858-que-homenageia-dom-pedro-ii-sem-que-o-imperador-tenha-jamais-pisado-ali\/#primaryimage","url":"https:\/\/www.em.com.br\/emfoco\/wp-content\/uploads\/2025\/12\/Nova-Petropolis.jpg","contentUrl":"https:\/\/www.em.com.br\/emfoco\/wp-content\/uploads\/2025\/12\/Nova-Petropolis.jpg","width":1280,"height":720,"caption":"Nova Petr\u00f3polis \u00e9 um ref\u00fagio de paz e beleza exuberante que encanta visitantes com sua heran\u00e7a germ\u00e2nica preservada e jardins impec\u00e1veis no estado do Rio Grande do Sul (imagem ilustrativa)"},{"@type":"BreadcrumbList","@id":"https:\/\/www.em.com.br\/emfoco\/2026\/03\/09\/a-colonia-fundada-em-1858-que-homenageia-dom-pedro-ii-sem-que-o-imperador-tenha-jamais-pisado-ali\/#breadcrumb","itemListElement":[{"@type":"ListItem","position":1,"name":"In\u00edcio","item":"https:\/\/www.em.com.br\/emfoco\/"},{"@type":"ListItem","position":2,"name":"A col\u00f4nia fundada em 1858 que homenageia Dom Pedro II sem que o imperador tenha jamais pisado ali"}]},{"@type":"WebSite","@id":"https:\/\/www.em.com.br\/emfoco\/#website","url":"https:\/\/www.em.com.br\/emfoco\/","name":"Estado de Minas - Em foco","description":"Acompanhe as \u00faltimas not\u00edcias e fique bem informado sobre tudo o que acontece em Minas Gerais, Brasil e no mundo.","potentialAction":[{"@type":"SearchAction","target":{"@type":"EntryPoint","urlTemplate":"https:\/\/www.em.com.br\/emfoco\/?s={search_term_string}"},"query-input":{"@type":"PropertyValueSpecification","valueRequired":true,"valueName":"search_term_string"}}],"inLanguage":"pt-BR"},{"@type":"Person","@id":"https:\/\/www.em.com.br\/emfoco\/#\/schema\/person\/364ac1852fafd00f1be20f0b8b237569","name":"Vitor Bruno","image":{"@type":"ImageObject","inLanguage":"pt-BR","@id":"https:\/\/www.em.com.br\/emfoco\/#\/schema\/person\/image\/","url":"https:\/\/secure.gravatar.com\/avatar\/b719e5cdede09f942064960883b5524d?s=96&d=mm&r=g","contentUrl":"https:\/\/secure.gravatar.com\/avatar\/b719e5cdede09f942064960883b5524d?s=96&d=mm&r=g","caption":"Vitor Bruno"},"sameAs":["https:\/\/www.em.com.br\/emfoco\/"],"url":"https:\/\/www.em.com.br\/emfoco\/author\/vitormyth\/"}]}},"_links":{"self":[{"href":"https:\/\/www.em.com.br\/emfoco\/wp-json\/wp\/v2\/posts\/179237","targetHints":{"allow":["GET"]}}],"collection":[{"href":"https:\/\/www.em.com.br\/emfoco\/wp-json\/wp\/v2\/posts"}],"about":[{"href":"https:\/\/www.em.com.br\/emfoco\/wp-json\/wp\/v2\/types\/post"}],"author":[{"embeddable":true,"href":"https:\/\/www.em.com.br\/emfoco\/wp-json\/wp\/v2\/users\/6"}],"replies":[{"embeddable":true,"href":"https:\/\/www.em.com.br\/emfoco\/wp-json\/wp\/v2\/comments?post=179237"}],"version-history":[{"count":8,"href":"https:\/\/www.em.com.br\/emfoco\/wp-json\/wp\/v2\/posts\/179237\/revisions"}],"predecessor-version":[{"id":179279,"href":"https:\/\/www.em.com.br\/emfoco\/wp-json\/wp\/v2\/posts\/179237\/revisions\/179279"}],"wp:featuredmedia":[{"embeddable":true,"href":"https:\/\/www.em.com.br\/emfoco\/wp-json\/wp\/v2\/media\/143408"}],"wp:attachment":[{"href":"https:\/\/www.em.com.br\/emfoco\/wp-json\/wp\/v2\/media?parent=179237"}],"wp:term":[{"taxonomy":"category","embeddable":true,"href":"https:\/\/www.em.com.br\/emfoco\/wp-json\/wp\/v2\/categories?post=179237"},{"taxonomy":"post_tag","embeddable":true,"href":"https:\/\/www.em.com.br\/emfoco\/wp-json\/wp\/v2\/tags?post=179237"}],"curies":[{"name":"wp","href":"https:\/\/api.w.org\/{rel}","templated":true}]}}