{"id":179235,"date":"2026-03-09T10:35:00","date_gmt":"2026-03-09T13:35:00","guid":{"rendered":"https:\/\/www.em.com.br\/emfoco\/?p=179235"},"modified":"2026-03-09T09:44:32","modified_gmt":"2026-03-09T12:44:32","slug":"a-185-km-de-belo-horizonte-mais-de-40-toques-de-sino-e-a-orquestra-mais-antiga-das-americas-a-cidade-mineira-que-o-ouro-nao-conseguiu-calar","status":"publish","type":"post","link":"https:\/\/www.em.com.br\/emfoco\/2026\/03\/09\/a-185-km-de-belo-horizonte-mais-de-40-toques-de-sino-e-a-orquestra-mais-antiga-das-americas-a-cidade-mineira-que-o-ouro-nao-conseguiu-calar\/","title":{"rendered":"A 185 km de Belo Horizonte, mais de 40 toques de sino e a orquestra mais antiga das Am\u00e9ricas: a cidade mineira que o ouro n\u00e3o conseguiu calar"},"content":{"rendered":"\n<p>Os sinos ainda falam em <strong>S\u00e3o Jo\u00e3o del-Rei<\/strong>. A 185 km de <strong>Belo Horizonte<\/strong>, no cora\u00e7\u00e3o do <strong>Campo das Vertentes<\/strong>, uma cidade de 94 mil habitantes mant\u00e9m vivos rituais sonoros do s\u00e9culo XVIII que nenhuma outra localidade brasileira conseguiu preservar com tanta intensidade.<\/p>\n\n\n\n<h2 class=\"wp-block-heading\">Por que os sinos desta cidade s\u00e3o patrim\u00f4nio nacional<\/h2>\n\n\n\n<p>Em 2009, o <a href=\"http:\/\/portal.iphan.gov.br\/noticias\/detalhes\/2685\/linguagem-do-toque-dos-sinos-de-minas-gerais-e-registrada-como-patrimonio-nacional\" target=\"_blank\" rel=\"noreferrer noopener\"><strong>Instituto do Patrim\u00f4nio Hist\u00f3rico e Art\u00edstico Nacional (IPHAN)<\/strong><\/a> registrou o Toque dos Sinos de <strong>Minas Gerais<\/strong> como patrim\u00f4nio imaterial do Brasil, tendo S\u00e3o Jo\u00e3o del Rei como principal refer\u00eancia. S\u00e3o mais de 40 toques catalogados em 20 categorias diferentes. As badaladas anunciam missas, enterros, inc\u00eandios e at\u00e9 partos.<\/p>\n\n\n\n<p>A tradi\u00e7\u00e3o nasceu no per\u00edodo colonial, criada em grande parte por escravos africanos, e segue sendo transmitida de gera\u00e7\u00e3o em gera\u00e7\u00e3o. Cada sino tem nome pr\u00f3prio: <strong>Concei\u00e7\u00e3o<\/strong> vive na torre da Igreja S\u00e3o Francisco de Assis, <strong>Jo\u00e3o da Cruz<\/strong> na do Carmo. Os moradores reconhecem o tipo de celebra\u00e7\u00e3o apenas pelo ritmo das badaladas. Em nenhum outro lugar do pa\u00eds os sinos funcionam como sistema de comunica\u00e7\u00e3o t\u00e3o vivo e complexo.<\/p>\n\n\n<div class=\"wp-block-image\">\n<figure class=\"aligncenter size-large\"><img loading=\"lazy\" decoding=\"async\" width=\"1024\" height=\"576\" src=\"https:\/\/www.em.com.br\/emfoco\/wp-content\/uploads\/2025\/12\/Sao-Joao-del-Rei_1766130383440-1024x576.jpg\" alt=\"\" class=\"wp-image-142906\" srcset=\"https:\/\/www.em.com.br\/emfoco\/wp-content\/uploads\/2025\/12\/Sao-Joao-del-Rei_1766130383440-1024x576.jpg 1024w, https:\/\/www.em.com.br\/emfoco\/wp-content\/uploads\/2025\/12\/Sao-Joao-del-Rei_1766130383440-300x169.jpg 300w, https:\/\/www.em.com.br\/emfoco\/wp-content\/uploads\/2025\/12\/Sao-Joao-del-Rei_1766130383440-768x432.jpg 768w, https:\/\/www.em.com.br\/emfoco\/wp-content\/uploads\/2025\/12\/Sao-Joao-del-Rei_1766130383440-750x422.jpg 750w, https:\/\/www.em.com.br\/emfoco\/wp-content\/uploads\/2025\/12\/Sao-Joao-del-Rei_1766130383440-1140x641.jpg 1140w, https:\/\/www.em.com.br\/emfoco\/wp-content\/uploads\/2025\/12\/Sao-Joao-del-Rei_1766130383440.jpg 1280w\" sizes=\"auto, (max-width: 1024px) 100vw, 1024px\" \/><figcaption class=\"wp-element-caption\">S\u00e3o Jo\u00e3o del Rei combina patrim\u00f4nio hist\u00f3rico serenidade e cultura \/\/ Cr\u00e9ditos: depositphotos.com \/ paulobaqueta<\/figcaption><\/figure><\/div>\n\n\n<h2 class=\"wp-block-heading\">A orquestra de 1776 que nunca parou de tocar<\/h2>\n\n\n\n<p>A <strong>Orquestra Lira Sanjoanense<\/strong>, fundada em 1776, \u00e9 reconhecida como a mais antiga das Am\u00e9ricas em atividade ininterrupta. O conjunto re\u00fane cerca de 80 m\u00fasicos volunt\u00e1rios, entre instrumentistas e cantores, que executam repert\u00f3rio sacro do s\u00e9culo XVIII em latim, preservando rituais anteriores ao <strong>Conc\u00edlio Vaticano II<\/strong>. Segundo pesquisa divulgada pela <strong>UNESCO<\/strong>, trata-se de uma das orquestras mais antigas do mundo ainda em funcionamento.<\/p>\n\n\n\n<p>A cidade abriga tamb\u00e9m a <a href=\"https:\/\/museuregionaldesaojoaodelrei.museus.gov.br\/5-em-1-orquestras-de-sao-joao-del-rei\/\" target=\"_blank\" rel=\"noreferrer noopener\"><strong>Orquestra Ribeiro Bastos<\/strong><\/a>, em atividade desde o final do s\u00e9culo XVIII. As duas se apresentam em missas semanais nas igrejas do centro hist\u00f3rico, uma tradi\u00e7\u00e3o que n\u00e3o se interrompeu em mais de 200 anos. Ouvir m\u00fasica sacra barroca ao vivo, dentro de uma igreja setecentista iluminada por velas, \u00e9 uma experi\u00eancia que poucos lugares no mundo ainda oferecem.<\/p>\n\n\n\n<h2 class=\"wp-block-heading\">De Tiradentes a Tancredo: dois her\u00f3is nasceram nestas terras<\/h2>\n\n\n\n<p><strong>Joaquim Jos\u00e9 da Silva Xavier<\/strong>, o <strong>Tiradentes<\/strong>, foi batizado em 1746 na par\u00f3quia da Vila de S\u00e3o Jo\u00e3o del Rei. O patrono c\u00edvico do Brasil nasceu na Fazenda do Pombal, ent\u00e3o territ\u00f3rio s\u00e3o-joanense. A Inconfid\u00eancia Mineira chegou a escolher a vila como futura capital da rep\u00fablica que os conspiradores planejavam fundar.<\/p>\n\n\n\n<p>Quase dois s\u00e9culos depois, a mesma terra deu ao pa\u00eds <strong>Tancredo Neves<\/strong>, o presidente eleito que simbolizou o fim da ditadura militar. O <strong>Memorial Tancredo Neves<\/strong>, no centro hist\u00f3rico, preserva o acervo do pol\u00edtico com recursos interativos que cruzam sua trajet\u00f3ria com a hist\u00f3ria de Minas. S\u00e3o Jo\u00e3o del Rei foi tamb\u00e9m eleita <strong>Capital Brasileira da Cultura<\/strong> em 2007, t\u00edtulo concedido com apoio do <strong>Minist\u00e9rio da Cultura<\/strong> e da UNESCO.<\/p>\n\n\n<div class=\"wp-block-image\">\n<figure class=\"aligncenter size-large\"><img loading=\"lazy\" decoding=\"async\" width=\"1024\" height=\"576\" src=\"https:\/\/www.em.com.br\/emfoco\/wp-content\/uploads\/2025\/12\/Sao-Joao-del-Rei_1765669958706-1024x576.jpg\" alt=\"\" class=\"wp-image-142903\" srcset=\"https:\/\/www.em.com.br\/emfoco\/wp-content\/uploads\/2025\/12\/Sao-Joao-del-Rei_1765669958706-1024x576.jpg 1024w, https:\/\/www.em.com.br\/emfoco\/wp-content\/uploads\/2025\/12\/Sao-Joao-del-Rei_1765669958706-300x169.jpg 300w, https:\/\/www.em.com.br\/emfoco\/wp-content\/uploads\/2025\/12\/Sao-Joao-del-Rei_1765669958706-768x432.jpg 768w, https:\/\/www.em.com.br\/emfoco\/wp-content\/uploads\/2025\/12\/Sao-Joao-del-Rei_1765669958706-750x422.jpg 750w, https:\/\/www.em.com.br\/emfoco\/wp-content\/uploads\/2025\/12\/Sao-Joao-del-Rei_1765669958706-1140x641.jpg 1140w, https:\/\/www.em.com.br\/emfoco\/wp-content\/uploads\/2025\/12\/Sao-Joao-del-Rei_1765669958706.jpg 1280w\" sizes=\"auto, (max-width: 1024px) 100vw, 1024px\" \/><figcaption class=\"wp-element-caption\">S\u00e3o Jo\u00e3o del Rei \u00e9 hist\u00f3ria viva com sinos e charme colonial mineiro \/\/ Cr\u00e9ditos: depositphotos.com \/ diegograndi<\/figcaption><\/figure><\/div>\n\n\n<h2 class=\"wp-block-heading\">700 im\u00f3veis tombados e uma cidade subterr\u00e2nea por descobrir<\/h2>\n\n\n\n<p>O <a href=\"http:\/\/portal.iphan.gov.br\/pagina\/detalhes\/375\/\" target=\"_blank\" rel=\"noreferrer noopener\"><strong>conjunto arquitet\u00f4nico tombado pelo IPHAN<\/strong><\/a> desde 1938 re\u00fane cerca de 700 im\u00f3veis. A <strong>Igreja de S\u00e3o Francisco de Assis<\/strong>, com projeto original de <strong>Aleijadinho<\/strong>, e a <strong>Catedral Nossa Senhora do Pilar<\/strong>, com talha dourada e teto pintado, s\u00e3o os templos mais visitados. A apenas 12 km, a vizinha <strong>Tiradentes<\/strong> \u00e9 acess\u00edvel pela Maria Fuma\u00e7a mais antiga em circula\u00e7\u00e3o no pa\u00eds, inaugurada por <strong>Dom Pedro II<\/strong> em 1881.<\/p>\n\n\n\n<p>Sob as ruas coloniais, existe outro mist\u00e9rio. Vinte betas, pequenos t\u00faneis escavados no s\u00e9culo XVIII para transporte e explora\u00e7\u00e3o de ouro, formam uma esp\u00e9cie de cidade subterr\u00e2nea ainda n\u00e3o aberta \u00e0 visita\u00e7\u00e3o p\u00fablica. A <strong>Serra do Lenheiro<\/strong>, que emoldura o horizonte, guarda pinturas rupestres e trilhas com vista para todo o vale.<\/p>\n\n\n\n<p>Quem ama o charme das cidades mineiras, vai curtir esse v\u00eddeo especialmente selecionado do canal <strong>De fora em Juiz de Fora<\/strong>, que conta com mais de <strong>109 mil<\/strong> inscritos, onde <strong>Tati Marmon<\/strong> apresenta 10 curiosidades fascinantes sobre <strong>S\u00e3o Jo\u00e3o del-Rei<\/strong>, incluindo sua hist\u00f3ria ligada ao ouro e ao presidente <strong>Tancredo Neves<\/strong>:<\/p>\n\n\n\n<figure class=\"wp-block-embed is-type-video is-provider-youtube wp-block-embed-youtube wp-embed-aspect-16-9 wp-has-aspect-ratio\"><div class=\"wp-block-embed__wrapper\">\n<div class=\"jeg_video_container jeg_video_content\"><iframe loading=\"lazy\" title=\"S\u00c3O JO\u00c3O DEL-REI MG: 10 CURIOSIDADES sobre uma das mais belas cidades hist\u00f3ricas de Minas Gerais\" width=\"500\" height=\"281\" src=\"https:\/\/www.youtube.com\/embed\/b7m4iczqFmU?feature=oembed\" frameborder=\"0\" allow=\"accelerometer; autoplay; clipboard-write; encrypted-media; gyroscope; picture-in-picture; web-share\" referrerpolicy=\"strict-origin-when-cross-origin\" allowfullscreen><\/iframe><\/div>\n<\/div><\/figure>\n\n\n\n<h2 class=\"wp-block-heading\">Qualidade de vida com universidade federal e custo acess\u00edvel<\/h2>\n\n\n\n<p>O <strong>IDHM<\/strong> de S\u00e3o Jo\u00e3o del Rei \u00e9 0,758, considerado alto pelo <a href=\"https:\/\/www.ibge.gov.br\/cidades-e-estados\/mg\/sao-joao-del-rei.html\" target=\"_blank\" rel=\"noreferrer noopener\"><strong>IBGE<\/strong><\/a>, com destaque para o \u00edndice de escolariza\u00e7\u00e3o de 99,69% entre crian\u00e7as de 6 a 14 anos. A <strong>Universidade Federal de S\u00e3o Jo\u00e3o del-Rei (UFSJ)<\/strong>, criada em 2002, oferece mais de 30 cursos de gradua\u00e7\u00e3o e 20 programas de p\u00f3s-gradua\u00e7\u00e3o em quatro campi. A presen\u00e7a da universidade movimenta a economia local e sustenta uma vida cultural intensa, incluindo o <strong>Inverno Cultural<\/strong>, realizado todos os anos desde 1988.<\/p>\n\n\n\n<p>O custo de vida \u00e9 consideravelmente mais baixo que o de capitais mineiras. A cidade funciona como centro regional de sa\u00fade e servi\u00e7os para dezenas de munic\u00edpios do Campo das Vertentes. Moradores destacam a seguran\u00e7a, a gastronomia cotidiana e a proximidade com a natureza da <strong>Serra de S\u00e3o Jos\u00e9<\/strong> como fatores que tornam o dia a dia mais leve.<\/p>\n\n\n\n<p><strong>Leia tamb\u00e9m: <a href=\"https:\/\/www.em.com.br\/emfoco\/2026\/03\/04\/uma-montanha-1-385-metros-desapareceu-a-cidade-mineira-a-2-horas-de-belo-horizonte-onde-a-paisagem-valia-menos-que-os-lucros-e-o-maior-poeta-brasileiro-nasceu\/\" target=\"_blank\" rel=\"noreferrer noopener\">Uma montanha de 1.385 metros desapareceu, a cidade mineira a 2 horas de Belo Horizonte onde a paisagem valia menos que os lucros e o maior poeta brasileiro nasceu<\/a><\/strong><\/p>\n\n\n\n<h2 class=\"wp-block-heading\">Quando o clima favorece cada tipo de passeio<\/h2>\n\n\n\n<p>O clima tropical de altitude garante ver\u00f5es amenos e invernos secos. A <strong>Semana Santa<\/strong>, entre mar\u00e7o e abril, \u00e9 a \u00e9poca mais procurada, com prociss\u00f5es centen\u00e1rias e tapetes de serragem pelas ruas.<\/p>\n\n\n\n<style>\n    .card-interativo {\n        transition: transform 0.15s ease-in-out, box-shadow 0.15s ease-in-out;\n        cursor: pointer;\n    }\n    .card-interativo:hover {\n        transform: translateY(-4px);\n    }\n    .card-interativo:active {\n        transform: scale(0.96);\n    }\n<\/style>\n<div class=\"google-auto-ads-ignore\" style=\"box-sizing: border-box; display: flex; flex-direction: column; width: 100%; max-width: 900px; margin: 30px auto; font-family: 'Segoe UI', Roboto, Helvetica, Arial, sans-serif; clear: both;\">\n    <div style=\"display: flex; flex-wrap: wrap; gap: 15px;\">\n        \n        <div class=\"card-interativo\" style=\"flex: 1 1 calc(25% - 15px); min-width: 200px; border: 1px solid #e1e6ef; border-top: 4px solid #1a2a57; border-radius: 8px; padding: 20px; background: #fff; box-sizing: border-box; box-shadow: 0 4px 10px rgba(26, 42, 87, 0.05); display: flex; flex-direction: column;\">\n            <div style=\"display: flex; align-items: center; justify-content: center; gap: 8px; margin-bottom: 20px;\">\n                <span style=\"font-size: 22px; line-height: 1;\">\u2600\ufe0f<\/span>\n                <strong style=\"color: #1a2a57; font-size: 16px; text-transform: uppercase;\">Ver\u00e3o<\/strong>\n            <\/div>\n            <div style=\"margin-bottom: auto;\">\n                <div style=\"text-align: center; font-size: 11px; font-weight: 800; color: #111c3a; text-transform: uppercase; margin-bottom: 5px;\">Dezembro &#8211; Fevereiro<\/div>\n                <div style=\"text-align: center; font-size: 26px; font-weight: 900; color: #1a2a57; margin-bottom: 10px;\">18\u00b0C a 30\u00b0C<\/div>\n                <div style=\"text-align: center; font-size: 13px; color: #555; line-height: 1.5; margin-bottom: 15px;\">O clima de altitude garante temperaturas amenas, mas a chuva \u00e9 certa \u00e0 tarde. Acorde cedo para aproveitar as <strong>cachoeiras e trilhas pela manh\u00e3<\/strong>. <em>Evite a serra ap\u00f3s o almo\u00e7o devido aos temporais.<\/em><\/div>\n            <\/div>\n            <div style=\"text-align: center;\">\n                <span style=\"display: inline-block; background: #f0f4f8; color: #1a2a57; font-size: 10px; font-weight: 800; padding: 6px 12px; border-radius: 20px; text-transform: uppercase; border: 1px solid #e1e6ef; line-height: 1.4;\">\ud83d\udca7 Chuva Alta<\/span>\n            <\/div>\n        <\/div>\n\n        <div class=\"card-interativo\" style=\"flex: 1 1 calc(25% - 15px); min-width: 200px; border: 2px solid #1a2a57; border-radius: 8px; padding: 20px; background: #f0f4f8; box-sizing: border-box; box-shadow: 0 4px 10px rgba(26, 42, 87, 0.1); display: flex; flex-direction: column;\">\n            <div style=\"display: flex; align-items: center; justify-content: center; gap: 8px; margin-bottom: 20px;\">\n                <span style=\"font-size: 22px; line-height: 1;\">\ud83c\udf42<\/span>\n                <strong style=\"color: #1a2a57; font-size: 16px; text-transform: uppercase;\">Outono<\/strong>\n            <\/div>\n            <div style=\"margin-bottom: auto;\">\n                <div style=\"text-align: center; font-size: 11px; font-weight: 800; color: #111c3a; text-transform: uppercase; margin-bottom: 5px;\">Mar\u00e7o &#8211; Maio<\/div>\n                <div style=\"text-align: center; font-size: 26px; font-weight: 900; color: #1a2a57; margin-bottom: 10px;\">14\u00b0C a 26\u00b0C<\/div>\n                <div style=\"text-align: center; font-size: 13px; color: #555; line-height: 1.5; margin-bottom: 15px;\">A \u00e9poca mais procurada! A cidade hist\u00f3rica lota para celebrar a imponente <strong>Semana Santa (com os tapetes de serragem) e visitar os museus<\/strong>. <em>Reserve pousadas com muita anteced\u00eancia.<\/em><\/div>\n            <\/div>\n            <div style=\"text-align: center;\">\n                <span style=\"display: inline-block; background: #1a2a57; color: #fff; font-size: 10px; font-weight: 800; padding: 6px 12px; border-radius: 20px; text-transform: uppercase; line-height: 1.4;\">\ud83c\udf92 Alta Temporada<\/span>\n            <\/div>\n        <\/div>\n\n        <div class=\"card-interativo\" style=\"flex: 1 1 calc(25% - 15px); min-width: 200px; border: 1px solid #e1e6ef; border-top: 4px solid #1a2a57; border-radius: 8px; padding: 20px; background: #fff; box-sizing: border-box; box-shadow: 0 4px 10px rgba(26, 42, 87, 0.05); display: flex; flex-direction: column;\">\n            <div style=\"display: flex; align-items: center; justify-content: center; gap: 8px; margin-bottom: 20px;\">\n                <span style=\"font-size: 22px; line-height: 1;\">\u2744\ufe0f<\/span>\n                <strong style=\"color: #1a2a57; font-size: 16px; text-transform: uppercase;\">Inverno<\/strong>\n            <\/div>\n            <div style=\"margin-bottom: auto;\">\n                <div style=\"text-align: center; font-size: 11px; font-weight: 800; color: #111c3a; text-transform: uppercase; margin-bottom: 5px;\">Junho &#8211; Agosto<\/div>\n                <div style=\"text-align: center; font-size: 26px; font-weight: 900; color: #1a2a57; margin-bottom: 10px;\">8\u00b0C a 22\u00b0C<\/div>\n                <div style=\"text-align: center; font-size: 13px; color: #555; line-height: 1.5; margin-bottom: 15px;\">O frio seco atinge o Campo das Vertentes, garantindo um c\u00e9u azul deslumbrante. Per\u00edodo maravilhoso para curtir o <strong>Inverno Cultural e as ricas igrejas barrocas<\/strong>.<\/div>\n            <\/div>\n            <div style=\"text-align: center;\">\n                <span style=\"display: inline-block; background: #f0f4f8; color: #1a2a57; font-size: 10px; font-weight: 800; padding: 6px 12px; border-radius: 20px; text-transform: uppercase; border: 1px solid #e1e6ef; line-height: 1.4;\">\ud83c\udf24\ufe0f Chuva Baixa<\/span>\n            <\/div>\n        <\/div>\n\n        <div class=\"card-interativo\" style=\"flex: 1 1 calc(25% - 15px); min-width: 200px; border: 1px solid #e1e6ef; border-top: 4px solid #1a2a57; border-radius: 8px; padding: 20px; background: #fff; box-sizing: border-box; box-shadow: 0 4px 10px rgba(26, 42, 87, 0.05); display: flex; flex-direction: column;\">\n            <div style=\"display: flex; align-items: center; justify-content: center; gap: 8px; margin-bottom: 20px;\">\n                <span style=\"font-size: 22px; line-height: 1;\">\ud83c\udf38<\/span>\n                <strong style=\"color: #1a2a57; font-size: 16px; text-transform: uppercase;\">Primavera<\/strong>\n            <\/div>\n            <div style=\"margin-bottom: auto;\">\n                <div style=\"text-align: center; font-size: 11px; font-weight: 800; color: #111c3a; text-transform: uppercase; margin-bottom: 5px;\">Setembro &#8211; Novembro<\/div>\n                <div style=\"text-align: center; font-size: 26px; font-weight: 900; color: #1a2a57; margin-bottom: 10px;\">15\u00b0C a 28\u00b0C<\/div>\n                <div style=\"text-align: center; font-size: 13px; color: #555; line-height: 1.5; margin-bottom: 15px;\">A temperatura sobe e o cen\u00e1rio se enche de vida antes do pico das chuvas. Marque a viagem para fazer o famoso passeio de <strong>Maria Fuma\u00e7a e explorar a Serra de S\u00e3o Jos\u00e9<\/strong>.<\/div>\n            <\/div>\n            <div style=\"text-align: center;\">\n                <span style=\"display: inline-block; background: #f0f4f8; color: #1a2a57; font-size: 10px; font-weight: 800; padding: 6px 12px; border-radius: 20px; text-transform: uppercase; border: 1px solid #e1e6ef; line-height: 1.4;\">\u2601\ufe0f Chuva M\u00e9dia<\/span>\n            <\/div>\n        <\/div>\n        \n    <\/div>\n<\/div>\n\n\n\n<p><em>Temperaturas aproximadas com base no <a href=\"https:\/\/www.climatempo.com.br\/climatologia\/321\/sao-joao-del-rei-mg\" target=\"_blank\" rel=\"noreferrer noopener\"><strong>Climatempo<\/strong><\/a>. Condi\u00e7\u00f5es podem variar.<\/em><\/p>\n\n\n\n<h2 class=\"wp-block-heading\">Ou\u00e7a os sinos antes que o dia acabe<\/h2>\n\n\n\n<p>S\u00e3o Jo\u00e3o del-Rei \u00e9 uma das raras cidades brasileiras onde o barroco n\u00e3o virou cen\u00e1rio congelado. As orquestras tocam, os sinos comunicam, a Maria Fuma\u00e7a apita e a comida chega quente na mesa de botecos que existem h\u00e1 gera\u00e7\u00f5es. Tudo isso com universidade federal, custo acess\u00edvel e montanhas no horizonte.<\/p>\n\n\n\n<p>Voc\u00ea precisa caminhar pelas ruas de pedra no fim da tarde, quando o bronze das torres come\u00e7a a conversar, e entender por que os s\u00e3o-joanenses dizem que aqui o tempo se ouve.<\/p>\n","protected":false},"excerpt":{"rendered":"<p>Os sinos ainda falam em S\u00e3o Jo\u00e3o del-Rei. A 185 km de Belo Horizonte, no cora\u00e7\u00e3o do Campo das Vertentes, uma cidade de 94 mil habitantes mant\u00e9m vivos rituais sonoros do s\u00e9culo XVIII que nenhuma outra localidade brasileira conseguiu preservar com tanta intensidade. Por que os sinos desta cidade s\u00e3o patrim\u00f4nio nacional Em 2009, o [&hellip;]<\/p>\n","protected":false},"author":6,"featured_media":142905,"comment_status":"open","ping_status":"open","sticky":false,"template":"","format":"standard","meta":{"jnews-multi-image_gallery":[],"jnews_single_post":{"format":"standard"},"jnews_primary_category":[],"jnews_social_meta":[],"jnews_override_counter":[],"footnotes":""},"categories":[26],"tags":[183,207,962],"class_list":["post-179235","post","type-post","status-publish","format-standard","has-post-thumbnail","hentry","category-cidades","tag-cidades","tag-minas-gerais","tag-sao-joao-del-rei"],"yoast_head":"<!-- This site is optimized with the Yoast SEO plugin v23.8 - https:\/\/yoast.com\/wordpress\/plugins\/seo\/ -->\n<title>A 185 km de Belo Horizonte, mais de 40 toques de sino e a orquestra mais antiga das Am\u00e9ricas: a cidade mineira que o ouro n\u00e3o conseguiu calar - Estado de Minas - Em foco<\/title>\n<meta name=\"description\" content=\"A 185 km de Belo Horizonte, essa cidade mineira mant\u00e9m viva uma tradi\u00e7\u00e3o rara de sinos e m\u00fasica que atravessa s\u00e9culos de hist\u00f3ria.\" \/>\n<meta name=\"robots\" content=\"index, follow, max-snippet:-1, max-image-preview:large, max-video-preview:-1\" \/>\n<link rel=\"canonical\" href=\"https:\/\/www.em.com.br\/emfoco\/2026\/03\/09\/a-185-km-de-belo-horizonte-mais-de-40-toques-de-sino-e-a-orquestra-mais-antiga-das-americas-a-cidade-mineira-que-o-ouro-nao-conseguiu-calar\/\" \/>\n<meta property=\"og:locale\" content=\"pt_BR\" \/>\n<meta property=\"og:type\" content=\"article\" \/>\n<meta property=\"og:title\" content=\"A 185 km de Belo Horizonte, mais de 40 toques de sino e a orquestra mais antiga das Am\u00e9ricas: a cidade mineira que o ouro n\u00e3o conseguiu calar - Estado de Minas - Em foco\" \/>\n<meta property=\"og:description\" content=\"A 185 km de Belo Horizonte, essa cidade mineira mant\u00e9m viva uma tradi\u00e7\u00e3o rara de sinos e m\u00fasica que atravessa s\u00e9culos de hist\u00f3ria.\" \/>\n<meta property=\"og:url\" content=\"https:\/\/www.em.com.br\/emfoco\/2026\/03\/09\/a-185-km-de-belo-horizonte-mais-de-40-toques-de-sino-e-a-orquestra-mais-antiga-das-americas-a-cidade-mineira-que-o-ouro-nao-conseguiu-calar\/\" \/>\n<meta property=\"og:site_name\" content=\"Estado de Minas - Em foco\" \/>\n<meta property=\"article:published_time\" content=\"2026-03-09T13:35:00+00:00\" \/>\n<meta property=\"article:modified_time\" content=\"2026-03-09T12:44:32+00:00\" \/>\n<meta property=\"og:image\" content=\"https:\/\/www.em.com.br\/emfoco\/wp-content\/uploads\/2025\/12\/Sao-Joao-del-Rei_1765669986711.jpg\" \/>\n\t<meta property=\"og:image:width\" content=\"1280\" \/>\n\t<meta property=\"og:image:height\" content=\"720\" \/>\n\t<meta property=\"og:image:type\" content=\"image\/jpeg\" \/>\n<meta name=\"author\" content=\"Vitor Bruno\" \/>\n<meta name=\"twitter:card\" content=\"summary_large_image\" \/>\n<meta name=\"twitter:label1\" content=\"Escrito por\" \/>\n\t<meta name=\"twitter:data1\" content=\"Vitor Bruno\" \/>\n\t<meta name=\"twitter:label2\" content=\"Est. tempo de leitura\" \/>\n\t<meta name=\"twitter:data2\" content=\"7 minutos\" \/>\n<!-- \/ Yoast SEO plugin. -->","yoast_head_json":{"title":"A 185 km de Belo Horizonte, mais de 40 toques de sino e a orquestra mais antiga das Am\u00e9ricas: a cidade mineira que o ouro n\u00e3o conseguiu calar - Estado de Minas - Em foco","description":"A 185 km de Belo Horizonte, essa cidade mineira mant\u00e9m viva uma tradi\u00e7\u00e3o rara de sinos e m\u00fasica que atravessa s\u00e9culos de hist\u00f3ria.","robots":{"index":"index","follow":"follow","max-snippet":"max-snippet:-1","max-image-preview":"max-image-preview:large","max-video-preview":"max-video-preview:-1"},"canonical":"https:\/\/www.em.com.br\/emfoco\/2026\/03\/09\/a-185-km-de-belo-horizonte-mais-de-40-toques-de-sino-e-a-orquestra-mais-antiga-das-americas-a-cidade-mineira-que-o-ouro-nao-conseguiu-calar\/","og_locale":"pt_BR","og_type":"article","og_title":"A 185 km de Belo Horizonte, mais de 40 toques de sino e a orquestra mais antiga das Am\u00e9ricas: a cidade mineira que o ouro n\u00e3o conseguiu calar - Estado de Minas - Em foco","og_description":"A 185 km de Belo Horizonte, essa cidade mineira mant\u00e9m viva uma tradi\u00e7\u00e3o rara de sinos e m\u00fasica que atravessa s\u00e9culos de hist\u00f3ria.","og_url":"https:\/\/www.em.com.br\/emfoco\/2026\/03\/09\/a-185-km-de-belo-horizonte-mais-de-40-toques-de-sino-e-a-orquestra-mais-antiga-das-americas-a-cidade-mineira-que-o-ouro-nao-conseguiu-calar\/","og_site_name":"Estado de Minas - Em foco","article_published_time":"2026-03-09T13:35:00+00:00","article_modified_time":"2026-03-09T12:44:32+00:00","og_image":[{"width":1280,"height":720,"url":"https:\/\/www.em.com.br\/emfoco\/wp-content\/uploads\/2025\/12\/Sao-Joao-del-Rei_1765669986711.jpg","type":"image\/jpeg"}],"author":"Vitor Bruno","twitter_card":"summary_large_image","twitter_misc":{"Escrito por":"Vitor Bruno","Est. tempo de leitura":"7 minutos"},"schema":{"@context":"https:\/\/schema.org","@graph":[{"@type":"WebPage","@id":"https:\/\/www.em.com.br\/emfoco\/2026\/03\/09\/a-185-km-de-belo-horizonte-mais-de-40-toques-de-sino-e-a-orquestra-mais-antiga-das-americas-a-cidade-mineira-que-o-ouro-nao-conseguiu-calar\/","url":"https:\/\/www.em.com.br\/emfoco\/2026\/03\/09\/a-185-km-de-belo-horizonte-mais-de-40-toques-de-sino-e-a-orquestra-mais-antiga-das-americas-a-cidade-mineira-que-o-ouro-nao-conseguiu-calar\/","name":"A 185 km de Belo Horizonte, mais de 40 toques de sino e a orquestra mais antiga das Am\u00e9ricas: a cidade mineira que o ouro n\u00e3o conseguiu calar - Estado de Minas - Em foco","isPartOf":{"@id":"https:\/\/www.em.com.br\/emfoco\/#website"},"primaryImageOfPage":{"@id":"https:\/\/www.em.com.br\/emfoco\/2026\/03\/09\/a-185-km-de-belo-horizonte-mais-de-40-toques-de-sino-e-a-orquestra-mais-antiga-das-americas-a-cidade-mineira-que-o-ouro-nao-conseguiu-calar\/#primaryimage"},"image":{"@id":"https:\/\/www.em.com.br\/emfoco\/2026\/03\/09\/a-185-km-de-belo-horizonte-mais-de-40-toques-de-sino-e-a-orquestra-mais-antiga-das-americas-a-cidade-mineira-que-o-ouro-nao-conseguiu-calar\/#primaryimage"},"thumbnailUrl":"https:\/\/www.em.com.br\/emfoco\/wp-content\/uploads\/2025\/12\/Sao-Joao-del-Rei_1765669986711.jpg","datePublished":"2026-03-09T13:35:00+00:00","dateModified":"2026-03-09T12:44:32+00:00","author":{"@id":"https:\/\/www.em.com.br\/emfoco\/#\/schema\/person\/364ac1852fafd00f1be20f0b8b237569"},"description":"A 185 km de Belo Horizonte, essa cidade mineira mant\u00e9m viva uma tradi\u00e7\u00e3o rara de sinos e m\u00fasica que atravessa s\u00e9culos de hist\u00f3ria.","breadcrumb":{"@id":"https:\/\/www.em.com.br\/emfoco\/2026\/03\/09\/a-185-km-de-belo-horizonte-mais-de-40-toques-de-sino-e-a-orquestra-mais-antiga-das-americas-a-cidade-mineira-que-o-ouro-nao-conseguiu-calar\/#breadcrumb"},"inLanguage":"pt-BR","potentialAction":[{"@type":"ReadAction","target":["https:\/\/www.em.com.br\/emfoco\/2026\/03\/09\/a-185-km-de-belo-horizonte-mais-de-40-toques-de-sino-e-a-orquestra-mais-antiga-das-americas-a-cidade-mineira-que-o-ouro-nao-conseguiu-calar\/"]}]},{"@type":"ImageObject","inLanguage":"pt-BR","@id":"https:\/\/www.em.com.br\/emfoco\/2026\/03\/09\/a-185-km-de-belo-horizonte-mais-de-40-toques-de-sino-e-a-orquestra-mais-antiga-das-americas-a-cidade-mineira-que-o-ouro-nao-conseguiu-calar\/#primaryimage","url":"https:\/\/www.em.com.br\/emfoco\/wp-content\/uploads\/2025\/12\/Sao-Joao-del-Rei_1765669986711.jpg","contentUrl":"https:\/\/www.em.com.br\/emfoco\/wp-content\/uploads\/2025\/12\/Sao-Joao-del-Rei_1765669986711.jpg","width":1280,"height":720,"caption":"S\u00e3o Jo\u00e3o del Rei combina patrim\u00f4nio hist\u00f3rico, sinos ic\u00f4nicos e serenidade \/\/ Cr\u00e9ditos: depositphotos.com \/ diegograndi"},{"@type":"BreadcrumbList","@id":"https:\/\/www.em.com.br\/emfoco\/2026\/03\/09\/a-185-km-de-belo-horizonte-mais-de-40-toques-de-sino-e-a-orquestra-mais-antiga-das-americas-a-cidade-mineira-que-o-ouro-nao-conseguiu-calar\/#breadcrumb","itemListElement":[{"@type":"ListItem","position":1,"name":"In\u00edcio","item":"https:\/\/www.em.com.br\/emfoco\/"},{"@type":"ListItem","position":2,"name":"A 185 km de Belo Horizonte, mais de 40 toques de sino e a orquestra mais antiga das Am\u00e9ricas: a cidade mineira que o ouro n\u00e3o conseguiu calar"}]},{"@type":"WebSite","@id":"https:\/\/www.em.com.br\/emfoco\/#website","url":"https:\/\/www.em.com.br\/emfoco\/","name":"Estado de Minas - Em foco","description":"Acompanhe as \u00faltimas not\u00edcias e fique bem informado sobre tudo o que acontece em Minas Gerais, Brasil e no mundo.","potentialAction":[{"@type":"SearchAction","target":{"@type":"EntryPoint","urlTemplate":"https:\/\/www.em.com.br\/emfoco\/?s={search_term_string}"},"query-input":{"@type":"PropertyValueSpecification","valueRequired":true,"valueName":"search_term_string"}}],"inLanguage":"pt-BR"},{"@type":"Person","@id":"https:\/\/www.em.com.br\/emfoco\/#\/schema\/person\/364ac1852fafd00f1be20f0b8b237569","name":"Vitor Bruno","image":{"@type":"ImageObject","inLanguage":"pt-BR","@id":"https:\/\/www.em.com.br\/emfoco\/#\/schema\/person\/image\/","url":"https:\/\/secure.gravatar.com\/avatar\/b719e5cdede09f942064960883b5524d?s=96&d=mm&r=g","contentUrl":"https:\/\/secure.gravatar.com\/avatar\/b719e5cdede09f942064960883b5524d?s=96&d=mm&r=g","caption":"Vitor Bruno"},"sameAs":["https:\/\/www.em.com.br\/emfoco\/"],"url":"https:\/\/www.em.com.br\/emfoco\/author\/vitormyth\/"}]}},"_links":{"self":[{"href":"https:\/\/www.em.com.br\/emfoco\/wp-json\/wp\/v2\/posts\/179235","targetHints":{"allow":["GET"]}}],"collection":[{"href":"https:\/\/www.em.com.br\/emfoco\/wp-json\/wp\/v2\/posts"}],"about":[{"href":"https:\/\/www.em.com.br\/emfoco\/wp-json\/wp\/v2\/types\/post"}],"author":[{"embeddable":true,"href":"https:\/\/www.em.com.br\/emfoco\/wp-json\/wp\/v2\/users\/6"}],"replies":[{"embeddable":true,"href":"https:\/\/www.em.com.br\/emfoco\/wp-json\/wp\/v2\/comments?post=179235"}],"version-history":[{"count":4,"href":"https:\/\/www.em.com.br\/emfoco\/wp-json\/wp\/v2\/posts\/179235\/revisions"}],"predecessor-version":[{"id":179269,"href":"https:\/\/www.em.com.br\/emfoco\/wp-json\/wp\/v2\/posts\/179235\/revisions\/179269"}],"wp:featuredmedia":[{"embeddable":true,"href":"https:\/\/www.em.com.br\/emfoco\/wp-json\/wp\/v2\/media\/142905"}],"wp:attachment":[{"href":"https:\/\/www.em.com.br\/emfoco\/wp-json\/wp\/v2\/media?parent=179235"}],"wp:term":[{"taxonomy":"category","embeddable":true,"href":"https:\/\/www.em.com.br\/emfoco\/wp-json\/wp\/v2\/categories?post=179235"},{"taxonomy":"post_tag","embeddable":true,"href":"https:\/\/www.em.com.br\/emfoco\/wp-json\/wp\/v2\/tags?post=179235"}],"curies":[{"name":"wp","href":"https:\/\/api.w.org\/{rel}","templated":true}]}}