{"id":179214,"date":"2026-03-10T18:25:00","date_gmt":"2026-03-10T21:25:00","guid":{"rendered":"https:\/\/www.em.com.br\/emfoco\/?p=179214"},"modified":"2026-03-09T16:46:57","modified_gmt":"2026-03-09T19:46:57","slug":"descobri-um-salgado-de-frango-saudavel-com-batata-e-aveia-que-fica-leve-rende-bem-e-ainda-pode-ser-congelado","status":"publish","type":"post","link":"https:\/\/www.em.com.br\/emfoco\/2026\/03\/10\/descobri-um-salgado-de-frango-saudavel-com-batata-e-aveia-que-fica-leve-rende-bem-e-ainda-pode-ser-congelado\/","title":{"rendered":"Descobri um salgado de frango saud\u00e1vel com batata e aveia que fica leve, rende bem e ainda pode ser congelado"},"content":{"rendered":"\n<p>Um salgado de frango saud\u00e1vel, feito com poucos ingredientes e bem f\u00e1cil de preparar, vem ganhando espa\u00e7o no dia a dia de quem quer comer melhor sem perder tempo na cozinha. A combina\u00e7\u00e3o de batata, aveia e frango desfiado rende uma massa leve, saborosa e sem farinha de trigo, perfeita para lanches r\u00e1pidos, jantares pr\u00e1ticos e marmitas da semana.<\/p>\n\n\n\n<h2 class=\"wp-block-heading\">Por que o salgado de frango saud\u00e1vel \u00e9 t\u00e3o pr\u00e1tico e vantajoso<\/h2>\n\n\n\n<p>A proposta desse salgado \u00e9 ajudar quem precisa ter algo pronto ou f\u00e1cil de congelar, evitando apelar para op\u00e7\u00f5es ultraprocessadas. O recheio de frango desfiado pode ser feito com anteced\u00eancia, separado em por\u00e7\u00f5es e armazenado no freezer, pronto para ser usado quando a rotina aperta.<\/p>\n\n\n\n<p>O resultado \u00e9 um lanche vers\u00e1til, que pode ser consumido quente ou frio, acompanhado de <a href=\"https:\/\/www.em.com.br\/emfoco\/2025\/10\/19\/adeus-as-saladas-sem-graca-com-essa-receita-completa-e-saborosa\/\" target=\"_blank\" rel=\"noreferrer noopener\">saladas<\/a>, legumes ou at\u00e9 de um caf\u00e9 da tarde refor\u00e7ado. Com um pouco de organiza\u00e7\u00e3o, ele vira um curinga do card\u00e1pio, ajudando a manter a alimenta\u00e7\u00e3o em ordem durante a semana.<\/p>\n\n\n\n<figure class=\"wp-block-image size-large\"><img loading=\"lazy\" decoding=\"async\" width=\"1024\" height=\"576\" src=\"https:\/\/www.em.com.br\/emfoco\/wp-content\/uploads\/2026\/03\/ChatGPT-Image-8-de-mar.-de-2026-16_26_12-1-1024x576.png\" alt=\"O lanche saud\u00e1vel que facilita a rotina\" class=\"wp-image-179216\" srcset=\"https:\/\/www.em.com.br\/emfoco\/wp-content\/uploads\/2026\/03\/ChatGPT-Image-8-de-mar.-de-2026-16_26_12-1-1024x576.png 1024w, https:\/\/www.em.com.br\/emfoco\/wp-content\/uploads\/2026\/03\/ChatGPT-Image-8-de-mar.-de-2026-16_26_12-1-300x169.png 300w, https:\/\/www.em.com.br\/emfoco\/wp-content\/uploads\/2026\/03\/ChatGPT-Image-8-de-mar.-de-2026-16_26_12-1-768x432.png 768w, https:\/\/www.em.com.br\/emfoco\/wp-content\/uploads\/2026\/03\/ChatGPT-Image-8-de-mar.-de-2026-16_26_12-1-750x422.png 750w, https:\/\/www.em.com.br\/emfoco\/wp-content\/uploads\/2026\/03\/ChatGPT-Image-8-de-mar.-de-2026-16_26_12-1-1140x641.png 1140w, https:\/\/www.em.com.br\/emfoco\/wp-content\/uploads\/2026\/03\/ChatGPT-Image-8-de-mar.-de-2026-16_26_12-1.png 1280w\" sizes=\"auto, (max-width: 1024px) 100vw, 1024px\" \/><figcaption class=\"wp-element-caption\">O lanche saud\u00e1vel que facilita a rotina<\/figcaption><\/figure>\n\n\n\n<h2 class=\"wp-block-heading\">Quais s\u00e3o os diferenciais do salgado de frango saud\u00e1vel<\/h2>\n\n\n\n<p>Diferente de muitos salgados tradicionais, essa vers\u00e3o n\u00e3o leva manteiga, leite ou farinha de trigo na massa, agradando quem busca op\u00e7\u00f5es mais leves ou com menos ingredientes refinados.<\/p>\n\n\n\n<p>A base de batata cozida e farinha de aveia garante estrutura sem deixar o preparo pesado. O frango desfiado aceita v\u00e1rios tipos de temperos, legumes picados e at\u00e9 um pouco de queijo magro, permitindo criar sabores diferentes com a mesma receita, em formatos como bolinhos, croquetes ou mini-hamb\u00fargueres, assados ou feitos na airfryer.<\/p>\n\n\n\n<h2 class=\"wp-block-heading\">Como preparar o salgado de frango saud\u00e1vel passo a passo<\/h2>\n\n\n\n<p>Para funcionar bem no cotidiano, a receita precisa ser simples e bem organizada. A seguir, voc\u00ea confere um passo a passo direto, com ingredientes acess\u00edveis e um modo de preparo ideal para fazer em maior quantidade e aproveitar ao longo da semana.<\/p>\n\n\n\n<p><strong>Ingredientes da massa<\/strong>:<\/p>\n\n\n\n<ul class=\"wp-block-list\">\n<li>2 batatas m\u00e9dias cozidas e amassadas<\/li>\n\n\n\n<li>3 a 5 colheres de sopa de farinha de aveia (ajustar at\u00e9 dar ponto)<\/li>\n\n\n\n<li>Sal a gosto<\/li>\n\n\n\n<li>Temperos opcionais: pimenta-do-reino, alho em p\u00f3, cebola em p\u00f3, p\u00e1prica<\/li>\n<\/ul>\n\n\n\n<p><strong>Ingredientes do recheio<\/strong>:<\/p>\n\n\n\n<ul class=\"wp-block-list\">\n<li>1 peito de frango cozido e desfiado<\/li>\n\n\n\n<li>1 fio de azeite<\/li>\n\n\n\n<li>1\/2 cebola picada<\/li>\n\n\n\n<li>2 dentes de alho picados<\/li>\n\n\n\n<li>Sal e temperos a gosto (salsinha, cebolinha, p\u00e1prica, or\u00e9gano, c\u00farcuma)<\/li>\n<\/ul>\n\n\n\n<ol class=\"wp-block-list\">\n<li><strong>Preparar o recheio<\/strong>: em uma panela, aquecer o azeite, refogar cebola e alho at\u00e9 dourar levemente e acrescentar o frango desfiado. Temperar com sal e ervas, misturar bem e reservar para esfriar.<\/li>\n\n\n\n<li><strong>Fazer a massa<\/strong>: em um recipiente, juntar a batata amassada, o sal e os temperos secos. Adicionar a farinha de aveia aos poucos, mexendo at\u00e9 obter uma massa que n\u00e3o grude nas m\u00e3os, mas continue macia.<\/li>\n\n\n\n<li><strong>Modelar os salgados<\/strong>: pegar pequenas por\u00e7\u00f5es da massa, abrir na palma da m\u00e3o, colocar o recheio de frango no centro e fechar, formando o formato desejado.<\/li>\n\n\n\n<li><strong>Assar ou usar airfryer<\/strong>: dispor os salgados em assadeira untada ou na cesta da airfryer. Assar em forno m\u00e9dio ou na airfryer, em temperatura em torno de 180\u202f\u00b0C, at\u00e9 dourar por fora.<\/li>\n<\/ol>\n\n\n\n<figure class=\"wp-block-image size-large\"><img loading=\"lazy\" decoding=\"async\" width=\"1024\" height=\"576\" src=\"https:\/\/www.em.com.br\/emfoco\/wp-content\/uploads\/2026\/03\/ChatGPT-Image-8-de-mar.-de-2026-16_27_44-1-1024x576.png\" alt=\"O lanche saud\u00e1vel que facilita a rotina\" class=\"wp-image-179218\" srcset=\"https:\/\/www.em.com.br\/emfoco\/wp-content\/uploads\/2026\/03\/ChatGPT-Image-8-de-mar.-de-2026-16_27_44-1-1024x576.png 1024w, https:\/\/www.em.com.br\/emfoco\/wp-content\/uploads\/2026\/03\/ChatGPT-Image-8-de-mar.-de-2026-16_27_44-1-300x169.png 300w, https:\/\/www.em.com.br\/emfoco\/wp-content\/uploads\/2026\/03\/ChatGPT-Image-8-de-mar.-de-2026-16_27_44-1-768x432.png 768w, https:\/\/www.em.com.br\/emfoco\/wp-content\/uploads\/2026\/03\/ChatGPT-Image-8-de-mar.-de-2026-16_27_44-1-750x422.png 750w, https:\/\/www.em.com.br\/emfoco\/wp-content\/uploads\/2026\/03\/ChatGPT-Image-8-de-mar.-de-2026-16_27_44-1-1140x641.png 1140w, https:\/\/www.em.com.br\/emfoco\/wp-content\/uploads\/2026\/03\/ChatGPT-Image-8-de-mar.-de-2026-16_27_44-1.png 1280w\" sizes=\"auto, (max-width: 1024px) 100vw, 1024px\" \/><figcaption class=\"wp-element-caption\">O lanche saud\u00e1vel que facilita a rotina<\/figcaption><\/figure>\n\n\n\n<h2 class=\"wp-block-heading\">Quais cuidados deixam o salgado de frango ainda mais saud\u00e1vel<\/h2>\n\n\n\n<p>Alguns ajustes simples ajudam a manter o&nbsp;<strong>salgado de frango saud\u00e1vel<\/strong>&nbsp;dentro de uma proposta mais equilibrada. Priorizar forno ou airfryer no lugar da fritura por imers\u00e3o reduz bastante o uso de gordura. J\u00e1 o sal pode ser moderado com o apoio de ervas frescas, especiarias e temperos naturais.<\/p>\n\n\n\n<p>Para turbinar o valor nutricional, vale incluir ingredientes ricos em fibras e nutrientes, tanto na massa quanto no recheio, mantendo a praticidade da receita no dia a dia.<\/p>\n\n\n\n<ul class=\"wp-block-list\">\n<li>Adicionar aveia em flocos finos, cenoura ralada ou ervilha ao recheio.<\/li>\n\n\n\n<li>Usar legumes cozidos e bem picados para aumentar o volume sem pesar nas calorias.<\/li>\n\n\n\n<li>Congelar os salgados crus em assadeira, separados, e depois transferir para sacos ou potes etiquetados.<\/li>\n\n\n\n<li>Assar direto do congelador, apenas aumentando alguns minutos no tempo de forno ou airfryer.<\/li>\n<\/ul>\n\n\n\n<h2 class=\"wp-block-heading\">Como incluir o salgado de frango saud\u00e1vel na rotina com mais estrat\u00e9gia<\/h2>\n\n\n\n<p>Esse tipo de receita se encaixa em v\u00e1rios momentos do dia: lanche da tarde com salada verde, parte do jantar com legumes refogados ou op\u00e7\u00e3o r\u00e1pida para levar ao trabalho. A combina\u00e7\u00e3o de carboidrato da batata, prote\u00edna do frango e<a href=\"https:\/\/www.tuasaude.com\/aveia\/\" target=\"_blank\" rel=\"noreferrer noopener\"> fibras da aveia <\/a>torna o salgado mais completo e saciante.<\/p>\n\n\n\n<p>N\u00e3o deixe para depois: escolha um dia ainda nesta semana para preparar uma leva de salgados, congelar e garantir op\u00e7\u00f5es saud\u00e1veis sempre \u00e0 m\u00e3o. Cada fornada pronta \u00e9 um passo a mais para fugir dos ultraprocessados e cuidar da sua sa\u00fade de forma simples, saborosa e imediata.<\/p>\n\n\n\n<p><\/p>\n","protected":false},"excerpt":{"rendered":"<p>Um salgado de frango saud\u00e1vel, feito com poucos ingredientes e bem f\u00e1cil de preparar, vem ganhando espa\u00e7o no dia a dia de quem quer comer melhor sem perder tempo na cozinha. A combina\u00e7\u00e3o de batata, aveia e frango desfiado rende uma massa leve, saborosa e sem farinha de trigo, perfeita para lanches r\u00e1pidos, jantares pr\u00e1ticos [&hellip;]<\/p>\n","protected":false},"author":11,"featured_media":179217,"comment_status":"open","ping_status":"open","sticky":false,"template":"","format":"standard","meta":{"jnews-multi-image_gallery":[],"jnews_single_post":{"format":"standard"},"jnews_primary_category":[],"jnews_social_meta":[],"jnews_override_counter":[],"footnotes":""},"categories":[8819,1],"tags":[25896,3440,25895],"class_list":["post-179214","post","type-post","status-publish","format-standard","has-post-thumbnail","hentry","category-curiosidades","category-noticias","tag-lanches-e-marmitas","tag-receita","tag-salgado-de-frango"],"yoast_head":"<!-- This site is optimized with the Yoast SEO plugin v23.8 - https:\/\/yoast.com\/wordpress\/plugins\/seo\/ -->\n<title>Descobri um salgado de frango saud\u00e1vel com batata e aveia que fica leve, rende bem e ainda pode ser congelado - Estado de Minas - Em foco<\/title>\n<meta name=\"description\" content=\"O salgado de frango saud\u00e1vel com batata e aveia \u00e9 f\u00e1cil de fazer, sem farinha de trigo e perfeito para lanches e marmitas.\" \/>\n<meta name=\"robots\" content=\"index, follow, max-snippet:-1, max-image-preview:large, max-video-preview:-1\" \/>\n<link rel=\"canonical\" href=\"https:\/\/www.em.com.br\/emfoco\/2026\/03\/10\/descobri-um-salgado-de-frango-saudavel-com-batata-e-aveia-que-fica-leve-rende-bem-e-ainda-pode-ser-congelado\/\" \/>\n<meta property=\"og:locale\" content=\"pt_BR\" \/>\n<meta property=\"og:type\" content=\"article\" \/>\n<meta property=\"og:title\" content=\"Descobri um salgado de frango saud\u00e1vel com batata e aveia que fica leve, rende bem e ainda pode ser congelado - Estado de Minas - Em foco\" \/>\n<meta property=\"og:description\" content=\"O salgado de frango saud\u00e1vel com batata e aveia \u00e9 f\u00e1cil de fazer, sem farinha de trigo e perfeito para lanches e marmitas.\" \/>\n<meta property=\"og:url\" content=\"https:\/\/www.em.com.br\/emfoco\/2026\/03\/10\/descobri-um-salgado-de-frango-saudavel-com-batata-e-aveia-que-fica-leve-rende-bem-e-ainda-pode-ser-congelado\/\" \/>\n<meta property=\"og:site_name\" content=\"Estado de Minas - Em foco\" \/>\n<meta property=\"article:published_time\" content=\"2026-03-10T21:25:00+00:00\" \/>\n<meta property=\"article:modified_time\" content=\"2026-03-09T19:46:57+00:00\" \/>\n<meta property=\"og:image\" content=\"https:\/\/www.em.com.br\/emfoco\/wp-content\/uploads\/2026\/03\/Gemini_Generated_Image_pv3fc0pv3fc0pv3f-1.png\" \/>\n\t<meta property=\"og:image:width\" content=\"1280\" \/>\n\t<meta property=\"og:image:height\" content=\"720\" \/>\n\t<meta property=\"og:image:type\" content=\"image\/png\" \/>\n<meta name=\"author\" content=\"Andre\u0301 Rangel\u00a0\" \/>\n<meta name=\"twitter:card\" content=\"summary_large_image\" \/>\n<meta name=\"twitter:label1\" content=\"Escrito por\" \/>\n\t<meta name=\"twitter:data1\" content=\"Andre\u0301 Rangel\u00a0\" \/>\n\t<meta name=\"twitter:label2\" content=\"Est. tempo de leitura\" \/>\n\t<meta name=\"twitter:data2\" content=\"5 minutos\" \/>\n<!-- \/ Yoast SEO plugin. -->","yoast_head_json":{"title":"Descobri um salgado de frango saud\u00e1vel com batata e aveia que fica leve, rende bem e ainda pode ser congelado - Estado de Minas - Em foco","description":"O salgado de frango saud\u00e1vel com batata e aveia \u00e9 f\u00e1cil de fazer, sem farinha de trigo e perfeito para lanches e marmitas.","robots":{"index":"index","follow":"follow","max-snippet":"max-snippet:-1","max-image-preview":"max-image-preview:large","max-video-preview":"max-video-preview:-1"},"canonical":"https:\/\/www.em.com.br\/emfoco\/2026\/03\/10\/descobri-um-salgado-de-frango-saudavel-com-batata-e-aveia-que-fica-leve-rende-bem-e-ainda-pode-ser-congelado\/","og_locale":"pt_BR","og_type":"article","og_title":"Descobri um salgado de frango saud\u00e1vel com batata e aveia que fica leve, rende bem e ainda pode ser congelado - Estado de Minas - Em foco","og_description":"O salgado de frango saud\u00e1vel com batata e aveia \u00e9 f\u00e1cil de fazer, sem farinha de trigo e perfeito para lanches e marmitas.","og_url":"https:\/\/www.em.com.br\/emfoco\/2026\/03\/10\/descobri-um-salgado-de-frango-saudavel-com-batata-e-aveia-que-fica-leve-rende-bem-e-ainda-pode-ser-congelado\/","og_site_name":"Estado de Minas - Em foco","article_published_time":"2026-03-10T21:25:00+00:00","article_modified_time":"2026-03-09T19:46:57+00:00","og_image":[{"width":1280,"height":720,"url":"https:\/\/www.em.com.br\/emfoco\/wp-content\/uploads\/2026\/03\/Gemini_Generated_Image_pv3fc0pv3fc0pv3f-1.png","type":"image\/png"}],"author":"Andre\u0301 Rangel\u00a0","twitter_card":"summary_large_image","twitter_misc":{"Escrito por":"Andre\u0301 Rangel\u00a0","Est. tempo de leitura":"5 minutos"},"schema":{"@context":"https:\/\/schema.org","@graph":[{"@type":"WebPage","@id":"https:\/\/www.em.com.br\/emfoco\/2026\/03\/10\/descobri-um-salgado-de-frango-saudavel-com-batata-e-aveia-que-fica-leve-rende-bem-e-ainda-pode-ser-congelado\/","url":"https:\/\/www.em.com.br\/emfoco\/2026\/03\/10\/descobri-um-salgado-de-frango-saudavel-com-batata-e-aveia-que-fica-leve-rende-bem-e-ainda-pode-ser-congelado\/","name":"Descobri um salgado de frango saud\u00e1vel com batata e aveia que fica leve, rende bem e ainda pode ser congelado - Estado de Minas - Em foco","isPartOf":{"@id":"https:\/\/www.em.com.br\/emfoco\/#website"},"primaryImageOfPage":{"@id":"https:\/\/www.em.com.br\/emfoco\/2026\/03\/10\/descobri-um-salgado-de-frango-saudavel-com-batata-e-aveia-que-fica-leve-rende-bem-e-ainda-pode-ser-congelado\/#primaryimage"},"image":{"@id":"https:\/\/www.em.com.br\/emfoco\/2026\/03\/10\/descobri-um-salgado-de-frango-saudavel-com-batata-e-aveia-que-fica-leve-rende-bem-e-ainda-pode-ser-congelado\/#primaryimage"},"thumbnailUrl":"https:\/\/www.em.com.br\/emfoco\/wp-content\/uploads\/2026\/03\/Gemini_Generated_Image_pv3fc0pv3fc0pv3f-1.png","datePublished":"2026-03-10T21:25:00+00:00","dateModified":"2026-03-09T19:46:57+00:00","author":{"@id":"https:\/\/www.em.com.br\/emfoco\/#\/schema\/person\/60eda09c1fedf0d6891f4cef4b60b8b8"},"description":"O salgado de frango saud\u00e1vel com batata e aveia \u00e9 f\u00e1cil de fazer, sem farinha de trigo e perfeito para lanches e marmitas.","breadcrumb":{"@id":"https:\/\/www.em.com.br\/emfoco\/2026\/03\/10\/descobri-um-salgado-de-frango-saudavel-com-batata-e-aveia-que-fica-leve-rende-bem-e-ainda-pode-ser-congelado\/#breadcrumb"},"inLanguage":"pt-BR","potentialAction":[{"@type":"ReadAction","target":["https:\/\/www.em.com.br\/emfoco\/2026\/03\/10\/descobri-um-salgado-de-frango-saudavel-com-batata-e-aveia-que-fica-leve-rende-bem-e-ainda-pode-ser-congelado\/"]}]},{"@type":"ImageObject","inLanguage":"pt-BR","@id":"https:\/\/www.em.com.br\/emfoco\/2026\/03\/10\/descobri-um-salgado-de-frango-saudavel-com-batata-e-aveia-que-fica-leve-rende-bem-e-ainda-pode-ser-congelado\/#primaryimage","url":"https:\/\/www.em.com.br\/emfoco\/wp-content\/uploads\/2026\/03\/Gemini_Generated_Image_pv3fc0pv3fc0pv3f-1.png","contentUrl":"https:\/\/www.em.com.br\/emfoco\/wp-content\/uploads\/2026\/03\/Gemini_Generated_Image_pv3fc0pv3fc0pv3f-1.png","width":1280,"height":720,"caption":"O lanche saud\u00e1vel que facilita a rotina"},{"@type":"BreadcrumbList","@id":"https:\/\/www.em.com.br\/emfoco\/2026\/03\/10\/descobri-um-salgado-de-frango-saudavel-com-batata-e-aveia-que-fica-leve-rende-bem-e-ainda-pode-ser-congelado\/#breadcrumb","itemListElement":[{"@type":"ListItem","position":1,"name":"In\u00edcio","item":"https:\/\/www.em.com.br\/emfoco\/"},{"@type":"ListItem","position":2,"name":"Descobri um salgado de frango saud\u00e1vel com batata e aveia que fica leve, rende bem e ainda pode ser congelado"}]},{"@type":"WebSite","@id":"https:\/\/www.em.com.br\/emfoco\/#website","url":"https:\/\/www.em.com.br\/emfoco\/","name":"Estado de Minas - Em foco","description":"Acompanhe as \u00faltimas not\u00edcias e fique bem informado sobre tudo o que acontece em Minas Gerais, Brasil e no mundo.","potentialAction":[{"@type":"SearchAction","target":{"@type":"EntryPoint","urlTemplate":"https:\/\/www.em.com.br\/emfoco\/?s={search_term_string}"},"query-input":{"@type":"PropertyValueSpecification","valueRequired":true,"valueName":"search_term_string"}}],"inLanguage":"pt-BR"},{"@type":"Person","@id":"https:\/\/www.em.com.br\/emfoco\/#\/schema\/person\/60eda09c1fedf0d6891f4cef4b60b8b8","name":"Andre\u0301 Rangel\u00a0","image":{"@type":"ImageObject","inLanguage":"pt-BR","@id":"https:\/\/www.em.com.br\/emfoco\/#\/schema\/person\/image\/","url":"https:\/\/secure.gravatar.com\/avatar\/6234dc814c77c8ef6d8bba622c787efc?s=96&d=mm&r=g","contentUrl":"https:\/\/secure.gravatar.com\/avatar\/6234dc814c77c8ef6d8bba622c787efc?s=96&d=mm&r=g","caption":"Andre\u0301 Rangel\u00a0"},"url":"https:\/\/www.em.com.br\/emfoco\/author\/luizmyth\/"}]}},"_links":{"self":[{"href":"https:\/\/www.em.com.br\/emfoco\/wp-json\/wp\/v2\/posts\/179214","targetHints":{"allow":["GET"]}}],"collection":[{"href":"https:\/\/www.em.com.br\/emfoco\/wp-json\/wp\/v2\/posts"}],"about":[{"href":"https:\/\/www.em.com.br\/emfoco\/wp-json\/wp\/v2\/types\/post"}],"author":[{"embeddable":true,"href":"https:\/\/www.em.com.br\/emfoco\/wp-json\/wp\/v2\/users\/11"}],"replies":[{"embeddable":true,"href":"https:\/\/www.em.com.br\/emfoco\/wp-json\/wp\/v2\/comments?post=179214"}],"version-history":[{"count":2,"href":"https:\/\/www.em.com.br\/emfoco\/wp-json\/wp\/v2\/posts\/179214\/revisions"}],"predecessor-version":[{"id":179219,"href":"https:\/\/www.em.com.br\/emfoco\/wp-json\/wp\/v2\/posts\/179214\/revisions\/179219"}],"wp:featuredmedia":[{"embeddable":true,"href":"https:\/\/www.em.com.br\/emfoco\/wp-json\/wp\/v2\/media\/179217"}],"wp:attachment":[{"href":"https:\/\/www.em.com.br\/emfoco\/wp-json\/wp\/v2\/media?parent=179214"}],"wp:term":[{"taxonomy":"category","embeddable":true,"href":"https:\/\/www.em.com.br\/emfoco\/wp-json\/wp\/v2\/categories?post=179214"},{"taxonomy":"post_tag","embeddable":true,"href":"https:\/\/www.em.com.br\/emfoco\/wp-json\/wp\/v2\/tags?post=179214"}],"curies":[{"name":"wp","href":"https:\/\/api.w.org\/{rel}","templated":true}]}}