{"id":179199,"date":"2026-03-10T07:35:00","date_gmt":"2026-03-10T10:35:00","guid":{"rendered":"https:\/\/www.em.com.br\/emfoco\/?p=179199"},"modified":"2026-03-09T16:38:13","modified_gmt":"2026-03-09T19:38:13","slug":"adeus-quibe-tradicional-o-salgado-de-abobora-sem-gluten-recheado-com-queijo-que-esta-conquistando-muita-gente","status":"publish","type":"post","link":"https:\/\/www.em.com.br\/emfoco\/2026\/03\/10\/adeus-quibe-tradicional-o-salgado-de-abobora-sem-gluten-recheado-com-queijo-que-esta-conquistando-muita-gente\/","title":{"rendered":"Adeus quibe tradicional: o salgado de ab\u00f3bora sem gl\u00faten recheado com queijo que est\u00e1 conquistando muita gente"},"content":{"rendered":"\n<p>O salgado de ab\u00f3bora com quinoa e sem gl\u00faten vem ganhando espa\u00e7o em cozinhas dom\u00e9sticas e restaurantes que apostam em prepara\u00e7\u00f5es assadas, pr\u00e1ticas e equilibradas. Visualmente lembra um quibe de forno, mas a base vegetal, a presen\u00e7a da quinoa e o recheio de queijo criam um resultado pr\u00f3prio, com textura macia por dentro, camada dourada por fora e uma alternativa interessante para quem busca reduzir frituras sem abrir m\u00e3o de sabor, nutri\u00e7\u00e3o e praticidade no dia a dia.<\/p>\n\n\n\n<h2 class=\"wp-block-heading\">O que torna o salgado de ab\u00f3bora com quinoa e sem gl\u00faten t\u00e3o especial<\/h2>\n\n\n\n<p>A ab\u00f3bora assada confere uma massa \u00famida na medida certa, com sabor mais concentrado em compara\u00e7\u00e3o \u00e0 vers\u00e3o cozida em \u00e1gua.<\/p>\n\n\n\n<p>Ao usar cerca de\u00a0<strong>600 g de ab\u00f3bora<\/strong>, voc\u00ea obt\u00e9m polpa suficiente para formar a massa, sem deix\u00e1-la pesada. Assar a <a href=\"https:\/\/www.em.com.br\/emfoco\/2026\/02\/04\/risoto-de-abobora-com-manteiga-cremoso-aromatico-e-facil-de-preparar-em-casa\/\" target=\"_blank\" rel=\"noreferrer noopener\">ab\u00f3bora <\/a>com um fio de azeite, sal e parte da cabe\u00e7a de alho envolta em papel alum\u00ednio intensifica o sabor, reduz a umidade e ajuda na estrutura do salgado.<\/p>\n\n\n\n<h2 class=\"wp-block-heading\">Como a quinoa e a farinha de aveia melhoram textura e nutri\u00e7\u00e3o<\/h2>\n\n\n\n<p>A quinoa entra como um \u201cesqueleto\u201d da receita:&nbsp;<strong>80 g de quinoa crua<\/strong>&nbsp;(que rendem bem ap\u00f3s o cozimento) fornecem estrutura, ajudam a segurar o recheio e acrescentam prote\u00ednas, fibras e minerais. Isso torna o salgado mais saciante e interessante at\u00e9 como refei\u00e7\u00e3o leve ou lanche p\u00f3s-treino.<\/p>\n\n\n\n<figure class=\"wp-block-image size-large\"><img loading=\"lazy\" decoding=\"async\" width=\"1024\" height=\"576\" src=\"https:\/\/www.em.com.br\/emfoco\/wp-content\/uploads\/2026\/03\/Gemini_Generated_Image_fnab6yfnab6yfnab-1-1024x576.png\" alt=\"\" class=\"wp-image-179204\" srcset=\"https:\/\/www.em.com.br\/emfoco\/wp-content\/uploads\/2026\/03\/Gemini_Generated_Image_fnab6yfnab6yfnab-1-1024x576.png 1024w, https:\/\/www.em.com.br\/emfoco\/wp-content\/uploads\/2026\/03\/Gemini_Generated_Image_fnab6yfnab6yfnab-1-300x169.png 300w, https:\/\/www.em.com.br\/emfoco\/wp-content\/uploads\/2026\/03\/Gemini_Generated_Image_fnab6yfnab6yfnab-1-768x432.png 768w, https:\/\/www.em.com.br\/emfoco\/wp-content\/uploads\/2026\/03\/Gemini_Generated_Image_fnab6yfnab6yfnab-1-750x422.png 750w, https:\/\/www.em.com.br\/emfoco\/wp-content\/uploads\/2026\/03\/Gemini_Generated_Image_fnab6yfnab6yfnab-1-1140x641.png 1140w, https:\/\/www.em.com.br\/emfoco\/wp-content\/uploads\/2026\/03\/Gemini_Generated_Image_fnab6yfnab6yfnab-1.png 1280w\" sizes=\"auto, (max-width: 1024px) 100vw, 1024px\" \/><\/figure>\n\n\n\n<p>O uso de&nbsp;<strong>apenas 25 g de farinha de aveia<\/strong>&nbsp;sem gl\u00faten serve para ajustar o ponto, sem roubar o protagonismo da ab\u00f3bora. Assim, o sabor dos temperos \u2014 alho assado, p\u00e1prica defumada e ervas secas \u2014 aparece mais, mantendo a massa leve, \u00famida e f\u00e1cil de moldar.<\/p>\n\n\n\n<h2 class=\"wp-block-heading\">Como preparar o salgado de ab\u00f3bora com quinoa sem gl\u00faten passo a passo<\/h2>\n\n\n\n<p>Para facilitar o planejamento, o preparo pode ser dividido em etapas, da ab\u00f3bora assada \u00e0 finaliza\u00e7\u00e3o no forno. Isso ajuda a controlar a umidade da massa e garante salgados dourados por fora e com recheio cremoso por dentro, ideais para congelar e assar depois.<\/p>\n\n\n\n<ol class=\"wp-block-list\">\n<li><strong>Assar a ab\u00f3bora<\/strong>: cortar os\u00a0<strong>600 g de ab\u00f3bora<\/strong>\u00a0em cubos, regar com azeite, sal e pimenta e levar ao forno. Aproveite para assar junto a\u00a0<strong>cabe\u00e7a de alho inteira<\/strong>, embrulhada em papel alum\u00ednio ou colocada em um cantinho da assadeira. Asse at\u00e9 a ab\u00f3bora ficar macia e levemente dourada, reduzindo a umidade e concentrando o sabor; o alho deve ficar bem cremoso por dentro.<\/li>\n\n\n\n<li><strong>Cozinhar a quinoa<\/strong>: lavar bem os\u00a0<strong>80 g de <a href=\"https:\/\/www.tuasaude.com\/quinoa-emagrece\/\" target=\"_blank\" rel=\"noreferrer noopener\">quinoa crua<\/a><\/strong>\u00a0em \u00e1gua corrente, esfregando os gr\u00e3os com as m\u00e3os para eliminar a saponina (respons\u00e1vel pelo sabor amargo), escorrer e cozinhar em \u00e1gua quente at\u00e9 ficar macia, mas ainda firme; escorrer o excesso de l\u00edquido e deixar secar levemente em uma peneira ou espalhada em uma assadeira.<\/li>\n\n\n\n<li><strong>Preparar a massa<\/strong>: amassar a ab\u00f3bora assada ainda morna, espremer os dentes da cabe\u00e7a de alho assada para aproveitar a pasta de alho cremosa e misturar tudo com a quinoa cozida. Temperar com sal, pimenta,\u00a0<strong>1 colher de ch\u00e1 de p\u00e1prica defumada<\/strong>\u00a0e um fio de azeite. Em seguida, adicionar aos poucos os\u00a0<strong>25 g de farinha de aveia<\/strong>\u00a0sem gl\u00faten, apenas at\u00e9 obter uma massa mold\u00e1vel, que n\u00e3o grude demais nas m\u00e3os, mas ainda permane\u00e7a \u00famida.<\/li>\n\n\n\n<li><strong>Modelar e rechear<\/strong>: pegar por\u00e7\u00f5es da massa, abrir na palma da m\u00e3o, colocar\u00a0<strong>palitos de queijo (aprox. 120 g ao todo, divididos entre as unidades)<\/strong>\u00a0no centro e fechar, formando bolinhos ou formato de quibe. Aperte bem as extremidades para que o queijo n\u00e3o escape durante o forno. Se quiser, pincele com um pouco de azeite para ajudar na cor.<\/li>\n\n\n\n<li><strong>Assar at\u00e9 dourar<\/strong>: dispor em assadeira untada ou forrada com papel manteiga e levar ao forno bem quente (pr\u00e9-aquecido) at\u00e9 formar uma casquinha dourada por fora e o queijo derreter por dentro. Em geral, de 20 a 30 minutos em forno m\u00e9dio-alto \u00e9 suficiente para um dourado uniforme.<\/li>\n<\/ol>\n\n\n\n<figure class=\"wp-block-image size-large\"><img loading=\"lazy\" decoding=\"async\" width=\"1024\" height=\"576\" src=\"https:\/\/www.em.com.br\/emfoco\/wp-content\/uploads\/2026\/03\/Gemini_Generated_Image_rdfqgerdfqgerdfq-1-1024x576.png\" alt=\"\" class=\"wp-image-179205\" srcset=\"https:\/\/www.em.com.br\/emfoco\/wp-content\/uploads\/2026\/03\/Gemini_Generated_Image_rdfqgerdfqgerdfq-1-1024x576.png 1024w, https:\/\/www.em.com.br\/emfoco\/wp-content\/uploads\/2026\/03\/Gemini_Generated_Image_rdfqgerdfqgerdfq-1-300x169.png 300w, https:\/\/www.em.com.br\/emfoco\/wp-content\/uploads\/2026\/03\/Gemini_Generated_Image_rdfqgerdfqgerdfq-1-768x432.png 768w, https:\/\/www.em.com.br\/emfoco\/wp-content\/uploads\/2026\/03\/Gemini_Generated_Image_rdfqgerdfqgerdfq-1-750x422.png 750w, https:\/\/www.em.com.br\/emfoco\/wp-content\/uploads\/2026\/03\/Gemini_Generated_Image_rdfqgerdfqgerdfq-1-1140x641.png 1140w, https:\/\/www.em.com.br\/emfoco\/wp-content\/uploads\/2026\/03\/Gemini_Generated_Image_rdfqgerdfqgerdfq-1.png 1280w\" sizes=\"auto, (max-width: 1024px) 100vw, 1024px\" \/><\/figure>\n\n\n\n<h2 class=\"wp-block-heading\">Quais varia\u00e7\u00f5es e acompanhamentos deixam a receita mais vers\u00e1til<\/h2>\n\n\n\n<p>Esse m\u00e9todo b\u00e1sico permite criar vers\u00f5es para marmitas, lanches r\u00e1pidos e at\u00e9 festas, mudando apenas recheios e temperos. Assim, o salgado agrada tanto quem evita gl\u00faten quanto quem s\u00f3 quer um lanche mais nutritivo, assado e pr\u00e1tico para o dia a dia.<\/p>\n\n\n\n<p>Voc\u00ea pode explorar recheios com mais vegetais, prote\u00ednas e sabores marcantes, adaptando a receita ao seu estilo de alimenta\u00e7\u00e3o e \u00e0 ocasi\u00e3o em que vai servir. Algumas ideias para variar sem complicar s\u00e3o:<\/p>\n\n\n\n<ul class=\"wp-block-list\">\n<li>Legumes salteados (espinafre, cenoura ralada, cogumelos) com ervas frescas, mantendo a mesma base de ab\u00f3bora, quinoa e alho assado.<\/li>\n\n\n\n<li>Pasta de gr\u00e3o-de-bico temperada com tahine, lim\u00e3o e cominho para uma op\u00e7\u00e3o vegana cremosa e rica em prote\u00ednas vegetais.<\/li>\n\n\n\n<li>Queijos variados, como minas padr\u00e3o, mu\u00e7arela ou vers\u00f5es veganas derret\u00edveis, cortados em palitos como os\u00a0<strong>120 g de queijo em palitos<\/strong>\u00a0da receita base.<\/li>\n\n\n\n<li>Refogado de frango desfiado ou prote\u00edna de soja bem temperada, que combinam com o sabor levemente adocicado da ab\u00f3bora e o toque de p\u00e1prica defumada.<\/li>\n<\/ul>\n\n\n\n<h2 class=\"wp-block-heading\">Por que vale a pena incluir esse salgado sem gl\u00faten na sua rotina agora<\/h2>\n\n\n\n<p>Ao dominar essa base de ab\u00f3bora com quinoa, voc\u00ea ganha uma receita curinga: nutritiva, assada, sem gl\u00faten, f\u00e1cil de variar e \u00f3tima para congelar em por\u00e7\u00f5es. Com quantidades claras \u2014&nbsp;<strong>80 g de quinoa crua, 600 g de ab\u00f3bora, 25 g de farinha de aveia, 1 cabe\u00e7a de alho, 1 colher de ch\u00e1 de p\u00e1prica defumada, 120 g de queijo em palitos, azeite, sal e pimenta<\/strong>&nbsp;\u2014 fica simples repetir o mesmo bom resultado sempre.<\/p>\n\n\n\n<p>N\u00e3o deixe essa ideia para \u201cum dia\u201d: escolha hoje mesmo uma ab\u00f3bora, separe a quinoa e prepare a primeira fornada ainda nesta semana. Ao tirar sua assadeira dourada do forno, voc\u00ea vai sentir na pr\u00e1tica como \u00e9 poss\u00edvel cuidar melhor de voc\u00ea, comendo bem, com menos fritura e muito mais sabor em cada refei\u00e7\u00e3o \u2014 comece agora, antes que a rotina te empurre de volta para os ultraprocessados.<\/p>\n\n\n\n<p><\/p>\n","protected":false},"excerpt":{"rendered":"<p>O salgado de ab\u00f3bora com quinoa e sem gl\u00faten vem ganhando espa\u00e7o em cozinhas dom\u00e9sticas e restaurantes que apostam em prepara\u00e7\u00f5es assadas, pr\u00e1ticas e equilibradas. Visualmente lembra um quibe de forno, mas a base vegetal, a presen\u00e7a da quinoa e o recheio de queijo criam um resultado pr\u00f3prio, com textura macia por dentro, camada dourada [&hellip;]<\/p>\n","protected":false},"author":11,"featured_media":179203,"comment_status":"open","ping_status":"open","sticky":false,"template":"","format":"standard","meta":{"jnews-multi-image_gallery":[],"jnews_single_post":{"format":"standard"},"jnews_primary_category":[],"jnews_social_meta":[],"jnews_override_counter":[],"footnotes":""},"categories":[8819,1],"tags":[5454,13904,5816,3440,8034],"class_list":["post-179199","post","type-post","status-publish","format-standard","has-post-thumbnail","hentry","category-curiosidades","category-noticias","tag-abobora","tag-gluten","tag-quinoa","tag-receita","tag-salgado"],"yoast_head":"<!-- This site is optimized with the Yoast SEO plugin v23.8 - https:\/\/yoast.com\/wordpress\/plugins\/seo\/ -->\n<title>Adeus quibe tradicional: o salgado de ab\u00f3bora sem gl\u00faten recheado com queijo que est\u00e1 conquistando muita gente - Estado de Minas - Em foco<\/title>\n<meta name=\"description\" content=\"Aprenda a preparar salgado de ab\u00f3bora com quinoa sem gl\u00faten, uma op\u00e7\u00e3o saud\u00e1vel e saborosa para lanches e refei\u00e7\u00f5es.\" \/>\n<meta name=\"robots\" content=\"index, follow, max-snippet:-1, max-image-preview:large, max-video-preview:-1\" \/>\n<link rel=\"canonical\" href=\"https:\/\/www.em.com.br\/emfoco\/2026\/03\/10\/adeus-quibe-tradicional-o-salgado-de-abobora-sem-gluten-recheado-com-queijo-que-esta-conquistando-muita-gente\/\" \/>\n<meta property=\"og:locale\" content=\"pt_BR\" \/>\n<meta property=\"og:type\" content=\"article\" \/>\n<meta property=\"og:title\" content=\"Adeus quibe tradicional: o salgado de ab\u00f3bora sem gl\u00faten recheado com queijo que est\u00e1 conquistando muita gente - Estado de Minas - Em foco\" \/>\n<meta property=\"og:description\" content=\"Aprenda a preparar salgado de ab\u00f3bora com quinoa sem gl\u00faten, uma op\u00e7\u00e3o saud\u00e1vel e saborosa para lanches e refei\u00e7\u00f5es.\" \/>\n<meta property=\"og:url\" content=\"https:\/\/www.em.com.br\/emfoco\/2026\/03\/10\/adeus-quibe-tradicional-o-salgado-de-abobora-sem-gluten-recheado-com-queijo-que-esta-conquistando-muita-gente\/\" \/>\n<meta property=\"og:site_name\" content=\"Estado de Minas - Em foco\" \/>\n<meta property=\"article:published_time\" content=\"2026-03-10T10:35:00+00:00\" \/>\n<meta property=\"article:modified_time\" content=\"2026-03-09T19:38:13+00:00\" \/>\n<meta property=\"og:image\" content=\"https:\/\/www.em.com.br\/emfoco\/wp-content\/uploads\/2026\/03\/ChatGPT-Image-8-de-mar.-de-2026-15_56_49-1.png\" \/>\n\t<meta property=\"og:image:width\" content=\"1280\" \/>\n\t<meta property=\"og:image:height\" content=\"720\" \/>\n\t<meta property=\"og:image:type\" content=\"image\/png\" \/>\n<meta name=\"author\" content=\"Andre\u0301 Rangel\u00a0\" \/>\n<meta name=\"twitter:card\" content=\"summary_large_image\" \/>\n<meta name=\"twitter:label1\" content=\"Escrito por\" \/>\n\t<meta name=\"twitter:data1\" content=\"Andre\u0301 Rangel\u00a0\" \/>\n\t<meta name=\"twitter:label2\" content=\"Est. tempo de leitura\" \/>\n\t<meta name=\"twitter:data2\" content=\"6 minutos\" \/>\n<!-- \/ Yoast SEO plugin. -->","yoast_head_json":{"title":"Adeus quibe tradicional: o salgado de ab\u00f3bora sem gl\u00faten recheado com queijo que est\u00e1 conquistando muita gente - Estado de Minas - Em foco","description":"Aprenda a preparar salgado de ab\u00f3bora com quinoa sem gl\u00faten, uma op\u00e7\u00e3o saud\u00e1vel e saborosa para lanches e refei\u00e7\u00f5es.","robots":{"index":"index","follow":"follow","max-snippet":"max-snippet:-1","max-image-preview":"max-image-preview:large","max-video-preview":"max-video-preview:-1"},"canonical":"https:\/\/www.em.com.br\/emfoco\/2026\/03\/10\/adeus-quibe-tradicional-o-salgado-de-abobora-sem-gluten-recheado-com-queijo-que-esta-conquistando-muita-gente\/","og_locale":"pt_BR","og_type":"article","og_title":"Adeus quibe tradicional: o salgado de ab\u00f3bora sem gl\u00faten recheado com queijo que est\u00e1 conquistando muita gente - Estado de Minas - Em foco","og_description":"Aprenda a preparar salgado de ab\u00f3bora com quinoa sem gl\u00faten, uma op\u00e7\u00e3o saud\u00e1vel e saborosa para lanches e refei\u00e7\u00f5es.","og_url":"https:\/\/www.em.com.br\/emfoco\/2026\/03\/10\/adeus-quibe-tradicional-o-salgado-de-abobora-sem-gluten-recheado-com-queijo-que-esta-conquistando-muita-gente\/","og_site_name":"Estado de Minas - Em foco","article_published_time":"2026-03-10T10:35:00+00:00","article_modified_time":"2026-03-09T19:38:13+00:00","og_image":[{"width":1280,"height":720,"url":"https:\/\/www.em.com.br\/emfoco\/wp-content\/uploads\/2026\/03\/ChatGPT-Image-8-de-mar.-de-2026-15_56_49-1.png","type":"image\/png"}],"author":"Andre\u0301 Rangel\u00a0","twitter_card":"summary_large_image","twitter_misc":{"Escrito por":"Andre\u0301 Rangel\u00a0","Est. tempo de leitura":"6 minutos"},"schema":{"@context":"https:\/\/schema.org","@graph":[{"@type":"WebPage","@id":"https:\/\/www.em.com.br\/emfoco\/2026\/03\/10\/adeus-quibe-tradicional-o-salgado-de-abobora-sem-gluten-recheado-com-queijo-que-esta-conquistando-muita-gente\/","url":"https:\/\/www.em.com.br\/emfoco\/2026\/03\/10\/adeus-quibe-tradicional-o-salgado-de-abobora-sem-gluten-recheado-com-queijo-que-esta-conquistando-muita-gente\/","name":"Adeus quibe tradicional: o salgado de ab\u00f3bora sem gl\u00faten recheado com queijo que est\u00e1 conquistando muita gente - Estado de Minas - Em foco","isPartOf":{"@id":"https:\/\/www.em.com.br\/emfoco\/#website"},"primaryImageOfPage":{"@id":"https:\/\/www.em.com.br\/emfoco\/2026\/03\/10\/adeus-quibe-tradicional-o-salgado-de-abobora-sem-gluten-recheado-com-queijo-que-esta-conquistando-muita-gente\/#primaryimage"},"image":{"@id":"https:\/\/www.em.com.br\/emfoco\/2026\/03\/10\/adeus-quibe-tradicional-o-salgado-de-abobora-sem-gluten-recheado-com-queijo-que-esta-conquistando-muita-gente\/#primaryimage"},"thumbnailUrl":"https:\/\/www.em.com.br\/emfoco\/wp-content\/uploads\/2026\/03\/ChatGPT-Image-8-de-mar.-de-2026-15_56_49-1.png","datePublished":"2026-03-10T10:35:00+00:00","dateModified":"2026-03-09T19:38:13+00:00","author":{"@id":"https:\/\/www.em.com.br\/emfoco\/#\/schema\/person\/60eda09c1fedf0d6891f4cef4b60b8b8"},"description":"Aprenda a preparar salgado de ab\u00f3bora com quinoa sem gl\u00faten, uma op\u00e7\u00e3o saud\u00e1vel e saborosa para lanches e refei\u00e7\u00f5es.","breadcrumb":{"@id":"https:\/\/www.em.com.br\/emfoco\/2026\/03\/10\/adeus-quibe-tradicional-o-salgado-de-abobora-sem-gluten-recheado-com-queijo-que-esta-conquistando-muita-gente\/#breadcrumb"},"inLanguage":"pt-BR","potentialAction":[{"@type":"ReadAction","target":["https:\/\/www.em.com.br\/emfoco\/2026\/03\/10\/adeus-quibe-tradicional-o-salgado-de-abobora-sem-gluten-recheado-com-queijo-que-esta-conquistando-muita-gente\/"]}]},{"@type":"ImageObject","inLanguage":"pt-BR","@id":"https:\/\/www.em.com.br\/emfoco\/2026\/03\/10\/adeus-quibe-tradicional-o-salgado-de-abobora-sem-gluten-recheado-com-queijo-que-esta-conquistando-muita-gente\/#primaryimage","url":"https:\/\/www.em.com.br\/emfoco\/wp-content\/uploads\/2026\/03\/ChatGPT-Image-8-de-mar.-de-2026-15_56_49-1.png","contentUrl":"https:\/\/www.em.com.br\/emfoco\/wp-content\/uploads\/2026\/03\/ChatGPT-Image-8-de-mar.-de-2026-15_56_49-1.png","width":1280,"height":720},{"@type":"BreadcrumbList","@id":"https:\/\/www.em.com.br\/emfoco\/2026\/03\/10\/adeus-quibe-tradicional-o-salgado-de-abobora-sem-gluten-recheado-com-queijo-que-esta-conquistando-muita-gente\/#breadcrumb","itemListElement":[{"@type":"ListItem","position":1,"name":"In\u00edcio","item":"https:\/\/www.em.com.br\/emfoco\/"},{"@type":"ListItem","position":2,"name":"Adeus quibe tradicional: o salgado de ab\u00f3bora sem gl\u00faten recheado com queijo que est\u00e1 conquistando muita gente"}]},{"@type":"WebSite","@id":"https:\/\/www.em.com.br\/emfoco\/#website","url":"https:\/\/www.em.com.br\/emfoco\/","name":"Estado de Minas - Em foco","description":"Acompanhe as \u00faltimas not\u00edcias e fique bem informado sobre tudo o que acontece em Minas Gerais, Brasil e no mundo.","potentialAction":[{"@type":"SearchAction","target":{"@type":"EntryPoint","urlTemplate":"https:\/\/www.em.com.br\/emfoco\/?s={search_term_string}"},"query-input":{"@type":"PropertyValueSpecification","valueRequired":true,"valueName":"search_term_string"}}],"inLanguage":"pt-BR"},{"@type":"Person","@id":"https:\/\/www.em.com.br\/emfoco\/#\/schema\/person\/60eda09c1fedf0d6891f4cef4b60b8b8","name":"Andre\u0301 Rangel\u00a0","image":{"@type":"ImageObject","inLanguage":"pt-BR","@id":"https:\/\/www.em.com.br\/emfoco\/#\/schema\/person\/image\/","url":"https:\/\/secure.gravatar.com\/avatar\/6234dc814c77c8ef6d8bba622c787efc?s=96&d=mm&r=g","contentUrl":"https:\/\/secure.gravatar.com\/avatar\/6234dc814c77c8ef6d8bba622c787efc?s=96&d=mm&r=g","caption":"Andre\u0301 Rangel\u00a0"},"url":"https:\/\/www.em.com.br\/emfoco\/author\/luizmyth\/"}]}},"_links":{"self":[{"href":"https:\/\/www.em.com.br\/emfoco\/wp-json\/wp\/v2\/posts\/179199","targetHints":{"allow":["GET"]}}],"collection":[{"href":"https:\/\/www.em.com.br\/emfoco\/wp-json\/wp\/v2\/posts"}],"about":[{"href":"https:\/\/www.em.com.br\/emfoco\/wp-json\/wp\/v2\/types\/post"}],"author":[{"embeddable":true,"href":"https:\/\/www.em.com.br\/emfoco\/wp-json\/wp\/v2\/users\/11"}],"replies":[{"embeddable":true,"href":"https:\/\/www.em.com.br\/emfoco\/wp-json\/wp\/v2\/comments?post=179199"}],"version-history":[{"count":5,"href":"https:\/\/www.em.com.br\/emfoco\/wp-json\/wp\/v2\/posts\/179199\/revisions"}],"predecessor-version":[{"id":179207,"href":"https:\/\/www.em.com.br\/emfoco\/wp-json\/wp\/v2\/posts\/179199\/revisions\/179207"}],"wp:featuredmedia":[{"embeddable":true,"href":"https:\/\/www.em.com.br\/emfoco\/wp-json\/wp\/v2\/media\/179203"}],"wp:attachment":[{"href":"https:\/\/www.em.com.br\/emfoco\/wp-json\/wp\/v2\/media?parent=179199"}],"wp:term":[{"taxonomy":"category","embeddable":true,"href":"https:\/\/www.em.com.br\/emfoco\/wp-json\/wp\/v2\/categories?post=179199"},{"taxonomy":"post_tag","embeddable":true,"href":"https:\/\/www.em.com.br\/emfoco\/wp-json\/wp\/v2\/tags?post=179199"}],"curies":[{"name":"wp","href":"https:\/\/api.w.org\/{rel}","templated":true}]}}