{"id":179168,"date":"2026-03-10T11:15:00","date_gmt":"2026-03-10T14:15:00","guid":{"rendered":"https:\/\/www.em.com.br\/emfoco\/?p=179168"},"modified":"2026-03-09T16:40:41","modified_gmt":"2026-03-09T19:40:41","slug":"adeus-muros-altos-a-nova-tendencia-de-fachadas-que-combina-seguranca-e-elegancia","status":"publish","type":"post","link":"https:\/\/www.em.com.br\/emfoco\/2026\/03\/10\/adeus-muros-altos-a-nova-tendencia-de-fachadas-que-combina-seguranca-e-elegancia\/","title":{"rendered":"Adeus muros altos: a nova tend\u00eancia de fachadas que combina seguran\u00e7a e eleg\u00e2ncia"},"content":{"rendered":"\n<p>A seguran\u00e7a residencial hoje vai muito al\u00e9m de erguer muros altos: combina arquitetura, tecnologia e paisagismo para criar casas mais protegidas, iluminadas e integradas \u00e0 rua, sem abrir m\u00e3o de privacidade nem da valoriza\u00e7\u00e3o da fachada.<\/p>\n\n\n\n<h2 class=\"wp-block-heading\">Muros tradicionais ainda fazem sentido na seguran\u00e7a residencial?<\/h2>\n\n\n\n<p>Os muros tradicionais altos e opacos ainda aparecem em muitos bairros por transmitirem robustez e bloquearem o acesso direto \u00e0 resid\u00eancia. Em locais com grande fluxo de pedestres ou ve\u00edculos, essa barreira s\u00f3lida pode atuar como filtro inicial contra invas\u00f5es e olhares curiosos.<\/p>\n\n\n\n<p>Ao mesmo tempo, estruturas muito fechadas reduzem a visibilidade da cal\u00e7ada e enfraquecem a vigil\u00e2ncia natural, facilitando movimentos suspeitos sem serem notados. A <a href=\"https:\/\/www.em.com.br\/emfoco\/2026\/02\/01\/adeus-ao-ar-condicionado-governo-impede-a-instalacao-na-fachada-dos-apartamentos\/\" target=\"_blank\" rel=\"noreferrer noopener\">fachada <\/a>tamb\u00e9m pode ficar visualmente pesada, o que leva muitos projetos atuais a buscar equil\u00edbrio entre privacidade, seguran\u00e7a e presen\u00e7a urbana.<\/p>\n\n\n\n<figure class=\"wp-block-image size-large\"><img loading=\"lazy\" decoding=\"async\" width=\"1024\" height=\"576\" src=\"https:\/\/www.em.com.br\/emfoco\/wp-content\/uploads\/2026\/03\/Gemini_Generated_Image_6lj1uz6lj1uz6lj1-1-1024x576.png\" alt=\"Muita gente repensa muros na fachada da casa\" class=\"wp-image-179175\" srcset=\"https:\/\/www.em.com.br\/emfoco\/wp-content\/uploads\/2026\/03\/Gemini_Generated_Image_6lj1uz6lj1uz6lj1-1-1024x576.png 1024w, https:\/\/www.em.com.br\/emfoco\/wp-content\/uploads\/2026\/03\/Gemini_Generated_Image_6lj1uz6lj1uz6lj1-1-300x169.png 300w, https:\/\/www.em.com.br\/emfoco\/wp-content\/uploads\/2026\/03\/Gemini_Generated_Image_6lj1uz6lj1uz6lj1-1-768x432.png 768w, https:\/\/www.em.com.br\/emfoco\/wp-content\/uploads\/2026\/03\/Gemini_Generated_Image_6lj1uz6lj1uz6lj1-1-750x422.png 750w, https:\/\/www.em.com.br\/emfoco\/wp-content\/uploads\/2026\/03\/Gemini_Generated_Image_6lj1uz6lj1uz6lj1-1-1140x641.png 1140w, https:\/\/www.em.com.br\/emfoco\/wp-content\/uploads\/2026\/03\/Gemini_Generated_Image_6lj1uz6lj1uz6lj1-1.png 1280w\" sizes=\"auto, (max-width: 1024px) 100vw, 1024px\" \/><figcaption class=\"wp-element-caption\">Muita gente repensa muros na fachada da casa<\/figcaption><\/figure>\n\n\n\n<h2 class=\"wp-block-heading\">Como os muros convencionais se combinam com tecnologias de seguran\u00e7a?<\/h2>\n\n\n\n<p>Especialistas apontam que muros convencionais raramente atuam sozinhos, sendo integrados a solu\u00e7\u00f5es como monitoramento por c\u00e2meras, alarmes, cercas el\u00e9tricas e <a href=\"https:\/\/br.pinterest.com\/ricrazraz\/port%C3%B5es-autom%C3%A1tico\/\" target=\"_blank\" rel=\"noreferrer noopener\">port\u00f5es automatizados<\/a>. Em projetos mais contempor\u00e2neos, essas tecnologias permitem reduzir a altura ou a opacidade dos muros, mantendo o mesmo n\u00edvel de prote\u00e7\u00e3o.<\/p>\n\n\n\n<p>Quando a barreira f\u00edsica \u00e9 combinada com sistemas eletr\u00f4nicos e controle de acesso, a casa ganha camadas de seguran\u00e7a sem parecer uma fortaleza. Assim, \u00e9 poss\u00edvel proteger o im\u00f3vel e, ao mesmo tempo, renovar a leitura visual da fachada, deixando-a mais leve e atual.<\/p>\n\n\n\n<h2 class=\"wp-block-heading\">Quais alternativas podem substituir ou reduzir muros tradicionais?<\/h2>\n\n\n\n<p>Fachadas abertas n\u00e3o significam aus\u00eancia de barreiras, mas uma nova forma de organiz\u00e1-las com transpar\u00eancia e leveza. Materiais como vidro e grades permitem vis\u00e3o parcial do interior, favorecem ilumina\u00e7\u00e3o e ventila\u00e7\u00e3o e criam uma rela\u00e7\u00e3o mais direta com a rua, sem descuidar da seguran\u00e7a.<\/p>\n\n\n\n<figure class=\"wp-block-image size-large\"><img loading=\"lazy\" decoding=\"async\" width=\"1024\" height=\"576\" src=\"https:\/\/www.em.com.br\/emfoco\/wp-content\/uploads\/2026\/03\/Gemini_Generated_Image_l0wdaul0wdaul0wd-1-1024x576.png\" alt=\"Muita gente repensa muros na fachada da casa\" class=\"wp-image-179176\" srcset=\"https:\/\/www.em.com.br\/emfoco\/wp-content\/uploads\/2026\/03\/Gemini_Generated_Image_l0wdaul0wdaul0wd-1-1024x576.png 1024w, https:\/\/www.em.com.br\/emfoco\/wp-content\/uploads\/2026\/03\/Gemini_Generated_Image_l0wdaul0wdaul0wd-1-300x169.png 300w, https:\/\/www.em.com.br\/emfoco\/wp-content\/uploads\/2026\/03\/Gemini_Generated_Image_l0wdaul0wdaul0wd-1-768x432.png 768w, https:\/\/www.em.com.br\/emfoco\/wp-content\/uploads\/2026\/03\/Gemini_Generated_Image_l0wdaul0wdaul0wd-1-750x422.png 750w, https:\/\/www.em.com.br\/emfoco\/wp-content\/uploads\/2026\/03\/Gemini_Generated_Image_l0wdaul0wdaul0wd-1-1140x641.png 1140w, https:\/\/www.em.com.br\/emfoco\/wp-content\/uploads\/2026\/03\/Gemini_Generated_Image_l0wdaul0wdaul0wd-1.png 1280w\" sizes=\"auto, (max-width: 1024px) 100vw, 1024px\" \/><figcaption class=\"wp-element-caption\">Muita gente repensa muros na fachada da casa<\/figcaption><\/figure>\n\n\n\n<p>Entre as op\u00e7\u00f5es que v\u00eam ganhando espa\u00e7o no lugar dos muros tradicionais ou em combina\u00e7\u00e3o com eles, destacam-se:<\/p>\n\n\n\n<ul class=\"wp-block-list\">\n<li><strong>Vidro laminado de seguran\u00e7a<\/strong>: oferece vis\u00e3o ampla, alta resist\u00eancia a quebras e pode ser associado a perfis met\u00e1licos robustos;<\/li>\n\n\n\n<li><strong>Grades met\u00e1licas modernas<\/strong>: delimitam o terreno, controlam acessos e deixam a fachada visualmente leve e contempor\u00e2nea;<\/li>\n\n\n\n<li><strong>Muretas baixas com elementos vazados<\/strong>: criam base s\u00f3lida, mas mant\u00eam a transpar\u00eancia e a intera\u00e7\u00e3o com a rua;<\/li>\n\n\n\n<li><strong>Port\u00f5es seccionais ou vazados<\/strong>: controlam entrada de ve\u00edculos e pedestres sem fechamento visual completo, otimizando a vigil\u00e2ncia natural.<\/li>\n<\/ul>\n\n\n\n<h2 class=\"wp-block-heading\">Como o paisagismo defensivo contribui para a seguran\u00e7a dos muros?<\/h2>\n\n\n\n<p>O paisagismo defensivo atua como complemento estrat\u00e9gico aos muros e fachadas abertas, usando plantas e relevos para dificultar acessos indevidos. Em vez de servir apenas como decora\u00e7\u00e3o, o jardim ganha fun\u00e7\u00e3o ativa na prote\u00e7\u00e3o, organizando fluxos e criando zonas de seguran\u00e7a.<\/p>\n\n\n\n<p>Esse planejamento costuma incluir plantas com espinhos em pontos vulner\u00e1veis, canteiros que impedem apoio para escaladas, \u00e1rvores posicionadas com crit\u00e9rio e ilumina\u00e7\u00e3o bem distribu\u00edda para reduzir \u00e1reas de sombra. Integrado a grades, vidro laminado e sistemas de monitoramento, o paisagismo cria camadas extras de prote\u00e7\u00e3o com est\u00e9tica valorizada.<\/p>\n\n\n\n<figure class=\"wp-block-image size-large\"><img loading=\"lazy\" decoding=\"async\" width=\"1024\" height=\"576\" src=\"https:\/\/www.em.com.br\/emfoco\/wp-content\/uploads\/2026\/03\/Gemini_Generated_Image_4sl71e4sl71e4sl7-1-1024x576.png\" alt=\"Muita gente repensa muros na fachada da casa\" class=\"wp-image-179177\" srcset=\"https:\/\/www.em.com.br\/emfoco\/wp-content\/uploads\/2026\/03\/Gemini_Generated_Image_4sl71e4sl71e4sl7-1-1024x576.png 1024w, https:\/\/www.em.com.br\/emfoco\/wp-content\/uploads\/2026\/03\/Gemini_Generated_Image_4sl71e4sl71e4sl7-1-300x169.png 300w, https:\/\/www.em.com.br\/emfoco\/wp-content\/uploads\/2026\/03\/Gemini_Generated_Image_4sl71e4sl71e4sl7-1-768x432.png 768w, https:\/\/www.em.com.br\/emfoco\/wp-content\/uploads\/2026\/03\/Gemini_Generated_Image_4sl71e4sl71e4sl7-1-750x422.png 750w, https:\/\/www.em.com.br\/emfoco\/wp-content\/uploads\/2026\/03\/Gemini_Generated_Image_4sl71e4sl71e4sl7-1-1140x641.png 1140w, https:\/\/www.em.com.br\/emfoco\/wp-content\/uploads\/2026\/03\/Gemini_Generated_Image_4sl71e4sl71e4sl7-1.png 1280w\" sizes=\"auto, (max-width: 1024px) 100vw, 1024px\" \/><figcaption class=\"wp-element-caption\">Muita gente repensa muros na fachada da casa<\/figcaption><\/figure>\n\n\n\n<h2 class=\"wp-block-heading\">Vale a pena repensar os muros tradicionais na fachada da sua casa?<\/h2>\n\n\n\n<p>Rever o papel dos muros tradicionais tem gerado fachadas mais valorizadas, com maior entrada de luz e melhor integra\u00e7\u00e3o entre \u00e1reas internas e externas. Ao analisar o contexto do bairro, o grau de exposi\u00e7\u00e3o da rua, os h\u00e1bitos da fam\u00edlia e os recursos tecnol\u00f3gicos dispon\u00edveis, \u00e9 poss\u00edvel construir um projeto coerente e seguro.<\/p>\n\n\n\n<p>O momento de repensar sua fachada \u00e9 agora: adiar essa decis\u00e3o pode significar viver com menos seguran\u00e7a e menor valoriza\u00e7\u00e3o do im\u00f3vel do que voc\u00ea poderia ter. Converse com um arquiteto ou especialista em seguran\u00e7a residencial o quanto antes e comece hoje a transformar seu muro em um aliado real de prote\u00e7\u00e3o, conforto e beleza.<\/p>\n\n\n\n<p><\/p>\n","protected":false},"excerpt":{"rendered":"<p>A seguran\u00e7a residencial hoje vai muito al\u00e9m de erguer muros altos: combina arquitetura, tecnologia e paisagismo para criar casas mais protegidas, iluminadas e integradas \u00e0 rua, sem abrir m\u00e3o de privacidade nem da valoriza\u00e7\u00e3o da fachada. Muros tradicionais ainda fazem sentido na seguran\u00e7a residencial? Os muros tradicionais altos e opacos ainda aparecem em muitos bairros [&hellip;]<\/p>\n","protected":false},"author":11,"featured_media":179178,"comment_status":"open","ping_status":"open","sticky":false,"template":"","format":"standard","meta":{"jnews-multi-image_gallery":[],"jnews_single_post":{"format":"standard"},"jnews_primary_category":[],"jnews_social_meta":[],"jnews_override_counter":[],"footnotes":""},"categories":[8819,1],"tags":[2911,23346,25890,25183,182,1920],"class_list":["post-179168","post","type-post","status-publish","format-standard","has-post-thumbnail","hentry","category-curiosidades","category-noticias","tag-casa","tag-casa-e-decoracao","tag-fachadas","tag-muros-altos","tag-seguranca","tag-tendencia"],"yoast_head":"<!-- This site is optimized with the Yoast SEO plugin v23.8 - https:\/\/yoast.com\/wordpress\/plugins\/seo\/ -->\n<title>Adeus muros altos: a nova tend\u00eancia de fachadas que combina seguran\u00e7a e eleg\u00e2ncia - Estado de Minas - Em foco<\/title>\n<meta name=\"description\" content=\"Muros altos n\u00e3o s\u00e3o a \u00fanica solu\u00e7\u00e3o para seguran\u00e7a residencial. Veja alternativas modernas que combinam prote\u00e7\u00e3o e est\u00e9tica.\" \/>\n<meta name=\"robots\" content=\"index, follow, max-snippet:-1, max-image-preview:large, max-video-preview:-1\" \/>\n<link rel=\"canonical\" href=\"https:\/\/www.em.com.br\/emfoco\/2026\/03\/10\/adeus-muros-altos-a-nova-tendencia-de-fachadas-que-combina-seguranca-e-elegancia\/\" \/>\n<meta property=\"og:locale\" content=\"pt_BR\" \/>\n<meta property=\"og:type\" content=\"article\" \/>\n<meta property=\"og:title\" content=\"Adeus muros altos: a nova tend\u00eancia de fachadas que combina seguran\u00e7a e eleg\u00e2ncia - Estado de Minas - Em foco\" \/>\n<meta property=\"og:description\" content=\"Muros altos n\u00e3o s\u00e3o a \u00fanica solu\u00e7\u00e3o para seguran\u00e7a residencial. Veja alternativas modernas que combinam prote\u00e7\u00e3o e est\u00e9tica.\" \/>\n<meta property=\"og:url\" content=\"https:\/\/www.em.com.br\/emfoco\/2026\/03\/10\/adeus-muros-altos-a-nova-tendencia-de-fachadas-que-combina-seguranca-e-elegancia\/\" \/>\n<meta property=\"og:site_name\" content=\"Estado de Minas - Em foco\" \/>\n<meta property=\"article:published_time\" content=\"2026-03-10T14:15:00+00:00\" \/>\n<meta property=\"article:modified_time\" content=\"2026-03-09T19:40:41+00:00\" \/>\n<meta property=\"og:image\" content=\"https:\/\/www.em.com.br\/emfoco\/wp-content\/uploads\/2026\/03\/Gemini_Generated_Image_mwykl0mwykl0mwyk-1.png\" \/>\n\t<meta property=\"og:image:width\" content=\"1280\" \/>\n\t<meta property=\"og:image:height\" content=\"720\" \/>\n\t<meta property=\"og:image:type\" content=\"image\/png\" \/>\n<meta name=\"author\" content=\"Andre\u0301 Rangel\u00a0\" \/>\n<meta name=\"twitter:card\" content=\"summary_large_image\" \/>\n<meta name=\"twitter:label1\" content=\"Escrito por\" \/>\n\t<meta name=\"twitter:data1\" content=\"Andre\u0301 Rangel\u00a0\" \/>\n\t<meta name=\"twitter:label2\" content=\"Est. tempo de leitura\" \/>\n\t<meta name=\"twitter:data2\" content=\"5 minutos\" \/>\n<!-- \/ Yoast SEO plugin. -->","yoast_head_json":{"title":"Adeus muros altos: a nova tend\u00eancia de fachadas que combina seguran\u00e7a e eleg\u00e2ncia - Estado de Minas - Em foco","description":"Muros altos n\u00e3o s\u00e3o a \u00fanica solu\u00e7\u00e3o para seguran\u00e7a residencial. Veja alternativas modernas que combinam prote\u00e7\u00e3o e est\u00e9tica.","robots":{"index":"index","follow":"follow","max-snippet":"max-snippet:-1","max-image-preview":"max-image-preview:large","max-video-preview":"max-video-preview:-1"},"canonical":"https:\/\/www.em.com.br\/emfoco\/2026\/03\/10\/adeus-muros-altos-a-nova-tendencia-de-fachadas-que-combina-seguranca-e-elegancia\/","og_locale":"pt_BR","og_type":"article","og_title":"Adeus muros altos: a nova tend\u00eancia de fachadas que combina seguran\u00e7a e eleg\u00e2ncia - Estado de Minas - Em foco","og_description":"Muros altos n\u00e3o s\u00e3o a \u00fanica solu\u00e7\u00e3o para seguran\u00e7a residencial. Veja alternativas modernas que combinam prote\u00e7\u00e3o e est\u00e9tica.","og_url":"https:\/\/www.em.com.br\/emfoco\/2026\/03\/10\/adeus-muros-altos-a-nova-tendencia-de-fachadas-que-combina-seguranca-e-elegancia\/","og_site_name":"Estado de Minas - Em foco","article_published_time":"2026-03-10T14:15:00+00:00","article_modified_time":"2026-03-09T19:40:41+00:00","og_image":[{"width":1280,"height":720,"url":"https:\/\/www.em.com.br\/emfoco\/wp-content\/uploads\/2026\/03\/Gemini_Generated_Image_mwykl0mwykl0mwyk-1.png","type":"image\/png"}],"author":"Andre\u0301 Rangel\u00a0","twitter_card":"summary_large_image","twitter_misc":{"Escrito por":"Andre\u0301 Rangel\u00a0","Est. tempo de leitura":"5 minutos"},"schema":{"@context":"https:\/\/schema.org","@graph":[{"@type":"WebPage","@id":"https:\/\/www.em.com.br\/emfoco\/2026\/03\/10\/adeus-muros-altos-a-nova-tendencia-de-fachadas-que-combina-seguranca-e-elegancia\/","url":"https:\/\/www.em.com.br\/emfoco\/2026\/03\/10\/adeus-muros-altos-a-nova-tendencia-de-fachadas-que-combina-seguranca-e-elegancia\/","name":"Adeus muros altos: a nova tend\u00eancia de fachadas que combina seguran\u00e7a e eleg\u00e2ncia - Estado de Minas - Em foco","isPartOf":{"@id":"https:\/\/www.em.com.br\/emfoco\/#website"},"primaryImageOfPage":{"@id":"https:\/\/www.em.com.br\/emfoco\/2026\/03\/10\/adeus-muros-altos-a-nova-tendencia-de-fachadas-que-combina-seguranca-e-elegancia\/#primaryimage"},"image":{"@id":"https:\/\/www.em.com.br\/emfoco\/2026\/03\/10\/adeus-muros-altos-a-nova-tendencia-de-fachadas-que-combina-seguranca-e-elegancia\/#primaryimage"},"thumbnailUrl":"https:\/\/www.em.com.br\/emfoco\/wp-content\/uploads\/2026\/03\/Gemini_Generated_Image_mwykl0mwykl0mwyk-1.png","datePublished":"2026-03-10T14:15:00+00:00","dateModified":"2026-03-09T19:40:41+00:00","author":{"@id":"https:\/\/www.em.com.br\/emfoco\/#\/schema\/person\/60eda09c1fedf0d6891f4cef4b60b8b8"},"description":"Muros altos n\u00e3o s\u00e3o a \u00fanica solu\u00e7\u00e3o para seguran\u00e7a residencial. Veja alternativas modernas que combinam prote\u00e7\u00e3o e est\u00e9tica.","breadcrumb":{"@id":"https:\/\/www.em.com.br\/emfoco\/2026\/03\/10\/adeus-muros-altos-a-nova-tendencia-de-fachadas-que-combina-seguranca-e-elegancia\/#breadcrumb"},"inLanguage":"pt-BR","potentialAction":[{"@type":"ReadAction","target":["https:\/\/www.em.com.br\/emfoco\/2026\/03\/10\/adeus-muros-altos-a-nova-tendencia-de-fachadas-que-combina-seguranca-e-elegancia\/"]}]},{"@type":"ImageObject","inLanguage":"pt-BR","@id":"https:\/\/www.em.com.br\/emfoco\/2026\/03\/10\/adeus-muros-altos-a-nova-tendencia-de-fachadas-que-combina-seguranca-e-elegancia\/#primaryimage","url":"https:\/\/www.em.com.br\/emfoco\/wp-content\/uploads\/2026\/03\/Gemini_Generated_Image_mwykl0mwykl0mwyk-1.png","contentUrl":"https:\/\/www.em.com.br\/emfoco\/wp-content\/uploads\/2026\/03\/Gemini_Generated_Image_mwykl0mwykl0mwyk-1.png","width":1280,"height":720,"caption":"Muita gente repensa muros na fachada da casa"},{"@type":"BreadcrumbList","@id":"https:\/\/www.em.com.br\/emfoco\/2026\/03\/10\/adeus-muros-altos-a-nova-tendencia-de-fachadas-que-combina-seguranca-e-elegancia\/#breadcrumb","itemListElement":[{"@type":"ListItem","position":1,"name":"In\u00edcio","item":"https:\/\/www.em.com.br\/emfoco\/"},{"@type":"ListItem","position":2,"name":"Adeus muros altos: a nova tend\u00eancia de fachadas que combina seguran\u00e7a e eleg\u00e2ncia"}]},{"@type":"WebSite","@id":"https:\/\/www.em.com.br\/emfoco\/#website","url":"https:\/\/www.em.com.br\/emfoco\/","name":"Estado de Minas - Em foco","description":"Acompanhe as \u00faltimas not\u00edcias e fique bem informado sobre tudo o que acontece em Minas Gerais, Brasil e no mundo.","potentialAction":[{"@type":"SearchAction","target":{"@type":"EntryPoint","urlTemplate":"https:\/\/www.em.com.br\/emfoco\/?s={search_term_string}"},"query-input":{"@type":"PropertyValueSpecification","valueRequired":true,"valueName":"search_term_string"}}],"inLanguage":"pt-BR"},{"@type":"Person","@id":"https:\/\/www.em.com.br\/emfoco\/#\/schema\/person\/60eda09c1fedf0d6891f4cef4b60b8b8","name":"Andre\u0301 Rangel\u00a0","image":{"@type":"ImageObject","inLanguage":"pt-BR","@id":"https:\/\/www.em.com.br\/emfoco\/#\/schema\/person\/image\/","url":"https:\/\/secure.gravatar.com\/avatar\/6234dc814c77c8ef6d8bba622c787efc?s=96&d=mm&r=g","contentUrl":"https:\/\/secure.gravatar.com\/avatar\/6234dc814c77c8ef6d8bba622c787efc?s=96&d=mm&r=g","caption":"Andre\u0301 Rangel\u00a0"},"url":"https:\/\/www.em.com.br\/emfoco\/author\/luizmyth\/"}]}},"_links":{"self":[{"href":"https:\/\/www.em.com.br\/emfoco\/wp-json\/wp\/v2\/posts\/179168","targetHints":{"allow":["GET"]}}],"collection":[{"href":"https:\/\/www.em.com.br\/emfoco\/wp-json\/wp\/v2\/posts"}],"about":[{"href":"https:\/\/www.em.com.br\/emfoco\/wp-json\/wp\/v2\/types\/post"}],"author":[{"embeddable":true,"href":"https:\/\/www.em.com.br\/emfoco\/wp-json\/wp\/v2\/users\/11"}],"replies":[{"embeddable":true,"href":"https:\/\/www.em.com.br\/emfoco\/wp-json\/wp\/v2\/comments?post=179168"}],"version-history":[{"count":4,"href":"https:\/\/www.em.com.br\/emfoco\/wp-json\/wp\/v2\/posts\/179168\/revisions"}],"predecessor-version":[{"id":179179,"href":"https:\/\/www.em.com.br\/emfoco\/wp-json\/wp\/v2\/posts\/179168\/revisions\/179179"}],"wp:featuredmedia":[{"embeddable":true,"href":"https:\/\/www.em.com.br\/emfoco\/wp-json\/wp\/v2\/media\/179178"}],"wp:attachment":[{"href":"https:\/\/www.em.com.br\/emfoco\/wp-json\/wp\/v2\/media?parent=179168"}],"wp:term":[{"taxonomy":"category","embeddable":true,"href":"https:\/\/www.em.com.br\/emfoco\/wp-json\/wp\/v2\/categories?post=179168"},{"taxonomy":"post_tag","embeddable":true,"href":"https:\/\/www.em.com.br\/emfoco\/wp-json\/wp\/v2\/tags?post=179168"}],"curies":[{"name":"wp","href":"https:\/\/api.w.org\/{rel}","templated":true}]}}