{"id":179155,"date":"2026-03-10T12:45:00","date_gmt":"2026-03-10T15:45:00","guid":{"rendered":"https:\/\/www.em.com.br\/emfoco\/?p=179155"},"modified":"2026-03-09T16:41:20","modified_gmt":"2026-03-09T19:41:20","slug":"voltei-das-ferias-pior-do-que-fui-o-motivo-por-tras-do-cansaco-que-continua-mesmo-apos-3-semanas-de-descanso","status":"publish","type":"post","link":"https:\/\/www.em.com.br\/emfoco\/2026\/03\/10\/voltei-das-ferias-pior-do-que-fui-o-motivo-por-tras-do-cansaco-que-continua-mesmo-apos-3-semanas-de-descanso\/","title":{"rendered":"\u201cVoltei das f\u00e9rias pior do que fui\u201d, o motivo por tr\u00e1s do cansa\u00e7o que continua mesmo ap\u00f3s 3 semanas de descanso"},"content":{"rendered":"\n<p>Sentir-se esgotado com o trabalho virou parte da rotina de muita gente. Esse cansa\u00e7o extremo, que n\u00e3o melhora com um simples fim de semana de descanso, costuma ser associado \u00e0&nbsp;<strong>s\u00edndrome de burnout<\/strong>. Em um cen\u00e1rio de jornadas longas, trabalho remoto mal estruturado e metas agressivas, entender o que \u00e9 esse esgotamento e quanto tempo leva para se recuperar deixou de ser papo de produtividade e virou quest\u00e3o s\u00e9ria de sa\u00fade.<\/p>\n\n\n\n<h2 class=\"wp-block-heading\">O que \u00e9 burnout e por que n\u00e3o \u00e9 apenas cansa\u00e7o comum<\/h2>\n\n\n\n<p><a href=\"https:\/\/www.gov.br\/saude\/pt-br\/assuntos\/saude-de-a-a-z\/s\/sindrome-de-burnout\" target=\"_blank\" rel=\"noreferrer noopener\">Burnout <\/a>n\u00e3o \u00e9 sin\u00f4nimo de pregui\u00e7a ou fragilidade. Trata-se de um estado de exaust\u00e3o f\u00edsica, mental e emocional ligado ao trabalho, que pode afetar concentra\u00e7\u00e3o, sono, rela\u00e7\u00f5es sociais e at\u00e9 o funcionamento do corpo. Muitas pessoas seguem produzindo, mas em \u201cpiloto autom\u00e1tico\u201d, sem energia e sem sensa\u00e7\u00e3o real de recupera\u00e7\u00e3o entre um dia e outro.<\/p>\n\n\n\n<p>Esse quadro geralmente se constr\u00f3i ao longo de meses ou anos de press\u00e3o cont\u00ednua, sobrecarga, falta de descanso adequado e sensa\u00e7\u00e3o de perda de controle. Por isso, a recupera\u00e7\u00e3o costuma ser lenta: o organismo precisa de tempo para reorganizar sono, horm\u00f4nios do estresse, n\u00edvel de aten\u00e7\u00e3o e capacidade de lidar com demandas di\u00e1rias.<\/p>\n\n\n\n<figure class=\"wp-block-image size-large\"><img loading=\"lazy\" decoding=\"async\" width=\"1024\" height=\"576\" src=\"https:\/\/www.em.com.br\/emfoco\/wp-content\/uploads\/2026\/03\/Gemini_Generated_Image_3vmcqp3vmcqp3vmc-1-1024x576.png\" alt=\"Burnout cresce em rotinas de trabalho intensas\" class=\"wp-image-179159\" srcset=\"https:\/\/www.em.com.br\/emfoco\/wp-content\/uploads\/2026\/03\/Gemini_Generated_Image_3vmcqp3vmcqp3vmc-1-1024x576.png 1024w, https:\/\/www.em.com.br\/emfoco\/wp-content\/uploads\/2026\/03\/Gemini_Generated_Image_3vmcqp3vmcqp3vmc-1-300x169.png 300w, https:\/\/www.em.com.br\/emfoco\/wp-content\/uploads\/2026\/03\/Gemini_Generated_Image_3vmcqp3vmcqp3vmc-1-768x432.png 768w, https:\/\/www.em.com.br\/emfoco\/wp-content\/uploads\/2026\/03\/Gemini_Generated_Image_3vmcqp3vmcqp3vmc-1-750x422.png 750w, https:\/\/www.em.com.br\/emfoco\/wp-content\/uploads\/2026\/03\/Gemini_Generated_Image_3vmcqp3vmcqp3vmc-1-1140x641.png 1140w, https:\/\/www.em.com.br\/emfoco\/wp-content\/uploads\/2026\/03\/Gemini_Generated_Image_3vmcqp3vmcqp3vmc-1.png 1280w\" sizes=\"auto, (max-width: 1024px) 100vw, 1024px\" \/><figcaption class=\"wp-element-caption\">Burnout cresce em rotinas de trabalho intensas<\/figcaption><\/figure>\n\n\n\n<h2 class=\"wp-block-heading\">Por que a recupera\u00e7\u00e3o do burnout pode levar meses<\/h2>\n\n\n\n<p>Pequenas pausas ou <a href=\"https:\/\/www.em.com.br\/emfoco\/2026\/02\/26\/planejando-as-ferias-conheca-as-melhores-praias-do-mundo-eleitas-por-viajantes-reais-no-tripadvisor\/\" target=\"_blank\" rel=\"noreferrer noopener\">f\u00e9rias <\/a>curtas podem aliviar alguns sintomas, mas n\u00e3o resolvem a raiz do problema se o padr\u00e3o de excesso de trabalho continua igual. Em casos mais graves, o processo pode se estender por muitos meses ou at\u00e9 anos.<\/p>\n\n\n\n<p>O tempo de recupera\u00e7\u00e3o varia bastante e passa por fases, como afastamento ou redu\u00e7\u00e3o de ritmo, reestrutura\u00e7\u00e3o de h\u00e1bitos e manuten\u00e7\u00e3o das mudan\u00e7as. Em vez de contar dias, o foco precisa estar em ajustes sustent\u00e1veis na rotina profissional e pessoal, para impedir o retorno ao padr\u00e3o de exaust\u00e3o que gerou o burnout.<\/p>\n\n\n\n<h2 class=\"wp-block-heading\">Quais fatores influenciam o tempo de recupera\u00e7\u00e3o<\/h2>\n\n\n\n<p>Alguns elementos do dia a dia tornam a recupera\u00e7\u00e3o mais r\u00e1pida ou mais lenta. Entender esses fatores ajuda a montar um plano mais realista e menos culpabilizador, especialmente para quem sente que n\u00e3o consegue \u201cdar conta\u201d como antes.<\/p>\n\n\n\n<ul class=\"wp-block-list\">\n<li><strong>Intensidade e dura\u00e7\u00e3o da sobrecarga:<\/strong>\u00a0anos em ritmo excessivo tendem a exigir tempo maior de recupera\u00e7\u00e3o.<\/li>\n\n\n\n<li><strong>Possibilidade de reduzir a jornada:<\/strong>\u00a0diminuir horas de trabalho ou redistribuir tarefas favorece uma melhora consistente.<\/li>\n\n\n\n<li><strong>Condi\u00e7\u00f5es financeiras:<\/strong>\u00a0ter reserva de emerg\u00eancia facilita pausas mais longas ou mudan\u00e7as de emprego.<\/li>\n\n\n\n<li><strong>Suporte profissional:<\/strong>\u00a0acompanhamento psicol\u00f3gico e m\u00e9dico pode acelerar e organizar o processo.<\/li>\n\n\n\n<li><strong>Ambiente de trabalho:<\/strong>\u00a0locais que acolhem ajustes e limites ajudam a evitar reca\u00eddas.<\/li>\n<\/ul>\n\n\n\n<figure class=\"wp-block-image size-large\"><img loading=\"lazy\" decoding=\"async\" width=\"1024\" height=\"576\" src=\"https:\/\/www.em.com.br\/emfoco\/wp-content\/uploads\/2026\/03\/Gemini_Generated_Image_3vmcqp3vmcqp3vmc-1-1024x576.png\" alt=\"\" class=\"wp-image-179159\" srcset=\"https:\/\/www.em.com.br\/emfoco\/wp-content\/uploads\/2026\/03\/Gemini_Generated_Image_3vmcqp3vmcqp3vmc-1-1024x576.png 1024w, https:\/\/www.em.com.br\/emfoco\/wp-content\/uploads\/2026\/03\/Gemini_Generated_Image_3vmcqp3vmcqp3vmc-1-300x169.png 300w, https:\/\/www.em.com.br\/emfoco\/wp-content\/uploads\/2026\/03\/Gemini_Generated_Image_3vmcqp3vmcqp3vmc-1-768x432.png 768w, https:\/\/www.em.com.br\/emfoco\/wp-content\/uploads\/2026\/03\/Gemini_Generated_Image_3vmcqp3vmcqp3vmc-1-750x422.png 750w, https:\/\/www.em.com.br\/emfoco\/wp-content\/uploads\/2026\/03\/Gemini_Generated_Image_3vmcqp3vmcqp3vmc-1-1140x641.png 1140w, https:\/\/www.em.com.br\/emfoco\/wp-content\/uploads\/2026\/03\/Gemini_Generated_Image_3vmcqp3vmcqp3vmc-1.png 1280w\" sizes=\"auto, (max-width: 1024px) 100vw, 1024px\" \/><\/figure>\n\n\n\n<h2 class=\"wp-block-heading\">\u00c9 poss\u00edvel se recuperar do burnout sem sair do emprego<\/h2>\n\n\n\n<p>Muita gente n\u00e3o tem como parar totalmente de trabalhar, e isso n\u00e3o significa que a recupera\u00e7\u00e3o seja imposs\u00edvel. Nesses casos, o caminho costuma ser reduzir a intensidade: renegociar prazos, alinhar expectativas com a lideran\u00e7a e abandonar a ideia de que jornadas de 10 ou 12 horas di\u00e1rias s\u00e3o sustent\u00e1veis.<\/p>\n\n\n\n<p>Medidas pr\u00e1ticas incluem limitar horas extras constantes, estabelecer hor\u00e1rios claros para responder mensagens, rever prioridades di\u00e1rias e buscar apoio profissional. Em ambientes muito t\u00f3xicos, pode ser necess\u00e1rio planejar uma transi\u00e7\u00e3o de \u00e1rea, fun\u00e7\u00e3o ou empresa, mesmo que isso envolva um per\u00edodo tempor\u00e1rio de esfor\u00e7o maior com estrat\u00e9gia bem definida.<\/p>\n\n\n\n<h2 class=\"wp-block-heading\">Como evitar reca\u00eddas de burnout e quando buscar ajuda agora<\/h2>\n\n\n\n<p>Depois do pior momento do burnout, muitas pessoas criam novas \u201cregras de sobreviv\u00eancia\u201d para o trabalho: ritmo sustent\u00e1vel, pausas programadas, rede de apoio e aten\u00e7\u00e3o aos sinais precoces de exaust\u00e3o, como irritabilidade constante, ins\u00f4nia, esquecimentos e falta de energia persistente. Nessas horas, aceitar que nem todo dia ser\u00e1 100% produtivo \u00e9 parte do tratamento, n\u00e3o um sinal de fraqueza.<\/p>\n\n\n\n<p>Se voc\u00ea se reconhece nesse esgotamento, n\u00e3o espere \u201cmelhorar sozinho\u201d: procure ajuda profissional, converse com pessoas de confian\u00e7a e fa\u00e7a hoje ao menos um ajuste concreto na sua rotina. Burnout n\u00e3o \u00e9 fase, \u00e9 um alerta do corpo e da mente \u2014 e ignorar esse sinal pode custar caro para sua sa\u00fade, sua carreira e sua vida.<\/p>\n","protected":false},"excerpt":{"rendered":"<p>Sentir-se esgotado com o trabalho virou parte da rotina de muita gente. Esse cansa\u00e7o extremo, que n\u00e3o melhora com um simples fim de semana de descanso, costuma ser associado \u00e0&nbsp;s\u00edndrome de burnout. Em um cen\u00e1rio de jornadas longas, trabalho remoto mal estruturado e metas agressivas, entender o que \u00e9 esse esgotamento e quanto tempo leva [&hellip;]<\/p>\n","protected":false},"author":11,"featured_media":179157,"comment_status":"open","ping_status":"open","sticky":false,"template":"","format":"standard","meta":{"jnews-multi-image_gallery":[],"jnews_single_post":{"format":"standard"},"jnews_primary_category":[],"jnews_social_meta":[],"jnews_override_counter":[],"footnotes":""},"categories":[9053],"tags":[24020,410,22216,508],"class_list":["post-179155","post","type-post","status-publish","format-standard","has-post-thumbnail","hentry","category-saude","tag-esgotamento-profissional","tag-saude-mental","tag-sindrome-de-burnout","tag-trabalho"],"yoast_head":"<!-- This site is optimized with the Yoast SEO plugin v23.8 - https:\/\/yoast.com\/wordpress\/plugins\/seo\/ -->\n<title>\u201cVoltei das f\u00e9rias pior do que fui\u201d, o motivo por tr\u00e1s do cansa\u00e7o que continua mesmo ap\u00f3s 3 semanas de descanso - Estado de Minas - Em foco<\/title>\n<meta name=\"description\" content=\"O esgotamento profissional afeta sono, concentra\u00e7\u00e3o e sa\u00fade mental. Veja como identificar burnout e iniciar a recupera\u00e7\u00e3o.\" \/>\n<meta name=\"robots\" content=\"index, follow, max-snippet:-1, max-image-preview:large, max-video-preview:-1\" \/>\n<link rel=\"canonical\" href=\"https:\/\/www.em.com.br\/emfoco\/2026\/03\/10\/voltei-das-ferias-pior-do-que-fui-o-motivo-por-tras-do-cansaco-que-continua-mesmo-apos-3-semanas-de-descanso\/\" \/>\n<meta property=\"og:locale\" content=\"pt_BR\" \/>\n<meta property=\"og:type\" content=\"article\" \/>\n<meta property=\"og:title\" content=\"\u201cVoltei das f\u00e9rias pior do que fui\u201d, o motivo por tr\u00e1s do cansa\u00e7o que continua mesmo ap\u00f3s 3 semanas de descanso - Estado de Minas - Em foco\" \/>\n<meta property=\"og:description\" content=\"O esgotamento profissional afeta sono, concentra\u00e7\u00e3o e sa\u00fade mental. Veja como identificar burnout e iniciar a recupera\u00e7\u00e3o.\" \/>\n<meta property=\"og:url\" content=\"https:\/\/www.em.com.br\/emfoco\/2026\/03\/10\/voltei-das-ferias-pior-do-que-fui-o-motivo-por-tras-do-cansaco-que-continua-mesmo-apos-3-semanas-de-descanso\/\" \/>\n<meta property=\"og:site_name\" content=\"Estado de Minas - Em foco\" \/>\n<meta property=\"article:published_time\" content=\"2026-03-10T15:45:00+00:00\" \/>\n<meta property=\"article:modified_time\" content=\"2026-03-09T19:41:20+00:00\" \/>\n<meta property=\"og:image\" content=\"https:\/\/www.em.com.br\/emfoco\/wp-content\/uploads\/2026\/03\/Gemini_Generated_Image_9skhxp9skhxp9skh-1.png\" \/>\n\t<meta property=\"og:image:width\" content=\"1280\" \/>\n\t<meta property=\"og:image:height\" content=\"720\" \/>\n\t<meta property=\"og:image:type\" content=\"image\/png\" \/>\n<meta name=\"author\" content=\"Andre\u0301 Rangel\u00a0\" \/>\n<meta name=\"twitter:card\" content=\"summary_large_image\" \/>\n<meta name=\"twitter:label1\" content=\"Escrito por\" \/>\n\t<meta name=\"twitter:data1\" content=\"Andre\u0301 Rangel\u00a0\" \/>\n\t<meta name=\"twitter:label2\" content=\"Est. tempo de leitura\" \/>\n\t<meta name=\"twitter:data2\" content=\"5 minutos\" \/>\n<!-- \/ Yoast SEO plugin. -->","yoast_head_json":{"title":"\u201cVoltei das f\u00e9rias pior do que fui\u201d, o motivo por tr\u00e1s do cansa\u00e7o que continua mesmo ap\u00f3s 3 semanas de descanso - Estado de Minas - Em foco","description":"O esgotamento profissional afeta sono, concentra\u00e7\u00e3o e sa\u00fade mental. Veja como identificar burnout e iniciar a recupera\u00e7\u00e3o.","robots":{"index":"index","follow":"follow","max-snippet":"max-snippet:-1","max-image-preview":"max-image-preview:large","max-video-preview":"max-video-preview:-1"},"canonical":"https:\/\/www.em.com.br\/emfoco\/2026\/03\/10\/voltei-das-ferias-pior-do-que-fui-o-motivo-por-tras-do-cansaco-que-continua-mesmo-apos-3-semanas-de-descanso\/","og_locale":"pt_BR","og_type":"article","og_title":"\u201cVoltei das f\u00e9rias pior do que fui\u201d, o motivo por tr\u00e1s do cansa\u00e7o que continua mesmo ap\u00f3s 3 semanas de descanso - Estado de Minas - Em foco","og_description":"O esgotamento profissional afeta sono, concentra\u00e7\u00e3o e sa\u00fade mental. Veja como identificar burnout e iniciar a recupera\u00e7\u00e3o.","og_url":"https:\/\/www.em.com.br\/emfoco\/2026\/03\/10\/voltei-das-ferias-pior-do-que-fui-o-motivo-por-tras-do-cansaco-que-continua-mesmo-apos-3-semanas-de-descanso\/","og_site_name":"Estado de Minas - Em foco","article_published_time":"2026-03-10T15:45:00+00:00","article_modified_time":"2026-03-09T19:41:20+00:00","og_image":[{"width":1280,"height":720,"url":"https:\/\/www.em.com.br\/emfoco\/wp-content\/uploads\/2026\/03\/Gemini_Generated_Image_9skhxp9skhxp9skh-1.png","type":"image\/png"}],"author":"Andre\u0301 Rangel\u00a0","twitter_card":"summary_large_image","twitter_misc":{"Escrito por":"Andre\u0301 Rangel\u00a0","Est. tempo de leitura":"5 minutos"},"schema":{"@context":"https:\/\/schema.org","@graph":[{"@type":"WebPage","@id":"https:\/\/www.em.com.br\/emfoco\/2026\/03\/10\/voltei-das-ferias-pior-do-que-fui-o-motivo-por-tras-do-cansaco-que-continua-mesmo-apos-3-semanas-de-descanso\/","url":"https:\/\/www.em.com.br\/emfoco\/2026\/03\/10\/voltei-das-ferias-pior-do-que-fui-o-motivo-por-tras-do-cansaco-que-continua-mesmo-apos-3-semanas-de-descanso\/","name":"\u201cVoltei das f\u00e9rias pior do que fui\u201d, o motivo por tr\u00e1s do cansa\u00e7o que continua mesmo ap\u00f3s 3 semanas de descanso - Estado de Minas - Em foco","isPartOf":{"@id":"https:\/\/www.em.com.br\/emfoco\/#website"},"primaryImageOfPage":{"@id":"https:\/\/www.em.com.br\/emfoco\/2026\/03\/10\/voltei-das-ferias-pior-do-que-fui-o-motivo-por-tras-do-cansaco-que-continua-mesmo-apos-3-semanas-de-descanso\/#primaryimage"},"image":{"@id":"https:\/\/www.em.com.br\/emfoco\/2026\/03\/10\/voltei-das-ferias-pior-do-que-fui-o-motivo-por-tras-do-cansaco-que-continua-mesmo-apos-3-semanas-de-descanso\/#primaryimage"},"thumbnailUrl":"https:\/\/www.em.com.br\/emfoco\/wp-content\/uploads\/2026\/03\/Gemini_Generated_Image_9skhxp9skhxp9skh-1.png","datePublished":"2026-03-10T15:45:00+00:00","dateModified":"2026-03-09T19:41:20+00:00","author":{"@id":"https:\/\/www.em.com.br\/emfoco\/#\/schema\/person\/60eda09c1fedf0d6891f4cef4b60b8b8"},"description":"O esgotamento profissional afeta sono, concentra\u00e7\u00e3o e sa\u00fade mental. Veja como identificar burnout e iniciar a recupera\u00e7\u00e3o.","breadcrumb":{"@id":"https:\/\/www.em.com.br\/emfoco\/2026\/03\/10\/voltei-das-ferias-pior-do-que-fui-o-motivo-por-tras-do-cansaco-que-continua-mesmo-apos-3-semanas-de-descanso\/#breadcrumb"},"inLanguage":"pt-BR","potentialAction":[{"@type":"ReadAction","target":["https:\/\/www.em.com.br\/emfoco\/2026\/03\/10\/voltei-das-ferias-pior-do-que-fui-o-motivo-por-tras-do-cansaco-que-continua-mesmo-apos-3-semanas-de-descanso\/"]}]},{"@type":"ImageObject","inLanguage":"pt-BR","@id":"https:\/\/www.em.com.br\/emfoco\/2026\/03\/10\/voltei-das-ferias-pior-do-que-fui-o-motivo-por-tras-do-cansaco-que-continua-mesmo-apos-3-semanas-de-descanso\/#primaryimage","url":"https:\/\/www.em.com.br\/emfoco\/wp-content\/uploads\/2026\/03\/Gemini_Generated_Image_9skhxp9skhxp9skh-1.png","contentUrl":"https:\/\/www.em.com.br\/emfoco\/wp-content\/uploads\/2026\/03\/Gemini_Generated_Image_9skhxp9skhxp9skh-1.png","width":1280,"height":720,"caption":"Burnout cresce em rotinas de trabalho intensas"},{"@type":"BreadcrumbList","@id":"https:\/\/www.em.com.br\/emfoco\/2026\/03\/10\/voltei-das-ferias-pior-do-que-fui-o-motivo-por-tras-do-cansaco-que-continua-mesmo-apos-3-semanas-de-descanso\/#breadcrumb","itemListElement":[{"@type":"ListItem","position":1,"name":"In\u00edcio","item":"https:\/\/www.em.com.br\/emfoco\/"},{"@type":"ListItem","position":2,"name":"\u201cVoltei das f\u00e9rias pior do que fui\u201d, o motivo por tr\u00e1s do cansa\u00e7o que continua mesmo ap\u00f3s 3 semanas de descanso"}]},{"@type":"WebSite","@id":"https:\/\/www.em.com.br\/emfoco\/#website","url":"https:\/\/www.em.com.br\/emfoco\/","name":"Estado de Minas - Em foco","description":"Acompanhe as \u00faltimas not\u00edcias e fique bem informado sobre tudo o que acontece em Minas Gerais, Brasil e no mundo.","potentialAction":[{"@type":"SearchAction","target":{"@type":"EntryPoint","urlTemplate":"https:\/\/www.em.com.br\/emfoco\/?s={search_term_string}"},"query-input":{"@type":"PropertyValueSpecification","valueRequired":true,"valueName":"search_term_string"}}],"inLanguage":"pt-BR"},{"@type":"Person","@id":"https:\/\/www.em.com.br\/emfoco\/#\/schema\/person\/60eda09c1fedf0d6891f4cef4b60b8b8","name":"Andre\u0301 Rangel\u00a0","image":{"@type":"ImageObject","inLanguage":"pt-BR","@id":"https:\/\/www.em.com.br\/emfoco\/#\/schema\/person\/image\/","url":"https:\/\/secure.gravatar.com\/avatar\/6234dc814c77c8ef6d8bba622c787efc?s=96&d=mm&r=g","contentUrl":"https:\/\/secure.gravatar.com\/avatar\/6234dc814c77c8ef6d8bba622c787efc?s=96&d=mm&r=g","caption":"Andre\u0301 Rangel\u00a0"},"url":"https:\/\/www.em.com.br\/emfoco\/author\/luizmyth\/"}]}},"_links":{"self":[{"href":"https:\/\/www.em.com.br\/emfoco\/wp-json\/wp\/v2\/posts\/179155","targetHints":{"allow":["GET"]}}],"collection":[{"href":"https:\/\/www.em.com.br\/emfoco\/wp-json\/wp\/v2\/posts"}],"about":[{"href":"https:\/\/www.em.com.br\/emfoco\/wp-json\/wp\/v2\/types\/post"}],"author":[{"embeddable":true,"href":"https:\/\/www.em.com.br\/emfoco\/wp-json\/wp\/v2\/users\/11"}],"replies":[{"embeddable":true,"href":"https:\/\/www.em.com.br\/emfoco\/wp-json\/wp\/v2\/comments?post=179155"}],"version-history":[{"count":2,"href":"https:\/\/www.em.com.br\/emfoco\/wp-json\/wp\/v2\/posts\/179155\/revisions"}],"predecessor-version":[{"id":179161,"href":"https:\/\/www.em.com.br\/emfoco\/wp-json\/wp\/v2\/posts\/179155\/revisions\/179161"}],"wp:featuredmedia":[{"embeddable":true,"href":"https:\/\/www.em.com.br\/emfoco\/wp-json\/wp\/v2\/media\/179157"}],"wp:attachment":[{"href":"https:\/\/www.em.com.br\/emfoco\/wp-json\/wp\/v2\/media?parent=179155"}],"wp:term":[{"taxonomy":"category","embeddable":true,"href":"https:\/\/www.em.com.br\/emfoco\/wp-json\/wp\/v2\/categories?post=179155"},{"taxonomy":"post_tag","embeddable":true,"href":"https:\/\/www.em.com.br\/emfoco\/wp-json\/wp\/v2\/tags?post=179155"}],"curies":[{"name":"wp","href":"https:\/\/api.w.org\/{rel}","templated":true}]}}