{"id":179147,"date":"2026-03-10T10:25:00","date_gmt":"2026-03-10T13:25:00","guid":{"rendered":"https:\/\/www.em.com.br\/emfoco\/?p=179147"},"modified":"2026-03-11T09:40:25","modified_gmt":"2026-03-11T12:40:25","slug":"stf-analisa-acao-que-pode-mudar-a-venda-de-carros-no-brasil-e-decisao-pode-redesenhar-regras-do-setor","status":"publish","type":"post","link":"https:\/\/www.em.com.br\/emfoco\/2026\/03\/10\/stf-analisa-acao-que-pode-mudar-a-venda-de-carros-no-brasil-e-decisao-pode-redesenhar-regras-do-setor\/","title":{"rendered":"STF analisa a\u00e7\u00e3o que pode mudar a venda de carros no Brasil e decis\u00e3o pode redesenhar regras do setor"},"content":{"rendered":"\n<p>O julgamento em andamento no <strong>Supremo Tribunal Federal <\/strong>(STF) sobre a chamada <strong>Lei Renato Ferrari <\/strong><a href=\"https:\/\/www.camara.leg.br\/proposicoesWeb\/prop_mostrarintegra?codteor=216004&amp;filename=LegislacaoCitada%20PL%203456\/2004\" target=\"_blank\" rel=\"noreferrer noopener\">(Lei n\u00ba 6.729\/1979<\/a>), que regula a rela\u00e7\u00e3o entre montadoras e concession\u00e1rias, reacende o debate sobre o mercado de venda de ve\u00edculos no Brasil. A discuss\u00e3o central, pautada pela<strong> ADPF 1106<\/strong>, questiona at\u00e9 que ponto esse modelo ainda faz sentido diante da <strong>Constitui\u00e7\u00e3o de 1988<\/strong> e das novas din\u00e2micas de consumo.<\/p>\n\n\n\n<h2 class=\"wp-block-heading\">A origem do questionamento e a mudan\u00e7a de postura da PGR<\/h2>\n\n\n\n<p>Inicialmente, a a\u00e7\u00e3o (apresentada no passado pela pr\u00f3pria<strong> Procuradoria-Geral da Rep\u00fablica<\/strong>) questionava dispositivos da lei por supostamente criarem barreiras para novos entrantes, como a exclusividade territorial e a proibi\u00e7\u00e3o de comercializa\u00e7\u00e3o de marcas concorrentes no mesmo espa\u00e7o.<\/p>\n\n\n\n<p>No entanto, o cen\u00e1rio atual demonstra uma forte reviravolta: o parecer atual da pr\u00f3pria PGR \u00e9 pela improced\u00eancia do pedido. O \u00f3rg\u00e3o sustenta hoje que a lei n\u00e3o ofende a liberdade de contratar, n\u00e3o elimina a concorr\u00eancia e cumpre a finalidade de prevenir abusos de poder econ\u00f4mico, n\u00e3o havendo ofensa \u00e0 Constitui\u00e7\u00e3o.<\/p>\n\n\n\n<figure class=\"wp-block-image size-large\"><img loading=\"lazy\" decoding=\"async\" width=\"1024\" height=\"576\" src=\"https:\/\/www.em.com.br\/emfoco\/wp-content\/uploads\/2026\/03\/Gemini_Generated_Image_83hy2j83hy2j83hy-1-1024x576.png\" alt=\"O julgamento que pode mudar venda de ve\u00edculos\" class=\"wp-image-179151\" srcset=\"https:\/\/www.em.com.br\/emfoco\/wp-content\/uploads\/2026\/03\/Gemini_Generated_Image_83hy2j83hy2j83hy-1-1024x576.png 1024w, https:\/\/www.em.com.br\/emfoco\/wp-content\/uploads\/2026\/03\/Gemini_Generated_Image_83hy2j83hy2j83hy-1-300x169.png 300w, https:\/\/www.em.com.br\/emfoco\/wp-content\/uploads\/2026\/03\/Gemini_Generated_Image_83hy2j83hy2j83hy-1-768x432.png 768w, https:\/\/www.em.com.br\/emfoco\/wp-content\/uploads\/2026\/03\/Gemini_Generated_Image_83hy2j83hy2j83hy-1-750x422.png 750w, https:\/\/www.em.com.br\/emfoco\/wp-content\/uploads\/2026\/03\/Gemini_Generated_Image_83hy2j83hy2j83hy-1-1140x641.png 1140w, https:\/\/www.em.com.br\/emfoco\/wp-content\/uploads\/2026\/03\/Gemini_Generated_Image_83hy2j83hy2j83hy-1.png 1280w\" sizes=\"auto, (max-width: 1024px) 100vw, 1024px\" \/><figcaption class=\"wp-element-caption\">O julgamento que pode mudar venda de ve\u00edculos<\/figcaption><\/figure>\n\n\n\n<h2 class=\"wp-block-heading\">Frente ampla em defesa da Lei: Executivo e Legislativo alertam o STF<\/h2>\n\n\n\n<p>A poss\u00edvel altera\u00e7\u00e3o da lei via Judici\u00e1rio gerou uma forte rea\u00e7\u00e3o institucional. As manifesta\u00e7\u00f5es da <strong>Advocacia-Geral da Uni\u00e3o <\/strong>(AGU), de <strong>Minist\u00e9rios <\/strong>e do <strong>Senado <\/strong>formam um consenso de que a lei organiza o setor e que sua revoga\u00e7\u00e3o traria impactos desastrosos. Os principais argumentos apresentados ao STF s\u00e3o:<\/p>\n\n\n\n<p><strong>A Supremacia do Parlamento (Senado Federal):<\/strong> O modelo de verticaliza\u00e7\u00e3o do setor traz ganhos de efici\u00eancia e escala. O Senado alerta que \u00e9 &#8220;absolutamente temer\u00e1ria&#8221; a interven\u00e7\u00e3o judicial nesse tema, argumentando que qualquer atualiza\u00e7\u00e3o da lei deve ocorrer de forma plural e p\u00fablica dentro do Parlamento, e n\u00e3o via STF. O MDIC refor\u00e7a que eventuais moderniza\u00e7\u00f5es devem ser feitas pelas Conven\u00e7\u00f5es de Marca (acordos entre as partes).<\/p>\n\n\n\n<p><strong>Impacto Econ\u00f4mico e Risco &#8220;Brutal&#8221; (Casa Civil e MDIC):<\/strong> O setor automotivo representa 2,5% do PIB, gera 1,2 milh\u00e3o de empregos e movimenta bilh\u00f5es em exporta\u00e7\u00f5es. A revoga\u00e7\u00e3o das regras de exclusividade e territorialidade teria um impacto classificado como &#8220;devastador&#8221; e &#8220;brutal&#8221; nas mais de 7 mil concession\u00e1rias do pa\u00eds, que s\u00e3o majoritariamente empresas familiares e de capital 100% nacional.<\/p>\n\n\n\n<p><strong>Seguran\u00e7a e Defesa do Consumidor (AGU):<\/strong> O modelo garante uma rede especializada, oferecendo seguran\u00e7a t\u00e9cnica e servi\u00e7os de qualidade ao consumidor, al\u00e9m de dar seguran\u00e7a jur\u00eddica para que o concession\u00e1rio recupere os altos investimentos do neg\u00f3cio.<\/p>\n\n\n\n<h2 class=\"wp-block-heading\">Quais s\u00e3o os principais impactos para consumidores e oficinas independentes?<\/h2>\n\n\n\n<p>Apesar da forte defesa institucional, existe uma cr\u00edtica recorrente por parte de oficinas independentes. Elas apontam dificuldades log\u00edsticas para acessar pe\u00e7as originais diretamente dos fabricantes, o que afeta especialmente regi\u00f5es mais distantes. Nesses casos, a depend\u00eancia de concession\u00e1rias autorizadas que ficam a quil\u00f4metros de dist\u00e2ncia pode atrasar reparos, gerando perdas financeiras para motoristas (especialmente os que dependem do ve\u00edculo para trabalhar).<\/p>\n\n\n\n<p>Ainda assim, a vis\u00e3o das institui\u00e7\u00f5es p\u00fablicas \u00e9 de que pulverizar esse mercado sem a prote\u00e7\u00e3o da Lei Ferrari n\u00e3o resolveria o problema log\u00edstico e destruiria a garantia de atendimento especializado hoje existente.<\/p>\n\n\n\n<figure class=\"wp-block-image\"><img decoding=\"async\" src=\"https:\/\/www.em.com.br\/emfoco\/wp-content\/uploads\/2025\/03\/carros-usados_1741124680772-1024x576.jpg\" alt=\"\"\/><figcaption class=\"wp-element-caption\">O julgamento que pode mudar venda de ve\u00edculos &#8211; Cr\u00e9ditos: depositphotos.com \/ Elnur_<\/figcaption><\/figure>\n\n\n\n<h2 class=\"wp-block-heading\">Quais cen\u00e1rios podem surgir para o mercado?<\/h2>\n\n\n\n<p><strong>Se o STF contrariar as manifesta\u00e7\u00f5es (e acolher a a\u00e7\u00e3o inicial):<\/strong> Partes da Lei Renato Ferrari seriam extintas, derrubando a exclusividade territorial e as restri\u00e7\u00f5es de vendas diretas. Isso abriria espa\u00e7o para revendas multimarcas e novas din\u00e2micas para oficinas, mas traria inseguran\u00e7a imediata a milhares de concession\u00e1rias e riscos aos empregos do setor.<\/p>\n\n\n\n<p><strong>Se a lei for mantida (conforme pedem PGR, AGU, MDIC, Casa Civil e Senado):<\/strong> Prevalece a estrutura atual. As redes autorizadas mant\u00eam sua solidez jur\u00eddica, e as adapta\u00e7\u00f5es \u00e0s novas realidades de mercado (como vendas online e plataformas digitais) continuar\u00e3o sendo negociadas diretamente entre montadoras e concession\u00e1rias, preservando os investimentos j\u00e1 realizados.<\/p>\n\n\n\n<h2 class=\"wp-block-heading\">A import\u00e2ncia para o futuro do setor<\/h2>\n\n\n\n<p>O resultado desse julgamento vai muito al\u00e9m de um embate jur\u00eddico. Ele definir\u00e1 se a gest\u00e3o de um dos mais relevantes setores da economia nacional permanecer\u00e1 sob um marco regulat\u00f3rio maduro ou se sofrer\u00e1 uma ruptura via Judici\u00e1rio. Se voc\u00ea atua no setor automotivo, \u00e9 consumidor ou depende de transporte para trabalhar, o momento exige aten\u00e7\u00e3o: o STF tem em m\u00e3os uma decis\u00e3o que pode reestruturar toda a cadeia de <a href=\"https:\/\/www.em.com.br\/emfoco\/2026\/02\/22\/uber-atualiza-regras-do-black-e-comfort-reduz-lista-de-veiculos-e-deixa-motoristas-em-alerta\/\" target=\"_blank\" rel=\"noreferrer noopener\">ve\u00edculos <\/a>e pe\u00e7as no Brasil.<\/p>\n\n\n\n<p><\/p>\n","protected":false},"excerpt":{"rendered":"<p>O julgamento em andamento no Supremo Tribunal Federal (STF) sobre a chamada Lei Renato Ferrari (Lei n\u00ba 6.729\/1979), que regula a rela\u00e7\u00e3o entre montadoras e concession\u00e1rias, reacende o debate sobre o mercado de venda de ve\u00edculos no Brasil. A discuss\u00e3o central, pautada pela ADPF 1106, questiona at\u00e9 que ponto esse modelo ainda faz sentido diante [&hellip;]<\/p>\n","protected":false},"author":11,"featured_media":179150,"comment_status":"open","ping_status":"open","sticky":false,"template":"","format":"standard","meta":{"jnews-multi-image_gallery":[],"jnews_single_post":{"format":"standard"},"jnews_primary_category":[],"jnews_social_meta":[],"jnews_override_counter":[],"footnotes":""},"categories":[28,1],"tags":[25888,487,534,25887],"class_list":["post-179147","post","type-post","status-publish","format-standard","has-post-thumbnail","hentry","category-economia","category-noticias","tag-decisao-do-stf","tag-lei","tag-veiculos","tag-venda-de-veiculos"],"yoast_head":"<!-- This site is optimized with the Yoast SEO plugin v23.8 - https:\/\/yoast.com\/wordpress\/plugins\/seo\/ -->\n<title>STF analisa a\u00e7\u00e3o que pode mudar a venda de carros no Brasil e decis\u00e3o pode redesenhar regras do setor - Estado de Minas - Em foco<\/title>\n<meta name=\"description\" content=\"O STF analisa a Lei Renato Ferrari, que regula a rela\u00e7\u00e3o entre montadoras e concession\u00e1rias desde 1979. Entenda o que pode mudar.\" \/>\n<meta name=\"robots\" content=\"index, follow, max-snippet:-1, max-image-preview:large, max-video-preview:-1\" \/>\n<link rel=\"canonical\" href=\"https:\/\/www.em.com.br\/emfoco\/2026\/03\/10\/stf-analisa-acao-que-pode-mudar-a-venda-de-carros-no-brasil-e-decisao-pode-redesenhar-regras-do-setor\/\" \/>\n<meta property=\"og:locale\" content=\"pt_BR\" \/>\n<meta property=\"og:type\" content=\"article\" \/>\n<meta property=\"og:title\" content=\"STF analisa a\u00e7\u00e3o que pode mudar a venda de carros no Brasil e decis\u00e3o pode redesenhar regras do setor - Estado de Minas - Em foco\" \/>\n<meta property=\"og:description\" content=\"O STF analisa a Lei Renato Ferrari, que regula a rela\u00e7\u00e3o entre montadoras e concession\u00e1rias desde 1979. Entenda o que pode mudar.\" \/>\n<meta property=\"og:url\" content=\"https:\/\/www.em.com.br\/emfoco\/2026\/03\/10\/stf-analisa-acao-que-pode-mudar-a-venda-de-carros-no-brasil-e-decisao-pode-redesenhar-regras-do-setor\/\" \/>\n<meta property=\"og:site_name\" content=\"Estado de Minas - Em foco\" \/>\n<meta property=\"article:published_time\" content=\"2026-03-10T13:25:00+00:00\" \/>\n<meta property=\"article:modified_time\" content=\"2026-03-11T12:40:25+00:00\" \/>\n<meta property=\"og:image\" content=\"https:\/\/www.em.com.br\/emfoco\/wp-content\/uploads\/2026\/03\/Gemini_Generated_Image_wf0x3qwf0x3qwf0x-1.png\" \/>\n\t<meta property=\"og:image:width\" content=\"1280\" \/>\n\t<meta property=\"og:image:height\" content=\"720\" \/>\n\t<meta property=\"og:image:type\" content=\"image\/png\" \/>\n<meta name=\"author\" content=\"Andre\u0301 Rangel\u00a0\" \/>\n<meta name=\"twitter:card\" content=\"summary_large_image\" \/>\n<meta name=\"twitter:label1\" content=\"Escrito por\" \/>\n\t<meta name=\"twitter:data1\" content=\"Andre\u0301 Rangel\u00a0\" \/>\n\t<meta name=\"twitter:label2\" content=\"Est. tempo de leitura\" \/>\n\t<meta name=\"twitter:data2\" content=\"5 minutos\" \/>\n<!-- \/ Yoast SEO plugin. -->","yoast_head_json":{"title":"STF analisa a\u00e7\u00e3o que pode mudar a venda de carros no Brasil e decis\u00e3o pode redesenhar regras do setor - Estado de Minas - Em foco","description":"O STF analisa a Lei Renato Ferrari, que regula a rela\u00e7\u00e3o entre montadoras e concession\u00e1rias desde 1979. Entenda o que pode mudar.","robots":{"index":"index","follow":"follow","max-snippet":"max-snippet:-1","max-image-preview":"max-image-preview:large","max-video-preview":"max-video-preview:-1"},"canonical":"https:\/\/www.em.com.br\/emfoco\/2026\/03\/10\/stf-analisa-acao-que-pode-mudar-a-venda-de-carros-no-brasil-e-decisao-pode-redesenhar-regras-do-setor\/","og_locale":"pt_BR","og_type":"article","og_title":"STF analisa a\u00e7\u00e3o que pode mudar a venda de carros no Brasil e decis\u00e3o pode redesenhar regras do setor - Estado de Minas - Em foco","og_description":"O STF analisa a Lei Renato Ferrari, que regula a rela\u00e7\u00e3o entre montadoras e concession\u00e1rias desde 1979. Entenda o que pode mudar.","og_url":"https:\/\/www.em.com.br\/emfoco\/2026\/03\/10\/stf-analisa-acao-que-pode-mudar-a-venda-de-carros-no-brasil-e-decisao-pode-redesenhar-regras-do-setor\/","og_site_name":"Estado de Minas - Em foco","article_published_time":"2026-03-10T13:25:00+00:00","article_modified_time":"2026-03-11T12:40:25+00:00","og_image":[{"width":1280,"height":720,"url":"https:\/\/www.em.com.br\/emfoco\/wp-content\/uploads\/2026\/03\/Gemini_Generated_Image_wf0x3qwf0x3qwf0x-1.png","type":"image\/png"}],"author":"Andre\u0301 Rangel\u00a0","twitter_card":"summary_large_image","twitter_misc":{"Escrito por":"Andre\u0301 Rangel\u00a0","Est. tempo de leitura":"5 minutos"},"schema":{"@context":"https:\/\/schema.org","@graph":[{"@type":"WebPage","@id":"https:\/\/www.em.com.br\/emfoco\/2026\/03\/10\/stf-analisa-acao-que-pode-mudar-a-venda-de-carros-no-brasil-e-decisao-pode-redesenhar-regras-do-setor\/","url":"https:\/\/www.em.com.br\/emfoco\/2026\/03\/10\/stf-analisa-acao-que-pode-mudar-a-venda-de-carros-no-brasil-e-decisao-pode-redesenhar-regras-do-setor\/","name":"STF analisa a\u00e7\u00e3o que pode mudar a venda de carros no Brasil e decis\u00e3o pode redesenhar regras do setor - Estado de Minas - Em foco","isPartOf":{"@id":"https:\/\/www.em.com.br\/emfoco\/#website"},"primaryImageOfPage":{"@id":"https:\/\/www.em.com.br\/emfoco\/2026\/03\/10\/stf-analisa-acao-que-pode-mudar-a-venda-de-carros-no-brasil-e-decisao-pode-redesenhar-regras-do-setor\/#primaryimage"},"image":{"@id":"https:\/\/www.em.com.br\/emfoco\/2026\/03\/10\/stf-analisa-acao-que-pode-mudar-a-venda-de-carros-no-brasil-e-decisao-pode-redesenhar-regras-do-setor\/#primaryimage"},"thumbnailUrl":"https:\/\/www.em.com.br\/emfoco\/wp-content\/uploads\/2026\/03\/Gemini_Generated_Image_wf0x3qwf0x3qwf0x-1.png","datePublished":"2026-03-10T13:25:00+00:00","dateModified":"2026-03-11T12:40:25+00:00","author":{"@id":"https:\/\/www.em.com.br\/emfoco\/#\/schema\/person\/60eda09c1fedf0d6891f4cef4b60b8b8"},"description":"O STF analisa a Lei Renato Ferrari, que regula a rela\u00e7\u00e3o entre montadoras e concession\u00e1rias desde 1979. Entenda o que pode mudar.","breadcrumb":{"@id":"https:\/\/www.em.com.br\/emfoco\/2026\/03\/10\/stf-analisa-acao-que-pode-mudar-a-venda-de-carros-no-brasil-e-decisao-pode-redesenhar-regras-do-setor\/#breadcrumb"},"inLanguage":"pt-BR","potentialAction":[{"@type":"ReadAction","target":["https:\/\/www.em.com.br\/emfoco\/2026\/03\/10\/stf-analisa-acao-que-pode-mudar-a-venda-de-carros-no-brasil-e-decisao-pode-redesenhar-regras-do-setor\/"]}]},{"@type":"ImageObject","inLanguage":"pt-BR","@id":"https:\/\/www.em.com.br\/emfoco\/2026\/03\/10\/stf-analisa-acao-que-pode-mudar-a-venda-de-carros-no-brasil-e-decisao-pode-redesenhar-regras-do-setor\/#primaryimage","url":"https:\/\/www.em.com.br\/emfoco\/wp-content\/uploads\/2026\/03\/Gemini_Generated_Image_wf0x3qwf0x3qwf0x-1.png","contentUrl":"https:\/\/www.em.com.br\/emfoco\/wp-content\/uploads\/2026\/03\/Gemini_Generated_Image_wf0x3qwf0x3qwf0x-1.png","width":1280,"height":720},{"@type":"BreadcrumbList","@id":"https:\/\/www.em.com.br\/emfoco\/2026\/03\/10\/stf-analisa-acao-que-pode-mudar-a-venda-de-carros-no-brasil-e-decisao-pode-redesenhar-regras-do-setor\/#breadcrumb","itemListElement":[{"@type":"ListItem","position":1,"name":"In\u00edcio","item":"https:\/\/www.em.com.br\/emfoco\/"},{"@type":"ListItem","position":2,"name":"STF analisa a\u00e7\u00e3o que pode mudar a venda de carros no Brasil e decis\u00e3o pode redesenhar regras do setor"}]},{"@type":"WebSite","@id":"https:\/\/www.em.com.br\/emfoco\/#website","url":"https:\/\/www.em.com.br\/emfoco\/","name":"Estado de Minas - Em foco","description":"Acompanhe as \u00faltimas not\u00edcias e fique bem informado sobre tudo o que acontece em Minas Gerais, Brasil e no mundo.","potentialAction":[{"@type":"SearchAction","target":{"@type":"EntryPoint","urlTemplate":"https:\/\/www.em.com.br\/emfoco\/?s={search_term_string}"},"query-input":{"@type":"PropertyValueSpecification","valueRequired":true,"valueName":"search_term_string"}}],"inLanguage":"pt-BR"},{"@type":"Person","@id":"https:\/\/www.em.com.br\/emfoco\/#\/schema\/person\/60eda09c1fedf0d6891f4cef4b60b8b8","name":"Andre\u0301 Rangel\u00a0","image":{"@type":"ImageObject","inLanguage":"pt-BR","@id":"https:\/\/www.em.com.br\/emfoco\/#\/schema\/person\/image\/","url":"https:\/\/secure.gravatar.com\/avatar\/6234dc814c77c8ef6d8bba622c787efc?s=96&d=mm&r=g","contentUrl":"https:\/\/secure.gravatar.com\/avatar\/6234dc814c77c8ef6d8bba622c787efc?s=96&d=mm&r=g","caption":"Andre\u0301 Rangel\u00a0"},"url":"https:\/\/www.em.com.br\/emfoco\/author\/luizmyth\/"}]}},"_links":{"self":[{"href":"https:\/\/www.em.com.br\/emfoco\/wp-json\/wp\/v2\/posts\/179147","targetHints":{"allow":["GET"]}}],"collection":[{"href":"https:\/\/www.em.com.br\/emfoco\/wp-json\/wp\/v2\/posts"}],"about":[{"href":"https:\/\/www.em.com.br\/emfoco\/wp-json\/wp\/v2\/types\/post"}],"author":[{"embeddable":true,"href":"https:\/\/www.em.com.br\/emfoco\/wp-json\/wp\/v2\/users\/11"}],"replies":[{"embeddable":true,"href":"https:\/\/www.em.com.br\/emfoco\/wp-json\/wp\/v2\/comments?post=179147"}],"version-history":[{"count":5,"href":"https:\/\/www.em.com.br\/emfoco\/wp-json\/wp\/v2\/posts\/179147\/revisions"}],"predecessor-version":[{"id":180073,"href":"https:\/\/www.em.com.br\/emfoco\/wp-json\/wp\/v2\/posts\/179147\/revisions\/180073"}],"wp:featuredmedia":[{"embeddable":true,"href":"https:\/\/www.em.com.br\/emfoco\/wp-json\/wp\/v2\/media\/179150"}],"wp:attachment":[{"href":"https:\/\/www.em.com.br\/emfoco\/wp-json\/wp\/v2\/media?parent=179147"}],"wp:term":[{"taxonomy":"category","embeddable":true,"href":"https:\/\/www.em.com.br\/emfoco\/wp-json\/wp\/v2\/categories?post=179147"},{"taxonomy":"post_tag","embeddable":true,"href":"https:\/\/www.em.com.br\/emfoco\/wp-json\/wp\/v2\/tags?post=179147"}],"curies":[{"name":"wp","href":"https:\/\/api.w.org\/{rel}","templated":true}]}}