{"id":179140,"date":"2026-03-08T15:05:00","date_gmt":"2026-03-08T18:05:00","guid":{"rendered":"https:\/\/www.em.com.br\/emfoco\/?p=179140"},"modified":"2026-03-08T14:39:36","modified_gmt":"2026-03-08T17:39:36","slug":"uma-das-7-maravilhas-do-mundo-que-divide-o-brasil-com-outras-2-paises-e-uma-usina-que-ja-produziu-energia-suficiente-para-abastecer-o-mundo-por-43-dias","status":"publish","type":"post","link":"https:\/\/www.em.com.br\/emfoco\/2026\/03\/08\/uma-das-7-maravilhas-do-mundo-que-divide-o-brasil-com-outras-2-paises-e-uma-usina-que-ja-produziu-energia-suficiente-para-abastecer-o-mundo-por-43-dias\/","title":{"rendered":"Uma das 7 maravilhas do mundo que divide o Brasil com outras 2 pa\u00edses e uma usina que j\u00e1 produziu energia suficiente para abastecer o mundo por 43 dias"},"content":{"rendered":"\n<p>O rio <strong>Igua\u00e7u<\/strong> corre manso por quase 1.300 km at\u00e9 despencar em 275 quedas de \u00e1gua no extremo oeste do <strong>Paran\u00e1<\/strong>. Do outro lado da fronteira, a <strong>Argentina<\/strong> observa o espet\u00e1culo de frente. Ao norte, o <strong>Paraguai<\/strong> completa a tr\u00edplice fronteira. <strong>Foz do Igua\u00e7u<\/strong> \u00e9 a \u00fanica cidade brasileira plantada nesse encontro de tr\u00eas na\u00e7\u00f5es, e guarda muito mais do que cataratas.<\/p>\n\n\n\n<h2 class=\"wp-block-heading\">Santos Dumont salvou as Cataratas de virar fazenda<\/h2>\n\n\n\n<p>Em 1916, <strong>Alberto Santos Dumont<\/strong> visitou as quedas e ficou alarmado ao descobrir que a \u00e1rea pertencia a um propriet\u00e1rio privado, o uruguaio <strong>Jes\u00fas Val<\/strong>. O aviador viajou at\u00e9 Curitiba para pressionar o governador <strong>Afonso Camargo<\/strong> pela desapropria\u00e7\u00e3o. Em tr\u00eas meses, o estado do Paran\u00e1 declarou a \u00e1rea de utilidade p\u00fablica, com 1.008 hectares. S\u00f3 em 1939, o presidente <strong>Get\u00falio Vargas<\/strong> criou oficialmente o <a href=\"https:\/\/www.icmbio.gov.br\/parnaiguacu\/quem-somos.html\" target=\"_blank\" rel=\"noreferrer noopener\"><strong>Parque Nacional do Igua\u00e7u<\/strong><\/a>.<\/p>\n\n\n\n<p>Hoje, o parque protege 185 mil hectares de <strong>Mata Atl\u00e2ntica<\/strong>, uma das maiores reservas de floresta subtropical do mundo. Em 1986, a <strong>Organiza\u00e7\u00e3o das Na\u00e7\u00f5es Unidas para a Educa\u00e7\u00e3o, a Ci\u00eancia e a Cultura (UNESCO)<\/strong> o inscreveu na lista de Patrim\u00f4nio Natural da Humanidade. Em 2011, as Cataratas foram eleitas uma das Sete Maravilhas da Natureza por vota\u00e7\u00e3o popular global.<\/p>\n\n\n<div class=\"wp-block-image\">\n<figure class=\"aligncenter size-large\"><img loading=\"lazy\" decoding=\"async\" width=\"1024\" height=\"576\" src=\"https:\/\/www.em.com.br\/emfoco\/wp-content\/uploads\/2025\/12\/foz-do-iguacu_1733436257516-1024x576.jpg\" alt=\"A cidade do Paran\u00e1 que revela um dos cen\u00e1rios mais impactantes do planeta\" class=\"wp-image-138712\" srcset=\"https:\/\/www.em.com.br\/emfoco\/wp-content\/uploads\/2025\/12\/foz-do-iguacu_1733436257516-1024x576.jpg 1024w, https:\/\/www.em.com.br\/emfoco\/wp-content\/uploads\/2025\/12\/foz-do-iguacu_1733436257516-300x169.jpg 300w, https:\/\/www.em.com.br\/emfoco\/wp-content\/uploads\/2025\/12\/foz-do-iguacu_1733436257516-768x432.jpg 768w, https:\/\/www.em.com.br\/emfoco\/wp-content\/uploads\/2025\/12\/foz-do-iguacu_1733436257516-750x422.jpg 750w, https:\/\/www.em.com.br\/emfoco\/wp-content\/uploads\/2025\/12\/foz-do-iguacu_1733436257516-1140x641.jpg 1140w, https:\/\/www.em.com.br\/emfoco\/wp-content\/uploads\/2025\/12\/foz-do-iguacu_1733436257516.jpg 1280w\" sizes=\"auto, (max-width: 1024px) 100vw, 1024px\" \/><figcaption class=\"wp-element-caption\">Foz do Igua\u00e7u \u00e9 um ponto de encontro de na\u00e7\u00f5es e lar das cataratas mais deslumbrantes do planeta. \/\/ Cr\u00e9ditos: depositphotos.com \/ ivo@theeditors.nl<\/figcaption><\/figure><\/div>\n\n\n<h2 class=\"wp-block-heading\">A usina que produziu energia para abastecer o planeta por 43 dias<\/h2>\n\n\n\n<p>A 15 km ao norte da <strong>Ponte da Amizade<\/strong>, a <a href=\"https:\/\/www.itaipu.gov.br\/energia\/geracao\" target=\"_blank\" rel=\"noreferrer noopener\"><strong>Itaipu Binacional<\/strong><\/a> divide o rio Paran\u00e1 entre Brasil e Paraguai. S\u00e3o 20 turbinas de 700 MW cada, totalizando 14 mil MW de pot\u00eancia instalada. Em 2016, a usina bateu o recorde mundial de gera\u00e7\u00e3o anual: 103,1 milh\u00f5es de MWh, marca que nenhuma outra hidrel\u00e9trica superou at\u00e9 hoje em produtividade.<\/p>\n\n\n\n<p>Em mar\u00e7o de 2024, Itaipu atingiu 3 bilh\u00f5es de MWh acumulados desde o in\u00edcio da opera\u00e7\u00e3o, em 1984. Esse volume seria suficiente para abastecer o mundo inteiro por 43 dias ou o Brasil por quase seis anos. A usina fornece cerca de 8,6% da energia consumida no pa\u00eds e 86,3% no Paraguai. O nome vem do tupi-guarani e significa \u201cpedra na qual a \u00e1gua faz barulho\u201d.<\/p>\n\n\n\n<h2 class=\"wp-block-heading\">O que visitar na terra das tr\u00eas fronteiras<\/h2>\n\n\n\n<p>A cidade concentra atra\u00e7\u00f5es em um raio curto. A maioria dos passeios fica a menos de 30 minutos do centro.<\/p>\n\n\n\n<ul class=\"wp-block-list has-medium-font-size\">\n<li><strong>Cataratas do Igua\u00e7u<\/strong>: 275 quedas ao longo de 2,7 km. A <strong>Garganta do Diabo<\/strong> tem 80 metros de altura e 150 metros de largura. Arco-\u00edris aparecem a qualquer hora do dia.<\/li>\n\n\n\n<li><strong>Parque das Aves<\/strong>: santu\u00e1rio com cerca de 1.500 aves de esp\u00e9cies brasileiras, ao lado da entrada do Parque Nacional.<\/li>\n\n\n\n<li><strong>Complexo Tur\u00edstico de Itaipu<\/strong>: visita panor\u00e2mica \u00e0 barragem, ilumina\u00e7\u00e3o noturna e o <strong>Ecomuseu<\/strong> com a hist\u00f3ria da constru\u00e7\u00e3o.<\/li>\n\n\n\n<li><strong>Marco das Tr\u00eas Fronteiras<\/strong>: mirante onde se avistam Brasil, Argentina e Paraguai ao mesmo tempo. O obelisco tem mais de 100 anos.<\/li>\n\n\n\n<li><strong>Templo Budista<\/strong>: constru\u00eddo pela comunidade tailandesa local, \u00e9 um dos poucos templos Theravada do sul do Brasil.<\/li>\n<\/ul>\n\n\n\n<p>Quem sonha em visitar <strong>Foz do Igua\u00e7u<\/strong>, vai curtir esse v\u00eddeo especialmente selecionado do canal <strong>Fabi Cassol | Minha Praia Viajar<\/strong>, que conta com mais de <strong>147 mil<\/strong> inscritos, onde <strong>Fabi Cassol<\/strong> mostra um roteiro completo de 2025 pelas <strong>Cataratas<\/strong>, <strong>Itaipu Binacional<\/strong> e compras no <strong>Paraguai<\/strong>:<\/p>\n\n\n\n<figure class=\"wp-block-embed is-type-video is-provider-youtube wp-block-embed-youtube wp-embed-aspect-16-9 wp-has-aspect-ratio\"><div class=\"wp-block-embed__wrapper\">\n<div class=\"jeg_video_container jeg_video_content\"><iframe loading=\"lazy\" title=\"FOZ DO IGUA\u00c7U 2025: ROTEIRO COMPLETO COM PRE\u00c7OS | O QUE FAZER | COMO ECONOMIZAR | MELHORES PASSEIOS\" width=\"500\" height=\"281\" src=\"https:\/\/www.youtube.com\/embed\/6btA-rZxdfM?feature=oembed\" frameborder=\"0\" allow=\"accelerometer; autoplay; clipboard-write; encrypted-media; gyroscope; picture-in-picture; web-share\" referrerpolicy=\"strict-origin-when-cross-origin\" allowfullscreen><\/iframe><\/div>\n<\/div><\/figure>\n\n\n\n<h2 class=\"wp-block-heading\">Quando o clima favorece cada tipo de passeio<\/h2>\n\n\n\n<p>O ver\u00e3o \u00e9 quente e chuvoso, o que aumenta a vaz\u00e3o das cataratas e garante cen\u00e1rios mais dram\u00e1ticos. O inverno seco permite trilhas mais confort\u00e1veis e filas menores.<\/p>\n\n\n\n<style>\n    .card-interativo {\n        transition: transform 0.15s ease-in-out, box-shadow 0.15s ease-in-out;\n        cursor: pointer;\n    }\n    .card-interativo:hover {\n        transform: translateY(-4px);\n    }\n    .card-interativo:active {\n        transform: scale(0.96);\n    }\n<\/style>\n<div class=\"google-auto-ads-ignore\" style=\"box-sizing: border-box; display: flex; flex-direction: column; width: 100%; max-width: 900px; margin: 30px auto; font-family: 'Segoe UI', Roboto, Helvetica, Arial, sans-serif; clear: both;\">\n    <div style=\"display: flex; flex-wrap: wrap; gap: 15px;\">\n        \n        <div class=\"card-interativo\" style=\"flex: 1 1 calc(25% - 15px); min-width: 200px; border: 2px solid #1a2a57; border-radius: 8px; padding: 20px; background: #f0f4f8; box-sizing: border-box; box-shadow: 0 4px 10px rgba(26, 42, 87, 0.1); display: flex; flex-direction: column;\">\n            <div style=\"display: flex; align-items: center; justify-content: center; gap: 8px; margin-bottom: 20px;\">\n                <span style=\"font-size: 22px; line-height: 1;\">\u2600\ufe0f<\/span>\n                <strong style=\"color: #1a2a57; font-size: 16px; text-transform: uppercase;\">Ver\u00e3o<\/strong>\n            <\/div>\n            <div style=\"margin-bottom: auto;\">\n                <div style=\"text-align: center; font-size: 11px; font-weight: 800; color: #111c3a; text-transform: uppercase; margin-bottom: 5px;\">Dezembro &#8211; Fevereiro<\/div>\n                <div style=\"text-align: center; font-size: 26px; font-weight: 900; color: #1a2a57; margin-bottom: 10px;\">22\u00b0C a 34\u00b0C<\/div>\n                <div style=\"text-align: center; font-size: 13px; color: #555; line-height: 1.5; margin-bottom: 15px;\">O calor \u00e9 intenso e as chuvas frequentes garantem cen\u00e1rios dram\u00e1ticos com as <strong>Cataratas em volume m\u00e1ximo<\/strong>. <em>Evite ir sem capa de chuva e compre ingressos com anteced\u00eancia.<\/em><\/div>\n            <\/div>\n            <div style=\"text-align: center;\">\n                <span style=\"display: inline-block; background: #1a2a57; color: #fff; font-size: 10px; font-weight: 800; padding: 6px 12px; border-radius: 20px; text-transform: uppercase; line-height: 1.4;\">\ud83c\udf92 Alta Temporada<\/span>\n            <\/div>\n        <\/div>\n\n        <div class=\"card-interativo\" style=\"flex: 1 1 calc(25% - 15px); min-width: 200px; border: 1px solid #e1e6ef; border-top: 4px solid #1a2a57; border-radius: 8px; padding: 20px; background: #fff; box-sizing: border-box; box-shadow: 0 4px 10px rgba(26, 42, 87, 0.05); display: flex; flex-direction: column;\">\n            <div style=\"display: flex; align-items: center; justify-content: center; gap: 8px; margin-bottom: 20px;\">\n                <span style=\"font-size: 22px; line-height: 1;\">\ud83c\udf42<\/span>\n                <strong style=\"color: #1a2a57; font-size: 16px; text-transform: uppercase;\">Outono<\/strong>\n            <\/div>\n            <div style=\"margin-bottom: auto;\">\n                <div style=\"text-align: center; font-size: 11px; font-weight: 800; color: #111c3a; text-transform: uppercase; margin-bottom: 5px;\">Mar\u00e7o &#8211; Maio<\/div>\n                <div style=\"text-align: center; font-size: 26px; font-weight: 900; color: #1a2a57; margin-bottom: 10px;\">18\u00b0C a 28\u00b0C<\/div>\n                <div style=\"text-align: center; font-size: 13px; color: #555; line-height: 1.5; margin-bottom: 15px;\">O calor sufocante diminui, tornando o clima muito agrad\u00e1vel. \u00c9 a janela perfeita e equilibrada para fazer <strong>trilhas e emocionantes passeios de barco<\/strong>.<\/div>\n            <\/div>\n            <div style=\"text-align: center;\">\n                <span style=\"display: inline-block; background: #f0f4f8; color: #1a2a57; font-size: 10px; font-weight: 800; padding: 6px 12px; border-radius: 20px; text-transform: uppercase; border: 1px solid #e1e6ef; line-height: 1.4;\">\u2601\ufe0f Chuva M\u00e9dia<\/span>\n            <\/div>\n        <\/div>\n\n        <div class=\"card-interativo\" style=\"flex: 1 1 calc(25% - 15px); min-width: 200px; border: 1px solid #e1e6ef; border-top: 4px solid #1a2a57; border-radius: 8px; padding: 20px; background: #fff; box-sizing: border-box; box-shadow: 0 4px 10px rgba(26, 42, 87, 0.05); display: flex; flex-direction: column;\">\n            <div style=\"display: flex; align-items: center; justify-content: center; gap: 8px; margin-bottom: 20px;\">\n                <span style=\"font-size: 22px; line-height: 1;\">\u2744\ufe0f<\/span>\n                <strong style=\"color: #1a2a57; font-size: 16px; text-transform: uppercase;\">Inverno<\/strong>\n            <\/div>\n            <div style=\"margin-bottom: auto;\">\n                <div style=\"text-align: center; font-size: 11px; font-weight: 800; color: #111c3a; text-transform: uppercase; margin-bottom: 5px;\">Junho &#8211; Agosto<\/div>\n                <div style=\"text-align: center; font-size: 26px; font-weight: 900; color: #1a2a57; margin-bottom: 10px;\">12\u00b0C a 22\u00b0C<\/div>\n                <div style=\"text-align: center; font-size: 13px; color: #555; line-height: 1.5; margin-bottom: 15px;\">O ar seco garante c\u00e9us limpos e filas menores. Excelente \u00e9poca para curtir a <strong>Itaipu Iluminada e o Parque das Aves<\/strong>. <em>Evite o Macuco Safari se voc\u00ea for muito sens\u00edvel ao frio!<\/em><\/div>\n            <\/div>\n            <div style=\"text-align: center;\">\n                <span style=\"display: inline-block; background: #f0f4f8; color: #1a2a57; font-size: 10px; font-weight: 800; padding: 6px 12px; border-radius: 20px; text-transform: uppercase; border: 1px solid #e1e6ef; line-height: 1.4;\">\ud83c\udf24\ufe0f Chuva Baixa<\/span>\n            <\/div>\n        <\/div>\n\n        <div class=\"card-interativo\" style=\"flex: 1 1 calc(25% - 15px); min-width: 200px; border: 1px solid #e1e6ef; border-top: 4px solid #1a2a57; border-radius: 8px; padding: 20px; background: #fff; box-sizing: border-box; box-shadow: 0 4px 10px rgba(26, 42, 87, 0.05); display: flex; flex-direction: column;\">\n            <div style=\"display: flex; align-items: center; justify-content: center; gap: 8px; margin-bottom: 20px;\">\n                <span style=\"font-size: 22px; line-height: 1;\">\ud83c\udf38<\/span>\n                <strong style=\"color: #1a2a57; font-size: 16px; text-transform: uppercase;\">Primavera<\/strong>\n            <\/div>\n            <div style=\"margin-bottom: auto;\">\n                <div style=\"text-align: center; font-size: 11px; font-weight: 800; color: #111c3a; text-transform: uppercase; margin-bottom: 5px;\">Setembro &#8211; Novembro<\/div>\n                <div style=\"text-align: center; font-size: 26px; font-weight: 900; color: #1a2a57; margin-bottom: 10px;\">18\u00b0C a 30\u00b0C<\/div>\n                <div style=\"text-align: center; font-size: 13px; color: #555; line-height: 1.5; margin-bottom: 15px;\">A temperatura volta a subir e a natureza do parque se exibe majestosa. Cen\u00e1rio maravilhoso para a <strong>observa\u00e7\u00e3o de aves e curtir o rafting<\/strong> antes das superlota\u00e7\u00f5es.<\/div>\n            <\/div>\n            <div style=\"text-align: center;\">\n                <span style=\"display: inline-block; background: #f0f4f8; color: #1a2a57; font-size: 10px; font-weight: 800; padding: 6px 12px; border-radius: 20px; text-transform: uppercase; border: 1px solid #e1e6ef; line-height: 1.4;\">\u2601\ufe0f Chuva M\u00e9dia<\/span>\n            <\/div>\n        <\/div>\n        \n    <\/div>\n<\/div>\n\n\n\n<p><em>Temperaturas aproximadas com base no <a href=\"https:\/\/www.climatempo.com.br\/climatologia\/272\/fozdoiguacu-pr\" target=\"_blank\" rel=\"noreferrer noopener\"><strong>Climatempo<\/strong><\/a>. Condi\u00e7\u00f5es podem variar.<\/em><\/p>\n\n\n\n<h2 class=\"wp-block-heading\">Como chegar \u00e0 tr\u00edplice fronteira<\/h2>\n\n\n\n<p>O <strong>Aeroporto Internacional de Foz do Igua\u00e7u<\/strong> recebe voos diretos de S\u00e3o Paulo, Rio de Janeiro, Curitiba e <strong><a href=\"https:\/\/www.em.com.br\/emfoco\/2025\/03\/14\/voce-precisa-conhecer-a-cidade-que-e-um-museu-a-ceu-aberto\/\" target=\"_blank\" rel=\"noreferrer noopener\">Bras\u00edlia<\/a><\/strong>. De carro, a <strong>BR-277<\/strong> liga a capital paranaense a Foz em cerca de 640 km, com estrada duplicada em boa parte do trajeto. Quem vem do norte pode acessar pela <strong>BR-369<\/strong> via Cascavel.<\/p>\n\n\n<div class=\"wp-block-image\">\n<figure class=\"aligncenter size-large\"><img loading=\"lazy\" decoding=\"async\" width=\"1024\" height=\"576\" src=\"https:\/\/www.em.com.br\/emfoco\/wp-content\/uploads\/2025\/12\/Foz-do-Iguacu_1748260295570-1024x576.jpg\" alt=\"\" class=\"wp-image-138715\" srcset=\"https:\/\/www.em.com.br\/emfoco\/wp-content\/uploads\/2025\/12\/Foz-do-Iguacu_1748260295570-1024x576.jpg 1024w, https:\/\/www.em.com.br\/emfoco\/wp-content\/uploads\/2025\/12\/Foz-do-Iguacu_1748260295570-300x169.jpg 300w, https:\/\/www.em.com.br\/emfoco\/wp-content\/uploads\/2025\/12\/Foz-do-Iguacu_1748260295570-768x432.jpg 768w, https:\/\/www.em.com.br\/emfoco\/wp-content\/uploads\/2025\/12\/Foz-do-Iguacu_1748260295570-750x422.jpg 750w, https:\/\/www.em.com.br\/emfoco\/wp-content\/uploads\/2025\/12\/Foz-do-Iguacu_1748260295570-1140x641.jpg 1140w, https:\/\/www.em.com.br\/emfoco\/wp-content\/uploads\/2025\/12\/Foz-do-Iguacu_1748260295570.jpg 1280w\" sizes=\"auto, (max-width: 1024px) 100vw, 1024px\" \/><figcaption class=\"wp-element-caption\">Foz do Igua\u00e7u, no extremo oeste paranaense, se destaca como destino tur\u00edstico global pelas Cataratas do Igua\u00e7u. \/\/ Cr\u00e9ditos: depositphotos.com \/ paulobaqueta<\/figcaption><\/figure><\/div>\n\n\n<h2 class=\"wp-block-heading\">Tr\u00eas pa\u00edses em um s\u00f3 destino<\/h2>\n\n\n\n<p>Foz do Igua\u00e7u re\u00fane o que poucos lugares do mundo concentram: uma maravilha da natureza com 275 quedas, a terceira maior usina hidrel\u00e9trica do planeta e o encontro de tr\u00eas culturas separadas por dois rios. O cen\u00e1rio \u00e9 grandioso, mas a cidade funciona em escala humana.<\/p>\n\n\n\n<p>Voc\u00ea precisa ver a n\u00e9voa subindo da Garganta do Diabo ao entardecer para entender por que Eleanor Roosevelt, ao visitar as Cataratas, teria exclamado apenas duas palavras: \u201cPobre Ni\u00e1gara!\u201d.<\/p>\n","protected":false},"excerpt":{"rendered":"<p>O rio Igua\u00e7u corre manso por quase 1.300 km at\u00e9 despencar em 275 quedas de \u00e1gua no extremo oeste do Paran\u00e1. Do outro lado da fronteira, a Argentina observa o espet\u00e1culo de frente. Ao norte, o Paraguai completa a tr\u00edplice fronteira. Foz do Igua\u00e7u \u00e9 a \u00fanica cidade brasileira plantada nesse encontro de tr\u00eas na\u00e7\u00f5es, [&hellip;]<\/p>\n","protected":false},"author":6,"featured_media":179172,"comment_status":"open","ping_status":"open","sticky":false,"template":"","format":"standard","meta":{"jnews-multi-image_gallery":[],"jnews_single_post":{"format":"standard"},"jnews_primary_category":[],"jnews_social_meta":[],"jnews_override_counter":[],"footnotes":""},"categories":[26],"tags":[183,3159,1209],"class_list":["post-179140","post","type-post","status-publish","format-standard","has-post-thumbnail","hentry","category-cidades","tag-cidades","tag-foz-do-iguacu","tag-parana"],"yoast_head":"<!-- This site is optimized with the Yoast SEO plugin v23.8 - https:\/\/yoast.com\/wordpress\/plugins\/seo\/ -->\n<title>Uma das 7 maravilhas do mundo que divide o Brasil com outras 2 pa\u00edses e uma usina que j\u00e1 produziu energia suficiente para abastecer o mundo por 43 dias - Estado de Minas - Em foco<\/title>\n<meta name=\"description\" content=\"Esse espet\u00e1culo natural divide o Brasil com dois pa\u00edses e fica perto de uma usina que j\u00e1 gerou energia para o mundo por 43 dias.\" \/>\n<meta name=\"robots\" content=\"index, follow, max-snippet:-1, max-image-preview:large, max-video-preview:-1\" \/>\n<link rel=\"canonical\" href=\"https:\/\/www.em.com.br\/emfoco\/2026\/03\/08\/uma-das-7-maravilhas-do-mundo-que-divide-o-brasil-com-outras-2-paises-e-uma-usina-que-ja-produziu-energia-suficiente-para-abastecer-o-mundo-por-43-dias\/\" \/>\n<meta property=\"og:locale\" content=\"pt_BR\" \/>\n<meta property=\"og:type\" content=\"article\" \/>\n<meta property=\"og:title\" content=\"Uma das 7 maravilhas do mundo que divide o Brasil com outras 2 pa\u00edses e uma usina que j\u00e1 produziu energia suficiente para abastecer o mundo por 43 dias - Estado de Minas - Em foco\" \/>\n<meta property=\"og:description\" content=\"Esse espet\u00e1culo natural divide o Brasil com dois pa\u00edses e fica perto de uma usina que j\u00e1 gerou energia para o mundo por 43 dias.\" \/>\n<meta property=\"og:url\" content=\"https:\/\/www.em.com.br\/emfoco\/2026\/03\/08\/uma-das-7-maravilhas-do-mundo-que-divide-o-brasil-com-outras-2-paises-e-uma-usina-que-ja-produziu-energia-suficiente-para-abastecer-o-mundo-por-43-dias\/\" \/>\n<meta property=\"og:site_name\" content=\"Estado de Minas - Em foco\" \/>\n<meta property=\"article:published_time\" content=\"2026-03-08T18:05:00+00:00\" \/>\n<meta property=\"article:modified_time\" content=\"2026-03-08T17:39:36+00:00\" \/>\n<meta property=\"og:image\" content=\"https:\/\/www.em.com.br\/emfoco\/wp-content\/uploads\/2026\/03\/ngz-foz-do-iguacu-15617.jpg\" \/>\n\t<meta property=\"og:image:width\" content=\"1280\" \/>\n\t<meta property=\"og:image:height\" content=\"720\" \/>\n\t<meta property=\"og:image:type\" content=\"image\/jpeg\" \/>\n<meta name=\"author\" content=\"Vitor Bruno\" \/>\n<meta name=\"twitter:card\" content=\"summary_large_image\" \/>\n<meta name=\"twitter:label1\" content=\"Escrito por\" \/>\n\t<meta name=\"twitter:data1\" content=\"Vitor Bruno\" \/>\n\t<meta name=\"twitter:label2\" content=\"Est. tempo de leitura\" \/>\n\t<meta name=\"twitter:data2\" content=\"6 minutos\" \/>\n<!-- \/ Yoast SEO plugin. -->","yoast_head_json":{"title":"Uma das 7 maravilhas do mundo que divide o Brasil com outras 2 pa\u00edses e uma usina que j\u00e1 produziu energia suficiente para abastecer o mundo por 43 dias - Estado de Minas - Em foco","description":"Esse espet\u00e1culo natural divide o Brasil com dois pa\u00edses e fica perto de uma usina que j\u00e1 gerou energia para o mundo por 43 dias.","robots":{"index":"index","follow":"follow","max-snippet":"max-snippet:-1","max-image-preview":"max-image-preview:large","max-video-preview":"max-video-preview:-1"},"canonical":"https:\/\/www.em.com.br\/emfoco\/2026\/03\/08\/uma-das-7-maravilhas-do-mundo-que-divide-o-brasil-com-outras-2-paises-e-uma-usina-que-ja-produziu-energia-suficiente-para-abastecer-o-mundo-por-43-dias\/","og_locale":"pt_BR","og_type":"article","og_title":"Uma das 7 maravilhas do mundo que divide o Brasil com outras 2 pa\u00edses e uma usina que j\u00e1 produziu energia suficiente para abastecer o mundo por 43 dias - Estado de Minas - Em foco","og_description":"Esse espet\u00e1culo natural divide o Brasil com dois pa\u00edses e fica perto de uma usina que j\u00e1 gerou energia para o mundo por 43 dias.","og_url":"https:\/\/www.em.com.br\/emfoco\/2026\/03\/08\/uma-das-7-maravilhas-do-mundo-que-divide-o-brasil-com-outras-2-paises-e-uma-usina-que-ja-produziu-energia-suficiente-para-abastecer-o-mundo-por-43-dias\/","og_site_name":"Estado de Minas - Em foco","article_published_time":"2026-03-08T18:05:00+00:00","article_modified_time":"2026-03-08T17:39:36+00:00","og_image":[{"width":1280,"height":720,"url":"https:\/\/www.em.com.br\/emfoco\/wp-content\/uploads\/2026\/03\/ngz-foz-do-iguacu-15617.jpg","type":"image\/jpeg"}],"author":"Vitor Bruno","twitter_card":"summary_large_image","twitter_misc":{"Escrito por":"Vitor Bruno","Est. tempo de leitura":"6 minutos"},"schema":{"@context":"https:\/\/schema.org","@graph":[{"@type":"WebPage","@id":"https:\/\/www.em.com.br\/emfoco\/2026\/03\/08\/uma-das-7-maravilhas-do-mundo-que-divide-o-brasil-com-outras-2-paises-e-uma-usina-que-ja-produziu-energia-suficiente-para-abastecer-o-mundo-por-43-dias\/","url":"https:\/\/www.em.com.br\/emfoco\/2026\/03\/08\/uma-das-7-maravilhas-do-mundo-que-divide-o-brasil-com-outras-2-paises-e-uma-usina-que-ja-produziu-energia-suficiente-para-abastecer-o-mundo-por-43-dias\/","name":"Uma das 7 maravilhas do mundo que divide o Brasil com outras 2 pa\u00edses e uma usina que j\u00e1 produziu energia suficiente para abastecer o mundo por 43 dias - Estado de Minas - Em foco","isPartOf":{"@id":"https:\/\/www.em.com.br\/emfoco\/#website"},"primaryImageOfPage":{"@id":"https:\/\/www.em.com.br\/emfoco\/2026\/03\/08\/uma-das-7-maravilhas-do-mundo-que-divide-o-brasil-com-outras-2-paises-e-uma-usina-que-ja-produziu-energia-suficiente-para-abastecer-o-mundo-por-43-dias\/#primaryimage"},"image":{"@id":"https:\/\/www.em.com.br\/emfoco\/2026\/03\/08\/uma-das-7-maravilhas-do-mundo-que-divide-o-brasil-com-outras-2-paises-e-uma-usina-que-ja-produziu-energia-suficiente-para-abastecer-o-mundo-por-43-dias\/#primaryimage"},"thumbnailUrl":"https:\/\/www.em.com.br\/emfoco\/wp-content\/uploads\/2026\/03\/ngz-foz-do-iguacu-15617.jpg","datePublished":"2026-03-08T18:05:00+00:00","dateModified":"2026-03-08T17:39:36+00:00","author":{"@id":"https:\/\/www.em.com.br\/emfoco\/#\/schema\/person\/364ac1852fafd00f1be20f0b8b237569"},"description":"Esse espet\u00e1culo natural divide o Brasil com dois pa\u00edses e fica perto de uma usina que j\u00e1 gerou energia para o mundo por 43 dias.","breadcrumb":{"@id":"https:\/\/www.em.com.br\/emfoco\/2026\/03\/08\/uma-das-7-maravilhas-do-mundo-que-divide-o-brasil-com-outras-2-paises-e-uma-usina-que-ja-produziu-energia-suficiente-para-abastecer-o-mundo-por-43-dias\/#breadcrumb"},"inLanguage":"pt-BR","potentialAction":[{"@type":"ReadAction","target":["https:\/\/www.em.com.br\/emfoco\/2026\/03\/08\/uma-das-7-maravilhas-do-mundo-que-divide-o-brasil-com-outras-2-paises-e-uma-usina-que-ja-produziu-energia-suficiente-para-abastecer-o-mundo-por-43-dias\/"]}]},{"@type":"ImageObject","inLanguage":"pt-BR","@id":"https:\/\/www.em.com.br\/emfoco\/2026\/03\/08\/uma-das-7-maravilhas-do-mundo-que-divide-o-brasil-com-outras-2-paises-e-uma-usina-que-ja-produziu-energia-suficiente-para-abastecer-o-mundo-por-43-dias\/#primaryimage","url":"https:\/\/www.em.com.br\/emfoco\/wp-content\/uploads\/2026\/03\/ngz-foz-do-iguacu-15617.jpg","contentUrl":"https:\/\/www.em.com.br\/emfoco\/wp-content\/uploads\/2026\/03\/ngz-foz-do-iguacu-15617.jpg","width":1280,"height":720,"caption":"275 quedas, 3 pa\u00edses e a usina que j\u00e1 iluminou o mundo por 43 dias: Foz do Igua\u00e7u ainda surpreende (imagem ilustrativa)"},{"@type":"BreadcrumbList","@id":"https:\/\/www.em.com.br\/emfoco\/2026\/03\/08\/uma-das-7-maravilhas-do-mundo-que-divide-o-brasil-com-outras-2-paises-e-uma-usina-que-ja-produziu-energia-suficiente-para-abastecer-o-mundo-por-43-dias\/#breadcrumb","itemListElement":[{"@type":"ListItem","position":1,"name":"In\u00edcio","item":"https:\/\/www.em.com.br\/emfoco\/"},{"@type":"ListItem","position":2,"name":"Uma das 7 maravilhas do mundo que divide o Brasil com outras 2 pa\u00edses e uma usina que j\u00e1 produziu energia suficiente para abastecer o mundo por 43 dias"}]},{"@type":"WebSite","@id":"https:\/\/www.em.com.br\/emfoco\/#website","url":"https:\/\/www.em.com.br\/emfoco\/","name":"Estado de Minas - Em foco","description":"Acompanhe as \u00faltimas not\u00edcias e fique bem informado sobre tudo o que acontece em Minas Gerais, Brasil e no mundo.","potentialAction":[{"@type":"SearchAction","target":{"@type":"EntryPoint","urlTemplate":"https:\/\/www.em.com.br\/emfoco\/?s={search_term_string}"},"query-input":{"@type":"PropertyValueSpecification","valueRequired":true,"valueName":"search_term_string"}}],"inLanguage":"pt-BR"},{"@type":"Person","@id":"https:\/\/www.em.com.br\/emfoco\/#\/schema\/person\/364ac1852fafd00f1be20f0b8b237569","name":"Vitor Bruno","image":{"@type":"ImageObject","inLanguage":"pt-BR","@id":"https:\/\/www.em.com.br\/emfoco\/#\/schema\/person\/image\/","url":"https:\/\/secure.gravatar.com\/avatar\/b719e5cdede09f942064960883b5524d?s=96&d=mm&r=g","contentUrl":"https:\/\/secure.gravatar.com\/avatar\/b719e5cdede09f942064960883b5524d?s=96&d=mm&r=g","caption":"Vitor Bruno"},"sameAs":["https:\/\/www.em.com.br\/emfoco\/"],"url":"https:\/\/www.em.com.br\/emfoco\/author\/vitormyth\/"}]}},"_links":{"self":[{"href":"https:\/\/www.em.com.br\/emfoco\/wp-json\/wp\/v2\/posts\/179140","targetHints":{"allow":["GET"]}}],"collection":[{"href":"https:\/\/www.em.com.br\/emfoco\/wp-json\/wp\/v2\/posts"}],"about":[{"href":"https:\/\/www.em.com.br\/emfoco\/wp-json\/wp\/v2\/types\/post"}],"author":[{"embeddable":true,"href":"https:\/\/www.em.com.br\/emfoco\/wp-json\/wp\/v2\/users\/6"}],"replies":[{"embeddable":true,"href":"https:\/\/www.em.com.br\/emfoco\/wp-json\/wp\/v2\/comments?post=179140"}],"version-history":[{"count":3,"href":"https:\/\/www.em.com.br\/emfoco\/wp-json\/wp\/v2\/posts\/179140\/revisions"}],"predecessor-version":[{"id":179173,"href":"https:\/\/www.em.com.br\/emfoco\/wp-json\/wp\/v2\/posts\/179140\/revisions\/179173"}],"wp:featuredmedia":[{"embeddable":true,"href":"https:\/\/www.em.com.br\/emfoco\/wp-json\/wp\/v2\/media\/179172"}],"wp:attachment":[{"href":"https:\/\/www.em.com.br\/emfoco\/wp-json\/wp\/v2\/media?parent=179140"}],"wp:term":[{"taxonomy":"category","embeddable":true,"href":"https:\/\/www.em.com.br\/emfoco\/wp-json\/wp\/v2\/categories?post=179140"},{"taxonomy":"post_tag","embeddable":true,"href":"https:\/\/www.em.com.br\/emfoco\/wp-json\/wp\/v2\/tags?post=179140"}],"curies":[{"name":"wp","href":"https:\/\/api.w.org\/{rel}","templated":true}]}}