{"id":179139,"date":"2026-03-10T07:55:00","date_gmt":"2026-03-10T10:55:00","guid":{"rendered":"https:\/\/www.em.com.br\/emfoco\/?p=179139"},"modified":"2026-03-09T16:38:30","modified_gmt":"2026-03-09T19:38:30","slug":"a-lei-que-permite-jornada-de-trabalho-maior-de-ate-12-horas-sem-beneficios-para-o-trabalhador-vem-gerando-protestos","status":"publish","type":"post","link":"https:\/\/www.em.com.br\/emfoco\/2026\/03\/10\/a-lei-que-permite-jornada-de-trabalho-maior-de-ate-12-horas-sem-beneficios-para-o-trabalhador-vem-gerando-protestos\/","title":{"rendered":"A lei que permite jornada de trabalho maior de at\u00e9 12 horas sem benef\u00edcios para o trabalhador vem gerando protestos"},"content":{"rendered":"\n<p>A discuss\u00e3o sobre a reforma trabalhista na <strong>Argentina <\/strong>voltou com for\u00e7a em 2026, impulsionada por um pacote de mudan\u00e7as que mexe em regras hist\u00f3ricas das rela\u00e7\u00f5es de trabalho, em um contexto de alta informalidade, infla\u00e7\u00e3o persistente e forte polariza\u00e7\u00e3o entre governo, sindicatos e especialistas em direito do trabalho.<\/p>\n\n\n\n<h2 class=\"wp-block-heading\">Reforma trabalhista na Argentina muda regras da jornada de trabalho<\/h2>\n\n\n\n<p>A <a href=\"https:\/\/www.anamatra.org.br\/imprensa\/anamatra-na-midia\/36536-argentina-repete-reforma-trabalhista-que-nao-gerou-empregos-no-brasil\" target=\"_blank\" rel=\"noreferrer noopener\">reforma trabalhista na Argentina <\/a>tem como eixo a reconfigura\u00e7\u00e3o da jornada. A jornada de oito horas di\u00e1rias segue como refer\u00eancia legal, mas o texto abre caminho para turnos de at\u00e9 12 horas em determinados esquemas de organiza\u00e7\u00e3o do tempo de servi\u00e7o.<\/p>\n\n\n\n<p>Nesses casos, a empresa pode adotar escalas em que a carga hor\u00e1ria seja concentrada em menos dias da semana, desde que haja previs\u00e3o em acordos coletivos ou individuais. Cr\u00edticos alertam para o risco de desgaste f\u00edsico e aumento de acidentes, enquanto defensores destacam a suposta adapta\u00e7\u00e3o a setores que funcionam em turnos prolongados.<\/p>\n\n\n\n<figure class=\"wp-block-image size-large\"><img loading=\"lazy\" decoding=\"async\" width=\"1024\" height=\"576\" src=\"https:\/\/www.em.com.br\/emfoco\/wp-content\/uploads\/2026\/03\/Gemini_Generated_Image_p8ncg9p8ncg9p8nc-1-1024x576.png\" alt=\"Trabalhadores entram em alerta com nova reforma\" class=\"wp-image-179145\" srcset=\"https:\/\/www.em.com.br\/emfoco\/wp-content\/uploads\/2026\/03\/Gemini_Generated_Image_p8ncg9p8ncg9p8nc-1-1024x576.png 1024w, https:\/\/www.em.com.br\/emfoco\/wp-content\/uploads\/2026\/03\/Gemini_Generated_Image_p8ncg9p8ncg9p8nc-1-300x169.png 300w, https:\/\/www.em.com.br\/emfoco\/wp-content\/uploads\/2026\/03\/Gemini_Generated_Image_p8ncg9p8ncg9p8nc-1-768x432.png 768w, https:\/\/www.em.com.br\/emfoco\/wp-content\/uploads\/2026\/03\/Gemini_Generated_Image_p8ncg9p8ncg9p8nc-1-750x422.png 750w, https:\/\/www.em.com.br\/emfoco\/wp-content\/uploads\/2026\/03\/Gemini_Generated_Image_p8ncg9p8ncg9p8nc-1-1140x641.png 1140w, https:\/\/www.em.com.br\/emfoco\/wp-content\/uploads\/2026\/03\/Gemini_Generated_Image_p8ncg9p8ncg9p8nc-1.png 1280w\" sizes=\"auto, (max-width: 1024px) 100vw, 1024px\" \/><figcaption class=\"wp-element-caption\">Trabalhadores entram em alerta com nova reforma<\/figcaption><\/figure>\n\n\n\n<h2 class=\"wp-block-heading\">Banco de horas e indeniza\u00e7\u00f5es passam por mudan\u00e7as relevantes<\/h2>\n\n\n\n<p>Um elemento central do novo modelo \u00e9 o <a href=\"https:\/\/www.em.com.br\/emfoco\/2026\/02\/28\/bancaria-conquista-direito-a-trabalhar-so-quatro-horas-sem-perder-salario-e-banco-pode-pagar-r-10-mil-diarios-se-descumprir-ordem\/\" target=\"_blank\" rel=\"noreferrer noopener\">banco de horas<\/a>. Em vez do pagamento imediato de horas extras com adicional, o tempo excedente pode ser registrado para compensa\u00e7\u00e3o futura, em forma de folgas ou redu\u00e7\u00e3o de jornada, exigindo sistemas de controle mais transparentes.<\/p>\n\n\n\n<p>A amplia\u00e7\u00e3o do banco de horas se conecta \u00e0 altera\u00e7\u00e3o das regras de remunera\u00e7\u00e3o e indeniza\u00e7\u00e3o. O texto muda a forma de calcular verbas rescis\u00f3rias, excluindo do c\u00e1lculo componentes como o 13\u00ba sal\u00e1rio local, e algumas gratifica\u00e7\u00f5es, o que tende a reduzir o valor pago em demiss\u00f5es.<\/p>\n\n\n\n<h2 class=\"wp-block-heading\">F\u00e9rias, fracionamento e organiza\u00e7\u00e3o do tempo de descanso<\/h2>\n\n\n\n<p>As f\u00e9rias tamb\u00e9m passam por ajustes, com a possibilidade de fracionar o descanso em blocos m\u00ednimos de sete dias. A proposta busca conciliar a necessidade de continuidade produtiva das empresas com maior flexibilidade para a organiza\u00e7\u00e3o pessoal dos trabalhadores.<\/p>\n\n\n\n<p>Na pr\u00e1tica, a efic\u00e1cia desse modelo depender\u00e1 da forma como escalas forem acordadas e do equil\u00edbrio de for\u00e7as nas negocia\u00e7\u00f5es. Especialistas destacam que, sem fiscaliza\u00e7\u00e3o efetiva, o fracionamento pode gerar sobrecarga e reduzir o per\u00edodo real de desconex\u00e3o do trabalho.<\/p>\n\n\n\n<h2 class=\"wp-block-heading\">Greves, servi\u00e7os essenciais e impacto na informalidade<\/h2>\n\n\n\n<p>Outro ponto sens\u00edvel \u00e9 o impacto da reforma trabalhista na din\u00e2mica de greves e servi\u00e7os essenciais. O texto prev\u00ea que setores como sa\u00fade, educa\u00e7\u00e3o, transporte p\u00fablico e coleta de lixo mantenham pelo menos 75% de funcionamento durante paralisa\u00e7\u00f5es, o que muda o peso das greves como instrumento de press\u00e3o.<\/p>\n\n\n\n<figure class=\"wp-block-image\"><img decoding=\"async\" src=\"https:\/\/www.em.com.br\/emfoco\/wp-content\/uploads\/2025\/09\/unnamed-1-1024x576.jpg\" alt=\"\"\/><figcaption class=\"wp-element-caption\">Trabalhadores entram em alerta com nova reforma<\/figcaption><\/figure>\n\n\n\n<p>Essas regras s\u00e3o discutidas em um cen\u00e1rio de cerca de 40% da for\u00e7a de trabalho na informalidade, o que levanta d\u00favidas sobre sua efetividade para gerar empregos formais. Para entender melhor os focos de debate, alguns pontos costumam aparecer com frequ\u00eancia nas an\u00e1lises p\u00fablicas:<\/p>\n\n\n\n<ul class=\"wp-block-list\">\n<li>Regulamenta\u00e7\u00e3o de greves com exig\u00eancia de opera\u00e7\u00e3o m\u00ednima em servi\u00e7os essenciais.<\/li>\n\n\n\n<li>Argumento oficial de garantir atendimento b\u00e1sico \u00e0 popula\u00e7\u00e3o durante paralisa\u00e7\u00f5es.<\/li>\n\n\n\n<li>Promessa de redu\u00e7\u00e3o de custos para estimular contrata\u00e7\u00f5es formais.<\/li>\n\n\n\n<li>Desafio de conciliar liberdade sindical, prote\u00e7\u00e3o ao trabalho e ajuste econ\u00f4mico.<\/li>\n<\/ul>\n\n\n\n<h2 class=\"wp-block-heading\">Debates centrais e o que est\u00e1 em jogo com a reforma<\/h2>\n\n\n\n<p>Os debates se concentram entre quem defende maior flexibilidade para reduzir custos e atrair investimentos e quem teme a perda de garantias hist\u00f3ricas em um contexto de alta vulnerabilidade social. Juristas, economistas e sindicatos questionam a capacidade de fiscaliza\u00e7\u00e3o, a clareza dos acordos de banco de horas e o papel das entidades de classe nas novas negocia\u00e7\u00f5es.<\/p>\n\n\n\n<p>\u00c0 medida que o <strong>Senado <\/strong>discute ajustes no texto e o pa\u00eds enfrenta protestos e greves gerais, a reforma trabalhista argentina de 2026 se consolida como um marco que pode redefinir o equil\u00edbrio entre flexibilidade econ\u00f4mica e prote\u00e7\u00e3o social. Este \u00e9 o momento de trabalhadores, empresas e sociedade acompanharem cada mudan\u00e7a, cobrarem transpar\u00eancia nas regras e se organizarem agora para n\u00e3o descobrirem tarde demais o impacto real dessa transforma\u00e7\u00e3o.<\/p>\n","protected":false},"excerpt":{"rendered":"<p>A discuss\u00e3o sobre a reforma trabalhista na Argentina voltou com for\u00e7a em 2026, impulsionada por um pacote de mudan\u00e7as que mexe em regras hist\u00f3ricas das rela\u00e7\u00f5es de trabalho, em um contexto de alta informalidade, infla\u00e7\u00e3o persistente e forte polariza\u00e7\u00e3o entre governo, sindicatos e especialistas em direito do trabalho. Reforma trabalhista na Argentina muda regras da [&hellip;]<\/p>\n","protected":false},"author":11,"featured_media":179143,"comment_status":"open","ping_status":"open","sticky":false,"template":"","format":"standard","meta":{"jnews-multi-image_gallery":[],"jnews_single_post":{"format":"standard"},"jnews_primary_category":[],"jnews_social_meta":[],"jnews_override_counter":[],"footnotes":""},"categories":[28,1],"tags":[25567,409,2079,508],"class_list":["post-179139","post","type-post","status-publish","format-standard","has-post-thumbnail","hentry","category-economia","category-noticias","tag-banco-de-horas","tag-jornada-de-trabalho","tag-reforma-trabalhista","tag-trabalho"],"yoast_head":"<!-- This site is optimized with the Yoast SEO plugin v23.8 - https:\/\/yoast.com\/wordpress\/plugins\/seo\/ -->\n<title>A lei que permite jornada de trabalho maior de at\u00e9 12 horas sem benef\u00edcios para o trabalhador vem gerando protestos - Estado de Minas - Em foco<\/title>\n<meta name=\"description\" content=\"A reforma trabalhista na Argentina muda jornada, banco de horas e regras de greve. Entenda os principais pontos do debate.\" \/>\n<meta name=\"robots\" content=\"index, follow, max-snippet:-1, max-image-preview:large, max-video-preview:-1\" \/>\n<link rel=\"canonical\" href=\"https:\/\/www.em.com.br\/emfoco\/2026\/03\/10\/a-lei-que-permite-jornada-de-trabalho-maior-de-ate-12-horas-sem-beneficios-para-o-trabalhador-vem-gerando-protestos\/\" \/>\n<meta property=\"og:locale\" content=\"pt_BR\" \/>\n<meta property=\"og:type\" content=\"article\" \/>\n<meta property=\"og:title\" content=\"A lei que permite jornada de trabalho maior de at\u00e9 12 horas sem benef\u00edcios para o trabalhador vem gerando protestos - Estado de Minas - Em foco\" \/>\n<meta property=\"og:description\" content=\"A reforma trabalhista na Argentina muda jornada, banco de horas e regras de greve. Entenda os principais pontos do debate.\" \/>\n<meta property=\"og:url\" content=\"https:\/\/www.em.com.br\/emfoco\/2026\/03\/10\/a-lei-que-permite-jornada-de-trabalho-maior-de-ate-12-horas-sem-beneficios-para-o-trabalhador-vem-gerando-protestos\/\" \/>\n<meta property=\"og:site_name\" content=\"Estado de Minas - Em foco\" \/>\n<meta property=\"article:published_time\" content=\"2026-03-10T10:55:00+00:00\" \/>\n<meta property=\"article:modified_time\" content=\"2026-03-09T19:38:30+00:00\" \/>\n<meta property=\"og:image\" content=\"https:\/\/www.em.com.br\/emfoco\/wp-content\/uploads\/2026\/03\/Gemini_Generated_Image_m2kmlkm2kmlkm2km-1.png\" \/>\n\t<meta property=\"og:image:width\" content=\"1280\" \/>\n\t<meta property=\"og:image:height\" content=\"720\" \/>\n\t<meta property=\"og:image:type\" content=\"image\/png\" \/>\n<meta name=\"author\" content=\"Andre\u0301 Rangel\u00a0\" \/>\n<meta name=\"twitter:card\" content=\"summary_large_image\" \/>\n<meta name=\"twitter:label1\" content=\"Escrito por\" \/>\n\t<meta name=\"twitter:data1\" content=\"Andre\u0301 Rangel\u00a0\" \/>\n\t<meta name=\"twitter:label2\" content=\"Est. tempo de leitura\" \/>\n\t<meta name=\"twitter:data2\" content=\"5 minutos\" \/>\n<!-- \/ Yoast SEO plugin. -->","yoast_head_json":{"title":"A lei que permite jornada de trabalho maior de at\u00e9 12 horas sem benef\u00edcios para o trabalhador vem gerando protestos - Estado de Minas - Em foco","description":"A reforma trabalhista na Argentina muda jornada, banco de horas e regras de greve. Entenda os principais pontos do debate.","robots":{"index":"index","follow":"follow","max-snippet":"max-snippet:-1","max-image-preview":"max-image-preview:large","max-video-preview":"max-video-preview:-1"},"canonical":"https:\/\/www.em.com.br\/emfoco\/2026\/03\/10\/a-lei-que-permite-jornada-de-trabalho-maior-de-ate-12-horas-sem-beneficios-para-o-trabalhador-vem-gerando-protestos\/","og_locale":"pt_BR","og_type":"article","og_title":"A lei que permite jornada de trabalho maior de at\u00e9 12 horas sem benef\u00edcios para o trabalhador vem gerando protestos - Estado de Minas - Em foco","og_description":"A reforma trabalhista na Argentina muda jornada, banco de horas e regras de greve. Entenda os principais pontos do debate.","og_url":"https:\/\/www.em.com.br\/emfoco\/2026\/03\/10\/a-lei-que-permite-jornada-de-trabalho-maior-de-ate-12-horas-sem-beneficios-para-o-trabalhador-vem-gerando-protestos\/","og_site_name":"Estado de Minas - Em foco","article_published_time":"2026-03-10T10:55:00+00:00","article_modified_time":"2026-03-09T19:38:30+00:00","og_image":[{"width":1280,"height":720,"url":"https:\/\/www.em.com.br\/emfoco\/wp-content\/uploads\/2026\/03\/Gemini_Generated_Image_m2kmlkm2kmlkm2km-1.png","type":"image\/png"}],"author":"Andre\u0301 Rangel\u00a0","twitter_card":"summary_large_image","twitter_misc":{"Escrito por":"Andre\u0301 Rangel\u00a0","Est. tempo de leitura":"5 minutos"},"schema":{"@context":"https:\/\/schema.org","@graph":[{"@type":"WebPage","@id":"https:\/\/www.em.com.br\/emfoco\/2026\/03\/10\/a-lei-que-permite-jornada-de-trabalho-maior-de-ate-12-horas-sem-beneficios-para-o-trabalhador-vem-gerando-protestos\/","url":"https:\/\/www.em.com.br\/emfoco\/2026\/03\/10\/a-lei-que-permite-jornada-de-trabalho-maior-de-ate-12-horas-sem-beneficios-para-o-trabalhador-vem-gerando-protestos\/","name":"A lei que permite jornada de trabalho maior de at\u00e9 12 horas sem benef\u00edcios para o trabalhador vem gerando protestos - Estado de Minas - Em foco","isPartOf":{"@id":"https:\/\/www.em.com.br\/emfoco\/#website"},"primaryImageOfPage":{"@id":"https:\/\/www.em.com.br\/emfoco\/2026\/03\/10\/a-lei-que-permite-jornada-de-trabalho-maior-de-ate-12-horas-sem-beneficios-para-o-trabalhador-vem-gerando-protestos\/#primaryimage"},"image":{"@id":"https:\/\/www.em.com.br\/emfoco\/2026\/03\/10\/a-lei-que-permite-jornada-de-trabalho-maior-de-ate-12-horas-sem-beneficios-para-o-trabalhador-vem-gerando-protestos\/#primaryimage"},"thumbnailUrl":"https:\/\/www.em.com.br\/emfoco\/wp-content\/uploads\/2026\/03\/Gemini_Generated_Image_m2kmlkm2kmlkm2km-1.png","datePublished":"2026-03-10T10:55:00+00:00","dateModified":"2026-03-09T19:38:30+00:00","author":{"@id":"https:\/\/www.em.com.br\/emfoco\/#\/schema\/person\/60eda09c1fedf0d6891f4cef4b60b8b8"},"description":"A reforma trabalhista na Argentina muda jornada, banco de horas e regras de greve. Entenda os principais pontos do debate.","breadcrumb":{"@id":"https:\/\/www.em.com.br\/emfoco\/2026\/03\/10\/a-lei-que-permite-jornada-de-trabalho-maior-de-ate-12-horas-sem-beneficios-para-o-trabalhador-vem-gerando-protestos\/#breadcrumb"},"inLanguage":"pt-BR","potentialAction":[{"@type":"ReadAction","target":["https:\/\/www.em.com.br\/emfoco\/2026\/03\/10\/a-lei-que-permite-jornada-de-trabalho-maior-de-ate-12-horas-sem-beneficios-para-o-trabalhador-vem-gerando-protestos\/"]}]},{"@type":"ImageObject","inLanguage":"pt-BR","@id":"https:\/\/www.em.com.br\/emfoco\/2026\/03\/10\/a-lei-que-permite-jornada-de-trabalho-maior-de-ate-12-horas-sem-beneficios-para-o-trabalhador-vem-gerando-protestos\/#primaryimage","url":"https:\/\/www.em.com.br\/emfoco\/wp-content\/uploads\/2026\/03\/Gemini_Generated_Image_m2kmlkm2kmlkm2km-1.png","contentUrl":"https:\/\/www.em.com.br\/emfoco\/wp-content\/uploads\/2026\/03\/Gemini_Generated_Image_m2kmlkm2kmlkm2km-1.png","width":1280,"height":720,"caption":"Trabalhadores entram em alerta com nova reforma"},{"@type":"BreadcrumbList","@id":"https:\/\/www.em.com.br\/emfoco\/2026\/03\/10\/a-lei-que-permite-jornada-de-trabalho-maior-de-ate-12-horas-sem-beneficios-para-o-trabalhador-vem-gerando-protestos\/#breadcrumb","itemListElement":[{"@type":"ListItem","position":1,"name":"In\u00edcio","item":"https:\/\/www.em.com.br\/emfoco\/"},{"@type":"ListItem","position":2,"name":"A lei que permite jornada de trabalho maior de at\u00e9 12 horas sem benef\u00edcios para o trabalhador vem gerando protestos"}]},{"@type":"WebSite","@id":"https:\/\/www.em.com.br\/emfoco\/#website","url":"https:\/\/www.em.com.br\/emfoco\/","name":"Estado de Minas - Em foco","description":"Acompanhe as \u00faltimas not\u00edcias e fique bem informado sobre tudo o que acontece em Minas Gerais, Brasil e no mundo.","potentialAction":[{"@type":"SearchAction","target":{"@type":"EntryPoint","urlTemplate":"https:\/\/www.em.com.br\/emfoco\/?s={search_term_string}"},"query-input":{"@type":"PropertyValueSpecification","valueRequired":true,"valueName":"search_term_string"}}],"inLanguage":"pt-BR"},{"@type":"Person","@id":"https:\/\/www.em.com.br\/emfoco\/#\/schema\/person\/60eda09c1fedf0d6891f4cef4b60b8b8","name":"Andre\u0301 Rangel\u00a0","image":{"@type":"ImageObject","inLanguage":"pt-BR","@id":"https:\/\/www.em.com.br\/emfoco\/#\/schema\/person\/image\/","url":"https:\/\/secure.gravatar.com\/avatar\/6234dc814c77c8ef6d8bba622c787efc?s=96&d=mm&r=g","contentUrl":"https:\/\/secure.gravatar.com\/avatar\/6234dc814c77c8ef6d8bba622c787efc?s=96&d=mm&r=g","caption":"Andre\u0301 Rangel\u00a0"},"url":"https:\/\/www.em.com.br\/emfoco\/author\/luizmyth\/"}]}},"_links":{"self":[{"href":"https:\/\/www.em.com.br\/emfoco\/wp-json\/wp\/v2\/posts\/179139","targetHints":{"allow":["GET"]}}],"collection":[{"href":"https:\/\/www.em.com.br\/emfoco\/wp-json\/wp\/v2\/posts"}],"about":[{"href":"https:\/\/www.em.com.br\/emfoco\/wp-json\/wp\/v2\/types\/post"}],"author":[{"embeddable":true,"href":"https:\/\/www.em.com.br\/emfoco\/wp-json\/wp\/v2\/users\/11"}],"replies":[{"embeddable":true,"href":"https:\/\/www.em.com.br\/emfoco\/wp-json\/wp\/v2\/comments?post=179139"}],"version-history":[{"count":4,"href":"https:\/\/www.em.com.br\/emfoco\/wp-json\/wp\/v2\/posts\/179139\/revisions"}],"predecessor-version":[{"id":179146,"href":"https:\/\/www.em.com.br\/emfoco\/wp-json\/wp\/v2\/posts\/179139\/revisions\/179146"}],"wp:featuredmedia":[{"embeddable":true,"href":"https:\/\/www.em.com.br\/emfoco\/wp-json\/wp\/v2\/media\/179143"}],"wp:attachment":[{"href":"https:\/\/www.em.com.br\/emfoco\/wp-json\/wp\/v2\/media?parent=179139"}],"wp:term":[{"taxonomy":"category","embeddable":true,"href":"https:\/\/www.em.com.br\/emfoco\/wp-json\/wp\/v2\/categories?post=179139"},{"taxonomy":"post_tag","embeddable":true,"href":"https:\/\/www.em.com.br\/emfoco\/wp-json\/wp\/v2\/tags?post=179139"}],"curies":[{"name":"wp","href":"https:\/\/api.w.org\/{rel}","templated":true}]}}