{"id":179132,"date":"2026-03-10T06:05:00","date_gmt":"2026-03-10T09:05:00","guid":{"rendered":"https:\/\/www.em.com.br\/emfoco\/?p=179132"},"modified":"2026-03-09T16:37:33","modified_gmt":"2026-03-09T19:37:33","slug":"brasileiros-poderao-entrar-nesses-paises-sem-necessidade-de-visto-mas-nao-poderao-estender-a-permanencia","status":"publish","type":"post","link":"https:\/\/www.em.com.br\/emfoco\/2026\/03\/10\/brasileiros-poderao-entrar-nesses-paises-sem-necessidade-de-visto-mas-nao-poderao-estender-a-permanencia\/","title":{"rendered":"Brasileiros poder\u00e3o entrar nesses pa\u00edses sem necessidade de visto, mas n\u00e3o poder\u00e3o estender a perman\u00eancia"},"content":{"rendered":"\n<p>O novo acordo de isen\u00e7\u00e3o de vistos entre <strong>Brasil <\/strong>e <strong>Uni\u00e3o Europeia <\/strong>muda diretamente o jeito de planejar viagens ao <strong>Espa\u00e7o Schengen<\/strong>, \u00e1rea de livre circula\u00e7\u00e3o que re\u00fane a maior parte dos pa\u00edses europeus. A principal mudan\u00e7a est\u00e1 na forma de contar o tempo de perman\u00eancia, agora em dias corridos, o que reduz d\u00favidas na interpreta\u00e7\u00e3o das regras de entrada e sa\u00edda e refor\u00e7a a rela\u00e7\u00e3o de reciprocidade entre brasileiros e europeus.<\/p>\n\n\n\n<h2 class=\"wp-block-heading\">O que mudou na isen\u00e7\u00e3o de visto para o Espa\u00e7o Schengen<\/h2>\n\n\n\n<p>A isen\u00e7\u00e3o de visto para o <a href=\"https:\/\/www.consilium.europa.eu\/pt\/policies\/schengen-area\/\" target=\"_blank\" rel=\"noreferrer noopener\">Espa\u00e7o Schengen<\/a> j\u00e1 existia, mas havia margem para interpreta\u00e7\u00f5es diferentes sobre o per\u00edodo de estada. Antes se falava em \u201ctr\u00eas meses em cada semestre\u201d; agora o acordo define objetivamente \u201c90 dias corridos em cada per\u00edodo de 180 dias\u201d. Isso torna o controle mais transparente e reduz discuss\u00f5es na imigra\u00e7\u00e3o.<\/p>\n\n\n\n<p>Na pr\u00e1tica, o brasileiro que entra em um pa\u00eds do Espa\u00e7o Schengen pode circular pelos demais integrantes sem novo carimbo, somando o tempo em cada um dentro do limite de 90 dias. O mesmo vale para o cidad\u00e3o europeu que visita o Brasil, sempre para turismo, visitas familiares ou neg\u00f3cios de curta dura\u00e7\u00e3o, sem substituir vistos de estudo, trabalho ou resid\u00eancia.<\/p>\n\n\n\n<figure class=\"wp-block-image size-large\"><img loading=\"lazy\" decoding=\"async\" width=\"1024\" height=\"576\" src=\"https:\/\/www.em.com.br\/emfoco\/wp-content\/uploads\/2026\/03\/Gemini_Generated_Image_2041v2041v2041v2-1-1024x576.png\" alt=\"Brasileiros entram em alerta com regra de viagem\" class=\"wp-image-179137\" srcset=\"https:\/\/www.em.com.br\/emfoco\/wp-content\/uploads\/2026\/03\/Gemini_Generated_Image_2041v2041v2041v2-1-1024x576.png 1024w, https:\/\/www.em.com.br\/emfoco\/wp-content\/uploads\/2026\/03\/Gemini_Generated_Image_2041v2041v2041v2-1-300x169.png 300w, https:\/\/www.em.com.br\/emfoco\/wp-content\/uploads\/2026\/03\/Gemini_Generated_Image_2041v2041v2041v2-1-768x432.png 768w, https:\/\/www.em.com.br\/emfoco\/wp-content\/uploads\/2026\/03\/Gemini_Generated_Image_2041v2041v2041v2-1-750x422.png 750w, https:\/\/www.em.com.br\/emfoco\/wp-content\/uploads\/2026\/03\/Gemini_Generated_Image_2041v2041v2041v2-1-1140x641.png 1140w, https:\/\/www.em.com.br\/emfoco\/wp-content\/uploads\/2026\/03\/Gemini_Generated_Image_2041v2041v2041v2-1.png 1280w\" sizes=\"auto, (max-width: 1024px) 100vw, 1024px\" \/><figcaption class=\"wp-element-caption\">Brasileiros entram em alerta com regra de viagem<\/figcaption><\/figure>\n\n\n\n<h2 class=\"wp-block-heading\">Como funciona o limite de 90 dias em 180 dias<\/h2>\n\n\n\n<p>A cada novo dia no Espa\u00e7o Schengen, contam\u2011se os 179 dias anteriores para verificar quantos j\u00e1 foram usados na \u00e1rea. Assim, entradas e sa\u00eddas frequentes exigem controle rigoroso de datas pelo pr\u00f3prio viajante.<\/p>\n\n\n\n<p>Para organizar o planejamento, vale combinar ferramentas simples com uma boa margem de seguran\u00e7a, evitando chegar ao limite exato. Algumas estrat\u00e9gias ajudam a manter tudo sob controle e reduzir o risco de infra\u00e7\u00f5es migrat\u00f3rias e multas.<\/p>\n\n\n\n<ul class=\"wp-block-list\">\n<li>Registrar datas de entrada e sa\u00edda em planilha ou aplicativo;<\/li>\n\n\n\n<li>Contar todos os dias em qualquer pa\u00eds Schengen, mesmo em viagens separadas;<\/li>\n\n\n\n<li>Manter folga de alguns dias antes de atingir os 90 dias m\u00e1ximos;<\/li>\n\n\n\n<li>Verificar regras de cada pa\u00eds para estudo, trabalho ou estadias prolongadas.<\/li>\n<\/ul>\n\n\n\n<h2 class=\"wp-block-heading\">O que \u00e9 o ETIAS e quando ele ser\u00e1 exigido<\/h2>\n\n\n\n<p>Mesmo com a isen\u00e7\u00e3o de visto, o acesso ao Espa\u00e7o Schengen passar\u00e1 a incluir o <strong>ETIAS <\/strong>a partir do \u00faltimo trimestre de 2026. O <strong>Sistema Europeu de Informa\u00e7\u00e3o<\/strong> e <strong>Autoriza\u00e7\u00e3o de Viagem<\/strong> \u00e9 uma pr\u00e9\u2011autoriza\u00e7\u00e3o on-line obrigat\u00f3ria antes do embarque, e n\u00e3o um visto tradicional.<\/p>\n\n\n\n<p>O ETIAS custar\u00e1 20 euros por pessoa, com isen\u00e7\u00e3o para menores de idade, e ter\u00e1 validade de at\u00e9 tr\u00eas anos ou at\u00e9 o vencimento do passaporte. Nesse per\u00edodo, o viajante poder\u00e1 fazer m\u00faltiplas entradas, respeitando sempre o limite de 90 dias em 180 dias, enquanto a UE refor\u00e7a o controle de riscos de seguran\u00e7a, sa\u00fade p\u00fablica e imigra\u00e7\u00e3o irregular.<\/p>\n\n\n\n<h2 class=\"wp-block-heading\">Quais cuidados tomar antes de viajar sem visto para a Europa<\/h2>\n\n\n\n<p>Apesar da isen\u00e7\u00e3o, a entrada no Espa\u00e7o Schengen n\u00e3o \u00e9 autom\u00e1tica e depende da an\u00e1lise da imigra\u00e7\u00e3o local. As autoridades podem exigir passagem de retorno, reservas de hospedagem, seguro\u2011viagem com cobertura m\u00ednima e comprova\u00e7\u00e3o de recursos financeiros para toda a estadia.<\/p>\n\n\n\n<figure class=\"wp-block-image\"><img decoding=\"async\" src=\"https:\/\/www.em.com.br\/emfoco\/wp-content\/uploads\/2025\/07\/carimbo-passaporte_1753983786047-1024x576.jpg\" alt=\"\"\/><figcaption class=\"wp-element-caption\">O detalhe da regra que muda sua viagem &#8211; Cr\u00e9ditos: depositphotos.com \/ wirojsid<\/figcaption><\/figure>\n\n\n\n<p>Para diminuir riscos de problemas no desembarque, \u00e9 essencial preparar documentos com anteced\u00eancia e conferir regras oficiais atualizadas. Esses cuidados valem tanto para o novo acordo de 90 dias em 180 dias quanto para a futura exig\u00eancia do ETIAS.<\/p>\n\n\n\n<ol class=\"wp-block-list\">\n<li>Checar a validade do passaporte, preferencialmente acima de seis meses;<\/li>\n\n\n\n<li>Guardar provas do prop\u00f3sito da viagem, como hotel ou carta\u2011convite;<\/li>\n\n\n\n<li>Confirmar prazos e exig\u00eancia do ETIAS antes de comprar passagens definitivas;<\/li>\n\n\n\n<li>Acompanhar mudan\u00e7as em sites de consulados e minist\u00e9rios das Rela\u00e7\u00f5es Exteriores.<\/li>\n<\/ol>\n\n\n\n<h2 class=\"wp-block-heading\">Como se preparar agora para viajar com seguran\u00e7a<\/h2>\n\n\n\n<p>Com o tratado atualizado e a chegada do ETIAS, a mobilidade entre Brasil e pa\u00edses europeus combina isen\u00e7\u00e3o de visto de curta dura\u00e7\u00e3o com controles eletr\u00f4nicos mais r\u00edgidos. Isso exige aten\u00e7\u00e3o redobrada ao planejamento, mas oferece regras mais claras para quem quer circular com tranquilidade pelo Espa\u00e7o Schengen.<\/p>\n\n\n\n<p>N\u00e3o deixe para a \u00faltima hora: revise seu passaporte, organize as datas da sua estadia e acompanhe as datas oficiais de in\u00edcio do ETIAS antes de comprar passagens. Planeje hoje, ajuste seu roteiro aos 90 dias em 180 dias e garanta sua pr\u00f3xima viagem \u00e0 Europa sem sustos na imigra\u00e7\u00e3o.<\/p>\n","protected":false},"excerpt":{"rendered":"<p>O novo acordo de isen\u00e7\u00e3o de vistos entre Brasil e Uni\u00e3o Europeia muda diretamente o jeito de planejar viagens ao Espa\u00e7o Schengen, \u00e1rea de livre circula\u00e7\u00e3o que re\u00fane a maior parte dos pa\u00edses europeus. A principal mudan\u00e7a est\u00e1 na forma de contar o tempo de perman\u00eancia, agora em dias corridos, o que reduz d\u00favidas na [&hellip;]<\/p>\n","protected":false},"author":11,"featured_media":179136,"comment_status":"open","ping_status":"open","sticky":false,"template":"","format":"standard","meta":{"jnews-multi-image_gallery":[],"jnews_single_post":{"format":"standard"},"jnews_primary_category":[],"jnews_social_meta":[],"jnews_override_counter":[],"footnotes":""},"categories":[28,1],"tags":[14800,25886,1128,9366],"class_list":["post-179132","post","type-post","status-publish","format-standard","has-post-thumbnail","hentry","category-economia","category-noticias","tag-passaporte","tag-turistas-brasileiros","tag-viagem","tag-visto"],"yoast_head":"<!-- This site is optimized with the Yoast SEO plugin v23.8 - https:\/\/yoast.com\/wordpress\/plugins\/seo\/ -->\n<title>Brasileiros poder\u00e3o entrar nesses pa\u00edses sem necessidade de visto, mas n\u00e3o poder\u00e3o estender a perman\u00eancia - Estado de Minas - Em foco<\/title>\n<meta name=\"description\" content=\"Novo acordo entre Brasil e Uni\u00e3o Europeia muda regras de perman\u00eancia no Espa\u00e7o Schengen. Veja como funciona o limite de 90 dias.\" \/>\n<meta name=\"robots\" content=\"index, follow, max-snippet:-1, max-image-preview:large, max-video-preview:-1\" \/>\n<link rel=\"canonical\" href=\"https:\/\/www.em.com.br\/emfoco\/2026\/03\/10\/brasileiros-poderao-entrar-nesses-paises-sem-necessidade-de-visto-mas-nao-poderao-estender-a-permanencia\/\" \/>\n<meta property=\"og:locale\" content=\"pt_BR\" \/>\n<meta property=\"og:type\" content=\"article\" \/>\n<meta property=\"og:title\" content=\"Brasileiros poder\u00e3o entrar nesses pa\u00edses sem necessidade de visto, mas n\u00e3o poder\u00e3o estender a perman\u00eancia - Estado de Minas - Em foco\" \/>\n<meta property=\"og:description\" content=\"Novo acordo entre Brasil e Uni\u00e3o Europeia muda regras de perman\u00eancia no Espa\u00e7o Schengen. Veja como funciona o limite de 90 dias.\" \/>\n<meta property=\"og:url\" content=\"https:\/\/www.em.com.br\/emfoco\/2026\/03\/10\/brasileiros-poderao-entrar-nesses-paises-sem-necessidade-de-visto-mas-nao-poderao-estender-a-permanencia\/\" \/>\n<meta property=\"og:site_name\" content=\"Estado de Minas - Em foco\" \/>\n<meta property=\"article:published_time\" content=\"2026-03-10T09:05:00+00:00\" \/>\n<meta property=\"article:modified_time\" content=\"2026-03-09T19:37:33+00:00\" \/>\n<meta property=\"og:image\" content=\"https:\/\/www.em.com.br\/emfoco\/wp-content\/uploads\/2026\/03\/Gemini_Generated_Image_pcuq7gpcuq7gpcuq-1.png\" \/>\n\t<meta property=\"og:image:width\" content=\"1280\" \/>\n\t<meta property=\"og:image:height\" content=\"720\" \/>\n\t<meta property=\"og:image:type\" content=\"image\/png\" \/>\n<meta name=\"author\" content=\"Andre\u0301 Rangel\u00a0\" \/>\n<meta name=\"twitter:card\" content=\"summary_large_image\" \/>\n<meta name=\"twitter:label1\" content=\"Escrito por\" \/>\n\t<meta name=\"twitter:data1\" content=\"Andre\u0301 Rangel\u00a0\" \/>\n\t<meta name=\"twitter:label2\" content=\"Est. tempo de leitura\" \/>\n\t<meta name=\"twitter:data2\" content=\"5 minutos\" \/>\n<!-- \/ Yoast SEO plugin. -->","yoast_head_json":{"title":"Brasileiros poder\u00e3o entrar nesses pa\u00edses sem necessidade de visto, mas n\u00e3o poder\u00e3o estender a perman\u00eancia - Estado de Minas - Em foco","description":"Novo acordo entre Brasil e Uni\u00e3o Europeia muda regras de perman\u00eancia no Espa\u00e7o Schengen. Veja como funciona o limite de 90 dias.","robots":{"index":"index","follow":"follow","max-snippet":"max-snippet:-1","max-image-preview":"max-image-preview:large","max-video-preview":"max-video-preview:-1"},"canonical":"https:\/\/www.em.com.br\/emfoco\/2026\/03\/10\/brasileiros-poderao-entrar-nesses-paises-sem-necessidade-de-visto-mas-nao-poderao-estender-a-permanencia\/","og_locale":"pt_BR","og_type":"article","og_title":"Brasileiros poder\u00e3o entrar nesses pa\u00edses sem necessidade de visto, mas n\u00e3o poder\u00e3o estender a perman\u00eancia - Estado de Minas - Em foco","og_description":"Novo acordo entre Brasil e Uni\u00e3o Europeia muda regras de perman\u00eancia no Espa\u00e7o Schengen. Veja como funciona o limite de 90 dias.","og_url":"https:\/\/www.em.com.br\/emfoco\/2026\/03\/10\/brasileiros-poderao-entrar-nesses-paises-sem-necessidade-de-visto-mas-nao-poderao-estender-a-permanencia\/","og_site_name":"Estado de Minas - Em foco","article_published_time":"2026-03-10T09:05:00+00:00","article_modified_time":"2026-03-09T19:37:33+00:00","og_image":[{"width":1280,"height":720,"url":"https:\/\/www.em.com.br\/emfoco\/wp-content\/uploads\/2026\/03\/Gemini_Generated_Image_pcuq7gpcuq7gpcuq-1.png","type":"image\/png"}],"author":"Andre\u0301 Rangel\u00a0","twitter_card":"summary_large_image","twitter_misc":{"Escrito por":"Andre\u0301 Rangel\u00a0","Est. tempo de leitura":"5 minutos"},"schema":{"@context":"https:\/\/schema.org","@graph":[{"@type":"WebPage","@id":"https:\/\/www.em.com.br\/emfoco\/2026\/03\/10\/brasileiros-poderao-entrar-nesses-paises-sem-necessidade-de-visto-mas-nao-poderao-estender-a-permanencia\/","url":"https:\/\/www.em.com.br\/emfoco\/2026\/03\/10\/brasileiros-poderao-entrar-nesses-paises-sem-necessidade-de-visto-mas-nao-poderao-estender-a-permanencia\/","name":"Brasileiros poder\u00e3o entrar nesses pa\u00edses sem necessidade de visto, mas n\u00e3o poder\u00e3o estender a perman\u00eancia - Estado de Minas - Em foco","isPartOf":{"@id":"https:\/\/www.em.com.br\/emfoco\/#website"},"primaryImageOfPage":{"@id":"https:\/\/www.em.com.br\/emfoco\/2026\/03\/10\/brasileiros-poderao-entrar-nesses-paises-sem-necessidade-de-visto-mas-nao-poderao-estender-a-permanencia\/#primaryimage"},"image":{"@id":"https:\/\/www.em.com.br\/emfoco\/2026\/03\/10\/brasileiros-poderao-entrar-nesses-paises-sem-necessidade-de-visto-mas-nao-poderao-estender-a-permanencia\/#primaryimage"},"thumbnailUrl":"https:\/\/www.em.com.br\/emfoco\/wp-content\/uploads\/2026\/03\/Gemini_Generated_Image_pcuq7gpcuq7gpcuq-1.png","datePublished":"2026-03-10T09:05:00+00:00","dateModified":"2026-03-09T19:37:33+00:00","author":{"@id":"https:\/\/www.em.com.br\/emfoco\/#\/schema\/person\/60eda09c1fedf0d6891f4cef4b60b8b8"},"description":"Novo acordo entre Brasil e Uni\u00e3o Europeia muda regras de perman\u00eancia no Espa\u00e7o Schengen. Veja como funciona o limite de 90 dias.","breadcrumb":{"@id":"https:\/\/www.em.com.br\/emfoco\/2026\/03\/10\/brasileiros-poderao-entrar-nesses-paises-sem-necessidade-de-visto-mas-nao-poderao-estender-a-permanencia\/#breadcrumb"},"inLanguage":"pt-BR","potentialAction":[{"@type":"ReadAction","target":["https:\/\/www.em.com.br\/emfoco\/2026\/03\/10\/brasileiros-poderao-entrar-nesses-paises-sem-necessidade-de-visto-mas-nao-poderao-estender-a-permanencia\/"]}]},{"@type":"ImageObject","inLanguage":"pt-BR","@id":"https:\/\/www.em.com.br\/emfoco\/2026\/03\/10\/brasileiros-poderao-entrar-nesses-paises-sem-necessidade-de-visto-mas-nao-poderao-estender-a-permanencia\/#primaryimage","url":"https:\/\/www.em.com.br\/emfoco\/wp-content\/uploads\/2026\/03\/Gemini_Generated_Image_pcuq7gpcuq7gpcuq-1.png","contentUrl":"https:\/\/www.em.com.br\/emfoco\/wp-content\/uploads\/2026\/03\/Gemini_Generated_Image_pcuq7gpcuq7gpcuq-1.png","width":1280,"height":720,"caption":"Brasileiros entram em alerta com regra de viagem"},{"@type":"BreadcrumbList","@id":"https:\/\/www.em.com.br\/emfoco\/2026\/03\/10\/brasileiros-poderao-entrar-nesses-paises-sem-necessidade-de-visto-mas-nao-poderao-estender-a-permanencia\/#breadcrumb","itemListElement":[{"@type":"ListItem","position":1,"name":"In\u00edcio","item":"https:\/\/www.em.com.br\/emfoco\/"},{"@type":"ListItem","position":2,"name":"Brasileiros poder\u00e3o entrar nesses pa\u00edses sem necessidade de visto, mas n\u00e3o poder\u00e3o estender a perman\u00eancia"}]},{"@type":"WebSite","@id":"https:\/\/www.em.com.br\/emfoco\/#website","url":"https:\/\/www.em.com.br\/emfoco\/","name":"Estado de Minas - Em foco","description":"Acompanhe as \u00faltimas not\u00edcias e fique bem informado sobre tudo o que acontece em Minas Gerais, Brasil e no mundo.","potentialAction":[{"@type":"SearchAction","target":{"@type":"EntryPoint","urlTemplate":"https:\/\/www.em.com.br\/emfoco\/?s={search_term_string}"},"query-input":{"@type":"PropertyValueSpecification","valueRequired":true,"valueName":"search_term_string"}}],"inLanguage":"pt-BR"},{"@type":"Person","@id":"https:\/\/www.em.com.br\/emfoco\/#\/schema\/person\/60eda09c1fedf0d6891f4cef4b60b8b8","name":"Andre\u0301 Rangel\u00a0","image":{"@type":"ImageObject","inLanguage":"pt-BR","@id":"https:\/\/www.em.com.br\/emfoco\/#\/schema\/person\/image\/","url":"https:\/\/secure.gravatar.com\/avatar\/6234dc814c77c8ef6d8bba622c787efc?s=96&d=mm&r=g","contentUrl":"https:\/\/secure.gravatar.com\/avatar\/6234dc814c77c8ef6d8bba622c787efc?s=96&d=mm&r=g","caption":"Andre\u0301 Rangel\u00a0"},"url":"https:\/\/www.em.com.br\/emfoco\/author\/luizmyth\/"}]}},"_links":{"self":[{"href":"https:\/\/www.em.com.br\/emfoco\/wp-json\/wp\/v2\/posts\/179132","targetHints":{"allow":["GET"]}}],"collection":[{"href":"https:\/\/www.em.com.br\/emfoco\/wp-json\/wp\/v2\/posts"}],"about":[{"href":"https:\/\/www.em.com.br\/emfoco\/wp-json\/wp\/v2\/types\/post"}],"author":[{"embeddable":true,"href":"https:\/\/www.em.com.br\/emfoco\/wp-json\/wp\/v2\/users\/11"}],"replies":[{"embeddable":true,"href":"https:\/\/www.em.com.br\/emfoco\/wp-json\/wp\/v2\/comments?post=179132"}],"version-history":[{"count":4,"href":"https:\/\/www.em.com.br\/emfoco\/wp-json\/wp\/v2\/posts\/179132\/revisions"}],"predecessor-version":[{"id":179138,"href":"https:\/\/www.em.com.br\/emfoco\/wp-json\/wp\/v2\/posts\/179132\/revisions\/179138"}],"wp:featuredmedia":[{"embeddable":true,"href":"https:\/\/www.em.com.br\/emfoco\/wp-json\/wp\/v2\/media\/179136"}],"wp:attachment":[{"href":"https:\/\/www.em.com.br\/emfoco\/wp-json\/wp\/v2\/media?parent=179132"}],"wp:term":[{"taxonomy":"category","embeddable":true,"href":"https:\/\/www.em.com.br\/emfoco\/wp-json\/wp\/v2\/categories?post=179132"},{"taxonomy":"post_tag","embeddable":true,"href":"https:\/\/www.em.com.br\/emfoco\/wp-json\/wp\/v2\/tags?post=179132"}],"curies":[{"name":"wp","href":"https:\/\/api.w.org\/{rel}","templated":true}]}}