{"id":179109,"date":"2026-03-08T11:25:00","date_gmt":"2026-03-08T14:25:00","guid":{"rendered":"https:\/\/www.em.com.br\/emfoco\/?p=179109"},"modified":"2026-03-08T08:23:43","modified_gmt":"2026-03-08T11:23:43","slug":"a-vila-onde-nao-ha-bancos-nao-ha-asfalto-e-nao-ha-postes-de-luz-so-o-brilho-da-lua-sobre-as-praias-mais-bonitas-do-planeta","status":"publish","type":"post","link":"https:\/\/www.em.com.br\/emfoco\/2026\/03\/08\/a-vila-onde-nao-ha-bancos-nao-ha-asfalto-e-nao-ha-postes-de-luz-so-o-brilho-da-lua-sobre-as-praias-mais-bonitas-do-planeta\/","title":{"rendered":"A vila onde n\u00e3o h\u00e1 bancos, n\u00e3o h\u00e1 asfalto e n\u00e3o h\u00e1 postes de luz: s\u00f3 o brilho da lua sobre as praias mais bonitas do planeta"},"content":{"rendered":"\n<p>A 300 km de <strong>Fortaleza<\/strong>, escondida entre dunas m\u00f3veis e mar aberto, <strong>Jericoacoara<\/strong> mant\u00e9m ruas sem asfalto e postes sem luz por escolha dos pr\u00f3prios moradores. A vila de pescadores que o jornal <strong>The Washington Post<\/strong> apresentou ao mundo em <strong>1987<\/strong> virou um dos destinos mais desejados do <strong>Brasil<\/strong>, mas ainda conserva o charme de quem nunca quis parecer cidade grande.<\/p>\n\n\n\n<h2 class=\"wp-block-heading\">De aldeia de pescadores a Parque Nacional<\/h2>\n\n\n\n<p>O nome vem do tupi <em>yuruco cuara<\/em>, que significa \u201cburaco das tartarugas\u201d, refer\u00eancia \u00e0 desova que acontece na praia at\u00e9 hoje. Os primeiros registros da regi\u00e3o aparecem em mapas do s\u00e9culo XVII: em <strong>1614<\/strong>, portugueses ergueram o <strong>Forte de Nossa Senhora do Ros\u00e1rio<\/strong> ao p\u00e9 do serrote para enfrentar piratas franceses. A vila permaneceu isolada at\u00e9 a d\u00e9cada de 1970, quando mochileiros come\u00e7aram a chegar em jardineiras improvisadas.<\/p>\n\n\n\n<p>Em <strong>1984<\/strong>, o governo federal transformou a \u00e1rea em <strong>\u00c1rea de Prote\u00e7\u00e3o Ambiental (APA)<\/strong>. Em <strong>2002<\/strong>, a prote\u00e7\u00e3o aumentou com a cria\u00e7\u00e3o do <a href=\"https:\/\/www.gov.br\/icmbio\/pt-br\/assuntos\/biodiversidade\/unidade-de-conservacao\/unidades-de-bioma\/marinho\/lista-de-ucs\/parna-de-jericoacoara\" target=\"_blank\" rel=\"noreferrer noopener\"><strong>Parque Nacional de Jericoacoara<\/strong><\/a>, administrado pelo <strong>Instituto Chico Mendes de Conserva\u00e7\u00e3o da Biodiversidade (ICMBio)<\/strong>. Carros particulares n\u00e3o circulam na vila: ficam em estacionamentos na entrada, e quem se desloca vai a p\u00e9, de buggy ou em caminhonetes 4&#215;4.<\/p>\n\n\n<div class=\"wp-block-image\">\n<figure class=\"aligncenter size-large\"><img loading=\"lazy\" decoding=\"async\" width=\"1024\" height=\"576\" src=\"https:\/\/www.em.com.br\/emfoco\/wp-content\/uploads\/2026\/01\/Jericoacoara_1738606193804-1024x576.jpg\" alt=\"\" class=\"wp-image-154826\" srcset=\"https:\/\/www.em.com.br\/emfoco\/wp-content\/uploads\/2026\/01\/Jericoacoara_1738606193804-1024x576.jpg 1024w, https:\/\/www.em.com.br\/emfoco\/wp-content\/uploads\/2026\/01\/Jericoacoara_1738606193804-300x169.jpg 300w, https:\/\/www.em.com.br\/emfoco\/wp-content\/uploads\/2026\/01\/Jericoacoara_1738606193804-768x432.jpg 768w, https:\/\/www.em.com.br\/emfoco\/wp-content\/uploads\/2026\/01\/Jericoacoara_1738606193804-750x422.jpg 750w, https:\/\/www.em.com.br\/emfoco\/wp-content\/uploads\/2026\/01\/Jericoacoara_1738606193804-1140x641.jpg 1140w, https:\/\/www.em.com.br\/emfoco\/wp-content\/uploads\/2026\/01\/Jericoacoara_1738606193804.jpg 1280w\" sizes=\"auto, (max-width: 1024px) 100vw, 1024px\" \/><figcaption class=\"wp-element-caption\">Jericoacoara encanta com dunas douradas e mar cristalino no Cear\u00e1 \/\/ Cr\u00e9ditos: depositphotos.com \/ xura<\/figcaption><\/figure><\/div>\n\n\n<h2 class=\"wp-block-heading\">O que fazer em Jeri e nos arredores?<\/h2>\n\n\n\n<p>Os passeios se dividem em lado leste e lado oeste da vila. O ideal \u00e9 reservar pelo menos tr\u00eas dias inteiros para conhecer as principais atra\u00e7\u00f5es sem correria.<\/p>\n\n\n\n<ul class=\"wp-block-list has-medium-font-size\">\n<li><strong>Pedra Furada<\/strong>: forma\u00e7\u00e3o rochosa de cerca de 30 m de altura esculpida pela eros\u00e3o do vento e do mar. Fica a 2 km da vila, acess\u00edvel por trilha a p\u00e9, buggy ou cavalo. Em julho, o sol se p\u00f5e exatamente no arco da pedra.<\/li>\n\n\n\n<li><strong>Duna do P\u00f4r do Sol<\/strong>: a oeste da vila, \u00e9 o ponto de encontro di\u00e1rio de moradores e turistas para assistir ao sol desaparecer no oceano. A posi\u00e7\u00e3o peninsular de Jeri permite ver tanto o nascer quanto o p\u00f4r do sol no mar.<\/li>\n\n\n\n<li><strong>Lagoa do Para\u00edso<\/strong>: \u00e1guas rasas e cristalinas com redes suspensas dentro d&#8217;\u00e1gua, a cerca de 19 km da vila. Os beach clubs \u00e0 beira da lagoa servem drinks e petiscos o dia inteiro.<\/li>\n\n\n\n<li><strong>\u00c1rvore da Pregui\u00e7a<\/strong>: \u00e1rvore solit\u00e1ria moldada pelo vento constante da regi\u00e3o, que ganhou esse apelido pelo formato inclinado. Fica na <strong>Praia do Pre\u00e1<\/strong>, no caminho para a Pedra Furada.<\/li>\n\n\n\n<li><strong>Lagoa de Tatajuba<\/strong>: no lado oeste, acess\u00edvel por passeio de buggy que inclui dunas, manguezais e o <strong>Rio Guri\u00fa<\/strong>, onde \u00e9 poss\u00edvel avistar cavalos-marinhos.<\/li>\n<\/ul>\n\n\n\n<p>Quem planeja visitar o para\u00edso cearense, vai curtir esse v\u00eddeo especialmente selecionado do canal <strong>Fabi Cassol | Minha Praia Viajar<\/strong>, que conta com mais de <strong>105 mil<\/strong> visualiza\u00e7\u00f5es, onde <strong>Fabi Cassol<\/strong> mostra o roteiro completo de <strong>Jericoacoara<\/strong> no <strong>Cear\u00e1<\/strong>:<\/p>\n\n\n\n<figure class=\"wp-block-embed is-type-video is-provider-youtube wp-block-embed-youtube wp-embed-aspect-16-9 wp-has-aspect-ratio\"><div class=\"wp-block-embed__wrapper\">\n<div class=\"jeg_video_container jeg_video_content\"><iframe loading=\"lazy\" title=\"JERICOACOARA 2025: ROTEIRO COMPLETO COM PRE\u00c7OS | MELHORES PASSEIOS E PRAIAS | O QUE FAZER NO CEAR\u00c1\" width=\"500\" height=\"281\" src=\"https:\/\/www.youtube.com\/embed\/MUxWRRqbj3c?feature=oembed\" frameborder=\"0\" allow=\"accelerometer; autoplay; clipboard-write; encrypted-media; gyroscope; picture-in-picture; web-share\" referrerpolicy=\"strict-origin-when-cross-origin\" allowfullscreen><\/iframe><\/div>\n<\/div><\/figure>\n\n\n\n<p><strong>Leia tamb\u00e9m: <a href=\"https:\/\/www.em.com.br\/emfoco\/2026\/03\/04\/uma-montanha-1-385-metros-desapareceu-a-cidade-mineira-a-2-horas-de-belo-horizonte-onde-a-paisagem-valia-menos-que-os-lucros-e-o-maior-poeta-brasileiro-nasceu\/\" target=\"_blank\" rel=\"noreferrer noopener\">Uma montanha de 1.385 metros desapareceu, a cidade mineira a 2 horas de Belo Horizonte onde a paisagem valia menos que os lucros e o maior poeta brasileiro nasceu<\/a><\/strong><\/p>\n\n\n\n<h2 class=\"wp-block-heading\">Como a vila funciona sem asfalto e sem postes?<\/h2>\n\n\n\n<p>A energia el\u00e9trica chegou a Jericoacoara h\u00e1 pouco mais de 20 anos, por rede subterr\u00e2nea. Os moradores optaram por n\u00e3o instalar postes de ilumina\u00e7\u00e3o p\u00fablica, preservando o brilho natural da lua e das estrelas. \u00c0 noite, restaurantes acendem velas nas mesas de areia e a vila ganha um clima que nenhuma infraestrutura urbana conseguiria reproduzir.<\/p>\n\n\n\n<p>N\u00e3o h\u00e1 ag\u00eancia banc\u00e1ria nem caixa eletr\u00f4nico na vila. A recomenda\u00e7\u00e3o \u00e9 sacar dinheiro em <strong>Jijoca<\/strong>, sede do <a href=\"https:\/\/www.jijocadejericoacoara.ce.gov.br\/omunicipio.php\" target=\"_blank\" rel=\"noreferrer noopener\"><strong>munic\u00edpio de Jijoca de Jericoacoara<\/strong><\/a>, a 20 km de dist\u00e2ncia. A maioria dos estabelecimentos aceita cart\u00e3o, mas ter dinheiro em esp\u00e9cie evita imprevistos. Existe uma taxa de turismo sustent\u00e1vel cobrada na entrada da vila.<\/p>\n\n\n<div class=\"wp-block-image\">\n<figure class=\"aligncenter size-large\"><img loading=\"lazy\" decoding=\"async\" width=\"1024\" height=\"576\" src=\"https:\/\/www.em.com.br\/emfoco\/wp-content\/uploads\/2026\/01\/Jericoacoara-_1743723547940-1024x576.jpg\" alt=\"\" class=\"wp-image-154825\" srcset=\"https:\/\/www.em.com.br\/emfoco\/wp-content\/uploads\/2026\/01\/Jericoacoara-_1743723547940-1024x576.jpg 1024w, https:\/\/www.em.com.br\/emfoco\/wp-content\/uploads\/2026\/01\/Jericoacoara-_1743723547940-300x169.jpg 300w, https:\/\/www.em.com.br\/emfoco\/wp-content\/uploads\/2026\/01\/Jericoacoara-_1743723547940-768x432.jpg 768w, https:\/\/www.em.com.br\/emfoco\/wp-content\/uploads\/2026\/01\/Jericoacoara-_1743723547940-750x422.jpg 750w, https:\/\/www.em.com.br\/emfoco\/wp-content\/uploads\/2026\/01\/Jericoacoara-_1743723547940-1140x641.jpg 1140w, https:\/\/www.em.com.br\/emfoco\/wp-content\/uploads\/2026\/01\/Jericoacoara-_1743723547940.jpg 1280w\" sizes=\"auto, (max-width: 1024px) 100vw, 1024px\" \/><figcaption class=\"wp-element-caption\">Jericoacoara \u00e9 joia nordestina com praias e paisagens \u00fanicas \/\/ Cr\u00e9ditos: depositphotos.com \/ xura<\/figcaption><\/figure><\/div>\n\n\n<h2 class=\"wp-block-heading\">Quando ir e qual o melhor per\u00edodo para cada passeio?<\/h2>\n\n\n\n<p>O clima \u00e9 quente o ano todo, com ventos fortes que fazem a alegria dos praticantes de kitesurf e windsurf. A temporada de chuvas vai de janeiro a maio, quando as lagoas ficam mais cheias e bonitas.<\/p>\n\n\n\n<style>\n    .card-interativo {\n        transition: transform 0.15s ease-in-out, box-shadow 0.15s ease-in-out;\n        cursor: pointer;\n    }\n    .card-interativo:hover {\n        transform: translateY(-4px);\n    }\n    .card-interativo:active {\n        transform: scale(0.96);\n    }\n<\/style>\n<div class=\"google-auto-ads-ignore\" style=\"box-sizing: border-box; display: flex; flex-direction: column; width: 100%; max-width: 900px; margin: 30px auto; font-family: 'Segoe UI', Roboto, Helvetica, Arial, sans-serif; clear: both;\">\n    <div style=\"display: flex; flex-wrap: wrap; gap: 15px;\">\n        \n        <div class=\"card-interativo\" style=\"flex: 1 1 calc(33.333% - 15px); min-width: 250px; border: 1px solid #e1e6ef; border-top: 4px solid #1a2a57; border-radius: 8px; padding: 20px; background: #fff; box-sizing: border-box; box-shadow: 0 4px 10px rgba(26, 42, 87, 0.05); display: flex; flex-direction: column;\">\n            <div style=\"display: flex; align-items: center; justify-content: center; gap: 8px; margin-bottom: 20px;\">\n                <span style=\"font-size: 22px; line-height: 1;\">\u2614<\/span>\n                <strong style=\"color: #1a2a57; font-size: 16px; text-transform: uppercase;\">Chuvas<\/strong>\n            <\/div>\n            <div style=\"margin-bottom: auto;\">\n                <div style=\"text-align: center; font-size: 11px; font-weight: 800; color: #111c3a; text-transform: uppercase; margin-bottom: 5px;\">Janeiro &#8211; Maio<\/div>\n                <div style=\"text-align: center; font-size: 26px; font-weight: 900; color: #1a2a57; margin-bottom: 10px;\">26\u00b0C a 32\u00b0C<\/div>\n                <div style=\"text-align: center; font-size: 13px; color: #555; line-height: 1.5; margin-bottom: 15px;\">\u00c9poca em que o sol nordestino se mistura com pancadas de chuva, deixando as <strong>lagoas cheias e a paisagem bem verde<\/strong>. <em>Evite se o seu foco for esportes de vento.<\/em><\/div>\n            <\/div>\n            <div style=\"text-align: center;\">\n                <span style=\"display: inline-block; background: #f0f4f8; color: #1a2a57; font-size: 10px; font-weight: 800; padding: 6px 12px; border-radius: 20px; text-transform: uppercase; border: 1px solid #e1e6ef; line-height: 1.4;\">\ud83d\udca7 Chuva Alta<\/span>\n            <\/div>\n        <\/div>\n\n        <div class=\"card-interativo\" style=\"flex: 1 1 calc(33.333% - 15px); min-width: 250px; border: 2px solid #1a2a57; border-radius: 8px; padding: 20px; background: #f0f4f8; box-sizing: border-box; box-shadow: 0 4px 10px rgba(26, 42, 87, 0.1); display: flex; flex-direction: column;\">\n            <div style=\"display: flex; align-items: center; justify-content: center; gap: 8px; margin-bottom: 20px;\">\n                <span style=\"font-size: 22px; line-height: 1;\">\ud83c\udf2c\ufe0f<\/span>\n                <strong style=\"color: #1a2a57; font-size: 16px; text-transform: uppercase;\">Seca e Ventos<\/strong>\n            <\/div>\n            <div style=\"margin-bottom: auto;\">\n                <div style=\"text-align: center; font-size: 11px; font-weight: 800; color: #111c3a; text-transform: uppercase; margin-bottom: 5px;\">Junho &#8211; Agosto<\/div>\n                <div style=\"text-align: center; font-size: 26px; font-weight: 900; color: #1a2a57; margin-bottom: 10px;\">25\u00b0C a 31\u00b0C<\/div>\n                <div style=\"text-align: center; font-size: 13px; color: #555; line-height: 1.5; margin-bottom: 15px;\">Os ventos fortes s\u00e3o a alegria geral! Temporada perfeita para o <strong>kitesurf, windsurf e para ver o p\u00f4r do sol bem no meio da Pedra Furada<\/strong> no m\u00eas de julho.<\/div>\n            <\/div>\n            <div style=\"text-align: center;\">\n                <span style=\"display: inline-block; background: #1a2a57; color: #fff; font-size: 10px; font-weight: 800; padding: 6px 12px; border-radius: 20px; text-transform: uppercase; line-height: 1.4;\">\ud83c\udf92 Alta Temporada<\/span>\n            <\/div>\n        <\/div>\n\n        <div class=\"card-interativo\" style=\"flex: 1 1 calc(33.333% - 15px); min-width: 250px; border: 1px solid #e1e6ef; border-top: 4px solid #1a2a57; border-radius: 8px; padding: 20px; background: #fff; box-sizing: border-box; box-shadow: 0 4px 10px rgba(26, 42, 87, 0.05); display: flex; flex-direction: column;\">\n            <div style=\"display: flex; align-items: center; justify-content: center; gap: 8px; margin-bottom: 20px;\">\n                <span style=\"font-size: 22px; line-height: 1;\">\u2600\ufe0f<\/span>\n                <strong style=\"color: #1a2a57; font-size: 16px; text-transform: uppercase;\">Seca e Calor<\/strong>\n            <\/div>\n            <div style=\"margin-bottom: auto;\">\n                <div style=\"text-align: center; font-size: 11px; font-weight: 800; color: #111c3a; text-transform: uppercase; margin-bottom: 5px;\">Setembro &#8211; Dezembro<\/div>\n                <div style=\"text-align: center; font-size: 26px; font-weight: 900; color: #1a2a57; margin-bottom: 10px;\">27\u00b0C a 33\u00b0C<\/div>\n                <div style=\"text-align: center; font-size: 13px; color: #555; line-height: 1.5; margin-bottom: 15px;\">O sol \u00e9 impiedoso e as chuvas quase nulas. Clima quente e perfeito para curtir muita <strong>praia, desbravar as imensas dunas e fazer passeios de buggy<\/strong>.<\/div>\n            <\/div>\n            <div style=\"text-align: center;\">\n                <span style=\"display: inline-block; background: #f0f4f8; color: #1a2a57; font-size: 10px; font-weight: 800; padding: 6px 12px; border-radius: 20px; text-transform: uppercase; border: 1px solid #e1e6ef; line-height: 1.4;\">\u2600\ufe0f Chuva Baixa<\/span>\n            <\/div>\n        <\/div>\n        \n    <\/div>\n<\/div>\n\n\n\n<p><em>Temperaturas aproximadas com base no <a href=\"https:\/\/www.climatempo.com.br\/previsao-do-tempo\/cidade\/1793\/jijocadejericoacoara-ce\" target=\"_blank\" rel=\"noreferrer noopener\"><strong>Climatempo<\/strong><\/a>. Condi\u00e7\u00f5es podem variar.<\/em><\/p>\n\n\n\n<h2 class=\"wp-block-heading\">Como chegar \u00e0 vila entre as dunas?<\/h2>\n\n\n\n<p>O <strong>Aeroporto Regional de Jericoacoara (JJD)<\/strong>, no munic\u00edpio de <strong>Cruz<\/strong>, fica a cerca de 30 km da vila e recebe voos diretos de capitais como <strong>S\u00e3o Paulo<\/strong>, <strong>Bras\u00edlia<\/strong> e <strong>Belo Horizonte<\/strong>. Quem voa at\u00e9 <strong>Fortaleza<\/strong> percorre aproximadamente 300 km pela <strong>BR-222<\/strong> e <strong>BR-402<\/strong> at\u00e9 <strong>Jijoca<\/strong>, em um trajeto de cerca de 4 horas de carro ou transfer. A partir de Jijoca, os \u00faltimos 20 km s\u00e3o feitos em ve\u00edculos 4&#215;4, pois a estrada \u00e9 de areia.<\/p>\n\n\n\n<p>Tamb\u00e9m h\u00e1 \u00f4nibus saindo da <strong>Rodovi\u00e1ria de Fortaleza<\/strong> com destino a Jijoca, operados por empresas regionais. Transfers compartilhados e privativos fazem o trecho porta a porta e s\u00e3o a op\u00e7\u00e3o mais pr\u00e1tica para quem n\u00e3o quer dirigir.<\/p>\n\n\n\n<h2 class=\"wp-block-heading\">Jeri \u00e9 daqueles lugares que ficam na mem\u00f3ria<\/h2>\n\n\n\n<p>Poucas praias no mundo combinam dunas em movimento, lagoas de \u00e1gua doce, forma\u00e7\u00f5es rochosas milenares e uma vila sem asfalto onde se janta com os p\u00e9s na areia sob o c\u00e9u estrelado. Jericoacoara continua fiel \u00e0 simplicidade que a tornou famosa, mesmo depois de virar destino internacional.<\/p>\n\n\n\n<p>Voc\u00ea precisa subir a Duna do P\u00f4r do Sol ao menos uma vez, assistir ao sol sumir no horizonte e entender por que tanta gente veio para Jeri e nunca mais quis ir embora.<\/p>\n","protected":false},"excerpt":{"rendered":"<p>A 300 km de Fortaleza, escondida entre dunas m\u00f3veis e mar aberto, Jericoacoara mant\u00e9m ruas sem asfalto e postes sem luz por escolha dos pr\u00f3prios moradores. A vila de pescadores que o jornal The Washington Post apresentou ao mundo em 1987 virou um dos destinos mais desejados do Brasil, mas ainda conserva o charme de [&hellip;]<\/p>\n","protected":false},"author":6,"featured_media":179118,"comment_status":"open","ping_status":"open","sticky":false,"template":"","format":"standard","meta":{"jnews-multi-image_gallery":[],"jnews_single_post":{"format":"standard"},"jnews_primary_category":[],"jnews_social_meta":[],"jnews_override_counter":[],"footnotes":""},"categories":[26],"tags":[3260,183,6355],"class_list":["post-179109","post","type-post","status-publish","format-standard","has-post-thumbnail","hentry","category-cidades","tag-ceara","tag-cidades","tag-jericoacoara"],"yoast_head":"<!-- This site is optimized with the Yoast SEO plugin v23.8 - https:\/\/yoast.com\/wordpress\/plugins\/seo\/ -->\n<title>A vila onde n\u00e3o h\u00e1 bancos, n\u00e3o h\u00e1 asfalto e n\u00e3o h\u00e1 postes de luz: s\u00f3 o brilho da lua sobre as praias mais bonitas do planeta - Estado de Minas - Em foco<\/title>\n<meta name=\"description\" content=\"Uma vila isolada onde n\u00e3o h\u00e1 bancos, asfalto ou postes de luz, apenas dunas iluminadas pela lua e \u00e1guas cristalinas.\" \/>\n<meta name=\"robots\" content=\"index, follow, max-snippet:-1, max-image-preview:large, max-video-preview:-1\" \/>\n<link rel=\"canonical\" href=\"https:\/\/www.em.com.br\/emfoco\/2026\/03\/08\/a-vila-onde-nao-ha-bancos-nao-ha-asfalto-e-nao-ha-postes-de-luz-so-o-brilho-da-lua-sobre-as-praias-mais-bonitas-do-planeta\/\" \/>\n<meta property=\"og:locale\" content=\"pt_BR\" \/>\n<meta property=\"og:type\" content=\"article\" \/>\n<meta property=\"og:title\" content=\"A vila onde n\u00e3o h\u00e1 bancos, n\u00e3o h\u00e1 asfalto e n\u00e3o h\u00e1 postes de luz: s\u00f3 o brilho da lua sobre as praias mais bonitas do planeta - Estado de Minas - Em foco\" \/>\n<meta property=\"og:description\" content=\"Uma vila isolada onde n\u00e3o h\u00e1 bancos, asfalto ou postes de luz, apenas dunas iluminadas pela lua e \u00e1guas cristalinas.\" \/>\n<meta property=\"og:url\" content=\"https:\/\/www.em.com.br\/emfoco\/2026\/03\/08\/a-vila-onde-nao-ha-bancos-nao-ha-asfalto-e-nao-ha-postes-de-luz-so-o-brilho-da-lua-sobre-as-praias-mais-bonitas-do-planeta\/\" \/>\n<meta property=\"og:site_name\" content=\"Estado de Minas - Em foco\" \/>\n<meta property=\"article:published_time\" content=\"2026-03-08T14:25:00+00:00\" \/>\n<meta property=\"article:modified_time\" content=\"2026-03-08T11:23:43+00:00\" \/>\n<meta property=\"og:image\" content=\"https:\/\/www.em.com.br\/emfoco\/wp-content\/uploads\/2026\/03\/ngz-jericoacoara-43675.jpg\" \/>\n\t<meta property=\"og:image:width\" content=\"1280\" \/>\n\t<meta property=\"og:image:height\" content=\"720\" \/>\n\t<meta property=\"og:image:type\" content=\"image\/jpeg\" \/>\n<meta name=\"author\" content=\"Vitor Bruno\" \/>\n<meta name=\"twitter:card\" content=\"summary_large_image\" \/>\n<meta name=\"twitter:label1\" content=\"Escrito por\" \/>\n\t<meta name=\"twitter:data1\" content=\"Vitor Bruno\" \/>\n\t<meta name=\"twitter:label2\" content=\"Est. tempo de leitura\" \/>\n\t<meta name=\"twitter:data2\" content=\"7 minutos\" \/>\n<!-- \/ Yoast SEO plugin. -->","yoast_head_json":{"title":"A vila onde n\u00e3o h\u00e1 bancos, n\u00e3o h\u00e1 asfalto e n\u00e3o h\u00e1 postes de luz: s\u00f3 o brilho da lua sobre as praias mais bonitas do planeta - Estado de Minas - Em foco","description":"Uma vila isolada onde n\u00e3o h\u00e1 bancos, asfalto ou postes de luz, apenas dunas iluminadas pela lua e \u00e1guas cristalinas.","robots":{"index":"index","follow":"follow","max-snippet":"max-snippet:-1","max-image-preview":"max-image-preview:large","max-video-preview":"max-video-preview:-1"},"canonical":"https:\/\/www.em.com.br\/emfoco\/2026\/03\/08\/a-vila-onde-nao-ha-bancos-nao-ha-asfalto-e-nao-ha-postes-de-luz-so-o-brilho-da-lua-sobre-as-praias-mais-bonitas-do-planeta\/","og_locale":"pt_BR","og_type":"article","og_title":"A vila onde n\u00e3o h\u00e1 bancos, n\u00e3o h\u00e1 asfalto e n\u00e3o h\u00e1 postes de luz: s\u00f3 o brilho da lua sobre as praias mais bonitas do planeta - Estado de Minas - Em foco","og_description":"Uma vila isolada onde n\u00e3o h\u00e1 bancos, asfalto ou postes de luz, apenas dunas iluminadas pela lua e \u00e1guas cristalinas.","og_url":"https:\/\/www.em.com.br\/emfoco\/2026\/03\/08\/a-vila-onde-nao-ha-bancos-nao-ha-asfalto-e-nao-ha-postes-de-luz-so-o-brilho-da-lua-sobre-as-praias-mais-bonitas-do-planeta\/","og_site_name":"Estado de Minas - Em foco","article_published_time":"2026-03-08T14:25:00+00:00","article_modified_time":"2026-03-08T11:23:43+00:00","og_image":[{"width":1280,"height":720,"url":"https:\/\/www.em.com.br\/emfoco\/wp-content\/uploads\/2026\/03\/ngz-jericoacoara-43675.jpg","type":"image\/jpeg"}],"author":"Vitor Bruno","twitter_card":"summary_large_image","twitter_misc":{"Escrito por":"Vitor Bruno","Est. tempo de leitura":"7 minutos"},"schema":{"@context":"https:\/\/schema.org","@graph":[{"@type":"WebPage","@id":"https:\/\/www.em.com.br\/emfoco\/2026\/03\/08\/a-vila-onde-nao-ha-bancos-nao-ha-asfalto-e-nao-ha-postes-de-luz-so-o-brilho-da-lua-sobre-as-praias-mais-bonitas-do-planeta\/","url":"https:\/\/www.em.com.br\/emfoco\/2026\/03\/08\/a-vila-onde-nao-ha-bancos-nao-ha-asfalto-e-nao-ha-postes-de-luz-so-o-brilho-da-lua-sobre-as-praias-mais-bonitas-do-planeta\/","name":"A vila onde n\u00e3o h\u00e1 bancos, n\u00e3o h\u00e1 asfalto e n\u00e3o h\u00e1 postes de luz: s\u00f3 o brilho da lua sobre as praias mais bonitas do planeta - Estado de Minas - Em foco","isPartOf":{"@id":"https:\/\/www.em.com.br\/emfoco\/#website"},"primaryImageOfPage":{"@id":"https:\/\/www.em.com.br\/emfoco\/2026\/03\/08\/a-vila-onde-nao-ha-bancos-nao-ha-asfalto-e-nao-ha-postes-de-luz-so-o-brilho-da-lua-sobre-as-praias-mais-bonitas-do-planeta\/#primaryimage"},"image":{"@id":"https:\/\/www.em.com.br\/emfoco\/2026\/03\/08\/a-vila-onde-nao-ha-bancos-nao-ha-asfalto-e-nao-ha-postes-de-luz-so-o-brilho-da-lua-sobre-as-praias-mais-bonitas-do-planeta\/#primaryimage"},"thumbnailUrl":"https:\/\/www.em.com.br\/emfoco\/wp-content\/uploads\/2026\/03\/ngz-jericoacoara-43675.jpg","datePublished":"2026-03-08T14:25:00+00:00","dateModified":"2026-03-08T11:23:43+00:00","author":{"@id":"https:\/\/www.em.com.br\/emfoco\/#\/schema\/person\/364ac1852fafd00f1be20f0b8b237569"},"description":"Uma vila isolada onde n\u00e3o h\u00e1 bancos, asfalto ou postes de luz, apenas dunas iluminadas pela lua e \u00e1guas cristalinas.","breadcrumb":{"@id":"https:\/\/www.em.com.br\/emfoco\/2026\/03\/08\/a-vila-onde-nao-ha-bancos-nao-ha-asfalto-e-nao-ha-postes-de-luz-so-o-brilho-da-lua-sobre-as-praias-mais-bonitas-do-planeta\/#breadcrumb"},"inLanguage":"pt-BR","potentialAction":[{"@type":"ReadAction","target":["https:\/\/www.em.com.br\/emfoco\/2026\/03\/08\/a-vila-onde-nao-ha-bancos-nao-ha-asfalto-e-nao-ha-postes-de-luz-so-o-brilho-da-lua-sobre-as-praias-mais-bonitas-do-planeta\/"]}]},{"@type":"ImageObject","inLanguage":"pt-BR","@id":"https:\/\/www.em.com.br\/emfoco\/2026\/03\/08\/a-vila-onde-nao-ha-bancos-nao-ha-asfalto-e-nao-ha-postes-de-luz-so-o-brilho-da-lua-sobre-as-praias-mais-bonitas-do-planeta\/#primaryimage","url":"https:\/\/www.em.com.br\/emfoco\/wp-content\/uploads\/2026\/03\/ngz-jericoacoara-43675.jpg","contentUrl":"https:\/\/www.em.com.br\/emfoco\/wp-content\/uploads\/2026\/03\/ngz-jericoacoara-43675.jpg","width":1280,"height":720,"caption":"Ruas de areia e p\u00f4r do sol na duna: Jericoacoara segue entre as praias mais bonitas do planeta (imagem ilustrativa)"},{"@type":"BreadcrumbList","@id":"https:\/\/www.em.com.br\/emfoco\/2026\/03\/08\/a-vila-onde-nao-ha-bancos-nao-ha-asfalto-e-nao-ha-postes-de-luz-so-o-brilho-da-lua-sobre-as-praias-mais-bonitas-do-planeta\/#breadcrumb","itemListElement":[{"@type":"ListItem","position":1,"name":"In\u00edcio","item":"https:\/\/www.em.com.br\/emfoco\/"},{"@type":"ListItem","position":2,"name":"A vila onde n\u00e3o h\u00e1 bancos, n\u00e3o h\u00e1 asfalto e n\u00e3o h\u00e1 postes de luz: s\u00f3 o brilho da lua sobre as praias mais bonitas do planeta"}]},{"@type":"WebSite","@id":"https:\/\/www.em.com.br\/emfoco\/#website","url":"https:\/\/www.em.com.br\/emfoco\/","name":"Estado de Minas - Em foco","description":"Acompanhe as \u00faltimas not\u00edcias e fique bem informado sobre tudo o que acontece em Minas Gerais, Brasil e no mundo.","potentialAction":[{"@type":"SearchAction","target":{"@type":"EntryPoint","urlTemplate":"https:\/\/www.em.com.br\/emfoco\/?s={search_term_string}"},"query-input":{"@type":"PropertyValueSpecification","valueRequired":true,"valueName":"search_term_string"}}],"inLanguage":"pt-BR"},{"@type":"Person","@id":"https:\/\/www.em.com.br\/emfoco\/#\/schema\/person\/364ac1852fafd00f1be20f0b8b237569","name":"Vitor Bruno","image":{"@type":"ImageObject","inLanguage":"pt-BR","@id":"https:\/\/www.em.com.br\/emfoco\/#\/schema\/person\/image\/","url":"https:\/\/secure.gravatar.com\/avatar\/b719e5cdede09f942064960883b5524d?s=96&d=mm&r=g","contentUrl":"https:\/\/secure.gravatar.com\/avatar\/b719e5cdede09f942064960883b5524d?s=96&d=mm&r=g","caption":"Vitor Bruno"},"sameAs":["https:\/\/www.em.com.br\/emfoco\/"],"url":"https:\/\/www.em.com.br\/emfoco\/author\/vitormyth\/"}]}},"_links":{"self":[{"href":"https:\/\/www.em.com.br\/emfoco\/wp-json\/wp\/v2\/posts\/179109","targetHints":{"allow":["GET"]}}],"collection":[{"href":"https:\/\/www.em.com.br\/emfoco\/wp-json\/wp\/v2\/posts"}],"about":[{"href":"https:\/\/www.em.com.br\/emfoco\/wp-json\/wp\/v2\/types\/post"}],"author":[{"embeddable":true,"href":"https:\/\/www.em.com.br\/emfoco\/wp-json\/wp\/v2\/users\/6"}],"replies":[{"embeddable":true,"href":"https:\/\/www.em.com.br\/emfoco\/wp-json\/wp\/v2\/comments?post=179109"}],"version-history":[{"count":4,"href":"https:\/\/www.em.com.br\/emfoco\/wp-json\/wp\/v2\/posts\/179109\/revisions"}],"predecessor-version":[{"id":179119,"href":"https:\/\/www.em.com.br\/emfoco\/wp-json\/wp\/v2\/posts\/179109\/revisions\/179119"}],"wp:featuredmedia":[{"embeddable":true,"href":"https:\/\/www.em.com.br\/emfoco\/wp-json\/wp\/v2\/media\/179118"}],"wp:attachment":[{"href":"https:\/\/www.em.com.br\/emfoco\/wp-json\/wp\/v2\/media?parent=179109"}],"wp:term":[{"taxonomy":"category","embeddable":true,"href":"https:\/\/www.em.com.br\/emfoco\/wp-json\/wp\/v2\/categories?post=179109"},{"taxonomy":"post_tag","embeddable":true,"href":"https:\/\/www.em.com.br\/emfoco\/wp-json\/wp\/v2\/tags?post=179109"}],"curies":[{"name":"wp","href":"https:\/\/api.w.org\/{rel}","templated":true}]}}