{"id":179065,"date":"2026-03-08T18:30:00","date_gmt":"2026-03-08T21:30:00","guid":{"rendered":"https:\/\/www.em.com.br\/emfoco\/?p=179065"},"modified":"2026-03-07T22:30:49","modified_gmt":"2026-03-08T01:30:49","slug":"lei-endurece-regras-e-preve-punicoes-criminais-para-motoristas-que-desrespeitarem-essa-norma","status":"publish","type":"post","link":"https:\/\/www.em.com.br\/emfoco\/2026\/03\/08\/lei-endurece-regras-e-preve-punicoes-criminais-para-motoristas-que-desrespeitarem-essa-norma\/","title":{"rendered":"Lei endurece regras e prev\u00ea puni\u00e7\u00f5es criminais para motoristas que desrespeitarem essa norma"},"content":{"rendered":"\n<p>Conduzir na <strong>Fl\u00f3rida <\/strong>sem ter regularizado a carteira de motorista a tempo n\u00e3o \u00e9 s\u00f3 um erro burocr\u00e1tico. Em v\u00e1rios cen\u00e1rios, a falta de habilita\u00e7\u00e3o v\u00e1lida pode ser tratada como crime, com risco real de pris\u00e3o, multas, antecedentes criminais e reflexos diretos na rotina de quem vive, trabalha ou dirige no estado.<\/p>\n\n\n\n<h2 class=\"wp-block-heading\">Por que dirigir sem carteira na Fl\u00f3rida pode ser enquadrado como crime<\/h2>\n\n\n\n<p>A <strong>lei da Fl\u00f3rida<\/strong> parte de um princ\u00edpio claro: ningu\u00e9m pode operar ve\u00edculo motorizado em via p\u00fablica sem autoriza\u00e7\u00e3o formal de autoridade competente. Essa autoriza\u00e7\u00e3o \u00e9 a carteira de motorista, e sua aus\u00eancia \u00e9 vista como risco \u00e0 seguran\u00e7a vi\u00e1ria, n\u00e3o como simples esquecimento.<\/p>\n\n\n\n<p>Conforme o <strong><a href=\"https:\/\/www.leg.state.fl.us\/statutes\/index.cfm?App_mode=Display_Statute&amp;URL=0300-0399\/0322\/Sections\/0322.03.html\" target=\"_blank\" rel=\"noreferrer noopener\">Estatuto 322.03 da Fl\u00f3rida<\/a><\/strong>, dirigir sem carteira v\u00e1lida pode configurar contraven\u00e7\u00e3o penal, com puni\u00e7\u00e3o crescente a cada reincid\u00eancia. Em muitos casos, isso gera ficha criminal, dificuldades migrat\u00f3rias e problemas com seguro, emprego e renova\u00e7\u00e3o de status.<\/p>\n\n\n\n<figure class=\"wp-block-image size-large\"><img loading=\"lazy\" decoding=\"async\" width=\"1024\" height=\"576\" src=\"https:\/\/www.em.com.br\/emfoco\/wp-content\/uploads\/2026\/03\/Gemini_Generated_Image_7ff9ij7ff9ij7ff9-1-1024x576.png\" alt=\"Dirigir sem habilita\u00e7\u00e3o pode trazer s\u00e9rios problemas\" class=\"wp-image-179081\" srcset=\"https:\/\/www.em.com.br\/emfoco\/wp-content\/uploads\/2026\/03\/Gemini_Generated_Image_7ff9ij7ff9ij7ff9-1-1024x576.png 1024w, https:\/\/www.em.com.br\/emfoco\/wp-content\/uploads\/2026\/03\/Gemini_Generated_Image_7ff9ij7ff9ij7ff9-1-300x169.png 300w, https:\/\/www.em.com.br\/emfoco\/wp-content\/uploads\/2026\/03\/Gemini_Generated_Image_7ff9ij7ff9ij7ff9-1-768x432.png 768w, https:\/\/www.em.com.br\/emfoco\/wp-content\/uploads\/2026\/03\/Gemini_Generated_Image_7ff9ij7ff9ij7ff9-1-750x422.png 750w, https:\/\/www.em.com.br\/emfoco\/wp-content\/uploads\/2026\/03\/Gemini_Generated_Image_7ff9ij7ff9ij7ff9-1-1140x641.png 1140w, https:\/\/www.em.com.br\/emfoco\/wp-content\/uploads\/2026\/03\/Gemini_Generated_Image_7ff9ij7ff9ij7ff9-1.png 1280w\" sizes=\"auto, (max-width: 1024px) 100vw, 1024px\" \/><figcaption class=\"wp-element-caption\">Dirigir sem habilita\u00e7\u00e3o pode trazer s\u00e9rios problemas<\/figcaption><\/figure>\n\n\n\n<h2 class=\"wp-block-heading\">Como funciona dirigir sem CNH no Brasil em 2026<\/h2>\n\n\n\n<p>No <strong>Brasil<\/strong>, em 2026, dirigir sem <strong>Carteira Nacional de Habilita\u00e7\u00e3o <\/strong>(CNH) tamb\u00e9m \u00e9 tratado com rigor, podendo ser infra\u00e7\u00e3o administrativa ou crime de tr\u00e2nsito. A avalia\u00e7\u00e3o leva em conta se o condutor nunca foi habilitado, est\u00e1 com o direito de dirigir suspenso ou apenas esqueceu o documento.<\/p>\n\n\n\n<p>O<strong> C\u00f3digo de Tr\u00e2nsito Brasileiro <\/strong>(CTB) diferencia quem n\u00e3o \u00e9 habilitado de quem \u00e9 habilitado, mas n\u00e3o porta a CNH. Em ambos os casos, h\u00e1 impacto financeiro, pontua\u00e7\u00e3o e at\u00e9 possibilidade de deten\u00e7\u00e3o, especialmente quando h\u00e1 perigo concreto \u00e0 seguran\u00e7a vi\u00e1ria.<\/p>\n\n\n\n<h2 class=\"wp-block-heading\">Quais s\u00e3o as principais penalidades no Brasil para quem dirige sem CNH<\/h2>\n\n\n\n<style>\n.tabela-cnh{\n  width:100%;\n  border-collapse:separate;\n  border-spacing:0;\n  font-family:Arial, sans-serif;\n  color:#000;\n  border-radius:20px;\n  overflow:hidden;\n  box-shadow:0 10px 28px rgba(0,0,0,0.08);\n}\n\n\/* Cabe\u00e7alho *\/\n.tabela-cnh thead th{\n  background:#52b788; \/* vibrante n\u00e3o escura *\/\n  padding:16px;\n  text-align:center;\n  font-size:16px;\n}\n\n\/* C\u00e9lulas *\/\n.tabela-cnh td{\n  padding:14px;\n  border-bottom:1px solid #e6e6e6;\n}\n\n\/* Linhas *\/\n.tabela-cnh tbody tr{\n  background:#e6f4ea; \/* pastel *\/\n  transition:all .25s ease;\n}\n\n.tabela-cnh tbody tr:nth-child(even){\n  background:#d8f3dc;\n}\n\n\/* Hover *\/\n.tabela-cnh tbody tr:hover{\n  background:#52b788;\n  transform:scale(1.01);\n}\n\n\/* primeira coluna destaque *\/\n.tabela-cnh td:first-child{\n  font-weight:bold;\n  width:28%;\n}\n<\/style>\n\n<table class=\"tabela-cnh\">\n<thead>\n<tr>\n<th>Situa\u00e7\u00e3o<\/th>\n<th>Infra\u00e7\u00e3o e Penalidade<\/th>\n<th>Medidas Administrativas<\/th>\n<th>Outras Consequ\u00eancias<\/th>\n<\/tr>\n<\/thead>\n\n<tbody>\n\n<tr>\n<td>Dirigir sem habilita\u00e7\u00e3o ou com CNH cassada\/suspensa<\/td>\n<td>Infra\u00e7\u00e3o grav\u00edssima com multa de aproximadamente R$ 880,41.<\/td>\n<td>O ve\u00edculo fica retido at\u00e9 que um condutor habilitado compare\u00e7a para retir\u00e1-lo.<\/td>\n<td>Pode virar crime de tr\u00e2nsito se houver perigo de dano, com pena de deten\u00e7\u00e3o de 6 meses a 1 ano ou multa.<\/td>\n<\/tr>\n\n<tr>\n<td>Esquecer a CNH em casa<\/td>\n<td>Infra\u00e7\u00e3o leve com multa de cerca de R$ 88,38 e 3 pontos na carteira.<\/td>\n<td>O ve\u00edculo pode ficar retido at\u00e9 a apresenta\u00e7\u00e3o do documento ou verifica\u00e7\u00e3o pelo sistema do agente.<\/td>\n<td>Se a habilita\u00e7\u00e3o for confirmada, a situa\u00e7\u00e3o costuma ser resolvida no local.<\/td>\n<\/tr>\n\n<tr>\n<td>Propriet\u00e1rio entrega o ve\u00edculo a pessoa sem habilita\u00e7\u00e3o<\/td>\n<td>Multa grav\u00edssima multiplicada por tr\u00eas (aprox. R$ 880,41).<\/td>\n<td>Responsabiliza\u00e7\u00e3o direta do propriet\u00e1rio do ve\u00edculo.<\/td>\n<td>Se for habilitado, o propriet\u00e1rio recebe 7 pontos na carteira.<\/td>\n<\/tr>\n\n<\/tbody>\n<\/table>\n\n\n\n<h2 class=\"wp-block-heading\">Quais s\u00e3o as consequ\u00eancias legais de dirigir sem carteira na Fl\u00f3rida<\/h2>\n\n\n\n<p>Na Fl\u00f3rida, dirigir com carteira vencida, suspensa, revogada ou de categoria incompat\u00edvel pode ser tratado como se o condutor n\u00e3o tivesse habilita\u00e7\u00e3o. Isso vale mesmo que ele apresente um cart\u00e3o f\u00edsico durante a abordagem policial, j\u00e1 que o que importa \u00e9 a validade legal do documento.<\/p>\n\n\n\n<p>As penalidades variam conforme o hist\u00f3rico do motorista e podem incluir contraven\u00e7\u00f5es penais de segundo ou primeiro grau, com possibilidade de pris\u00e3o, liberdade condicional, multa e custos judiciais, especialmente a partir da segunda infra\u00e7\u00e3o em diante.<\/p>\n\n\n\n<figure class=\"wp-block-image\"><img decoding=\"async\" src=\"https:\/\/www.em.com.br\/emfoco\/wp-content\/uploads\/2026\/01\/ChatGPT-Image-26-de-jan.-de-2026-20_16_26-1-1024x576.png\" alt=\"\"\/><figcaption class=\"wp-element-caption\">O tr\u00e2nsito est\u00e1 mais rigoroso<\/figcaption><\/figure>\n\n\n\n<h2 class=\"wp-block-heading\">Como obter a carteira da Fl\u00f3rida e por que isso \u00e9 urgente para sua seguran\u00e7a jur\u00eddica<\/h2>\n\n\n\n<p>As regras de resid\u00eancia na Fl\u00f3rida s\u00e3o rigorosas: quem come\u00e7a a trabalhar, matricula filhos em escola p\u00fablica, registra-se para votar, pede homestead exemption ou permanece mais de seis meses seguidos costuma ser tratado como residente. A partir da\u00ed, h\u00e1 prazos curtos para tirar a carteira local, registrar ve\u00edculo e contratar seguro adequado.<\/p>\n\n\n\n<p>Para evitar penalidades, \u00e9 essencial entender o processo b\u00e1sico de habilita\u00e7\u00e3o na Fl\u00f3rida e organizar a documenta\u00e7\u00e3o com rapidez, sobretudo para quem \u00e9 imigrante ou rec\u00e9m-chegado ao estado.<\/p>\n\n\n\n<ul class=\"wp-block-list\">\n<li>Separar documentos de identidade, comprovantes de resid\u00eancia e status migrat\u00f3rio.<\/li>\n\n\n\n<li>Agendar atendimento em escrit\u00f3rio autorizado do DMV local.<\/li>\n\n\n\n<li>Realizar exame de vis\u00e3o, prova te\u00f3rica e teste pr\u00e1tico, quando exigidos.<\/li>\n\n\n\n<li>Verificar se a habilita\u00e7\u00e3o estrangeira permite dirigir como visitante e por quanto tempo.<\/li>\n<\/ul>\n\n\n\n<p>N\u00e3o espere ser parado em uma blitz para descobrir que est\u00e1 cometendo um crime e colocando seu futuro em risco. Se voc\u00ea vive, trabalha ou passa longos per\u00edodos na Fl\u00f3rida, busque orienta\u00e7\u00e3o jur\u00eddica e regularize sua habilita\u00e7\u00e3o imediatamente: cada dia dirigindo irregularmente aumenta o risco de pris\u00e3o, preju\u00edzos ao processo migrat\u00f3rio e marcas permanentes no seu hist\u00f3rico.<\/p>\n\n\n\n<p>Tomar essa decis\u00e3o agora pode ser a diferen\u00e7a entre seguir sua vida com tranquilidade ou enfrentar um problema grave e urgente com a Justi\u00e7a. Procure hoje mesmo informa\u00e7\u00e3o confi\u00e1vel, marque seus exames e ajuste sua situa\u00e7\u00e3o, antes que uma simples abordagem de tr\u00e2nsito se transforme em uma crise dif\u00edcil de reverter.<\/p>\n\n\n\n<p><\/p>\n","protected":false},"excerpt":{"rendered":"<p>Conduzir na Fl\u00f3rida sem ter regularizado a carteira de motorista a tempo n\u00e3o \u00e9 s\u00f3 um erro burocr\u00e1tico. Em v\u00e1rios cen\u00e1rios, a falta de habilita\u00e7\u00e3o v\u00e1lida pode ser tratada como crime, com risco real de pris\u00e3o, multas, antecedentes criminais e reflexos diretos na rotina de quem vive, trabalha ou dirige no estado. Por que dirigir [&hellip;]<\/p>\n","protected":false},"author":11,"featured_media":179082,"comment_status":"open","ping_status":"open","sticky":false,"template":"","format":"standard","meta":{"jnews-multi-image_gallery":[],"jnews_single_post":{"format":"standard"},"jnews_primary_category":[],"jnews_social_meta":[],"jnews_override_counter":[],"footnotes":""},"categories":[28,1],"tags":[830,25879,2394,9442,765],"class_list":["post-179065","post","type-post","status-publish","format-standard","has-post-thumbnail","hentry","category-economia","category-noticias","tag-cnh","tag-dirigir-sem-habilitacao","tag-motorista","tag-multa","tag-transito"],"yoast_head":"<!-- This site is optimized with the Yoast SEO plugin v23.8 - https:\/\/yoast.com\/wordpress\/plugins\/seo\/ -->\n<title>Lei endurece regras e prev\u00ea puni\u00e7\u00f5es criminais para motoristas que desrespeitarem essa norma - Estado de Minas - Em foco<\/title>\n<meta name=\"description\" content=\"Dirigir sem carteira na Fl\u00f3rida pode gerar pris\u00e3o, multa e antecedentes criminais. Entenda o que diz a lei e como evitar problemas.\" \/>\n<meta name=\"robots\" content=\"index, follow, max-snippet:-1, max-image-preview:large, max-video-preview:-1\" \/>\n<link rel=\"canonical\" href=\"https:\/\/www.em.com.br\/emfoco\/2026\/03\/08\/lei-endurece-regras-e-preve-punicoes-criminais-para-motoristas-que-desrespeitarem-essa-norma\/\" \/>\n<meta property=\"og:locale\" content=\"pt_BR\" \/>\n<meta property=\"og:type\" content=\"article\" \/>\n<meta property=\"og:title\" content=\"Lei endurece regras e prev\u00ea puni\u00e7\u00f5es criminais para motoristas que desrespeitarem essa norma - Estado de Minas - Em foco\" \/>\n<meta property=\"og:description\" content=\"Dirigir sem carteira na Fl\u00f3rida pode gerar pris\u00e3o, multa e antecedentes criminais. Entenda o que diz a lei e como evitar problemas.\" \/>\n<meta property=\"og:url\" content=\"https:\/\/www.em.com.br\/emfoco\/2026\/03\/08\/lei-endurece-regras-e-preve-punicoes-criminais-para-motoristas-que-desrespeitarem-essa-norma\/\" \/>\n<meta property=\"og:site_name\" content=\"Estado de Minas - Em foco\" \/>\n<meta property=\"article:published_time\" content=\"2026-03-08T21:30:00+00:00\" \/>\n<meta property=\"article:modified_time\" content=\"2026-03-08T01:30:49+00:00\" \/>\n<meta property=\"og:image\" content=\"https:\/\/www.em.com.br\/emfoco\/wp-content\/uploads\/2026\/03\/ChatGPT-Image-7-de-mar.-de-2026-20_10_28-1.png\" \/>\n\t<meta property=\"og:image:width\" content=\"1280\" \/>\n\t<meta property=\"og:image:height\" content=\"720\" \/>\n\t<meta property=\"og:image:type\" content=\"image\/png\" \/>\n<meta name=\"author\" content=\"Andre\u0301 Rangel\u00a0\" \/>\n<meta name=\"twitter:card\" content=\"summary_large_image\" \/>\n<meta name=\"twitter:label1\" content=\"Escrito por\" \/>\n\t<meta name=\"twitter:data1\" content=\"Andre\u0301 Rangel\u00a0\" \/>\n\t<meta name=\"twitter:label2\" content=\"Est. tempo de leitura\" \/>\n\t<meta name=\"twitter:data2\" content=\"5 minutos\" \/>\n<!-- \/ Yoast SEO plugin. -->","yoast_head_json":{"title":"Lei endurece regras e prev\u00ea puni\u00e7\u00f5es criminais para motoristas que desrespeitarem essa norma - Estado de Minas - Em foco","description":"Dirigir sem carteira na Fl\u00f3rida pode gerar pris\u00e3o, multa e antecedentes criminais. Entenda o que diz a lei e como evitar problemas.","robots":{"index":"index","follow":"follow","max-snippet":"max-snippet:-1","max-image-preview":"max-image-preview:large","max-video-preview":"max-video-preview:-1"},"canonical":"https:\/\/www.em.com.br\/emfoco\/2026\/03\/08\/lei-endurece-regras-e-preve-punicoes-criminais-para-motoristas-que-desrespeitarem-essa-norma\/","og_locale":"pt_BR","og_type":"article","og_title":"Lei endurece regras e prev\u00ea puni\u00e7\u00f5es criminais para motoristas que desrespeitarem essa norma - Estado de Minas - Em foco","og_description":"Dirigir sem carteira na Fl\u00f3rida pode gerar pris\u00e3o, multa e antecedentes criminais. Entenda o que diz a lei e como evitar problemas.","og_url":"https:\/\/www.em.com.br\/emfoco\/2026\/03\/08\/lei-endurece-regras-e-preve-punicoes-criminais-para-motoristas-que-desrespeitarem-essa-norma\/","og_site_name":"Estado de Minas - Em foco","article_published_time":"2026-03-08T21:30:00+00:00","article_modified_time":"2026-03-08T01:30:49+00:00","og_image":[{"width":1280,"height":720,"url":"https:\/\/www.em.com.br\/emfoco\/wp-content\/uploads\/2026\/03\/ChatGPT-Image-7-de-mar.-de-2026-20_10_28-1.png","type":"image\/png"}],"author":"Andre\u0301 Rangel\u00a0","twitter_card":"summary_large_image","twitter_misc":{"Escrito por":"Andre\u0301 Rangel\u00a0","Est. tempo de leitura":"5 minutos"},"schema":{"@context":"https:\/\/schema.org","@graph":[{"@type":"WebPage","@id":"https:\/\/www.em.com.br\/emfoco\/2026\/03\/08\/lei-endurece-regras-e-preve-punicoes-criminais-para-motoristas-que-desrespeitarem-essa-norma\/","url":"https:\/\/www.em.com.br\/emfoco\/2026\/03\/08\/lei-endurece-regras-e-preve-punicoes-criminais-para-motoristas-que-desrespeitarem-essa-norma\/","name":"Lei endurece regras e prev\u00ea puni\u00e7\u00f5es criminais para motoristas que desrespeitarem essa norma - Estado de Minas - Em foco","isPartOf":{"@id":"https:\/\/www.em.com.br\/emfoco\/#website"},"primaryImageOfPage":{"@id":"https:\/\/www.em.com.br\/emfoco\/2026\/03\/08\/lei-endurece-regras-e-preve-punicoes-criminais-para-motoristas-que-desrespeitarem-essa-norma\/#primaryimage"},"image":{"@id":"https:\/\/www.em.com.br\/emfoco\/2026\/03\/08\/lei-endurece-regras-e-preve-punicoes-criminais-para-motoristas-que-desrespeitarem-essa-norma\/#primaryimage"},"thumbnailUrl":"https:\/\/www.em.com.br\/emfoco\/wp-content\/uploads\/2026\/03\/ChatGPT-Image-7-de-mar.-de-2026-20_10_28-1.png","datePublished":"2026-03-08T21:30:00+00:00","dateModified":"2026-03-08T01:30:49+00:00","author":{"@id":"https:\/\/www.em.com.br\/emfoco\/#\/schema\/person\/60eda09c1fedf0d6891f4cef4b60b8b8"},"description":"Dirigir sem carteira na Fl\u00f3rida pode gerar pris\u00e3o, multa e antecedentes criminais. Entenda o que diz a lei e como evitar problemas.","breadcrumb":{"@id":"https:\/\/www.em.com.br\/emfoco\/2026\/03\/08\/lei-endurece-regras-e-preve-punicoes-criminais-para-motoristas-que-desrespeitarem-essa-norma\/#breadcrumb"},"inLanguage":"pt-BR","potentialAction":[{"@type":"ReadAction","target":["https:\/\/www.em.com.br\/emfoco\/2026\/03\/08\/lei-endurece-regras-e-preve-punicoes-criminais-para-motoristas-que-desrespeitarem-essa-norma\/"]}]},{"@type":"ImageObject","inLanguage":"pt-BR","@id":"https:\/\/www.em.com.br\/emfoco\/2026\/03\/08\/lei-endurece-regras-e-preve-punicoes-criminais-para-motoristas-que-desrespeitarem-essa-norma\/#primaryimage","url":"https:\/\/www.em.com.br\/emfoco\/wp-content\/uploads\/2026\/03\/ChatGPT-Image-7-de-mar.-de-2026-20_10_28-1.png","contentUrl":"https:\/\/www.em.com.br\/emfoco\/wp-content\/uploads\/2026\/03\/ChatGPT-Image-7-de-mar.-de-2026-20_10_28-1.png","width":1280,"height":720,"caption":"Dirigir sem habilita\u00e7\u00e3o pode trazer s\u00e9rios problemas"},{"@type":"BreadcrumbList","@id":"https:\/\/www.em.com.br\/emfoco\/2026\/03\/08\/lei-endurece-regras-e-preve-punicoes-criminais-para-motoristas-que-desrespeitarem-essa-norma\/#breadcrumb","itemListElement":[{"@type":"ListItem","position":1,"name":"In\u00edcio","item":"https:\/\/www.em.com.br\/emfoco\/"},{"@type":"ListItem","position":2,"name":"Lei endurece regras e prev\u00ea puni\u00e7\u00f5es criminais para motoristas que desrespeitarem essa norma"}]},{"@type":"WebSite","@id":"https:\/\/www.em.com.br\/emfoco\/#website","url":"https:\/\/www.em.com.br\/emfoco\/","name":"Estado de Minas - Em foco","description":"Acompanhe as \u00faltimas not\u00edcias e fique bem informado sobre tudo o que acontece em Minas Gerais, Brasil e no mundo.","potentialAction":[{"@type":"SearchAction","target":{"@type":"EntryPoint","urlTemplate":"https:\/\/www.em.com.br\/emfoco\/?s={search_term_string}"},"query-input":{"@type":"PropertyValueSpecification","valueRequired":true,"valueName":"search_term_string"}}],"inLanguage":"pt-BR"},{"@type":"Person","@id":"https:\/\/www.em.com.br\/emfoco\/#\/schema\/person\/60eda09c1fedf0d6891f4cef4b60b8b8","name":"Andre\u0301 Rangel\u00a0","image":{"@type":"ImageObject","inLanguage":"pt-BR","@id":"https:\/\/www.em.com.br\/emfoco\/#\/schema\/person\/image\/","url":"https:\/\/secure.gravatar.com\/avatar\/6234dc814c77c8ef6d8bba622c787efc?s=96&d=mm&r=g","contentUrl":"https:\/\/secure.gravatar.com\/avatar\/6234dc814c77c8ef6d8bba622c787efc?s=96&d=mm&r=g","caption":"Andre\u0301 Rangel\u00a0"},"url":"https:\/\/www.em.com.br\/emfoco\/author\/luizmyth\/"}]}},"_links":{"self":[{"href":"https:\/\/www.em.com.br\/emfoco\/wp-json\/wp\/v2\/posts\/179065","targetHints":{"allow":["GET"]}}],"collection":[{"href":"https:\/\/www.em.com.br\/emfoco\/wp-json\/wp\/v2\/posts"}],"about":[{"href":"https:\/\/www.em.com.br\/emfoco\/wp-json\/wp\/v2\/types\/post"}],"author":[{"embeddable":true,"href":"https:\/\/www.em.com.br\/emfoco\/wp-json\/wp\/v2\/users\/11"}],"replies":[{"embeddable":true,"href":"https:\/\/www.em.com.br\/emfoco\/wp-json\/wp\/v2\/comments?post=179065"}],"version-history":[{"count":4,"href":"https:\/\/www.em.com.br\/emfoco\/wp-json\/wp\/v2\/posts\/179065\/revisions"}],"predecessor-version":[{"id":179088,"href":"https:\/\/www.em.com.br\/emfoco\/wp-json\/wp\/v2\/posts\/179065\/revisions\/179088"}],"wp:featuredmedia":[{"embeddable":true,"href":"https:\/\/www.em.com.br\/emfoco\/wp-json\/wp\/v2\/media\/179082"}],"wp:attachment":[{"href":"https:\/\/www.em.com.br\/emfoco\/wp-json\/wp\/v2\/media?parent=179065"}],"wp:term":[{"taxonomy":"category","embeddable":true,"href":"https:\/\/www.em.com.br\/emfoco\/wp-json\/wp\/v2\/categories?post=179065"},{"taxonomy":"post_tag","embeddable":true,"href":"https:\/\/www.em.com.br\/emfoco\/wp-json\/wp\/v2\/tags?post=179065"}],"curies":[{"name":"wp","href":"https:\/\/api.w.org\/{rel}","templated":true}]}}