{"id":179034,"date":"2026-03-08T15:25:00","date_gmt":"2026-03-08T18:25:00","guid":{"rendered":"https:\/\/www.em.com.br\/emfoco\/?p=179034"},"modified":"2026-03-07T18:08:13","modified_gmt":"2026-03-07T21:08:13","slug":"a-rotina-de-10-minutos-que-fortalece-o-abdomen-e-melhora-sua-psotura-corporal","status":"publish","type":"post","link":"https:\/\/www.em.com.br\/emfoco\/2026\/03\/08\/a-rotina-de-10-minutos-que-fortalece-o-abdomen-e-melhora-sua-psotura-corporal\/","title":{"rendered":"A rotina de 10 minutos que fortalece o abd\u00f4men e melhora sua psotura corporal"},"content":{"rendered":"\n<p>Voc\u00ea j\u00e1 sentiu aquele inc\u00f4modo nas costas depois de um dia inteiro no computador ou no celular? Adotar <strong>exerc\u00edcios para melhorar a postura<\/strong> virou necessidade para quem passa muitas horas sentado, em p\u00e9 ou olhando para telas. A forma como voc\u00ea se posiciona influencia dores nas costas, <strong>respira\u00e7\u00e3o<\/strong>, equil\u00edbrio e at\u00e9 sua disposi\u00e7\u00e3o di\u00e1ria, e com alguns movimentos simples \u00e9 poss\u00edvel alinhar melhor a coluna e reduzir a sobrecarga nas articula\u00e7\u00f5es.<\/p>\n\n\n\n<h2 class=\"wp-block-heading\">Por que vale a pena investir em exerc\u00edcios para melhorar a postura<\/h2>\n\n\n\n<p>A palavra-chave <strong>exerc\u00edcios para melhorar a postura<\/strong> est\u00e1 ligada \u00e0 preven\u00e7\u00e3o de dores e ao cuidado com a sa\u00fade musculoesquel\u00e9tica ao longo da vida. Quando a coluna fica muito tempo em posi\u00e7\u00f5es desfavor\u00e1veis, alguns m\u00fasculos trabalham demais, enquanto outros ficam \u201cpregui\u00e7osos\u201d, gerando tens\u00e3o no <strong>pesco\u00e7o<\/strong>, lombar e ombros.<\/p>\n\n\n\n<p>Uma postura desalinhada tamb\u00e9m muda a forma como voc\u00ea caminha, se senta e at\u00e9 como respira no dia a dia. O tronco muito curvado reduz a expans\u00e3o pulmonar, e a cabe\u00e7a projetada para frente aumenta o peso sobre a regi\u00e3o cervical, algo comum em quem usa muito o <strong>celular<\/strong>. Com exerc\u00edcios posturais regulares, o corpo distribui melhor as cargas e retoma um padr\u00e3o de movimento mais equilibrado.<\/p>\n\n\n\n<figure class=\"wp-block-embed is-type-rich is-provider-pinterest wp-block-embed-pinterest\"><div class=\"wp-block-embed__wrapper\">\n<iframe loading=\"lazy\" title=\"#chepa #postura #espalda\" src=\"https:\/\/assets.pinterest.com\/ext\/embed.html?id=3025924746499348&#038;src=oembed\" height=\"898\" width=\"450\" frameborder=\"0\" scrolling=\"no\" ><\/iframe>\n<\/div><\/figure>\n\n\n\n<p>Leia tamb\u00e9m:&nbsp;<a href=\"https:\/\/www.em.com.br\/emfoco\/2026\/02\/28\/chega-de-pescoco-duro-aprenda-alongamentos-rapidos-para-fazer-na-cadeira-do-trabalho-e-relaxar\/\" target=\"_blank\" rel=\"noopener\">Chega de pesco\u00e7o duro: aprenda alongamentos r\u00e1pidos para fazer na cadeira do trabalho e relaxar<\/a><\/p>\n\n\n\n<h2 class=\"wp-block-heading\">Como o trabalho e a rotina influenciam sua postura<\/h2>\n\n\n\n<p>Em ambientes de trabalho, o cuidado com a postura \u00e9 ainda mais importante, especialmente para quem passa horas em frente ao computador ou dirigindo. Pausas para alongamento, fortalecimento da regi\u00e3o do <strong>core<\/strong> e ajustes simples na esta\u00e7\u00e3o de trabalho fazem diferen\u00e7a na redu\u00e7\u00e3o de dores e cansa\u00e7o.<\/p>\n\n\n\n<p>Essas medidas, associadas \u00e0 orienta\u00e7\u00e3o de fisioterapeutas ou educadores f\u00edsicos, ajudam a diminuir o risco de les\u00f5es por esfor\u00e7o repetitivo. Mesmo pequenas mudan\u00e7as, como levantar a cada hora ou ajustar a altura da tela, j\u00e1 aliviam a tens\u00e3o acumulada e deixam o corpo mais <strong>leve<\/strong> ao final do dia.<\/p>\n\n\n\n<figure class=\"wp-block-embed is-type-rich is-provider-pinterest wp-block-embed-pinterest\"><div class=\"wp-block-embed__wrapper\">\n<iframe loading=\"lazy\" title=\"Ju furlan\" src=\"https:\/\/assets.pinterest.com\/ext\/embed.html?id=8022105582652356&#038;src=oembed\" height=\"899\" width=\"450\" frameborder=\"0\" scrolling=\"no\" ><\/iframe>\n<\/div><\/figure>\n\n\n\n<h2 class=\"wp-block-heading\">Quais s\u00e3o os melhores exerc\u00edcios para alinhar a postura no dia a dia<\/h2>\n\n\n\n<p>Os <strong>melhores exerc\u00edcios para alinhar a postura<\/strong> s\u00e3o simples, podem ser feitos em casa e n\u00e3o exigem equipamentos sofisticados. O foco \u00e9 fortalecer abd\u00f4men, costas e gl\u00fateos, al\u00e9m de alongar a parte da frente do corpo, que costuma ficar encurtada pelo excesso de tempo sentado ou olhando o <strong>celular<\/strong>.<\/p>\n\n\n\n<ul class=\"wp-block-list\">\n<li><strong>Prancha frontal:<\/strong> fortalece o core (abd\u00f4men, lombar e quadris), mantendo o corpo alinhado por 20 a 30 segundos.<\/li>\n\n\n\n<li><strong>Ponte de gl\u00fateos:<\/strong> deitado de barriga para cima, elevar o quadril contraindo gl\u00fateos e abd\u00f4men para estabilizar a lombar.<\/li>\n\n\n\n<li><strong>Remada com el\u00e1stico ou peso leve:<\/strong> ativa a musculatura das costas e ajuda a evitar ombros ca\u00eddos para frente.<\/li>\n\n\n\n<li><strong>Alongamento de peitoral na parede:<\/strong> com antebra\u00e7o apoiado, girar levemente o tronco para abrir o peito e aliviar a curvatura dos ombros.<\/li>\n<\/ul>\n\n\n\n<figure class=\"wp-block-embed is-type-rich is-provider-pinterest wp-block-embed-pinterest\"><div class=\"wp-block-embed__wrapper\">\n<iframe loading=\"lazy\" title=\"Exerc\u00edcios para POSTURA\" src=\"https:\/\/assets.pinterest.com\/ext\/embed.html?id=4362930883283557&#038;src=oembed\" height=\"899\" width=\"450\" frameborder=\"0\" scrolling=\"no\" ><\/iframe>\n<\/div><\/figure>\n\n\n\n<h2 class=\"wp-block-heading\">Como montar uma rotina simples de exerc\u00edcios para melhorar a postura<\/h2>\n\n\n\n<p>Para que os <strong>exerc\u00edcios para melhorar a postura<\/strong> funcionem, a regularidade \u00e9 mais importante do que fazer algo muito dif\u00edcil. Uma rotina curta, de 10 a 20 minutos, pode alternar fortalecimento, alongamento e momentos de consci\u00eancia corporal, respeitando seu n\u00edvel de <strong>condicionamento<\/strong>.<\/p>\n\n\n\n<p>Um exemplo \u00e9 come\u00e7ar com um aquecimento leve, incluir prancha e ponte de gl\u00fateos, depois exerc\u00edcios para costas, como remada ou \u201csuperman\u201d, e finalizar com alongamentos para peito, pesco\u00e7o e pernas. Fazer isso de tr\u00eas a cinco vezes por semana, com orienta\u00e7\u00e3o profissional em caso de dor ou les\u00f5es, ajuda a criar um h\u00e1bito saud\u00e1vel e sustent\u00e1vel para o <strong>corpo<\/strong>.<\/p>\n\n\n\n<p>Para voc\u00ea que gosta de aprofundar, separamos um v\u00eddeo do canal da <a href=\"https:\/\/www.youtube.com\/@carolborba\" target=\"_blank\" rel=\"noreferrer noopener\">Carol Borba<\/a> com dicas de exerc\u00edcios para melhorar sua postura:<\/p>\n\n\n\n<figure class=\"wp-block-embed is-type-video is-provider-youtube wp-block-embed-youtube wp-embed-aspect-16-9 wp-has-aspect-ratio\"><div class=\"wp-block-embed__wrapper\">\n<div class=\"jeg_video_container jeg_video_content\"><iframe loading=\"lazy\" title=\"Exerc\u00edcio f\u00e1cil para corrigir a postura em 5 minutos - Carol Borba \u2705\" width=\"500\" height=\"281\" src=\"https:\/\/www.youtube.com\/embed\/NFDpQ0S2gLU?start=6&#038;feature=oembed\" frameborder=\"0\" allow=\"accelerometer; autoplay; clipboard-write; encrypted-media; gyroscope; picture-in-picture; web-share\" referrerpolicy=\"strict-origin-when-cross-origin\" allowfullscreen><\/iframe><\/div>\n<\/div><\/figure>\n\n\n\n<h2 class=\"wp-block-heading\">Quais cuidados do dia a dia ajudam a manter uma boa postura<\/h2>\n\n\n\n<p>Os <strong>exerc\u00edcios para melhorar a postura<\/strong> funcionam ainda melhor quando voc\u00ea ajusta pequenas atitudes do dia a dia. A forma de sentar, a altura da cadeira, o tempo de uso do celular e at\u00e9 o tipo de cal\u00e7ado influenciam diretamente no alinhamento corporal e na sensa\u00e7\u00e3o de <strong>bem-estar<\/strong>.<\/p>\n\n\n\n<ul class=\"wp-block-list\">\n<li>Alternar per\u00edodos sentado e em p\u00e9, evitando ficar muitas horas na mesma posi\u00e7\u00e3o durante o dia.<\/li>\n\n\n\n<li>Apoiar os p\u00e9s totalmente no ch\u00e3o, com joelhos pr\u00f3ximos a 90 graus ao se sentar por muito tempo.<\/li>\n\n\n\n<li>Posicionar a tela do computador na altura dos olhos para reduzir a inclina\u00e7\u00e3o constante do pesco\u00e7o.<\/li>\n\n\n\n<li>Distribuir o peso em mochilas de duas al\u00e7as, evitando bolsas muito pesadas em um s\u00f3 ombro.<\/li>\n\n\n\n<li>Fazer pausas r\u00e1pidas para alongar a cada 60 a 90 minutos de estudo ou trabalho intenso.<\/li>\n<\/ul>\n\n\n\n<p>Em crian\u00e7as e adolescentes, \u00e9 importante observar o uso prolongado de telas e o peso das mochilas escolares. Em adultos mais velhos, o foco inclui equil\u00edbrio e preven\u00e7\u00e3o de quedas, com exerc\u00edcios para pernas e tronco, sempre aliados a <strong>h\u00e1bitos<\/strong> saud\u00e1veis e \u00e0 orienta\u00e7\u00e3o especializada para manter uma postura funcional ao longo dos anos.<\/p>\n","protected":false},"excerpt":{"rendered":"<p>Voc\u00ea j\u00e1 sentiu aquele inc\u00f4modo nas costas depois de um dia inteiro no computador ou no celular? Adotar exerc\u00edcios para melhorar a postura virou necessidade para quem passa muitas horas sentado, em p\u00e9 ou olhando para telas. A forma como voc\u00ea se posiciona influencia dores nas costas, respira\u00e7\u00e3o, equil\u00edbrio e at\u00e9 sua disposi\u00e7\u00e3o di\u00e1ria, e [&hellip;]<\/p>\n","protected":false},"author":9,"featured_media":106766,"comment_status":"open","ping_status":"open","sticky":false,"template":"","format":"standard","meta":{"jnews-multi-image_gallery":[],"jnews_single_post":{"format":"standard"},"jnews_primary_category":[],"jnews_social_meta":[],"jnews_override_counter":[],"footnotes":""},"categories":[8691,1],"tags":[11064,9560,4131],"class_list":["post-179034","post","type-post","status-publish","format-standard","has-post-thumbnail","hentry","category-bem-estar","category-noticias","tag-alongamento","tag-dor-nas-costas","tag-exercicios"],"yoast_head":"<!-- This site is optimized with the Yoast SEO plugin v23.8 - https:\/\/yoast.com\/wordpress\/plugins\/seo\/ -->\n<title>A rotina de 10 minutos que fortalece o abd\u00f4men e melhora sua psotura corporal - Estado de Minas - Em foco<\/title>\n<meta name=\"description\" content=\"Melhore sua postura e reduza dores nas costas com exerc\u00edcios simples de fortalecimento e alongamento\" \/>\n<meta name=\"robots\" content=\"index, follow, max-snippet:-1, max-image-preview:large, max-video-preview:-1\" \/>\n<link rel=\"canonical\" href=\"https:\/\/www.em.com.br\/emfoco\/2026\/03\/08\/a-rotina-de-10-minutos-que-fortalece-o-abdomen-e-melhora-sua-psotura-corporal\/\" \/>\n<meta property=\"og:locale\" content=\"pt_BR\" \/>\n<meta property=\"og:type\" content=\"article\" \/>\n<meta property=\"og:title\" content=\"A rotina de 10 minutos que fortalece o abd\u00f4men e melhora sua psotura corporal - Estado de Minas - Em foco\" \/>\n<meta property=\"og:description\" content=\"Melhore sua postura e reduza dores nas costas com exerc\u00edcios simples de fortalecimento e alongamento\" \/>\n<meta property=\"og:url\" content=\"https:\/\/www.em.com.br\/emfoco\/2026\/03\/08\/a-rotina-de-10-minutos-que-fortalece-o-abdomen-e-melhora-sua-psotura-corporal\/\" \/>\n<meta property=\"og:site_name\" content=\"Estado de Minas - Em foco\" \/>\n<meta property=\"article:published_time\" content=\"2026-03-08T18:25:00+00:00\" \/>\n<meta property=\"article:modified_time\" content=\"2026-03-07T21:08:13+00:00\" \/>\n<meta property=\"og:image\" content=\"https:\/\/www.em.com.br\/emfoco\/wp-content\/uploads\/2025\/09\/postura-_1758541823312.jpg\" \/>\n\t<meta property=\"og:image:width\" content=\"1280\" \/>\n\t<meta property=\"og:image:height\" content=\"720\" \/>\n\t<meta property=\"og:image:type\" content=\"image\/jpeg\" \/>\n<meta name=\"author\" content=\"Daniely Cardoso\" \/>\n<meta name=\"twitter:card\" content=\"summary_large_image\" \/>\n<meta name=\"twitter:label1\" content=\"Escrito por\" \/>\n\t<meta name=\"twitter:data1\" content=\"Daniely Cardoso\" \/>\n\t<meta name=\"twitter:label2\" content=\"Est. tempo de leitura\" \/>\n\t<meta name=\"twitter:data2\" content=\"5 minutos\" \/>\n<!-- \/ Yoast SEO plugin. -->","yoast_head_json":{"title":"A rotina de 10 minutos que fortalece o abd\u00f4men e melhora sua psotura corporal - Estado de Minas - Em foco","description":"Melhore sua postura e reduza dores nas costas com exerc\u00edcios simples de fortalecimento e alongamento","robots":{"index":"index","follow":"follow","max-snippet":"max-snippet:-1","max-image-preview":"max-image-preview:large","max-video-preview":"max-video-preview:-1"},"canonical":"https:\/\/www.em.com.br\/emfoco\/2026\/03\/08\/a-rotina-de-10-minutos-que-fortalece-o-abdomen-e-melhora-sua-psotura-corporal\/","og_locale":"pt_BR","og_type":"article","og_title":"A rotina de 10 minutos que fortalece o abd\u00f4men e melhora sua psotura corporal - Estado de Minas - Em foco","og_description":"Melhore sua postura e reduza dores nas costas com exerc\u00edcios simples de fortalecimento e alongamento","og_url":"https:\/\/www.em.com.br\/emfoco\/2026\/03\/08\/a-rotina-de-10-minutos-que-fortalece-o-abdomen-e-melhora-sua-psotura-corporal\/","og_site_name":"Estado de Minas - Em foco","article_published_time":"2026-03-08T18:25:00+00:00","article_modified_time":"2026-03-07T21:08:13+00:00","og_image":[{"width":1280,"height":720,"url":"https:\/\/www.em.com.br\/emfoco\/wp-content\/uploads\/2025\/09\/postura-_1758541823312.jpg","type":"image\/jpeg"}],"author":"Daniely Cardoso","twitter_card":"summary_large_image","twitter_misc":{"Escrito por":"Daniely Cardoso","Est. tempo de leitura":"5 minutos"},"schema":{"@context":"https:\/\/schema.org","@graph":[{"@type":"WebPage","@id":"https:\/\/www.em.com.br\/emfoco\/2026\/03\/08\/a-rotina-de-10-minutos-que-fortalece-o-abdomen-e-melhora-sua-psotura-corporal\/","url":"https:\/\/www.em.com.br\/emfoco\/2026\/03\/08\/a-rotina-de-10-minutos-que-fortalece-o-abdomen-e-melhora-sua-psotura-corporal\/","name":"A rotina de 10 minutos que fortalece o abd\u00f4men e melhora sua psotura corporal - Estado de Minas - Em foco","isPartOf":{"@id":"https:\/\/www.em.com.br\/emfoco\/#website"},"primaryImageOfPage":{"@id":"https:\/\/www.em.com.br\/emfoco\/2026\/03\/08\/a-rotina-de-10-minutos-que-fortalece-o-abdomen-e-melhora-sua-psotura-corporal\/#primaryimage"},"image":{"@id":"https:\/\/www.em.com.br\/emfoco\/2026\/03\/08\/a-rotina-de-10-minutos-que-fortalece-o-abdomen-e-melhora-sua-psotura-corporal\/#primaryimage"},"thumbnailUrl":"https:\/\/www.em.com.br\/emfoco\/wp-content\/uploads\/2025\/09\/postura-_1758541823312.jpg","datePublished":"2026-03-08T18:25:00+00:00","dateModified":"2026-03-07T21:08:13+00:00","author":{"@id":"https:\/\/www.em.com.br\/emfoco\/#\/schema\/person\/0a8186d72f2c3a5c6276d90b41f271a0"},"description":"Melhore sua postura e reduza dores nas costas com exerc\u00edcios simples de fortalecimento e alongamento","breadcrumb":{"@id":"https:\/\/www.em.com.br\/emfoco\/2026\/03\/08\/a-rotina-de-10-minutos-que-fortalece-o-abdomen-e-melhora-sua-psotura-corporal\/#breadcrumb"},"inLanguage":"pt-BR","potentialAction":[{"@type":"ReadAction","target":["https:\/\/www.em.com.br\/emfoco\/2026\/03\/08\/a-rotina-de-10-minutos-que-fortalece-o-abdomen-e-melhora-sua-psotura-corporal\/"]}]},{"@type":"ImageObject","inLanguage":"pt-BR","@id":"https:\/\/www.em.com.br\/emfoco\/2026\/03\/08\/a-rotina-de-10-minutos-que-fortalece-o-abdomen-e-melhora-sua-psotura-corporal\/#primaryimage","url":"https:\/\/www.em.com.br\/emfoco\/wp-content\/uploads\/2025\/09\/postura-_1758541823312.jpg","contentUrl":"https:\/\/www.em.com.br\/emfoco\/wp-content\/uploads\/2025\/09\/postura-_1758541823312.jpg","width":1280,"height":720,"caption":"pequenas mudan\u00e7as no cotidiano podem gerar grandes resultados - Cr\u00e9ditos: depositphotos.com \/ VitalikRadko"},{"@type":"BreadcrumbList","@id":"https:\/\/www.em.com.br\/emfoco\/2026\/03\/08\/a-rotina-de-10-minutos-que-fortalece-o-abdomen-e-melhora-sua-psotura-corporal\/#breadcrumb","itemListElement":[{"@type":"ListItem","position":1,"name":"In\u00edcio","item":"https:\/\/www.em.com.br\/emfoco\/"},{"@type":"ListItem","position":2,"name":"A rotina de 10 minutos que fortalece o abd\u00f4men e melhora sua psotura corporal"}]},{"@type":"WebSite","@id":"https:\/\/www.em.com.br\/emfoco\/#website","url":"https:\/\/www.em.com.br\/emfoco\/","name":"Estado de Minas - Em foco","description":"Acompanhe as \u00faltimas not\u00edcias e fique bem informado sobre tudo o que acontece em Minas Gerais, Brasil e no mundo.","potentialAction":[{"@type":"SearchAction","target":{"@type":"EntryPoint","urlTemplate":"https:\/\/www.em.com.br\/emfoco\/?s={search_term_string}"},"query-input":{"@type":"PropertyValueSpecification","valueRequired":true,"valueName":"search_term_string"}}],"inLanguage":"pt-BR"},{"@type":"Person","@id":"https:\/\/www.em.com.br\/emfoco\/#\/schema\/person\/0a8186d72f2c3a5c6276d90b41f271a0","name":"Daniely Cardoso","image":{"@type":"ImageObject","inLanguage":"pt-BR","@id":"https:\/\/www.em.com.br\/emfoco\/#\/schema\/person\/image\/","url":"https:\/\/secure.gravatar.com\/avatar\/4b80ddbd124d1f071b626d52d62e5dff?s=96&d=mm&r=g","contentUrl":"https:\/\/secure.gravatar.com\/avatar\/4b80ddbd124d1f071b626d52d62e5dff?s=96&d=mm&r=g","caption":"Daniely Cardoso"},"url":"https:\/\/www.em.com.br\/emfoco\/author\/danielymyth\/"}]}},"_links":{"self":[{"href":"https:\/\/www.em.com.br\/emfoco\/wp-json\/wp\/v2\/posts\/179034","targetHints":{"allow":["GET"]}}],"collection":[{"href":"https:\/\/www.em.com.br\/emfoco\/wp-json\/wp\/v2\/posts"}],"about":[{"href":"https:\/\/www.em.com.br\/emfoco\/wp-json\/wp\/v2\/types\/post"}],"author":[{"embeddable":true,"href":"https:\/\/www.em.com.br\/emfoco\/wp-json\/wp\/v2\/users\/9"}],"replies":[{"embeddable":true,"href":"https:\/\/www.em.com.br\/emfoco\/wp-json\/wp\/v2\/comments?post=179034"}],"version-history":[{"count":1,"href":"https:\/\/www.em.com.br\/emfoco\/wp-json\/wp\/v2\/posts\/179034\/revisions"}],"predecessor-version":[{"id":179043,"href":"https:\/\/www.em.com.br\/emfoco\/wp-json\/wp\/v2\/posts\/179034\/revisions\/179043"}],"wp:featuredmedia":[{"embeddable":true,"href":"https:\/\/www.em.com.br\/emfoco\/wp-json\/wp\/v2\/media\/106766"}],"wp:attachment":[{"href":"https:\/\/www.em.com.br\/emfoco\/wp-json\/wp\/v2\/media?parent=179034"}],"wp:term":[{"taxonomy":"category","embeddable":true,"href":"https:\/\/www.em.com.br\/emfoco\/wp-json\/wp\/v2\/categories?post=179034"},{"taxonomy":"post_tag","embeddable":true,"href":"https:\/\/www.em.com.br\/emfoco\/wp-json\/wp\/v2\/tags?post=179034"}],"curies":[{"name":"wp","href":"https:\/\/api.w.org\/{rel}","templated":true}]}}