{"id":179023,"date":"2026-03-08T13:05:31","date_gmt":"2026-03-08T16:05:31","guid":{"rendered":"https:\/\/www.em.com.br\/emfoco\/?p=179023"},"modified":"2026-03-07T18:03:55","modified_gmt":"2026-03-07T21:03:55","slug":"nem-ventilador-nem-ar-condicionado-entenda-como-o-purificador-limpa-o-ambiente-de-verdade","status":"publish","type":"post","link":"https:\/\/www.em.com.br\/emfoco\/2026\/03\/08\/nem-ventilador-nem-ar-condicionado-entenda-como-o-purificador-limpa-o-ambiente-de-verdade\/","title":{"rendered":"Nem ventilador, nem ar-condicionado, entenda como o purificador limpa o ambiente de verdade"},"content":{"rendered":"\n<p>Voc\u00ea j\u00e1 entrou em um ambiente e sentiu o ar \u201cpesado\u201d, com cheiro de poeira ou mofo, e uma leve irrita\u00e7\u00e3o no nariz ou na garganta? Em grandes cidades, esse desconforto virou rotina para muita gente, e \u00e9 nesse contexto que os <strong>purificadores de ar<\/strong> com sensores inteligentes ganham espa\u00e7o em casas, escrit\u00f3rios e com\u00e9rcios, ajudando a deixar o ar mais <strong>limpo<\/strong> e agrad\u00e1vel no dia a dia.<\/p>\n\n\n\n<h2 class=\"wp-block-heading\">O que \u00e9 um purificador de ar e como ele melhora o ambiente interno<\/h2>\n\n\n\n<p>O <strong>purificador de ar<\/strong> \u00e9 um aparelho criado para ajudar a deixar o ar de ambientes fechados mais <strong>saud\u00e1vel<\/strong>, reduzindo poeira, p\u00f3len, pelos de animais, fuma\u00e7a e at\u00e9 odores inc\u00f4modos. Ele costuma usar filtros como HEPA, carv\u00e3o ativado e pr\u00e9-filtros, que funcionam como uma esp\u00e9cie de peneira, retendo as part\u00edculas que podem piorar alergias e causar desconforto respirat\u00f3rio.<\/p>\n\n\n\n<p>Na pr\u00e1tica, o aparelho puxa o ar do c\u00f4modo, faz esse ar passar por diferentes est\u00e1gios de <strong>filtragem<\/strong> e devolve o fluxo mais limpo para o ambiente, de forma cont\u00ednua. Por isso, \u00e9 importante escolher um modelo com capacidade compat\u00edvel com a <strong>metragem<\/strong> do local, garantindo que todo o volume de ar seja renovado v\u00e1rias vezes por hora para um resultado realmente percept\u00edvel no dia a dia.<\/p>\n\n\n\n<figure class=\"wp-block-embed is-type-rich is-provider-pinterest wp-block-embed-pinterest\"><div class=\"wp-block-embed__wrapper\">\n<iframe loading=\"lazy\" title=\" \" src=\"https:\/\/assets.pinterest.com\/ext\/embed.html?id=264445809364614249&#038;src=oembed\" height=\"899\" width=\"450\" frameborder=\"0\" scrolling=\"no\" ><\/iframe>\n<\/div><\/figure>\n\n\n\n<p>Leia tamb\u00e9m:&nbsp;<a href=\"https:\/\/www.em.com.br\/emfoco\/2026\/02\/01\/adeus-ao-ar-condicionado-governo-impede-a-instalacao-na-fachada-dos-apartamentos\/\" target=\"_blank\" rel=\"noopener\">Adeus ao ar condicionado: Governo impede a instala\u00e7\u00e3o na fachada dos apartamentos<\/a><\/p>\n\n\n\n<h2 class=\"wp-block-heading\">Como funcionam os sensores de qualidade do ar nos purificadores modernos<\/h2>\n\n\n\n<p>Os purificadores de ar com <strong>sensores inteligentes<\/strong> d\u00e3o um passo al\u00e9m dos modelos b\u00e1sicos, porque conseguem \u201cler\u201d o que est\u00e1 acontecendo no ambiente quase em tempo real. Eles monitoram part\u00edculas finas como <strong>PM2.5<\/strong> e PM10, al\u00e9m de alguns gases e odores, identificando se o ar est\u00e1 limpo, moderadamente polu\u00eddo ou com concentra\u00e7\u00e3o mais alta de poluentes.<\/p>\n\n\n\n<p>Quando o sensor percebe que a qualidade do ar piorou, o sistema eletr\u00f4nico aumenta automaticamente a <strong>velocidade<\/strong> do ventilador ou prolonga o tempo de funcionamento. Em momentos de ar mais limpo, o aparelho reduz a rota\u00e7\u00e3o ou entra em modo mais silencioso, muitas vezes indicando a situa\u00e7\u00e3o por meio de <strong>cores<\/strong> ou n\u00fameros em um painel, facilitando o acompanhamento por qualquer pessoa da casa.<\/p>\n\n\n\n<figure class=\"wp-block-embed is-type-rich is-provider-pinterest wp-block-embed-pinterest\"><div class=\"wp-block-embed__wrapper\">\n<iframe loading=\"lazy\" title=\"Say goodbye to dust, allergens, and funky air \ud83d\udc4b The Levoit Core 300 is sleek, powerful, and whisper-quiet\u2014perfect for bedrooms, offices, and modern living spaces.\u2728 Clean air in minutes\ud83c\udf3f True HEPA filtration\ud83c\udfe1 Stylish design that fits any aestheticOne glance and you\u2019ll want this in every room. Tap to shop &amp; breathe the difference!\" src=\"https:\/\/assets.pinterest.com\/ext\/embed.html?id=191262315425352040&#038;src=oembed\" height=\"775\" width=\"450\" frameborder=\"0\" scrolling=\"no\" ><\/iframe>\n<\/div><\/figure>\n\n\n\n<h2 class=\"wp-block-heading\">Para quais ambientes um purificador de ar com sensor realmente vale a pena<\/h2>\n\n\n\n<p>Ambientes com muita movimenta\u00e7\u00e3o, janelas voltadas para avenidas, regi\u00f5es industriais ou \u00e1reas com <strong>muita poeira<\/strong> tendem a se beneficiar bastante de um purificador com sensor. Como a qualidade do ar pode mudar v\u00e1rias vezes ao longo do dia, ter um aparelho que se ajusta <strong>sozinho<\/strong> ajuda a manter tudo mais est\u00e1vel sem precisar lembrar de aumentar ou diminuir a pot\u00eancia.<\/p>\n\n\n\n<p>Em casa, esses equipamentos s\u00e3o muito \u00fateis em quartos de crian\u00e7as, de pessoas com <strong>alergias<\/strong>, em salas com pets e em home offices, onde passamos horas respirando o mesmo ar. J\u00e1 em empresas, costumam ser instalados em salas de reuni\u00e3o, recep\u00e7\u00f5es e \u00e1reas de descanso, adaptando o desempenho conforme a <strong>ocupa\u00e7\u00e3o<\/strong> do espa\u00e7o e deixando o ar mais confort\u00e1vel para quem circula por ali.<\/p>\n\n\n\n<p>Para voc\u00ea que gosta de tecnologia, separamos um v\u00eddeo do canal <a href=\"https:\/\/www.youtube.com\/@comprare\" target=\"_blank\" rel=\"noreferrer noopener\">Comprare <\/a>com dicas para encontrar os melhores purificadores de ar:<\/p>\n\n\n\n<figure class=\"wp-block-embed is-type-video is-provider-youtube wp-block-embed-youtube wp-embed-aspect-16-9 wp-has-aspect-ratio\"><div class=\"wp-block-embed__wrapper\">\n<div class=\"jeg_video_container jeg_video_content\"><iframe loading=\"lazy\" title=\"PROTEJA SUA SA\u00daDE: Os MELHORES Purificadores e Esterilizadores de Ar em 2024! \ud83c\udf43\" width=\"500\" height=\"281\" src=\"https:\/\/www.youtube.com\/embed\/NbgbYVSVEoY?feature=oembed\" frameborder=\"0\" allow=\"accelerometer; autoplay; clipboard-write; encrypted-media; gyroscope; picture-in-picture; web-share\" referrerpolicy=\"strict-origin-when-cross-origin\" allowfullscreen><\/iframe><\/div>\n<\/div><\/figure>\n\n\n\n<h2 class=\"wp-block-heading\">Como decidir se voc\u00ea precisa de um purificador com sensor de qualidade do ar<\/h2>\n\n\n\n<p>Antes de investir em um purificador com sensor, vale observar a rotina do ambiente, o n\u00edvel de <strong>polui\u00e7\u00e3o<\/strong> da regi\u00e3o e a sensibilidade das pessoas que usam o espa\u00e7o. Para facilitar essa an\u00e1lise, alguns pontos ajudam a enxergar se o equipamento far\u00e1 diferen\u00e7a real no dia a dia e onde ele ser\u00e1 mais bem aproveitado dentro da casa ou do escrit\u00f3rio.<\/p>\n\n\n\n<ul class=\"wp-block-list\">\n<li><strong>Mapear<\/strong> os c\u00f4modos com maior concentra\u00e7\u00e3o de poeira, odores ou fuma\u00e7a.<\/li>\n\n\n\n<li>Verificar a <strong>metragem<\/strong> para escolher a capacidade adequada do aparelho.<\/li>\n\n\n\n<li>Observar se h\u00e1 pessoas com <strong>doen\u00e7as<\/strong> respirat\u00f3rias ou alergias frequentes.<\/li>\n\n\n\n<li>Analisar o n\u00edvel de <strong>polui\u00e7\u00e3o<\/strong> externa e proximidade de grandes vias.<\/li>\n\n\n\n<li>Considerar o tempo m\u00e9dio de <strong>perman\u00eancia<\/strong> di\u00e1ria no ambiente fechado.<\/li>\n<\/ul>\n\n\n\n<h2 class=\"wp-block-heading\">Quais s\u00e3o os principais benef\u00edcios dos sensores para o ar e para o consumo<\/h2>\n\n\n\n<p>Um grande benef\u00edcio dos purificadores com <strong>sensores<\/strong> \u00e9 manter a qualidade do ar mais est\u00e1vel ao longo do dia, reagindo r\u00e1pido a situa\u00e7\u00f5es como abertura de janelas em dias polu\u00eddos, frituras na cozinha ou limpeza que levanta <strong>poeira<\/strong>. Assim, o aparelho aumenta a filtragem justamente quando o ar piora, oferecendo mais conforto respirat\u00f3rio, especialmente para quem \u00e9 mais sens\u00edvel.<\/p>\n\n\n\n<p>Outro ponto positivo \u00e9 o uso mais inteligente de <strong>energia<\/strong>: em vez de ficar sempre no m\u00e1ximo, o purificador s\u00f3 trabalha forte quando realmente precisa, reduzindo o gasto na conta de luz. Esse funcionamento equilibrado tamb\u00e9m ajuda a prolongar a vida \u00fatil dos <strong>filtros<\/strong> e de outros componentes internos, j\u00e1 que o aparelho n\u00e3o \u00e9 for\u00e7ado o tempo todo em alta pot\u00eancia.<\/p>\n","protected":false},"excerpt":{"rendered":"<p>Voc\u00ea j\u00e1 entrou em um ambiente e sentiu o ar \u201cpesado\u201d, com cheiro de poeira ou mofo, e uma leve irrita\u00e7\u00e3o no nariz ou na garganta? Em grandes cidades, esse desconforto virou rotina para muita gente, e \u00e9 nesse contexto que os purificadores de ar com sensores inteligentes ganham espa\u00e7o em casas, escrit\u00f3rios e com\u00e9rcios, [&hellip;]<\/p>\n","protected":false},"author":9,"featured_media":179029,"comment_status":"open","ping_status":"open","sticky":false,"template":"","format":"standard","meta":{"jnews-multi-image_gallery":[],"jnews_single_post":{"format":"standard"},"jnews_primary_category":[],"jnews_social_meta":[],"jnews_override_counter":[],"footnotes":""},"categories":[8819,1,4204],"tags":[2911,5660,10803],"class_list":["post-179023","post","type-post","status-publish","format-standard","has-post-thumbnail","hentry","category-curiosidades","category-noticias","category-tecnologia","tag-casa","tag-eletronico","tag-purificador-de-ar"],"yoast_head":"<!-- This site is optimized with the Yoast SEO plugin v23.8 - https:\/\/yoast.com\/wordpress\/plugins\/seo\/ -->\n<title>Nem ventilador, nem ar-condicionado, entenda como o purificador limpa o ambiente de verdade - Estado de Minas - Em foco<\/title>\n<meta name=\"description\" content=\"Entenda como os purificadores com sensores inteligentes detectam poluentes e limpam o ar de forma autom\u00e1tica\" \/>\n<meta name=\"robots\" content=\"index, follow, max-snippet:-1, max-image-preview:large, max-video-preview:-1\" \/>\n<link rel=\"canonical\" href=\"https:\/\/www.em.com.br\/emfoco\/2026\/03\/08\/nem-ventilador-nem-ar-condicionado-entenda-como-o-purificador-limpa-o-ambiente-de-verdade\/\" \/>\n<meta property=\"og:locale\" content=\"pt_BR\" \/>\n<meta property=\"og:type\" content=\"article\" \/>\n<meta property=\"og:title\" content=\"Nem ventilador, nem ar-condicionado, entenda como o purificador limpa o ambiente de verdade - Estado de Minas - Em foco\" \/>\n<meta property=\"og:description\" content=\"Entenda como os purificadores com sensores inteligentes detectam poluentes e limpam o ar de forma autom\u00e1tica\" \/>\n<meta property=\"og:url\" content=\"https:\/\/www.em.com.br\/emfoco\/2026\/03\/08\/nem-ventilador-nem-ar-condicionado-entenda-como-o-purificador-limpa-o-ambiente-de-verdade\/\" \/>\n<meta property=\"og:site_name\" content=\"Estado de Minas - Em foco\" \/>\n<meta property=\"article:published_time\" content=\"2026-03-08T16:05:31+00:00\" \/>\n<meta property=\"article:modified_time\" content=\"2026-03-07T21:03:55+00:00\" \/>\n<meta property=\"og:image\" content=\"https:\/\/www.em.com.br\/emfoco\/wp-content\/uploads\/2026\/03\/purificador-de-ar_1772917284747.jpg\" \/>\n\t<meta property=\"og:image:width\" content=\"1280\" \/>\n\t<meta property=\"og:image:height\" content=\"720\" \/>\n\t<meta property=\"og:image:type\" content=\"image\/jpeg\" \/>\n<meta name=\"author\" content=\"Daniely Cardoso\" \/>\n<meta name=\"twitter:card\" content=\"summary_large_image\" \/>\n<meta name=\"twitter:label1\" content=\"Escrito por\" \/>\n\t<meta name=\"twitter:data1\" content=\"Daniely Cardoso\" \/>\n\t<meta name=\"twitter:label2\" content=\"Est. tempo de leitura\" \/>\n\t<meta name=\"twitter:data2\" content=\"5 minutos\" \/>\n<!-- \/ Yoast SEO plugin. -->","yoast_head_json":{"title":"Nem ventilador, nem ar-condicionado, entenda como o purificador limpa o ambiente de verdade - Estado de Minas - Em foco","description":"Entenda como os purificadores com sensores inteligentes detectam poluentes e limpam o ar de forma autom\u00e1tica","robots":{"index":"index","follow":"follow","max-snippet":"max-snippet:-1","max-image-preview":"max-image-preview:large","max-video-preview":"max-video-preview:-1"},"canonical":"https:\/\/www.em.com.br\/emfoco\/2026\/03\/08\/nem-ventilador-nem-ar-condicionado-entenda-como-o-purificador-limpa-o-ambiente-de-verdade\/","og_locale":"pt_BR","og_type":"article","og_title":"Nem ventilador, nem ar-condicionado, entenda como o purificador limpa o ambiente de verdade - Estado de Minas - Em foco","og_description":"Entenda como os purificadores com sensores inteligentes detectam poluentes e limpam o ar de forma autom\u00e1tica","og_url":"https:\/\/www.em.com.br\/emfoco\/2026\/03\/08\/nem-ventilador-nem-ar-condicionado-entenda-como-o-purificador-limpa-o-ambiente-de-verdade\/","og_site_name":"Estado de Minas - Em foco","article_published_time":"2026-03-08T16:05:31+00:00","article_modified_time":"2026-03-07T21:03:55+00:00","og_image":[{"width":1280,"height":720,"url":"https:\/\/www.em.com.br\/emfoco\/wp-content\/uploads\/2026\/03\/purificador-de-ar_1772917284747.jpg","type":"image\/jpeg"}],"author":"Daniely Cardoso","twitter_card":"summary_large_image","twitter_misc":{"Escrito por":"Daniely Cardoso","Est. tempo de leitura":"5 minutos"},"schema":{"@context":"https:\/\/schema.org","@graph":[{"@type":"WebPage","@id":"https:\/\/www.em.com.br\/emfoco\/2026\/03\/08\/nem-ventilador-nem-ar-condicionado-entenda-como-o-purificador-limpa-o-ambiente-de-verdade\/","url":"https:\/\/www.em.com.br\/emfoco\/2026\/03\/08\/nem-ventilador-nem-ar-condicionado-entenda-como-o-purificador-limpa-o-ambiente-de-verdade\/","name":"Nem ventilador, nem ar-condicionado, entenda como o purificador limpa o ambiente de verdade - Estado de Minas - Em foco","isPartOf":{"@id":"https:\/\/www.em.com.br\/emfoco\/#website"},"primaryImageOfPage":{"@id":"https:\/\/www.em.com.br\/emfoco\/2026\/03\/08\/nem-ventilador-nem-ar-condicionado-entenda-como-o-purificador-limpa-o-ambiente-de-verdade\/#primaryimage"},"image":{"@id":"https:\/\/www.em.com.br\/emfoco\/2026\/03\/08\/nem-ventilador-nem-ar-condicionado-entenda-como-o-purificador-limpa-o-ambiente-de-verdade\/#primaryimage"},"thumbnailUrl":"https:\/\/www.em.com.br\/emfoco\/wp-content\/uploads\/2026\/03\/purificador-de-ar_1772917284747.jpg","datePublished":"2026-03-08T16:05:31+00:00","dateModified":"2026-03-07T21:03:55+00:00","author":{"@id":"https:\/\/www.em.com.br\/emfoco\/#\/schema\/person\/0a8186d72f2c3a5c6276d90b41f271a0"},"description":"Entenda como os purificadores com sensores inteligentes detectam poluentes e limpam o ar de forma autom\u00e1tica","breadcrumb":{"@id":"https:\/\/www.em.com.br\/emfoco\/2026\/03\/08\/nem-ventilador-nem-ar-condicionado-entenda-como-o-purificador-limpa-o-ambiente-de-verdade\/#breadcrumb"},"inLanguage":"pt-BR","potentialAction":[{"@type":"ReadAction","target":["https:\/\/www.em.com.br\/emfoco\/2026\/03\/08\/nem-ventilador-nem-ar-condicionado-entenda-como-o-purificador-limpa-o-ambiente-de-verdade\/"]}]},{"@type":"ImageObject","inLanguage":"pt-BR","@id":"https:\/\/www.em.com.br\/emfoco\/2026\/03\/08\/nem-ventilador-nem-ar-condicionado-entenda-como-o-purificador-limpa-o-ambiente-de-verdade\/#primaryimage","url":"https:\/\/www.em.com.br\/emfoco\/wp-content\/uploads\/2026\/03\/purificador-de-ar_1772917284747.jpg","contentUrl":"https:\/\/www.em.com.br\/emfoco\/wp-content\/uploads\/2026\/03\/purificador-de-ar_1772917284747.jpg","width":1280,"height":720,"caption":"O purificador de ar \u00e9 um aparelho criado para ajudar a deixar o ar de ambientes fechados mais saud\u00e1vel, reduzindo poeira - Cr\u00e9ditos: depositphotos.com \/ escapejaja"},{"@type":"BreadcrumbList","@id":"https:\/\/www.em.com.br\/emfoco\/2026\/03\/08\/nem-ventilador-nem-ar-condicionado-entenda-como-o-purificador-limpa-o-ambiente-de-verdade\/#breadcrumb","itemListElement":[{"@type":"ListItem","position":1,"name":"In\u00edcio","item":"https:\/\/www.em.com.br\/emfoco\/"},{"@type":"ListItem","position":2,"name":"Nem ventilador, nem ar-condicionado, entenda como o purificador limpa o ambiente de verdade"}]},{"@type":"WebSite","@id":"https:\/\/www.em.com.br\/emfoco\/#website","url":"https:\/\/www.em.com.br\/emfoco\/","name":"Estado de Minas - Em foco","description":"Acompanhe as \u00faltimas not\u00edcias e fique bem informado sobre tudo o que acontece em Minas Gerais, Brasil e no mundo.","potentialAction":[{"@type":"SearchAction","target":{"@type":"EntryPoint","urlTemplate":"https:\/\/www.em.com.br\/emfoco\/?s={search_term_string}"},"query-input":{"@type":"PropertyValueSpecification","valueRequired":true,"valueName":"search_term_string"}}],"inLanguage":"pt-BR"},{"@type":"Person","@id":"https:\/\/www.em.com.br\/emfoco\/#\/schema\/person\/0a8186d72f2c3a5c6276d90b41f271a0","name":"Daniely Cardoso","image":{"@type":"ImageObject","inLanguage":"pt-BR","@id":"https:\/\/www.em.com.br\/emfoco\/#\/schema\/person\/image\/","url":"https:\/\/secure.gravatar.com\/avatar\/4b80ddbd124d1f071b626d52d62e5dff?s=96&d=mm&r=g","contentUrl":"https:\/\/secure.gravatar.com\/avatar\/4b80ddbd124d1f071b626d52d62e5dff?s=96&d=mm&r=g","caption":"Daniely Cardoso"},"url":"https:\/\/www.em.com.br\/emfoco\/author\/danielymyth\/"}]}},"_links":{"self":[{"href":"https:\/\/www.em.com.br\/emfoco\/wp-json\/wp\/v2\/posts\/179023","targetHints":{"allow":["GET"]}}],"collection":[{"href":"https:\/\/www.em.com.br\/emfoco\/wp-json\/wp\/v2\/posts"}],"about":[{"href":"https:\/\/www.em.com.br\/emfoco\/wp-json\/wp\/v2\/types\/post"}],"author":[{"embeddable":true,"href":"https:\/\/www.em.com.br\/emfoco\/wp-json\/wp\/v2\/users\/9"}],"replies":[{"embeddable":true,"href":"https:\/\/www.em.com.br\/emfoco\/wp-json\/wp\/v2\/comments?post=179023"}],"version-history":[{"count":2,"href":"https:\/\/www.em.com.br\/emfoco\/wp-json\/wp\/v2\/posts\/179023\/revisions"}],"predecessor-version":[{"id":179031,"href":"https:\/\/www.em.com.br\/emfoco\/wp-json\/wp\/v2\/posts\/179023\/revisions\/179031"}],"wp:featuredmedia":[{"embeddable":true,"href":"https:\/\/www.em.com.br\/emfoco\/wp-json\/wp\/v2\/media\/179029"}],"wp:attachment":[{"href":"https:\/\/www.em.com.br\/emfoco\/wp-json\/wp\/v2\/media?parent=179023"}],"wp:term":[{"taxonomy":"category","embeddable":true,"href":"https:\/\/www.em.com.br\/emfoco\/wp-json\/wp\/v2\/categories?post=179023"},{"taxonomy":"post_tag","embeddable":true,"href":"https:\/\/www.em.com.br\/emfoco\/wp-json\/wp\/v2\/tags?post=179023"}],"curies":[{"name":"wp","href":"https:\/\/api.w.org\/{rel}","templated":true}]}}