{"id":178967,"date":"2026-03-08T18:15:10","date_gmt":"2026-03-08T21:15:10","guid":{"rendered":"https:\/\/www.em.com.br\/emfoco\/?p=178967"},"modified":"2026-03-07T17:34:48","modified_gmt":"2026-03-07T20:34:48","slug":"as-mudancas-de-habito-que-desincham-o-rosto-e-suavizam-as-olheiras-escuras-em-poucas-semanas","status":"publish","type":"post","link":"https:\/\/www.em.com.br\/emfoco\/2026\/03\/08\/as-mudancas-de-habito-que-desincham-o-rosto-e-suavizam-as-olheiras-escuras-em-poucas-semanas\/","title":{"rendered":"As mudan\u00e7as de h\u00e1bito que desincham o rosto e suavizam as olheiras escuras em poucas semanas"},"content":{"rendered":"\n<p>Voc\u00ea j\u00e1 acordou, se olhou no espelho e pensou: \u201cNossa, de novo essas olheiras?\u201d Elas realmente chamam aten\u00e7\u00e3o no rosto e, muitas vezes, geram um inc\u00f4modo est\u00e9tico enorme. As causas v\u00e3o de fatores <b>gen\u00e9ticos<\/b> a pequenos h\u00e1bitos do dia a dia, e entender por que surgem e quais cuidados realmente ajudam \u00e9 um passo importante para quem deseja suavizar o aspecto escurecido ao redor dos olhos de forma mais <b>realista<\/b> e segura.<\/p>\n\n\n\n<h2 class=\"wp-block-heading\">Como cuidar das olheiras com h\u00e1bitos simples no dia a dia<\/h2>\n\n\n\n<p>Quando se fala em <b>como<\/b> acabar com as olheiras naturalmente, a ideia n\u00e3o \u00e9 milagre, mas sim pequenos ajustes na rotina que, somados, fazem diferen\u00e7a. Esses h\u00e1bitos n\u00e3o substituem tratamentos m\u00e9dicos, por\u00e9m ajudam a reduzir o incha\u00e7o, amenizar o roxo e deixar a pele com aspecto mais <b>descansado<\/b> e saud\u00e1vel ao longo das semanas.<\/p>\n\n\n\n<p>Entre as estrat\u00e9gias f\u00e1ceis de incluir na rotina est\u00e3o cuidados que ajudam o corpo inteiro, e n\u00e3o s\u00f3 a regi\u00e3o dos olhos:<\/p>\n\n\n\n<ul class=\"wp-block-list\">\n<li><strong>Sono regulado:<\/strong> manter hor\u00e1rios parecidos para dormir e acordar, priorizando um descanso de qualidade.<\/li>\n\n\n\n<li><strong>Boa hidrata\u00e7\u00e3o:<\/strong> beber \u00e1gua ao longo do dia ajuda a circula\u00e7\u00e3o e a apar\u00eancia da <b>pele<\/b>.<\/li>\n\n\n\n<li><strong>Compressas frias:<\/strong> reduzem incha\u00e7o e vasodilata\u00e7\u00e3o, suavizando o aspecto arroxeado por algum <b>tempo<\/b>.<\/li>\n\n\n\n<li><strong>Alimenta\u00e7\u00e3o equilibrada:<\/strong> diminuir sal e priorizar frutas, legumes e antioxidantes favorece o rosto.<\/li>\n\n\n\n<li><strong>Prote\u00e7\u00e3o solar di\u00e1ria:<\/strong> usar protetor no rosto, inclusive perto dos olhos, evita escurecimento maior.<\/li>\n<\/ul>\n\n\n\n<figure class=\"wp-block-embed is-type-rich is-provider-pinterest wp-block-embed-pinterest\"><div class=\"wp-block-embed__wrapper\">\n<iframe loading=\"lazy\" title=\"SEGREDINHO PARA ACABAR COM AS SUAS OLHEIRAS!!! \/ COMENTE SE SOLUCIONOU O SEU PROBLEMA!!\" src=\"https:\/\/assets.pinterest.com\/ext\/embed.html?id=57209857760435752&#038;src=oembed\" height=\"899\" width=\"450\" frameborder=\"0\" scrolling=\"no\" ><\/iframe>\n<\/div><\/figure>\n\n\n\n<p>Leia tamb\u00e9m:&nbsp;<a href=\"https:\/\/www.em.com.br\/emfoco\/2026\/03\/07\/nem-soja-nem-arroz-por-que-esse-leite-se-tornou-o-favorito-para-quem-busca-cremosidade-e-saude\/\" target=\"_blank\" rel=\"noopener\">Nem soja nem arroz, por que esse leite se tornou o favorito para quem busca cremosidade e sa\u00fade<\/a><\/p>\n\n\n\n<h2 class=\"wp-block-heading\">Quais produtos e cuidados di\u00e1rios podem ajudar a suavizar olheiras<\/h2>\n\n\n\n<p>O cuidado com a limpeza e a hidrata\u00e7\u00e3o da \u00e1rea dos olhos tamb\u00e9m faz diferen\u00e7a no espelho. Produtos suaves, espec\u00edficos para o contorno dos olhos, ajudam a fortalecer a barreira da pele e melhorar textura, sem arder ou irritar. Muitos cosm\u00e9ticos trazem <b>\u00e1cido<\/b> hialur\u00f4nico, cafe\u00edna, niacinamida e antioxidantes, sempre respeitando a sensibilidade da regi\u00e3o e a necessidade de cada <b>pessoa<\/b>.<\/p>\n\n\n\n<p>Usar esses produtos de forma regular, de manh\u00e3 e \u00e0 noite, muitas vezes rende mais resultado do que testar um creme novo a cada semana. Aliados a um demaquilante delicado e a movimentos leves, sem esfregar, eles podem colaborar para uma pele mais <b>hidratada<\/b>, menos marcada e com apar\u00eancia um pouco mais clara e <b>uniforme<\/b>.<\/p>\n\n\n\n<p>Para voc\u00ea que gosta de se cuidar, separamos um v\u00eddeo do canal da <a href=\"https:\/\/www.youtube.com\/@DraMarinaHayashida\" target=\"_blank\" rel=\"noreferrer noopener\">Dra. Marina Hayashida<\/a> com dicas para acabar com as olheiras:<\/p>\n\n\n\n<figure class=\"wp-block-embed is-type-video is-provider-youtube wp-block-embed-youtube wp-embed-aspect-16-9 wp-has-aspect-ratio\"><div class=\"wp-block-embed__wrapper\">\n<div class=\"jeg_video_container jeg_video_content\"><iframe loading=\"lazy\" title=\"Melhores TRATAMENTOS para OLHEIRAS escuras e profundas!\" width=\"500\" height=\"281\" src=\"https:\/\/www.youtube.com\/embed\/ttPvR5dD2oA?start=1&#038;feature=oembed\" frameborder=\"0\" allow=\"accelerometer; autoplay; clipboard-write; encrypted-media; gyroscope; picture-in-picture; web-share\" referrerpolicy=\"strict-origin-when-cross-origin\" allowfullscreen><\/iframe><\/div>\n<\/div><\/figure>\n\n\n\n<h2 class=\"wp-block-heading\">Quais tratamentos em consult\u00f3rio ajudam a reduzir as olheiras<\/h2>\n\n\n\n<p>Para quem sente que os cuidados em casa n\u00e3o s\u00e3o suficientes, os tratamentos em consult\u00f3rio entram como op\u00e7\u00e3o mais intensa. A escolha depende se a olheira \u00e9 mais marrom, arroxeada, afundada ou uma mistura de tudo, por isso a avalia\u00e7\u00e3o de um profissional \u00e9 importante para definir o que realmente pode trazer algum <b>benef\u00edcio<\/b> e evitar frustra\u00e7\u00f5es ou procedimentos sem <b>necessidade<\/b>.<\/p>\n\n\n\n<p>Entre as op\u00e7\u00f5es mais comentadas est\u00e3o os peelings suaves, que ajudam a clarear olheiras pigmentares, e o laser ou luz pulsada, que atuam em vasos, pigmentos e est\u00edmulo de col\u00e1geno. Em casos de sulco bem marcado, o preenchimento com \u00e1cido hialur\u00f4nico pode suavizar a sombra, enquanto o microagulhamento e outras tecnologias combinadas melhoram textura, firmeza e <b>colora\u00e7\u00e3o<\/b> com o tempo, sempre com cuidados r\u00edgidos ap\u00f3s cada sess\u00e3o para proteger a <b>pele<\/b>.<\/p>\n\n\n\n<figure class=\"wp-block-embed is-type-rich is-provider-pinterest wp-block-embed-pinterest\"><div class=\"wp-block-embed__wrapper\">\n<iframe loading=\"lazy\" title=\"\ud83e\udd8bAcabando com as olheiras\ud83e\udd8b\" src=\"https:\/\/assets.pinterest.com\/ext\/embed.html?id=21181060742374895&#038;src=oembed\" height=\"899\" width=\"450\" frameborder=\"0\" scrolling=\"no\" ><\/iframe>\n<\/div><\/figure>\n\n\n\n<h2 class=\"wp-block-heading\">Rem\u00e9dios caseiros realmente resolvem as olheiras<\/h2>\n\n\n\n<p>Muitas pessoas recorrem \u00e0s famosas rodelas de pepino geladas ou saquinhos de ch\u00e1 frio sobre os olhos por serem f\u00e1ceis e r\u00e1pidas. O efeito vem principalmente do frio, que contrai os vasos e reduz um pouco o incha\u00e7o, dando uma apar\u00eancia de olhar mais <b>descansado<\/b> por alguns minutos. Por\u00e9m, esse tipo de solu\u00e7\u00e3o n\u00e3o muda fatores profundos, como gen\u00e9tica, estrutura \u00f3ssea ou perda de <b>volume<\/b>.<\/p>\n\n\n\n<p>Se decidir testar algo em casa, \u00e9 importante ter aten\u00e7\u00e3o \u00e0 higiene das m\u00e3os, do rosto e do que ser\u00e1 colocado na pele, al\u00e9m de evitar subst\u00e2ncias muito perfumadas ou agressivas. Ao menor sinal de ard\u00eancia, coceira ou vermelhid\u00e3o que n\u00e3o passa, o ideal \u00e9 suspender o uso e, se necess\u00e1rio, procurar um <b>profissional<\/b> de sa\u00fade para avaliar se houve irrita\u00e7\u00e3o, alergia ou outro problema mais s\u00e9rio na regi\u00e3o dos <b>olhos<\/b>.<\/p>\n","protected":false},"excerpt":{"rendered":"<p>Voc\u00ea j\u00e1 acordou, se olhou no espelho e pensou: \u201cNossa, de novo essas olheiras?\u201d Elas realmente chamam aten\u00e7\u00e3o no rosto e, muitas vezes, geram um inc\u00f4modo est\u00e9tico enorme. As causas v\u00e3o de fatores gen\u00e9ticos a pequenos h\u00e1bitos do dia a dia, e entender por que surgem e quais cuidados realmente ajudam \u00e9 um passo importante [&hellip;]<\/p>\n","protected":false},"author":9,"featured_media":125580,"comment_status":"open","ping_status":"open","sticky":false,"template":"","format":"standard","meta":{"jnews-multi-image_gallery":[],"jnews_single_post":{"format":"standard"},"jnews_primary_category":[],"jnews_social_meta":[],"jnews_override_counter":[],"footnotes":""},"categories":[8819,1],"tags":[22121,2616,6542],"class_list":["post-178967","post","type-post","status-publish","format-standard","has-post-thumbnail","hentry","category-curiosidades","category-noticias","tag-auto-cuidado","tag-beleza","tag-olheiras"],"yoast_head":"<!-- This site is optimized with the Yoast SEO plugin v23.8 - https:\/\/yoast.com\/wordpress\/plugins\/seo\/ -->\n<title>As mudan\u00e7as de h\u00e1bito que desincham o rosto e suavizam as olheiras escuras em poucas semanas - Estado de Minas - Em foco<\/title>\n<meta name=\"description\" content=\"Entenda por que as olheiras surgem e quais h\u00e1bitos di\u00e1rios ou tratamentos realmente funcionam para clarear o olhar\" \/>\n<meta name=\"robots\" content=\"index, follow, max-snippet:-1, max-image-preview:large, max-video-preview:-1\" \/>\n<link rel=\"canonical\" href=\"https:\/\/www.em.com.br\/emfoco\/2026\/03\/08\/as-mudancas-de-habito-que-desincham-o-rosto-e-suavizam-as-olheiras-escuras-em-poucas-semanas\/\" \/>\n<meta property=\"og:locale\" content=\"pt_BR\" \/>\n<meta property=\"og:type\" content=\"article\" \/>\n<meta property=\"og:title\" content=\"As mudan\u00e7as de h\u00e1bito que desincham o rosto e suavizam as olheiras escuras em poucas semanas - Estado de Minas - Em foco\" \/>\n<meta property=\"og:description\" content=\"Entenda por que as olheiras surgem e quais h\u00e1bitos di\u00e1rios ou tratamentos realmente funcionam para clarear o olhar\" \/>\n<meta property=\"og:url\" content=\"https:\/\/www.em.com.br\/emfoco\/2026\/03\/08\/as-mudancas-de-habito-que-desincham-o-rosto-e-suavizam-as-olheiras-escuras-em-poucas-semanas\/\" \/>\n<meta property=\"og:site_name\" content=\"Estado de Minas - Em foco\" \/>\n<meta property=\"article:published_time\" content=\"2026-03-08T21:15:10+00:00\" \/>\n<meta property=\"article:modified_time\" content=\"2026-03-07T20:34:48+00:00\" \/>\n<meta property=\"og:image\" content=\"https:\/\/www.em.com.br\/emfoco\/wp-content\/uploads\/2025\/11\/olheiras_1762795802732.jpg\" \/>\n\t<meta property=\"og:image:width\" content=\"1280\" \/>\n\t<meta property=\"og:image:height\" content=\"720\" \/>\n\t<meta property=\"og:image:type\" content=\"image\/jpeg\" \/>\n<meta name=\"author\" content=\"Daniely Cardoso\" \/>\n<meta name=\"twitter:card\" content=\"summary_large_image\" \/>\n<meta name=\"twitter:label1\" content=\"Escrito por\" \/>\n\t<meta name=\"twitter:data1\" content=\"Daniely Cardoso\" \/>\n\t<meta name=\"twitter:label2\" content=\"Est. tempo de leitura\" \/>\n\t<meta name=\"twitter:data2\" content=\"4 minutos\" \/>\n<!-- \/ Yoast SEO plugin. -->","yoast_head_json":{"title":"As mudan\u00e7as de h\u00e1bito que desincham o rosto e suavizam as olheiras escuras em poucas semanas - Estado de Minas - Em foco","description":"Entenda por que as olheiras surgem e quais h\u00e1bitos di\u00e1rios ou tratamentos realmente funcionam para clarear o olhar","robots":{"index":"index","follow":"follow","max-snippet":"max-snippet:-1","max-image-preview":"max-image-preview:large","max-video-preview":"max-video-preview:-1"},"canonical":"https:\/\/www.em.com.br\/emfoco\/2026\/03\/08\/as-mudancas-de-habito-que-desincham-o-rosto-e-suavizam-as-olheiras-escuras-em-poucas-semanas\/","og_locale":"pt_BR","og_type":"article","og_title":"As mudan\u00e7as de h\u00e1bito que desincham o rosto e suavizam as olheiras escuras em poucas semanas - Estado de Minas - Em foco","og_description":"Entenda por que as olheiras surgem e quais h\u00e1bitos di\u00e1rios ou tratamentos realmente funcionam para clarear o olhar","og_url":"https:\/\/www.em.com.br\/emfoco\/2026\/03\/08\/as-mudancas-de-habito-que-desincham-o-rosto-e-suavizam-as-olheiras-escuras-em-poucas-semanas\/","og_site_name":"Estado de Minas - Em foco","article_published_time":"2026-03-08T21:15:10+00:00","article_modified_time":"2026-03-07T20:34:48+00:00","og_image":[{"width":1280,"height":720,"url":"https:\/\/www.em.com.br\/emfoco\/wp-content\/uploads\/2025\/11\/olheiras_1762795802732.jpg","type":"image\/jpeg"}],"author":"Daniely Cardoso","twitter_card":"summary_large_image","twitter_misc":{"Escrito por":"Daniely Cardoso","Est. tempo de leitura":"4 minutos"},"schema":{"@context":"https:\/\/schema.org","@graph":[{"@type":"WebPage","@id":"https:\/\/www.em.com.br\/emfoco\/2026\/03\/08\/as-mudancas-de-habito-que-desincham-o-rosto-e-suavizam-as-olheiras-escuras-em-poucas-semanas\/","url":"https:\/\/www.em.com.br\/emfoco\/2026\/03\/08\/as-mudancas-de-habito-que-desincham-o-rosto-e-suavizam-as-olheiras-escuras-em-poucas-semanas\/","name":"As mudan\u00e7as de h\u00e1bito que desincham o rosto e suavizam as olheiras escuras em poucas semanas - Estado de Minas - Em foco","isPartOf":{"@id":"https:\/\/www.em.com.br\/emfoco\/#website"},"primaryImageOfPage":{"@id":"https:\/\/www.em.com.br\/emfoco\/2026\/03\/08\/as-mudancas-de-habito-que-desincham-o-rosto-e-suavizam-as-olheiras-escuras-em-poucas-semanas\/#primaryimage"},"image":{"@id":"https:\/\/www.em.com.br\/emfoco\/2026\/03\/08\/as-mudancas-de-habito-que-desincham-o-rosto-e-suavizam-as-olheiras-escuras-em-poucas-semanas\/#primaryimage"},"thumbnailUrl":"https:\/\/www.em.com.br\/emfoco\/wp-content\/uploads\/2025\/11\/olheiras_1762795802732.jpg","datePublished":"2026-03-08T21:15:10+00:00","dateModified":"2026-03-07T20:34:48+00:00","author":{"@id":"https:\/\/www.em.com.br\/emfoco\/#\/schema\/person\/0a8186d72f2c3a5c6276d90b41f271a0"},"description":"Entenda por que as olheiras surgem e quais h\u00e1bitos di\u00e1rios ou tratamentos realmente funcionam para clarear o olhar","breadcrumb":{"@id":"https:\/\/www.em.com.br\/emfoco\/2026\/03\/08\/as-mudancas-de-habito-que-desincham-o-rosto-e-suavizam-as-olheiras-escuras-em-poucas-semanas\/#breadcrumb"},"inLanguage":"pt-BR","potentialAction":[{"@type":"ReadAction","target":["https:\/\/www.em.com.br\/emfoco\/2026\/03\/08\/as-mudancas-de-habito-que-desincham-o-rosto-e-suavizam-as-olheiras-escuras-em-poucas-semanas\/"]}]},{"@type":"ImageObject","inLanguage":"pt-BR","@id":"https:\/\/www.em.com.br\/emfoco\/2026\/03\/08\/as-mudancas-de-habito-que-desincham-o-rosto-e-suavizam-as-olheiras-escuras-em-poucas-semanas\/#primaryimage","url":"https:\/\/www.em.com.br\/emfoco\/wp-content\/uploads\/2025\/11\/olheiras_1762795802732.jpg","contentUrl":"https:\/\/www.em.com.br\/emfoco\/wp-content\/uploads\/2025\/11\/olheiras_1762795802732.jpg","width":1280,"height":720,"caption":"Al\u00e9m disso, incluir antioxidantes na dieta e evitar excesso de sal ajudam a reduzir o incha\u00e7o - Cr\u00e9ditos: depositphotos.com \/ VGeorgiev"},{"@type":"BreadcrumbList","@id":"https:\/\/www.em.com.br\/emfoco\/2026\/03\/08\/as-mudancas-de-habito-que-desincham-o-rosto-e-suavizam-as-olheiras-escuras-em-poucas-semanas\/#breadcrumb","itemListElement":[{"@type":"ListItem","position":1,"name":"In\u00edcio","item":"https:\/\/www.em.com.br\/emfoco\/"},{"@type":"ListItem","position":2,"name":"As mudan\u00e7as de h\u00e1bito que desincham o rosto e suavizam as olheiras escuras em poucas semanas"}]},{"@type":"WebSite","@id":"https:\/\/www.em.com.br\/emfoco\/#website","url":"https:\/\/www.em.com.br\/emfoco\/","name":"Estado de Minas - Em foco","description":"Acompanhe as \u00faltimas not\u00edcias e fique bem informado sobre tudo o que acontece em Minas Gerais, Brasil e no mundo.","potentialAction":[{"@type":"SearchAction","target":{"@type":"EntryPoint","urlTemplate":"https:\/\/www.em.com.br\/emfoco\/?s={search_term_string}"},"query-input":{"@type":"PropertyValueSpecification","valueRequired":true,"valueName":"search_term_string"}}],"inLanguage":"pt-BR"},{"@type":"Person","@id":"https:\/\/www.em.com.br\/emfoco\/#\/schema\/person\/0a8186d72f2c3a5c6276d90b41f271a0","name":"Daniely Cardoso","image":{"@type":"ImageObject","inLanguage":"pt-BR","@id":"https:\/\/www.em.com.br\/emfoco\/#\/schema\/person\/image\/","url":"https:\/\/secure.gravatar.com\/avatar\/4b80ddbd124d1f071b626d52d62e5dff?s=96&d=mm&r=g","contentUrl":"https:\/\/secure.gravatar.com\/avatar\/4b80ddbd124d1f071b626d52d62e5dff?s=96&d=mm&r=g","caption":"Daniely Cardoso"},"url":"https:\/\/www.em.com.br\/emfoco\/author\/danielymyth\/"}]}},"_links":{"self":[{"href":"https:\/\/www.em.com.br\/emfoco\/wp-json\/wp\/v2\/posts\/178967","targetHints":{"allow":["GET"]}}],"collection":[{"href":"https:\/\/www.em.com.br\/emfoco\/wp-json\/wp\/v2\/posts"}],"about":[{"href":"https:\/\/www.em.com.br\/emfoco\/wp-json\/wp\/v2\/types\/post"}],"author":[{"embeddable":true,"href":"https:\/\/www.em.com.br\/emfoco\/wp-json\/wp\/v2\/users\/9"}],"replies":[{"embeddable":true,"href":"https:\/\/www.em.com.br\/emfoco\/wp-json\/wp\/v2\/comments?post=178967"}],"version-history":[{"count":2,"href":"https:\/\/www.em.com.br\/emfoco\/wp-json\/wp\/v2\/posts\/178967\/revisions"}],"predecessor-version":[{"id":178988,"href":"https:\/\/www.em.com.br\/emfoco\/wp-json\/wp\/v2\/posts\/178967\/revisions\/178988"}],"wp:featuredmedia":[{"embeddable":true,"href":"https:\/\/www.em.com.br\/emfoco\/wp-json\/wp\/v2\/media\/125580"}],"wp:attachment":[{"href":"https:\/\/www.em.com.br\/emfoco\/wp-json\/wp\/v2\/media?parent=178967"}],"wp:term":[{"taxonomy":"category","embeddable":true,"href":"https:\/\/www.em.com.br\/emfoco\/wp-json\/wp\/v2\/categories?post=178967"},{"taxonomy":"post_tag","embeddable":true,"href":"https:\/\/www.em.com.br\/emfoco\/wp-json\/wp\/v2\/tags?post=178967"}],"curies":[{"name":"wp","href":"https:\/\/api.w.org\/{rel}","templated":true}]}}