{"id":178940,"date":"2026-03-08T22:05:39","date_gmt":"2026-03-09T01:05:39","guid":{"rendered":"https:\/\/www.em.com.br\/emfoco\/?p=178940"},"modified":"2026-03-07T18:11:05","modified_gmt":"2026-03-07T21:11:05","slug":"a-nova-tendencia-moda-praia-que-domina-o-verao-2026-e-transforma-qualquer-producao-com-praticidade","status":"publish","type":"post","link":"https:\/\/www.em.com.br\/emfoco\/2026\/03\/08\/a-nova-tendencia-moda-praia-que-domina-o-verao-2026-e-transforma-qualquer-producao-com-praticidade\/","title":{"rendered":"A nova tend\u00eancia moda-praia que domina o ver\u00e3o 2026 e transforma qualquer produ\u00e7\u00e3o com praticidade"},"content":{"rendered":"\n<p>Voc\u00ea j\u00e1 reparou como, de um ver\u00e3o para o outro, as praias mudam de cara? Em 2026, o que mais chama aten\u00e7\u00e3o nas areias brasileiras \u00e9 o <strong>mai\u00f4 cavado<\/strong>, ganhando espa\u00e7o no lugar dos modelos mais tradicionais e aparecendo em clubes, barcos e festas \u00e0 beira da piscina. Mais do que moda de praia, essa pe\u00e7a vira parte do dia a dia, unindo <strong>estilo<\/strong>, conforto e muita influ\u00eancia das redes sociais no jeito de se vestir para o calor.<\/p>\n\n\n\n<h2 class=\"wp-block-heading\">Mai\u00f4 cavado \u00e9 a grande tend\u00eancia do ver\u00e3o 2026<\/h2>\n\n\n\n<p>O <strong>mai\u00f4 cavado<\/strong>, que antes lembrava s\u00f3 uma moda das d\u00e9cadas passadas, volta renovado, com tecidos mais confort\u00e1veis, al\u00e7as regul\u00e1veis e recortes pensados para diferentes <strong>tipos<\/strong> de corpo. Marcas grandes e pequenas apostam em sustenta\u00e7\u00e3o, qualidade e durabilidade, fazendo com que a pe\u00e7a deixe de ser apenas roupa de banho para ganhar espa\u00e7o tamb\u00e9m nos looks urbanos.<\/p>\n\n\n\n<p>Nas redes sociais, o <strong>mai\u00f4 cavado<\/strong> aparece em fotos de viagem, v\u00eddeos de rotina e conte\u00fados de influenciadores de moda e lifestyle, o que ajuda a popularizar ainda mais a modelagem. Ao combinar com shorts, saias e cal\u00e7as, ele funciona como um body, trazendo praticidade e um toque de <strong>modernidade<\/strong> para quem quer sair da praia direto para outros compromissos.<\/p>\n\n\n\n<figure class=\"wp-block-embed is-type-rich is-provider-pinterest wp-block-embed-pinterest\"><div class=\"wp-block-embed__wrapper\">\n<iframe loading=\"lazy\" title=\"Mai\u00f4 Elegante\" src=\"https:\/\/assets.pinterest.com\/ext\/embed.html?id=301107925106286785&#038;src=oembed\" height=\"659\" width=\"450\" frameborder=\"0\" scrolling=\"no\" ><\/iframe>\n<\/div><\/figure>\n\n\n\n<p>Leia tamb\u00e9m:&nbsp;<a href=\"https:\/\/www.em.com.br\/emfoco\/2026\/03\/07\/a-tendencia-de-unhas-que-deixa-as-maos-mais-elegantes-sem-chamar-atencao\/\" target=\"_blank\" rel=\"noopener\">A tend\u00eancia de unhas que deixa as m\u00e3os mais elegantes sem chamar aten\u00e7\u00e3o<\/a><\/p>\n\n\n\n<h2 class=\"wp-block-heading\">O que torna o mai\u00f4 cavado a principal aposta do ver\u00e3o<\/h2>\n\n\n\n<p>A grande estrela da temporada \u00e9 o <strong>mai\u00f4 cavado<\/strong>, reconhecido pelo recorte mais alto na lateral do quadril e, muitas vezes, pelas costas mais abertas, que ajudam a alongar visualmente a <strong>silhueta<\/strong>. Essa modelagem agrada por valorizar o corpo de um jeito descomplicado, deixando a produ\u00e7\u00e3o mais atual sem exigir grandes esfor\u00e7os.<\/p>\n\n\n\n<p>Outro ponto importante \u00e9 a variedade de vers\u00f5es que chegam \u00e0s lojas, desde op\u00e7\u00f5es com bojo, sem bojo, com aro e al\u00e7as largas at\u00e9 amarra\u00e7\u00f5es cruzadas e modelos com maior cobertura na frente. Assim, o <strong>mai\u00f4 cavado<\/strong> consegue se adaptar ao gosto de quem prefere algo mais discreto ou mais ousado, sempre mantendo o recorte alto na perna como marca <strong>registrada<\/strong>.<\/p>\n\n\n\n<figure class=\"wp-block-embed is-type-rich is-provider-pinterest wp-block-embed-pinterest\"><div class=\"wp-block-embed__wrapper\">\n<iframe loading=\"lazy\" title=\"\ufffcBody Mai\u00f4 Feminino Alcinha Sem Fecho Cavado Suplex Alta Sustenta\u00e7\u00e3o Tend\u00eancia Ver\u00e3o\" src=\"https:\/\/assets.pinterest.com\/ext\/embed.html?id=658229301827400588&#038;src=oembed\" height=\"899\" width=\"450\" frameborder=\"0\" scrolling=\"no\" ><\/iframe>\n<\/div><\/figure>\n\n\n\n<h2 class=\"wp-block-heading\">Quais s\u00e3o os tipos de mai\u00f4 cavado em alta nas praias<\/h2>\n\n\n\n<p>Dentro da categoria de <strong>mai\u00f4 cavado<\/strong>, surgem submodelos que combinam com estilos de vida bem diferentes, dos mais nost\u00e1lgicos aos super minimalistas. O mai\u00f4 cavado asa-delta, inspirado nos anos 1980, aparece com cavas bem altas e al\u00e7as mais finas, enquanto os modelos com recortes estrat\u00e9gicos criam um visual quase h\u00edbrido entre mai\u00f4 e <strong>biqu\u00edni<\/strong>.<\/p>\n\n\n\n<p>Tamb\u00e9m ganham destaque o <strong>mai\u00f4 cavado<\/strong> de um ombro s\u00f3, que aposta na assimetria e no visual moderno, e os modelos esportivos, com al\u00e7as largas e maior sustenta\u00e7\u00e3o. Tecidos tecnol\u00f3gicos, com prote\u00e7\u00e3o <strong>UV<\/strong>, maior resist\u00eancia ao cloro e secagem r\u00e1pida, deixam a pe\u00e7a mais pr\u00e1tica para piscina, esportes aqu\u00e1ticos leves e dias longos de ver\u00e3o.<\/p>\n\n\n\n<p>Para voc\u00ea que gosta de dicas, separamos um v\u00eddeo do canal <a href=\"https:\/\/www.youtube.com\/@Vit%C3%B3riaPortes\" target=\"_blank\" rel=\"noreferrer noopener\">Vit\u00f3ria Portes<\/a> com orienta\u00e7\u00f5es para achar o biqu\u00edni perfeito para o seu corpo:<\/p>\n\n\n\n<figure class=\"wp-block-embed is-type-video is-provider-youtube wp-block-embed-youtube wp-embed-aspect-16-9 wp-has-aspect-ratio\"><div class=\"wp-block-embed__wrapper\">\n<div class=\"jeg_video_container jeg_video_content\"><iframe loading=\"lazy\" title=\"O BIQUINI CERTO PARA CADA TIPO DE CORPO - Vit\u00f3ria Portes\" width=\"500\" height=\"281\" src=\"https:\/\/www.youtube.com\/embed\/J3X5yB3Di9U?feature=oembed\" frameborder=\"0\" allow=\"accelerometer; autoplay; clipboard-write; encrypted-media; gyroscope; picture-in-picture; web-share\" referrerpolicy=\"strict-origin-when-cross-origin\" allowfullscreen><\/iframe><\/div>\n<\/div><\/figure>\n\n\n\n<h2 class=\"wp-block-heading\">Como escolher um mai\u00f4 cavado para o dia a dia de praia<\/h2>\n\n\n\n<p>Na hora de escolher o <strong>mai\u00f4 cavado<\/strong> ideal, vale pensar primeiro em como ele ser\u00e1 usado: para relaxar na areia, brincar na \u00e1gua, praticar esportes ou ir a festas de piscina. Tecidos com boa elasticidade, forro refor\u00e7ado e costuras firmes ajudam a evitar transpar\u00eancias e garantem mais <strong>seguran\u00e7a<\/strong> nos movimentos ao longo do dia.<\/p>\n\n\n\n<p>O grau de exposi\u00e7\u00e3o tamb\u00e9m faz diferen\u00e7a, j\u00e1 que h\u00e1 pe\u00e7as supercavadas e vers\u00f5es mais moderadas, com cava alta, por\u00e9m discretas. Para ajudar nessa decis\u00e3o, alguns pontos podem ser observados de forma simples na hora da compra, deixando a experi\u00eancia mais confort\u00e1vel e <strong>consciente<\/strong>:<\/p>\n\n\n\n<ul class=\"wp-block-list\">\n<li><strong>Definir o tipo de uso<\/strong>: lazer tranquilo, pr\u00e1tica esportiva ou eventos de piscina;<\/li>\n\n\n\n<li><strong>Verificar o tecido<\/strong>: dar prefer\u00eancia a materiais com prote\u00e7\u00e3o UV e maior resist\u00eancia;<\/li>\n\n\n\n<li><strong>Avaliar a cava<\/strong>: optar entre recorte superalto ou cavado moderado;<\/li>\n\n\n\n<li><strong>Checar a sustenta\u00e7\u00e3o<\/strong>: observar al\u00e7as, bojo e estrutura da parte superior;<\/li>\n\n\n\n<li><strong>Testar a mobilidade<\/strong>: levantar, sentar, caminhar e simular movimentos comuns na praia.<\/li>\n<\/ul>\n\n\n\n<figure class=\"wp-block-embed is-type-rich is-provider-pinterest wp-block-embed-pinterest\"><div class=\"wp-block-embed__wrapper\">\n<iframe loading=\"lazy\" title=\"Mai\u00f4 cavado amarelo\" src=\"https:\/\/assets.pinterest.com\/ext\/embed.html?id=706080047868332392&#038;src=oembed\" height=\"550\" width=\"450\" frameborder=\"0\" scrolling=\"no\" ><\/iframe>\n<\/div><\/figure>\n\n\n\n<h2 class=\"wp-block-heading\">Mai\u00f4 cavado al\u00e9m da praia e o novo comportamento em 2026<\/h2>\n\n\n\n<p>Em 2026, o <strong>mai\u00f4 cavado<\/strong> ultrapassa a faixa de areia e acompanha uma mudan\u00e7a no comportamento de consumo, sendo usado tamb\u00e9m em produ\u00e7\u00f5es de rua. Combinado com cal\u00e7as de linho, saias pare\u00f4, jeans de cintura alta ou camisas abertas, ele funciona como body, criando looks casuais e vers\u00e1teis que v\u00e3o do almo\u00e7o com amigos \u00e0 caminhada no <strong>cal\u00e7ad\u00e3o<\/strong>.<\/p>\n\n\n\n<p>As marcas brasileiras exploram estampas tropicais, tie-dye suave, listras, tons terrosos e cores vibrantes, refletindo o clima de um ver\u00e3o prolongado em v\u00e1rias regi\u00f5es do pa\u00eds. Assim, o <strong>mai\u00f4 cavado<\/strong> se consolida como pe\u00e7a-chave da moda praia nacional, ocupando o lugar que j\u00e1 foi do cl\u00e1ssico mai\u00f4 tradicional e prometendo seguir firme nas cole\u00e7\u00f5es dos pr\u00f3ximos <strong>anos<\/strong>.<\/p>\n","protected":false},"excerpt":{"rendered":"<p>Voc\u00ea j\u00e1 reparou como, de um ver\u00e3o para o outro, as praias mudam de cara? Em 2026, o que mais chama aten\u00e7\u00e3o nas areias brasileiras \u00e9 o mai\u00f4 cavado, ganhando espa\u00e7o no lugar dos modelos mais tradicionais e aparecendo em clubes, barcos e festas \u00e0 beira da piscina. Mais do que moda de praia, essa [&hellip;]<\/p>\n","protected":false},"author":9,"featured_media":178956,"comment_status":"open","ping_status":"open","sticky":false,"template":"","format":"standard","meta":{"jnews-multi-image_gallery":[],"jnews_single_post":{"format":"standard"},"jnews_primary_category":[],"jnews_social_meta":[],"jnews_override_counter":[],"footnotes":""},"categories":[8691,1],"tags":[11626,4977,1920],"class_list":["post-178940","post","type-post","status-publish","format-standard","has-post-thumbnail","hentry","category-bem-estar","category-noticias","tag-biquini","tag-moda","tag-tendencia"],"yoast_head":"<!-- This site is optimized with the Yoast SEO plugin v23.8 - https:\/\/yoast.com\/wordpress\/plugins\/seo\/ -->\n<title>A nova tend\u00eancia moda-praia que domina o ver\u00e3o 2026 e transforma qualquer produ\u00e7\u00e3o com praticidade - Estado de Minas - Em foco<\/title>\n<meta name=\"description\" content=\"O mai\u00f4 cavado \u00e9 a estrela de 2026. Descubra como usar a pe\u00e7a que une conforto, estilo e versatilidade\" \/>\n<meta name=\"robots\" content=\"index, follow, max-snippet:-1, max-image-preview:large, max-video-preview:-1\" \/>\n<link rel=\"canonical\" href=\"https:\/\/www.em.com.br\/emfoco\/2026\/03\/08\/a-nova-tendencia-moda-praia-que-domina-o-verao-2026-e-transforma-qualquer-producao-com-praticidade\/\" \/>\n<meta property=\"og:locale\" content=\"pt_BR\" \/>\n<meta property=\"og:type\" content=\"article\" \/>\n<meta property=\"og:title\" content=\"A nova tend\u00eancia moda-praia que domina o ver\u00e3o 2026 e transforma qualquer produ\u00e7\u00e3o com praticidade - Estado de Minas - Em foco\" \/>\n<meta property=\"og:description\" content=\"O mai\u00f4 cavado \u00e9 a estrela de 2026. Descubra como usar a pe\u00e7a que une conforto, estilo e versatilidade\" \/>\n<meta property=\"og:url\" content=\"https:\/\/www.em.com.br\/emfoco\/2026\/03\/08\/a-nova-tendencia-moda-praia-que-domina-o-verao-2026-e-transforma-qualquer-producao-com-praticidade\/\" \/>\n<meta property=\"og:site_name\" content=\"Estado de Minas - Em foco\" \/>\n<meta property=\"article:published_time\" content=\"2026-03-09T01:05:39+00:00\" \/>\n<meta property=\"article:modified_time\" content=\"2026-03-07T21:11:05+00:00\" \/>\n<meta property=\"og:image\" content=\"https:\/\/www.em.com.br\/emfoco\/wp-content\/uploads\/2026\/03\/Gemini_Generated_Image_opmmzropmmzropmm-1.png\" \/>\n\t<meta property=\"og:image:width\" content=\"1280\" \/>\n\t<meta property=\"og:image:height\" content=\"720\" \/>\n\t<meta property=\"og:image:type\" content=\"image\/png\" \/>\n<meta name=\"author\" content=\"Daniely Cardoso\" \/>\n<meta name=\"twitter:card\" content=\"summary_large_image\" \/>\n<meta name=\"twitter:label1\" content=\"Escrito por\" \/>\n\t<meta name=\"twitter:data1\" content=\"Daniely Cardoso\" \/>\n\t<meta name=\"twitter:label2\" content=\"Est. tempo de leitura\" \/>\n\t<meta name=\"twitter:data2\" content=\"5 minutos\" \/>\n<!-- \/ Yoast SEO plugin. -->","yoast_head_json":{"title":"A nova tend\u00eancia moda-praia que domina o ver\u00e3o 2026 e transforma qualquer produ\u00e7\u00e3o com praticidade - Estado de Minas - Em foco","description":"O mai\u00f4 cavado \u00e9 a estrela de 2026. Descubra como usar a pe\u00e7a que une conforto, estilo e versatilidade","robots":{"index":"index","follow":"follow","max-snippet":"max-snippet:-1","max-image-preview":"max-image-preview:large","max-video-preview":"max-video-preview:-1"},"canonical":"https:\/\/www.em.com.br\/emfoco\/2026\/03\/08\/a-nova-tendencia-moda-praia-que-domina-o-verao-2026-e-transforma-qualquer-producao-com-praticidade\/","og_locale":"pt_BR","og_type":"article","og_title":"A nova tend\u00eancia moda-praia que domina o ver\u00e3o 2026 e transforma qualquer produ\u00e7\u00e3o com praticidade - Estado de Minas - Em foco","og_description":"O mai\u00f4 cavado \u00e9 a estrela de 2026. Descubra como usar a pe\u00e7a que une conforto, estilo e versatilidade","og_url":"https:\/\/www.em.com.br\/emfoco\/2026\/03\/08\/a-nova-tendencia-moda-praia-que-domina-o-verao-2026-e-transforma-qualquer-producao-com-praticidade\/","og_site_name":"Estado de Minas - Em foco","article_published_time":"2026-03-09T01:05:39+00:00","article_modified_time":"2026-03-07T21:11:05+00:00","og_image":[{"width":1280,"height":720,"url":"https:\/\/www.em.com.br\/emfoco\/wp-content\/uploads\/2026\/03\/Gemini_Generated_Image_opmmzropmmzropmm-1.png","type":"image\/png"}],"author":"Daniely Cardoso","twitter_card":"summary_large_image","twitter_misc":{"Escrito por":"Daniely Cardoso","Est. tempo de leitura":"5 minutos"},"schema":{"@context":"https:\/\/schema.org","@graph":[{"@type":"WebPage","@id":"https:\/\/www.em.com.br\/emfoco\/2026\/03\/08\/a-nova-tendencia-moda-praia-que-domina-o-verao-2026-e-transforma-qualquer-producao-com-praticidade\/","url":"https:\/\/www.em.com.br\/emfoco\/2026\/03\/08\/a-nova-tendencia-moda-praia-que-domina-o-verao-2026-e-transforma-qualquer-producao-com-praticidade\/","name":"A nova tend\u00eancia moda-praia que domina o ver\u00e3o 2026 e transforma qualquer produ\u00e7\u00e3o com praticidade - Estado de Minas - Em foco","isPartOf":{"@id":"https:\/\/www.em.com.br\/emfoco\/#website"},"primaryImageOfPage":{"@id":"https:\/\/www.em.com.br\/emfoco\/2026\/03\/08\/a-nova-tendencia-moda-praia-que-domina-o-verao-2026-e-transforma-qualquer-producao-com-praticidade\/#primaryimage"},"image":{"@id":"https:\/\/www.em.com.br\/emfoco\/2026\/03\/08\/a-nova-tendencia-moda-praia-que-domina-o-verao-2026-e-transforma-qualquer-producao-com-praticidade\/#primaryimage"},"thumbnailUrl":"https:\/\/www.em.com.br\/emfoco\/wp-content\/uploads\/2026\/03\/Gemini_Generated_Image_opmmzropmmzropmm-1.png","datePublished":"2026-03-09T01:05:39+00:00","dateModified":"2026-03-07T21:11:05+00:00","author":{"@id":"https:\/\/www.em.com.br\/emfoco\/#\/schema\/person\/0a8186d72f2c3a5c6276d90b41f271a0"},"description":"O mai\u00f4 cavado \u00e9 a estrela de 2026. Descubra como usar a pe\u00e7a que une conforto, estilo e versatilidade","breadcrumb":{"@id":"https:\/\/www.em.com.br\/emfoco\/2026\/03\/08\/a-nova-tendencia-moda-praia-que-domina-o-verao-2026-e-transforma-qualquer-producao-com-praticidade\/#breadcrumb"},"inLanguage":"pt-BR","potentialAction":[{"@type":"ReadAction","target":["https:\/\/www.em.com.br\/emfoco\/2026\/03\/08\/a-nova-tendencia-moda-praia-que-domina-o-verao-2026-e-transforma-qualquer-producao-com-praticidade\/"]}]},{"@type":"ImageObject","inLanguage":"pt-BR","@id":"https:\/\/www.em.com.br\/emfoco\/2026\/03\/08\/a-nova-tendencia-moda-praia-que-domina-o-verao-2026-e-transforma-qualquer-producao-com-praticidade\/#primaryimage","url":"https:\/\/www.em.com.br\/emfoco\/wp-content\/uploads\/2026\/03\/Gemini_Generated_Image_opmmzropmmzropmm-1.png","contentUrl":"https:\/\/www.em.com.br\/emfoco\/wp-content\/uploads\/2026\/03\/Gemini_Generated_Image_opmmzropmmzropmm-1.png","width":1280,"height":720,"caption":"Nas redes sociais, o mai\u00f4 cavado aparece em fotos de viagem, v\u00eddeos de rotina e conte\u00fados de influenciadores de moda e lifestyle"},{"@type":"BreadcrumbList","@id":"https:\/\/www.em.com.br\/emfoco\/2026\/03\/08\/a-nova-tendencia-moda-praia-que-domina-o-verao-2026-e-transforma-qualquer-producao-com-praticidade\/#breadcrumb","itemListElement":[{"@type":"ListItem","position":1,"name":"In\u00edcio","item":"https:\/\/www.em.com.br\/emfoco\/"},{"@type":"ListItem","position":2,"name":"A nova tend\u00eancia moda-praia que domina o ver\u00e3o 2026 e transforma qualquer produ\u00e7\u00e3o com praticidade"}]},{"@type":"WebSite","@id":"https:\/\/www.em.com.br\/emfoco\/#website","url":"https:\/\/www.em.com.br\/emfoco\/","name":"Estado de Minas - Em foco","description":"Acompanhe as \u00faltimas not\u00edcias e fique bem informado sobre tudo o que acontece em Minas Gerais, Brasil e no mundo.","potentialAction":[{"@type":"SearchAction","target":{"@type":"EntryPoint","urlTemplate":"https:\/\/www.em.com.br\/emfoco\/?s={search_term_string}"},"query-input":{"@type":"PropertyValueSpecification","valueRequired":true,"valueName":"search_term_string"}}],"inLanguage":"pt-BR"},{"@type":"Person","@id":"https:\/\/www.em.com.br\/emfoco\/#\/schema\/person\/0a8186d72f2c3a5c6276d90b41f271a0","name":"Daniely Cardoso","image":{"@type":"ImageObject","inLanguage":"pt-BR","@id":"https:\/\/www.em.com.br\/emfoco\/#\/schema\/person\/image\/","url":"https:\/\/secure.gravatar.com\/avatar\/4b80ddbd124d1f071b626d52d62e5dff?s=96&d=mm&r=g","contentUrl":"https:\/\/secure.gravatar.com\/avatar\/4b80ddbd124d1f071b626d52d62e5dff?s=96&d=mm&r=g","caption":"Daniely Cardoso"},"url":"https:\/\/www.em.com.br\/emfoco\/author\/danielymyth\/"}]}},"_links":{"self":[{"href":"https:\/\/www.em.com.br\/emfoco\/wp-json\/wp\/v2\/posts\/178940","targetHints":{"allow":["GET"]}}],"collection":[{"href":"https:\/\/www.em.com.br\/emfoco\/wp-json\/wp\/v2\/posts"}],"about":[{"href":"https:\/\/www.em.com.br\/emfoco\/wp-json\/wp\/v2\/types\/post"}],"author":[{"embeddable":true,"href":"https:\/\/www.em.com.br\/emfoco\/wp-json\/wp\/v2\/users\/9"}],"replies":[{"embeddable":true,"href":"https:\/\/www.em.com.br\/emfoco\/wp-json\/wp\/v2\/comments?post=178940"}],"version-history":[{"count":3,"href":"https:\/\/www.em.com.br\/emfoco\/wp-json\/wp\/v2\/posts\/178940\/revisions"}],"predecessor-version":[{"id":179047,"href":"https:\/\/www.em.com.br\/emfoco\/wp-json\/wp\/v2\/posts\/178940\/revisions\/179047"}],"wp:featuredmedia":[{"embeddable":true,"href":"https:\/\/www.em.com.br\/emfoco\/wp-json\/wp\/v2\/media\/178956"}],"wp:attachment":[{"href":"https:\/\/www.em.com.br\/emfoco\/wp-json\/wp\/v2\/media?parent=178940"}],"wp:term":[{"taxonomy":"category","embeddable":true,"href":"https:\/\/www.em.com.br\/emfoco\/wp-json\/wp\/v2\/categories?post=178940"},{"taxonomy":"post_tag","embeddable":true,"href":"https:\/\/www.em.com.br\/emfoco\/wp-json\/wp\/v2\/tags?post=178940"}],"curies":[{"name":"wp","href":"https:\/\/api.w.org\/{rel}","templated":true}]}}