{"id":178923,"date":"2026-03-08T19:15:03","date_gmt":"2026-03-08T22:15:03","guid":{"rendered":"https:\/\/www.em.com.br\/emfoco\/?p=178923"},"modified":"2026-03-07T18:03:57","modified_gmt":"2026-03-07T21:03:57","slug":"nem-apertada-nem-pesada-como-a-modelagem-larga-virou-o-uniforme-oficial-dos-jovens-brasileiros","status":"publish","type":"post","link":"https:\/\/www.em.com.br\/emfoco\/2026\/03\/08\/nem-apertada-nem-pesada-como-a-modelagem-larga-virou-o-uniforme-oficial-dos-jovens-brasileiros\/","title":{"rendered":"Nem apertada, nem pesada, como a modelagem larga virou o uniforme oficial dos jovens brasileiros"},"content":{"rendered":"\n<p>Voc\u00ea j\u00e1 reparou como, de uns tempos pra c\u00e1, a <strong>cal\u00e7a cargo<\/strong> come\u00e7ou a aparecer em todo lugar, do <b>metr\u00f4<\/b> aos v\u00eddeos nas redes sociais? Em muitas cidades brasileiras, essa pe\u00e7a vem chamando aten\u00e7\u00e3o nas ruas, nos shoppings e no feed, principalmente entre adolescentes e jovens adultos.<\/p>\n\n\n\n<h2 class=\"wp-block-heading\">Por que a cal\u00e7a cargo ganhou tanto espa\u00e7o no ver\u00e3o brasileiro<\/h2>\n\n\n\n<p>A palavra-chave dessa tend\u00eancia \u00e9 <strong>praticidade<\/strong>. A cal\u00e7a cargo, com seus bolsos amplos e modelagens variadas, aparece em looks casuais, produ\u00e7\u00f5es para baladas e at\u00e9 em combina\u00e7\u00f5es mais arrumadas para o <b>trabalho informal<\/b>. Enquanto o jeans tradicional segue firme como pe\u00e7a cl\u00e1ssica, a cargo se destaca por oferecer um ar mais moderno e esportivo, acompanhando o ritmo de quem passa o dia inteiro na <strong>rua quente<\/strong>.<\/p>\n\n\n\n<p>Antes ligada a uniformes e roupas de aventura, a cal\u00e7a cargo foi adotada pelo p\u00fablico jovem como alternativa ao <b>denim b\u00e1sico<\/b>. A principal diferen\u00e7a em rela\u00e7\u00e3o ao jeans tradicional est\u00e1 na <strong>modelagem mais solta<\/strong> e no tecido geralmente mais leve, algo essencial em um ver\u00e3o brasileiro cada vez mais quente. Isso garante sensa\u00e7\u00e3o de frescor maior do que a de cal\u00e7as jeans mais pesadas e <b>justas<\/b>.<\/p>\n\n\n\n<figure class=\"wp-block-embed is-type-rich is-provider-pinterest wp-block-embed-pinterest\"><div class=\"wp-block-embed__wrapper\">\n<iframe loading=\"lazy\" title=\" \" src=\"https:\/\/assets.pinterest.com\/ext\/embed.html?id=3166662233590040&#038;src=oembed\" height=\"699\" width=\"450\" frameborder=\"0\" scrolling=\"no\" ><\/iframe>\n<\/div><\/figure>\n\n\n\n<p>Leia tamb\u00e9m:&nbsp;<a href=\"https:\/\/www.em.com.br\/emfoco\/2026\/02\/26\/moda-verao-2026-as-tendencias-que-unem-glamour-retro-frescor-do-oceano-e-estilo-artesanal\/\" target=\"_blank\" rel=\"noopener\">Moda ver\u00e3o 2026: as tend\u00eancias que unem glamour retr\u00f4, frescor do oceano e estilo artesanal<\/a><\/p>\n\n\n\n<h2 class=\"wp-block-heading\">Como a est\u00e9tica da cal\u00e7a cargo conversa com o estilo dos jovens<\/h2>\n\n\n\n<p>A est\u00e9tica da cal\u00e7a cargo combina com refer\u00eancias de <strong>streetwear<\/strong> e cultura pop, muito presentes no consumo de moda dos jovens conectados. Influenciadores digitais, artistas e criadores de conte\u00fado ajudam a popularizar esse tipo de cal\u00e7a ao montar combina\u00e7\u00f5es com t\u00eanis robustos, regatas, tops e camisetas amplas, criando um visual que parece ao mesmo tempo <b>despojado<\/b> e pensado.<\/p>\n\n\n\n<p>A presen\u00e7a constante nas redes fortalece a percep\u00e7\u00e3o de que a cal\u00e7a cargo pode <strong>substituir o jeans<\/strong> em diversas ocasi\u00f5es do dia a dia. Em v\u00eddeos de \u201cse arrume comigo\u201d, desafios de estilo e fotos de festivais, ela aparece como pe\u00e7a curinga, f\u00e1cil de repetir durante a semana com pequenas mudan\u00e7as de cor, <b>caimento<\/b> ou acess\u00f3rios.<\/p>\n\n\n\n<figure class=\"wp-block-embed is-type-rich is-provider-pinterest wp-block-embed-pinterest\"><div class=\"wp-block-embed__wrapper\">\n<iframe loading=\"lazy\" title=\"Cal\u00e7a Cargo Pantalona Alfaiataria Raquel\" src=\"https:\/\/assets.pinterest.com\/ext\/embed.html?id=305470787272542582&#038;src=oembed\" height=\"899\" width=\"450\" frameborder=\"0\" scrolling=\"no\" ><\/iframe>\n<\/div><\/figure>\n\n\n\n<h2 class=\"wp-block-heading\">Como a cal\u00e7a cargo entra no lugar do jeans no dia a dia<\/h2>\n\n\n\n<p>Na pr\u00e1tica, muitas situa\u00e7\u00f5es em que antes se recorria automaticamente ao <strong>jeans tradicional<\/strong> agora d\u00e3o lugar \u00e0 cal\u00e7a cargo. Para sair \u00e0 noite, ir a festivais, frequentar a faculdade ou trabalhar em ambientes criativos, essa pe\u00e7a virou escolha recorrente, especialmente entre quem preza por <b>conforto<\/b> sem abrir m\u00e3o de estilo.<\/p>\n\n\n\n<p>A variedade de cores \u2014 do bege cl\u00e1ssico aos tons terrosos, passando por verde militar, preto e at\u00e9 vers\u00f5es coloridas \u2014 amplia as possibilidades de uso. Nessas situa\u00e7\u00f5es, a cal\u00e7a cargo assume o papel que o jeans ocupava h\u00e1 d\u00e9cadas: pe\u00e7a curinga, usada v\u00e1rias vezes na semana, mas sempre com algum detalhe que deixa o <strong>look diferente<\/strong> e mais pessoal.<\/p>\n\n\n\n<p>Para voc\u00ea que gosta de moda, separamos um v\u00eddeo do canal da <a href=\"https:\/\/www.youtube.com\/@LucianeCachinski\" target=\"_blank\" rel=\"noreferrer noopener\">Luciane Cachinski<\/a> com dicas para usar a cal\u00e7a cargo independente da idade:<\/p>\n\n\n\n<figure class=\"wp-block-embed is-type-video is-provider-youtube wp-block-embed-youtube wp-embed-aspect-16-9 wp-has-aspect-ratio\"><div class=\"wp-block-embed__wrapper\">\n<div class=\"jeg_video_container jeg_video_content\"><iframe loading=\"lazy\" title=\"Cal\u00e7a Cargo | Tend\u00eancia 2023 para todas as idades\" width=\"500\" height=\"281\" src=\"https:\/\/www.youtube.com\/embed\/SsR_VV34_wo?feature=oembed\" frameborder=\"0\" allow=\"accelerometer; autoplay; clipboard-write; encrypted-media; gyroscope; picture-in-picture; web-share\" referrerpolicy=\"strict-origin-when-cross-origin\" allowfullscreen><\/iframe><\/div>\n<\/div><\/figure>\n\n\n\n<h2 class=\"wp-block-heading\">Principais formas de usar cal\u00e7a cargo em diferentes estilos<\/h2>\n\n\n\n<p>Para quem est\u00e1 come\u00e7ando a usar essa pe\u00e7a, ajuda muito ter em mente alguns tipos de combina\u00e7\u00e3o que j\u00e1 funcionam bem no dia a dia. Abaixo, veja algumas formas simples de inserir a <strong>cal\u00e7a cargo<\/strong> no seu estilo sem esfor\u00e7o, adaptando para o clima, a ocasi\u00e3o e o seu jeito de se vestir, desde algo mais b\u00e1sico at\u00e9 um visual mais <b>noturno<\/b>:<\/p>\n\n\n\n<ul class=\"wp-block-list\">\n<li><strong>Look casual de ver\u00e3o:<\/strong> combina\u00e7\u00e3o com camiseta b\u00e1sica, regata ou cropped e t\u00eanis leve.<\/li>\n\n\n\n<li><strong>Estilo urbano:<\/strong> cal\u00e7a cargo mais larga, camisa aberta por cima da camiseta e bon\u00e9.<\/li>\n\n\n\n<li><strong>Produ\u00e7\u00e3o para noite:<\/strong> cargo em tecido mais estruturado, com camisa ajustada ou top sofisticado e sand\u00e1lias de tiras.<\/li>\n\n\n\n<li><strong>Visual esportivo:<\/strong> uni\u00e3o com pe\u00e7as em malha, jaquetas corta-vento e t\u00eanis esportivos.<\/li>\n<\/ul>\n\n\n\n<figure class=\"wp-block-embed is-type-rich is-provider-pinterest wp-block-embed-pinterest\"><div class=\"wp-block-embed__wrapper\">\n<iframe loading=\"lazy\" title=\"Cal\u00e7a cargo feminina\" src=\"https:\/\/assets.pinterest.com\/ext\/embed.html?id=2040762327852004&#038;src=oembed\" height=\"899\" width=\"450\" frameborder=\"0\" scrolling=\"no\" ><\/iframe>\n<\/div><\/figure>\n\n\n\n<h2 class=\"wp-block-heading\">Quais s\u00e3o as caracter\u00edsticas da cal\u00e7a cargo em alta neste ver\u00e3o<\/h2>\n\n\n\n<p>A tend\u00eancia atual entre os jovens brasileiros destaca a modelagem mais larga, conhecida como <strong>baggy<\/strong> ou wide leg, seguindo o movimento de afastamento das cal\u00e7as extremamente justas. O ajuste concentra-se na cintura, \u00e0s vezes com el\u00e1stico ou cord\u00e3o, deixando a pe\u00e7a mais solta nas <b>pernas<\/b> e garantindo liberdade para caminhar, trabalhar e pegar transporte sem sentir tudo apertando.<\/p>\n\n\n\n<p>Bolsos utilit\u00e1rios nas laterais, tecidos leves como sarja fina ou algod\u00e3o misto e cores neutras \u2014 bege, preto, cinza, verde oliva \u2014 s\u00e3o muito presentes. Barras ajust\u00e1veis com el\u00e1stico ou cord\u00e3o permitem destacar o <strong>t\u00eanis<\/strong> ou a sand\u00e1lia, e muitas marcas apostam em vers\u00f5es unissex, pensadas para diferentes corpos, sem divis\u00e3o r\u00edgida entre masculino e <b>feminino<\/b>.<\/p>\n","protected":false},"excerpt":{"rendered":"<p>Voc\u00ea j\u00e1 reparou como, de uns tempos pra c\u00e1, a cal\u00e7a cargo come\u00e7ou a aparecer em todo lugar, do metr\u00f4 aos v\u00eddeos nas redes sociais? Em muitas cidades brasileiras, essa pe\u00e7a vem chamando aten\u00e7\u00e3o nas ruas, nos shoppings e no feed, principalmente entre adolescentes e jovens adultos. Por que a cal\u00e7a cargo ganhou tanto espa\u00e7o [&hellip;]<\/p>\n","protected":false},"author":9,"featured_media":178933,"comment_status":"open","ping_status":"open","sticky":false,"template":"","format":"standard","meta":{"jnews-multi-image_gallery":[],"jnews_single_post":{"format":"standard"},"jnews_primary_category":[],"jnews_social_meta":[],"jnews_override_counter":[],"footnotes":""},"categories":[8819,1],"tags":[22121,2616,6144,4977],"class_list":["post-178923","post","type-post","status-publish","format-standard","has-post-thumbnail","hentry","category-curiosidades","category-noticias","tag-auto-cuidado","tag-beleza","tag-jeans","tag-moda"],"yoast_head":"<!-- This site is optimized with the Yoast SEO plugin v23.8 - https:\/\/yoast.com\/wordpress\/plugins\/seo\/ -->\n<title>Nem apertada, nem pesada, como a modelagem larga virou o uniforme oficial dos jovens brasileiros - Estado de Minas - Em foco<\/title>\n<meta name=\"description\" content=\"Descubra por que a cal\u00e7a cargo virou a favorita dos jovens e como ela substitui o jeans com muito estilo\" \/>\n<meta name=\"robots\" content=\"index, follow, max-snippet:-1, max-image-preview:large, max-video-preview:-1\" \/>\n<link rel=\"canonical\" href=\"https:\/\/www.em.com.br\/emfoco\/2026\/03\/08\/nem-apertada-nem-pesada-como-a-modelagem-larga-virou-o-uniforme-oficial-dos-jovens-brasileiros\/\" \/>\n<meta property=\"og:locale\" content=\"pt_BR\" \/>\n<meta property=\"og:type\" content=\"article\" \/>\n<meta property=\"og:title\" content=\"Nem apertada, nem pesada, como a modelagem larga virou o uniforme oficial dos jovens brasileiros - Estado de Minas - Em foco\" \/>\n<meta property=\"og:description\" content=\"Descubra por que a cal\u00e7a cargo virou a favorita dos jovens e como ela substitui o jeans com muito estilo\" \/>\n<meta property=\"og:url\" content=\"https:\/\/www.em.com.br\/emfoco\/2026\/03\/08\/nem-apertada-nem-pesada-como-a-modelagem-larga-virou-o-uniforme-oficial-dos-jovens-brasileiros\/\" \/>\n<meta property=\"og:site_name\" content=\"Estado de Minas - Em foco\" \/>\n<meta property=\"article:published_time\" content=\"2026-03-08T22:15:03+00:00\" \/>\n<meta property=\"article:modified_time\" content=\"2026-03-07T21:03:57+00:00\" \/>\n<meta property=\"og:image\" content=\"https:\/\/www.em.com.br\/emfoco\/wp-content\/uploads\/2026\/03\/Gemini_Generated_Image_4kz1k24kz1k24kz1-2.png\" \/>\n\t<meta property=\"og:image:width\" content=\"1280\" \/>\n\t<meta property=\"og:image:height\" content=\"720\" \/>\n\t<meta property=\"og:image:type\" content=\"image\/png\" \/>\n<meta name=\"author\" content=\"Daniely Cardoso\" \/>\n<meta name=\"twitter:card\" content=\"summary_large_image\" \/>\n<meta name=\"twitter:label1\" content=\"Escrito por\" \/>\n\t<meta name=\"twitter:data1\" content=\"Daniely Cardoso\" \/>\n\t<meta name=\"twitter:label2\" content=\"Est. tempo de leitura\" \/>\n\t<meta name=\"twitter:data2\" content=\"5 minutos\" \/>\n<!-- \/ Yoast SEO plugin. -->","yoast_head_json":{"title":"Nem apertada, nem pesada, como a modelagem larga virou o uniforme oficial dos jovens brasileiros - Estado de Minas - Em foco","description":"Descubra por que a cal\u00e7a cargo virou a favorita dos jovens e como ela substitui o jeans com muito estilo","robots":{"index":"index","follow":"follow","max-snippet":"max-snippet:-1","max-image-preview":"max-image-preview:large","max-video-preview":"max-video-preview:-1"},"canonical":"https:\/\/www.em.com.br\/emfoco\/2026\/03\/08\/nem-apertada-nem-pesada-como-a-modelagem-larga-virou-o-uniforme-oficial-dos-jovens-brasileiros\/","og_locale":"pt_BR","og_type":"article","og_title":"Nem apertada, nem pesada, como a modelagem larga virou o uniforme oficial dos jovens brasileiros - Estado de Minas - Em foco","og_description":"Descubra por que a cal\u00e7a cargo virou a favorita dos jovens e como ela substitui o jeans com muito estilo","og_url":"https:\/\/www.em.com.br\/emfoco\/2026\/03\/08\/nem-apertada-nem-pesada-como-a-modelagem-larga-virou-o-uniforme-oficial-dos-jovens-brasileiros\/","og_site_name":"Estado de Minas - Em foco","article_published_time":"2026-03-08T22:15:03+00:00","article_modified_time":"2026-03-07T21:03:57+00:00","og_image":[{"width":1280,"height":720,"url":"https:\/\/www.em.com.br\/emfoco\/wp-content\/uploads\/2026\/03\/Gemini_Generated_Image_4kz1k24kz1k24kz1-2.png","type":"image\/png"}],"author":"Daniely Cardoso","twitter_card":"summary_large_image","twitter_misc":{"Escrito por":"Daniely Cardoso","Est. tempo de leitura":"5 minutos"},"schema":{"@context":"https:\/\/schema.org","@graph":[{"@type":"WebPage","@id":"https:\/\/www.em.com.br\/emfoco\/2026\/03\/08\/nem-apertada-nem-pesada-como-a-modelagem-larga-virou-o-uniforme-oficial-dos-jovens-brasileiros\/","url":"https:\/\/www.em.com.br\/emfoco\/2026\/03\/08\/nem-apertada-nem-pesada-como-a-modelagem-larga-virou-o-uniforme-oficial-dos-jovens-brasileiros\/","name":"Nem apertada, nem pesada, como a modelagem larga virou o uniforme oficial dos jovens brasileiros - Estado de Minas - Em foco","isPartOf":{"@id":"https:\/\/www.em.com.br\/emfoco\/#website"},"primaryImageOfPage":{"@id":"https:\/\/www.em.com.br\/emfoco\/2026\/03\/08\/nem-apertada-nem-pesada-como-a-modelagem-larga-virou-o-uniforme-oficial-dos-jovens-brasileiros\/#primaryimage"},"image":{"@id":"https:\/\/www.em.com.br\/emfoco\/2026\/03\/08\/nem-apertada-nem-pesada-como-a-modelagem-larga-virou-o-uniforme-oficial-dos-jovens-brasileiros\/#primaryimage"},"thumbnailUrl":"https:\/\/www.em.com.br\/emfoco\/wp-content\/uploads\/2026\/03\/Gemini_Generated_Image_4kz1k24kz1k24kz1-2.png","datePublished":"2026-03-08T22:15:03+00:00","dateModified":"2026-03-07T21:03:57+00:00","author":{"@id":"https:\/\/www.em.com.br\/emfoco\/#\/schema\/person\/0a8186d72f2c3a5c6276d90b41f271a0"},"description":"Descubra por que a cal\u00e7a cargo virou a favorita dos jovens e como ela substitui o jeans com muito estilo","breadcrumb":{"@id":"https:\/\/www.em.com.br\/emfoco\/2026\/03\/08\/nem-apertada-nem-pesada-como-a-modelagem-larga-virou-o-uniforme-oficial-dos-jovens-brasileiros\/#breadcrumb"},"inLanguage":"pt-BR","potentialAction":[{"@type":"ReadAction","target":["https:\/\/www.em.com.br\/emfoco\/2026\/03\/08\/nem-apertada-nem-pesada-como-a-modelagem-larga-virou-o-uniforme-oficial-dos-jovens-brasileiros\/"]}]},{"@type":"ImageObject","inLanguage":"pt-BR","@id":"https:\/\/www.em.com.br\/emfoco\/2026\/03\/08\/nem-apertada-nem-pesada-como-a-modelagem-larga-virou-o-uniforme-oficial-dos-jovens-brasileiros\/#primaryimage","url":"https:\/\/www.em.com.br\/emfoco\/wp-content\/uploads\/2026\/03\/Gemini_Generated_Image_4kz1k24kz1k24kz1-2.png","contentUrl":"https:\/\/www.em.com.br\/emfoco\/wp-content\/uploads\/2026\/03\/Gemini_Generated_Image_4kz1k24kz1k24kz1-2.png","width":1280,"height":720,"caption":"Antes ligada a uniformes e roupas de aventura, a cal\u00e7a cargo foi adotada pelo p\u00fablico jovem como alternativa ao denim b\u00e1sico"},{"@type":"BreadcrumbList","@id":"https:\/\/www.em.com.br\/emfoco\/2026\/03\/08\/nem-apertada-nem-pesada-como-a-modelagem-larga-virou-o-uniforme-oficial-dos-jovens-brasileiros\/#breadcrumb","itemListElement":[{"@type":"ListItem","position":1,"name":"In\u00edcio","item":"https:\/\/www.em.com.br\/emfoco\/"},{"@type":"ListItem","position":2,"name":"Nem apertada, nem pesada, como a modelagem larga virou o uniforme oficial dos jovens brasileiros"}]},{"@type":"WebSite","@id":"https:\/\/www.em.com.br\/emfoco\/#website","url":"https:\/\/www.em.com.br\/emfoco\/","name":"Estado de Minas - Em foco","description":"Acompanhe as \u00faltimas not\u00edcias e fique bem informado sobre tudo o que acontece em Minas Gerais, Brasil e no mundo.","potentialAction":[{"@type":"SearchAction","target":{"@type":"EntryPoint","urlTemplate":"https:\/\/www.em.com.br\/emfoco\/?s={search_term_string}"},"query-input":{"@type":"PropertyValueSpecification","valueRequired":true,"valueName":"search_term_string"}}],"inLanguage":"pt-BR"},{"@type":"Person","@id":"https:\/\/www.em.com.br\/emfoco\/#\/schema\/person\/0a8186d72f2c3a5c6276d90b41f271a0","name":"Daniely Cardoso","image":{"@type":"ImageObject","inLanguage":"pt-BR","@id":"https:\/\/www.em.com.br\/emfoco\/#\/schema\/person\/image\/","url":"https:\/\/secure.gravatar.com\/avatar\/4b80ddbd124d1f071b626d52d62e5dff?s=96&d=mm&r=g","contentUrl":"https:\/\/secure.gravatar.com\/avatar\/4b80ddbd124d1f071b626d52d62e5dff?s=96&d=mm&r=g","caption":"Daniely Cardoso"},"url":"https:\/\/www.em.com.br\/emfoco\/author\/danielymyth\/"}]}},"_links":{"self":[{"href":"https:\/\/www.em.com.br\/emfoco\/wp-json\/wp\/v2\/posts\/178923","targetHints":{"allow":["GET"]}}],"collection":[{"href":"https:\/\/www.em.com.br\/emfoco\/wp-json\/wp\/v2\/posts"}],"about":[{"href":"https:\/\/www.em.com.br\/emfoco\/wp-json\/wp\/v2\/types\/post"}],"author":[{"embeddable":true,"href":"https:\/\/www.em.com.br\/emfoco\/wp-json\/wp\/v2\/users\/9"}],"replies":[{"embeddable":true,"href":"https:\/\/www.em.com.br\/emfoco\/wp-json\/wp\/v2\/comments?post=178923"}],"version-history":[{"count":2,"href":"https:\/\/www.em.com.br\/emfoco\/wp-json\/wp\/v2\/posts\/178923\/revisions"}],"predecessor-version":[{"id":178934,"href":"https:\/\/www.em.com.br\/emfoco\/wp-json\/wp\/v2\/posts\/178923\/revisions\/178934"}],"wp:featuredmedia":[{"embeddable":true,"href":"https:\/\/www.em.com.br\/emfoco\/wp-json\/wp\/v2\/media\/178933"}],"wp:attachment":[{"href":"https:\/\/www.em.com.br\/emfoco\/wp-json\/wp\/v2\/media?parent=178923"}],"wp:term":[{"taxonomy":"category","embeddable":true,"href":"https:\/\/www.em.com.br\/emfoco\/wp-json\/wp\/v2\/categories?post=178923"},{"taxonomy":"post_tag","embeddable":true,"href":"https:\/\/www.em.com.br\/emfoco\/wp-json\/wp\/v2\/tags?post=178923"}],"curies":[{"name":"wp","href":"https:\/\/api.w.org\/{rel}","templated":true}]}}