{"id":178903,"date":"2026-03-08T15:45:41","date_gmt":"2026-03-08T18:45:41","guid":{"rendered":"https:\/\/www.em.com.br\/emfoco\/?p=178903"},"modified":"2026-03-07T16:39:29","modified_gmt":"2026-03-07T19:39:29","slug":"as-5-plantas-que-florescem-sozinhas-e-sao-perfeitas-para-quem-nao-tem-tempo-de-cuidar-de-jardim","status":"publish","type":"post","link":"https:\/\/www.em.com.br\/emfoco\/2026\/03\/08\/as-5-plantas-que-florescem-sozinhas-e-sao-perfeitas-para-quem-nao-tem-tempo-de-cuidar-de-jardim\/","title":{"rendered":"As 5 plantas que florescem sozinhas e s\u00e3o perfeitas para quem n\u00e3o tem tempo de cuidar de jardim"},"content":{"rendered":"\n<p>Imagine chegar em casa depois de um dia cheio e ser recebido por vasos cheios de flores, mesmo sem ter muito tempo para cuidar delas. As <strong>plantas ornamentais<\/strong> que florescem com facilidade t\u00eam conquistado espa\u00e7o em apartamentos, casas e at\u00e9 escrit\u00f3rios justamente por isso: elas trazem cor, leveza e bem-estar, pedindo poucos cuidados no dia a dia.<\/p>\n\n\n\n<h2 class=\"wp-block-heading\">O que \u00e9 uma planta ornamental que floresce facilmente<\/h2>\n\n\n\n<p>A principal caracter\u00edstica de uma <strong>planta ornamental<\/strong> que floresce facilmente \u00e9 produzir flores em ciclos regulares, sem exigir t\u00e9cnicas avan\u00e7adas ou muita experi\u00eancia. Em geral, essas esp\u00e9cies suportam bem varia\u00e7\u00f5es moderadas de temperatura, adaptam-se a <strong>vasos e jardineiras<\/strong> e n\u00e3o precisam de aduba\u00e7\u00e3o constante para continuar bonitas.<\/p>\n\n\n\n<p>Outro ponto \u00e9 a <strong>rusticidade e resist\u00eancia<\/strong>: essas plantas aguentam pequenos deslizes de rega, solos n\u00e3o t\u00e3o f\u00e9rteis e at\u00e9 per\u00edodos curtos de descuido. Mesmo assim, vale observar o b\u00e1sico, como boa drenagem do vaso, tipo de substrato adequado e um cantinho com <strong>luz apropriada<\/strong> para a esp\u00e9cie escolhida.<\/p>\n\n\n\n<figure class=\"wp-block-embed is-type-rich is-provider-pinterest wp-block-embed-pinterest\"><div class=\"wp-block-embed__wrapper\">\n<iframe loading=\"lazy\" title=\"\ud83d\udc90As Kalanchoes s\u00e3o plantas encantadoras e vers\u00e1teis, conhecidas por suas folhas suculentas e flores vibrantes. Neste v\u00eddeo, vou compartilhar informa\u00e7\u00f5es valiosas sobre como realizar a poda correta para manter suas Kalanchoes saud\u00e1veis. \u2702\ufe0f\ud83c\udf38 Deixe sua casa mais verde com a Plantei!!!\ud83c\udf33 #kalanchoe #poda #jardinagem #lojaplantei\" src=\"https:\/\/assets.pinterest.com\/ext\/embed.html?id=211174977521826&#038;src=oembed\" height=\"899\" width=\"450\" frameborder=\"0\" scrolling=\"no\" ><\/iframe>\n<\/div><\/figure>\n\n\n\n<p>Leia tamb\u00e9m:&nbsp;<a href=\"https:\/\/www.em.com.br\/emfoco\/2026\/03\/07\/o-erro-na-poda-que-pode-deixar-sua-hortensia-um-ano-inteiro-sem-flores\/\" target=\"_blank\" rel=\"noopener\">O erro na poda que pode deixar sua hort\u00eansia um ano inteiro sem flores<\/a><\/p>\n\n\n\n<h2 class=\"wp-block-heading\">Quais s\u00e3o as plantas ornamentais que florescem com mais facilidade<\/h2>\n\n\n\n<p>Entre as op\u00e7\u00f5es de <strong>plantas f\u00e1ceis<\/strong> de cuidar, algumas esp\u00e9cies se tornaram queridinhas em ambientes residenciais e comerciais. Elas combinam flora\u00e7\u00e3o bonita com manuten\u00e7\u00e3o simples, funcionando bem tanto em \u00e1reas internas claras quanto em <strong>jardins externos<\/strong> ensolarados.<\/p>\n\n\n\n<ul class=\"wp-block-list\">\n<li><strong>Kalanchoe (flor-da-fortuna)<\/strong>: suculenta de pequeno porte, muito usada em vasos. Floresce em tons de vermelho, amarelo, rosa e branco, e vai bem em ambientes internos com boa luz indireta.<\/li>\n\n\n\n<li><strong>Vinca (boa-noite)<\/strong>: produz flores quase o ano todo em climas quentes. Tolera sol pleno, calor e per\u00edodos curtos de seca, \u00f3tima para canteiros e jardineiras.<\/li>\n\n\n\n<li><strong>Onze-horas (Portulaca)<\/strong>: famosa pela florada intensa em dias ensolarados. Gosta de sol direto, solo bem drenado e \u00e9 perfeita para bordaduras e vasos rasos.<\/li>\n<\/ul>\n\n\n\n<figure class=\"wp-block-embed is-type-rich is-provider-pinterest wp-block-embed-pinterest\"><div class=\"wp-block-embed__wrapper\">\n<iframe loading=\"lazy\" title=\"#flowers #vinca\" src=\"https:\/\/assets.pinterest.com\/ext\/embed.html?id=7810999348558059&#038;src=oembed\" height=\"898\" width=\"450\" frameborder=\"0\" scrolling=\"no\" ><\/iframe>\n<\/div><\/figure>\n\n\n\n<ul class=\"wp-block-list\">\n<li><strong>Ger\u00e2nio<\/strong>: muito usado em varandas e janelas, adora sol e responde bem a podas leves, que estimulam novas brota\u00e7\u00f5es e mais <strong>flores coloridas<\/strong>.<\/li>\n\n\n\n<li><strong>Ant\u00fario e l\u00edrio-da-paz<\/strong>: ideais para interiores iluminados, sem sol forte direto. Podem florir por longos per\u00edodos e deixam o ambiente mais <strong>aconchegante e elegante<\/strong>.<\/li>\n<\/ul>\n\n\n\n<figure class=\"wp-block-embed is-type-rich is-provider-pinterest wp-block-embed-pinterest\"><div class=\"wp-block-embed__wrapper\">\n<iframe loading=\"lazy\" title=\"Plants - Portulaca Flower Plant\" src=\"https:\/\/assets.pinterest.com\/ext\/embed.html?id=4292562140767279&#038;src=oembed\" height=\"663\" width=\"450\" frameborder=\"0\" scrolling=\"no\" ><\/iframe>\n<\/div><\/figure>\n\n\n\n<h2 class=\"wp-block-heading\">Como cuidar de uma planta ornamental que floresce facilmente no cotidiano<\/h2>\n\n\n\n<p>Mesmo sendo conhecidas como \u201cplantas que n\u00e3o d\u00e3o trabalho\u201d, elas ainda precisam de alguns cuidados simples. O primeiro \u00e9 a <strong>luminosidade correta<\/strong>: a maioria das plantas que florescem bem precisa de bastante luz, seja pr\u00f3xima a janelas claras ou em um cantinho de sol filtrado. Observar se a esp\u00e9cie prefere sol pleno ou meia-sombra faz muita diferen\u00e7a na flora\u00e7\u00e3o.<\/p>\n\n\n\n<p>A rega tamb\u00e9m \u00e9 decisiva, e o maior erro costuma ser o <strong>excesso de \u00e1gua<\/strong>. Uma dica pr\u00e1tica \u00e9 colocar o dedo no substrato: se a parte de cima estiver seca, \u00e9 hora de regar; se ainda estiver \u00famida, espere mais um pouco. Vasos com furos e camada de drenagem ajudam a evitar encharcamento e protegem as <strong>ra\u00edzes sens\u00edveis<\/strong>.<\/p>\n\n\n\n<p>Para voc\u00ea que gosta de plantar, separamos um v\u00eddeo do canal <a href=\"https:\/\/www.youtube.com\/@vidanojardim\" target=\"_blank\" rel=\"noreferrer noopener\">Vida no Jardim<\/a> com dicas de plantas ornamentais:<\/p>\n\n\n\n<figure class=\"wp-block-embed is-type-video is-provider-youtube wp-block-embed-youtube wp-embed-aspect-16-9 wp-has-aspect-ratio\"><div class=\"wp-block-embed__wrapper\">\n<div class=\"jeg_video_container jeg_video_content\"><iframe loading=\"lazy\" title=\"O que sa\u0303o plantas ornamentais\" width=\"500\" height=\"281\" src=\"https:\/\/www.youtube.com\/embed\/IEsNCQc2ttk?feature=oembed\" frameborder=\"0\" allow=\"accelerometer; autoplay; clipboard-write; encrypted-media; gyroscope; picture-in-picture; web-share\" referrerpolicy=\"strict-origin-when-cross-origin\" allowfullscreen><\/iframe><\/div>\n<\/div><\/figure>\n\n\n\n<h2 class=\"wp-block-heading\">Quais cuidados extras ajudam a prolongar a flora\u00e7\u00e3o<\/h2>\n\n\n\n<p>Para que uma <strong>planta de baixa<\/strong> manuten\u00e7\u00e3o continue florindo com frequ\u00eancia, alguns cuidados extras fazem toda a diferen\u00e7a. Uma aduba\u00e7\u00e3o leve, a cada dois ou tr\u00eas meses, rep\u00f5e os nutrientes que o substrato perde com o tempo e mant\u00e9m a cor e o vigor das flores, sem exigir grandes conhecimentos de <strong>jardinagem t\u00e9cnica<\/strong>.<\/p>\n\n\n\n<p>Nesse momento, vale prestar aten\u00e7\u00e3o em alguns gestos simples que ajudam a planta a se manter bonita por muito mais tempo:<\/p>\n\n\n\n<ol class=\"wp-block-list\">\n<li><strong>Renovar o substrato<\/strong> a cada um ou dois anos, principalmente em vasos menores, para garantir que as ra\u00edzes tenham espa\u00e7o e nutrientes.<\/li>\n\n\n\n<li><strong>Realizar podas de limpeza<\/strong>, retirando flores secas e ramos doentes, estimulando novas brota\u00e7\u00f5es e flora\u00e7\u00f5es.<\/li>\n\n\n\n<li><strong>Rodiziar o vaso<\/strong> de tempos em tempos para que toda a planta receba luz de forma equilibrada e cres\u00e7a mais harmoniosa.<\/li>\n\n\n\n<li><strong>Proteger de ventos fortes<\/strong>, que podem quebrar ramos floridos, ressecar bot\u00f5es e prejudicar a apar\u00eancia geral.<\/li>\n\n\n\n<li><strong>Respeitar o ciclo natural<\/strong>, aceitando per\u00edodos de descanso entre uma flora\u00e7\u00e3o e outra, sem exagerar na \u00e1gua ou no adubo.<\/li>\n<\/ol>\n\n\n\n<figure class=\"wp-block-embed is-type-rich is-provider-pinterest wp-block-embed-pinterest\"><div class=\"wp-block-embed__wrapper\">\n<iframe loading=\"lazy\" title=\" \" src=\"https:\/\/assets.pinterest.com\/ext\/embed.html?id=18084835997708461&#038;src=oembed\" height=\"756\" width=\"450\" frameborder=\"0\" scrolling=\"no\" ><\/iframe>\n<\/div><\/figure>\n\n\n\n<p>Com esses cuidados simples e um pouco de observa\u00e7\u00e3o atenta, qualquer pessoa consegue montar um pequeno <strong>jardim funcional<\/strong>, mesmo em espa\u00e7os reduzidos. Assim, a rotina corrida n\u00e3o impede que a casa ou o escrit\u00f3rio tenham mais cor, leveza e um toque de natureza todos os dias com <strong>flores ao alcance<\/strong>.<\/p>\n","protected":false},"excerpt":{"rendered":"<p>Imagine chegar em casa depois de um dia cheio e ser recebido por vasos cheios de flores, mesmo sem ter muito tempo para cuidar delas. As plantas ornamentais que florescem com facilidade t\u00eam conquistado espa\u00e7o em apartamentos, casas e at\u00e9 escrit\u00f3rios justamente por isso: elas trazem cor, leveza e bem-estar, pedindo poucos cuidados no dia [&hellip;]<\/p>\n","protected":false},"author":9,"featured_media":178910,"comment_status":"open","ping_status":"open","sticky":false,"template":"","format":"standard","meta":{"jnews-multi-image_gallery":[],"jnews_single_post":{"format":"standard"},"jnews_primary_category":[],"jnews_social_meta":[],"jnews_override_counter":[],"footnotes":""},"categories":[8691,1],"tags":[7701,3357,3325,7599],"class_list":["post-178903","post","type-post","status-publish","format-standard","has-post-thumbnail","hentry","category-bem-estar","category-noticias","tag-como-plantar","tag-flores","tag-jardim","tag-planta-ornamental"],"yoast_head":"<!-- This site is optimized with the Yoast SEO plugin v23.8 - https:\/\/yoast.com\/wordpress\/plugins\/seo\/ -->\n<title>As 5 plantas que florescem sozinhas e s\u00e3o perfeitas para quem n\u00e3o tem tempo de cuidar de jardim - Estado de Minas - Em foco<\/title>\n<meta name=\"description\" content=\"Tenha flores lindas em casa sem ter trabalho. Conhe\u00e7a as esp\u00e9cies mais resistentes para decorar seu lar com facilidade\" \/>\n<meta name=\"robots\" content=\"index, follow, max-snippet:-1, max-image-preview:large, max-video-preview:-1\" \/>\n<link rel=\"canonical\" href=\"https:\/\/www.em.com.br\/emfoco\/2026\/03\/08\/as-5-plantas-que-florescem-sozinhas-e-sao-perfeitas-para-quem-nao-tem-tempo-de-cuidar-de-jardim\/\" \/>\n<meta property=\"og:locale\" content=\"pt_BR\" \/>\n<meta property=\"og:type\" content=\"article\" \/>\n<meta property=\"og:title\" content=\"As 5 plantas que florescem sozinhas e s\u00e3o perfeitas para quem n\u00e3o tem tempo de cuidar de jardim - Estado de Minas - Em foco\" \/>\n<meta property=\"og:description\" content=\"Tenha flores lindas em casa sem ter trabalho. Conhe\u00e7a as esp\u00e9cies mais resistentes para decorar seu lar com facilidade\" \/>\n<meta property=\"og:url\" content=\"https:\/\/www.em.com.br\/emfoco\/2026\/03\/08\/as-5-plantas-que-florescem-sozinhas-e-sao-perfeitas-para-quem-nao-tem-tempo-de-cuidar-de-jardim\/\" \/>\n<meta property=\"og:site_name\" content=\"Estado de Minas - Em foco\" \/>\n<meta property=\"article:published_time\" content=\"2026-03-08T18:45:41+00:00\" \/>\n<meta property=\"article:modified_time\" content=\"2026-03-07T19:39:29+00:00\" \/>\n<meta property=\"og:image\" content=\"https:\/\/www.em.com.br\/emfoco\/wp-content\/uploads\/2026\/03\/Gemini_Generated_Image_p8ujg0p8ujg0p8uj-1.png\" \/>\n\t<meta property=\"og:image:width\" content=\"1280\" \/>\n\t<meta property=\"og:image:height\" content=\"720\" \/>\n\t<meta property=\"og:image:type\" content=\"image\/png\" \/>\n<meta name=\"author\" content=\"Daniely Cardoso\" \/>\n<meta name=\"twitter:card\" content=\"summary_large_image\" \/>\n<meta name=\"twitter:label1\" content=\"Escrito por\" \/>\n\t<meta name=\"twitter:data1\" content=\"Daniely Cardoso\" \/>\n\t<meta name=\"twitter:label2\" content=\"Est. tempo de leitura\" \/>\n\t<meta name=\"twitter:data2\" content=\"5 minutos\" \/>\n<!-- \/ Yoast SEO plugin. -->","yoast_head_json":{"title":"As 5 plantas que florescem sozinhas e s\u00e3o perfeitas para quem n\u00e3o tem tempo de cuidar de jardim - Estado de Minas - Em foco","description":"Tenha flores lindas em casa sem ter trabalho. Conhe\u00e7a as esp\u00e9cies mais resistentes para decorar seu lar com facilidade","robots":{"index":"index","follow":"follow","max-snippet":"max-snippet:-1","max-image-preview":"max-image-preview:large","max-video-preview":"max-video-preview:-1"},"canonical":"https:\/\/www.em.com.br\/emfoco\/2026\/03\/08\/as-5-plantas-que-florescem-sozinhas-e-sao-perfeitas-para-quem-nao-tem-tempo-de-cuidar-de-jardim\/","og_locale":"pt_BR","og_type":"article","og_title":"As 5 plantas que florescem sozinhas e s\u00e3o perfeitas para quem n\u00e3o tem tempo de cuidar de jardim - Estado de Minas - Em foco","og_description":"Tenha flores lindas em casa sem ter trabalho. Conhe\u00e7a as esp\u00e9cies mais resistentes para decorar seu lar com facilidade","og_url":"https:\/\/www.em.com.br\/emfoco\/2026\/03\/08\/as-5-plantas-que-florescem-sozinhas-e-sao-perfeitas-para-quem-nao-tem-tempo-de-cuidar-de-jardim\/","og_site_name":"Estado de Minas - Em foco","article_published_time":"2026-03-08T18:45:41+00:00","article_modified_time":"2026-03-07T19:39:29+00:00","og_image":[{"width":1280,"height":720,"url":"https:\/\/www.em.com.br\/emfoco\/wp-content\/uploads\/2026\/03\/Gemini_Generated_Image_p8ujg0p8ujg0p8uj-1.png","type":"image\/png"}],"author":"Daniely Cardoso","twitter_card":"summary_large_image","twitter_misc":{"Escrito por":"Daniely Cardoso","Est. tempo de leitura":"5 minutos"},"schema":{"@context":"https:\/\/schema.org","@graph":[{"@type":"WebPage","@id":"https:\/\/www.em.com.br\/emfoco\/2026\/03\/08\/as-5-plantas-que-florescem-sozinhas-e-sao-perfeitas-para-quem-nao-tem-tempo-de-cuidar-de-jardim\/","url":"https:\/\/www.em.com.br\/emfoco\/2026\/03\/08\/as-5-plantas-que-florescem-sozinhas-e-sao-perfeitas-para-quem-nao-tem-tempo-de-cuidar-de-jardim\/","name":"As 5 plantas que florescem sozinhas e s\u00e3o perfeitas para quem n\u00e3o tem tempo de cuidar de jardim - Estado de Minas - Em foco","isPartOf":{"@id":"https:\/\/www.em.com.br\/emfoco\/#website"},"primaryImageOfPage":{"@id":"https:\/\/www.em.com.br\/emfoco\/2026\/03\/08\/as-5-plantas-que-florescem-sozinhas-e-sao-perfeitas-para-quem-nao-tem-tempo-de-cuidar-de-jardim\/#primaryimage"},"image":{"@id":"https:\/\/www.em.com.br\/emfoco\/2026\/03\/08\/as-5-plantas-que-florescem-sozinhas-e-sao-perfeitas-para-quem-nao-tem-tempo-de-cuidar-de-jardim\/#primaryimage"},"thumbnailUrl":"https:\/\/www.em.com.br\/emfoco\/wp-content\/uploads\/2026\/03\/Gemini_Generated_Image_p8ujg0p8ujg0p8uj-1.png","datePublished":"2026-03-08T18:45:41+00:00","dateModified":"2026-03-07T19:39:29+00:00","author":{"@id":"https:\/\/www.em.com.br\/emfoco\/#\/schema\/person\/0a8186d72f2c3a5c6276d90b41f271a0"},"description":"Tenha flores lindas em casa sem ter trabalho. Conhe\u00e7a as esp\u00e9cies mais resistentes para decorar seu lar com facilidade","breadcrumb":{"@id":"https:\/\/www.em.com.br\/emfoco\/2026\/03\/08\/as-5-plantas-que-florescem-sozinhas-e-sao-perfeitas-para-quem-nao-tem-tempo-de-cuidar-de-jardim\/#breadcrumb"},"inLanguage":"pt-BR","potentialAction":[{"@type":"ReadAction","target":["https:\/\/www.em.com.br\/emfoco\/2026\/03\/08\/as-5-plantas-que-florescem-sozinhas-e-sao-perfeitas-para-quem-nao-tem-tempo-de-cuidar-de-jardim\/"]}]},{"@type":"ImageObject","inLanguage":"pt-BR","@id":"https:\/\/www.em.com.br\/emfoco\/2026\/03\/08\/as-5-plantas-que-florescem-sozinhas-e-sao-perfeitas-para-quem-nao-tem-tempo-de-cuidar-de-jardim\/#primaryimage","url":"https:\/\/www.em.com.br\/emfoco\/wp-content\/uploads\/2026\/03\/Gemini_Generated_Image_p8ujg0p8ujg0p8uj-1.png","contentUrl":"https:\/\/www.em.com.br\/emfoco\/wp-content\/uploads\/2026\/03\/Gemini_Generated_Image_p8ujg0p8ujg0p8uj-1.png","width":1280,"height":720,"caption":"Outro ponto \u00e9 a rusticidade e resist\u00eancia: essas plantas aguentam pequenos deslizes de rega,"},{"@type":"BreadcrumbList","@id":"https:\/\/www.em.com.br\/emfoco\/2026\/03\/08\/as-5-plantas-que-florescem-sozinhas-e-sao-perfeitas-para-quem-nao-tem-tempo-de-cuidar-de-jardim\/#breadcrumb","itemListElement":[{"@type":"ListItem","position":1,"name":"In\u00edcio","item":"https:\/\/www.em.com.br\/emfoco\/"},{"@type":"ListItem","position":2,"name":"As 5 plantas que florescem sozinhas e s\u00e3o perfeitas para quem n\u00e3o tem tempo de cuidar de jardim"}]},{"@type":"WebSite","@id":"https:\/\/www.em.com.br\/emfoco\/#website","url":"https:\/\/www.em.com.br\/emfoco\/","name":"Estado de Minas - Em foco","description":"Acompanhe as \u00faltimas not\u00edcias e fique bem informado sobre tudo o que acontece em Minas Gerais, Brasil e no mundo.","potentialAction":[{"@type":"SearchAction","target":{"@type":"EntryPoint","urlTemplate":"https:\/\/www.em.com.br\/emfoco\/?s={search_term_string}"},"query-input":{"@type":"PropertyValueSpecification","valueRequired":true,"valueName":"search_term_string"}}],"inLanguage":"pt-BR"},{"@type":"Person","@id":"https:\/\/www.em.com.br\/emfoco\/#\/schema\/person\/0a8186d72f2c3a5c6276d90b41f271a0","name":"Daniely Cardoso","image":{"@type":"ImageObject","inLanguage":"pt-BR","@id":"https:\/\/www.em.com.br\/emfoco\/#\/schema\/person\/image\/","url":"https:\/\/secure.gravatar.com\/avatar\/4b80ddbd124d1f071b626d52d62e5dff?s=96&d=mm&r=g","contentUrl":"https:\/\/secure.gravatar.com\/avatar\/4b80ddbd124d1f071b626d52d62e5dff?s=96&d=mm&r=g","caption":"Daniely Cardoso"},"url":"https:\/\/www.em.com.br\/emfoco\/author\/danielymyth\/"}]}},"_links":{"self":[{"href":"https:\/\/www.em.com.br\/emfoco\/wp-json\/wp\/v2\/posts\/178903","targetHints":{"allow":["GET"]}}],"collection":[{"href":"https:\/\/www.em.com.br\/emfoco\/wp-json\/wp\/v2\/posts"}],"about":[{"href":"https:\/\/www.em.com.br\/emfoco\/wp-json\/wp\/v2\/types\/post"}],"author":[{"embeddable":true,"href":"https:\/\/www.em.com.br\/emfoco\/wp-json\/wp\/v2\/users\/9"}],"replies":[{"embeddable":true,"href":"https:\/\/www.em.com.br\/emfoco\/wp-json\/wp\/v2\/comments?post=178903"}],"version-history":[{"count":2,"href":"https:\/\/www.em.com.br\/emfoco\/wp-json\/wp\/v2\/posts\/178903\/revisions"}],"predecessor-version":[{"id":178911,"href":"https:\/\/www.em.com.br\/emfoco\/wp-json\/wp\/v2\/posts\/178903\/revisions\/178911"}],"wp:featuredmedia":[{"embeddable":true,"href":"https:\/\/www.em.com.br\/emfoco\/wp-json\/wp\/v2\/media\/178910"}],"wp:attachment":[{"href":"https:\/\/www.em.com.br\/emfoco\/wp-json\/wp\/v2\/media?parent=178903"}],"wp:term":[{"taxonomy":"category","embeddable":true,"href":"https:\/\/www.em.com.br\/emfoco\/wp-json\/wp\/v2\/categories?post=178903"},{"taxonomy":"post_tag","embeddable":true,"href":"https:\/\/www.em.com.br\/emfoco\/wp-json\/wp\/v2\/tags?post=178903"}],"curies":[{"name":"wp","href":"https:\/\/api.w.org\/{rel}","templated":true}]}}