{"id":178890,"date":"2026-03-08T14:25:02","date_gmt":"2026-03-08T17:25:02","guid":{"rendered":"https:\/\/www.em.com.br\/emfoco\/?p=178890"},"modified":"2026-03-07T17:52:00","modified_gmt":"2026-03-07T20:52:00","slug":"o-corte-que-esta-conquistando-mulheres-acima-dos-50-por-trazer-mais-movimento-e-volume-ao-cabelo","status":"publish","type":"post","link":"https:\/\/www.em.com.br\/emfoco\/2026\/03\/08\/o-corte-que-esta-conquistando-mulheres-acima-dos-50-por-trazer-mais-movimento-e-volume-ao-cabelo\/","title":{"rendered":"O corte que est\u00e1 conquistando mulheres acima dos 50 por trazer mais movimento e volume ao cabelo"},"content":{"rendered":"\n<p>Voc\u00ea se olha no espelho, repara nos fios mais finos, em alguns grisalhos aparecendo e pensa se aquele <strong>cabelo chanel<\/strong> reto, que te acompanhou por anos, ainda combina com a mulher que voc\u00ea \u00e9 hoje, depois dos <b>50 anos<\/b>. Muitas est\u00e3o trocando o corte polido por vers\u00f5es em <strong>camadas modernas<\/strong>, com mais movimento, leveza e praticidade, que conversam melhor com os <b>fios envelhecidos<\/b> e com uma rotina mais real e menos ref\u00e9m da escova di\u00e1ria.<\/p>\n\n\n\n<h2 class=\"wp-block-heading\">Por que o cabelo chanel perde espa\u00e7o depois dos 50 anos<\/h2>\n\n\n\n<p>O cl\u00e1ssico <strong>chanel reto<\/strong> costuma pedir escova bem feita, manuten\u00e7\u00e3o frequente e tempo para alinhar o <b>cabelo diariamente<\/b>, algo que nem sempre combina com a fase em que a vida fica mais corrida e as prioridades mudam. Com as <strong>quest\u00f5es hormonais<\/strong>, o fio afina, o couro cabeludo pode ficar mais sens\u00edvel e o visual muito r\u00edgido come\u00e7a a pesar para muitas <b>mulheres maduras<\/b>, que passam a buscar algo mais leve e at\u00e9 mais confort\u00e1vel.<\/p>\n\n\n\n<p>Quando os fios ficam mais ralos, o chanel chapado deixa as pontas sem <strong>movimento natural<\/strong>, evidenciando a falta de volume nas laterais da <b>cabe\u00e7a feminina<\/b>, o que pode at\u00e9 envelhecer o visual. J\u00e1 um corte em camadas bem pensado distribui o peso, d\u00e1 sensa\u00e7\u00e3o de preenchimento e traz um ar mais <strong>suave e atual<\/strong>, mantendo a eleg\u00e2ncia que muitas <b>mulheres valorizam<\/b> sem exigir tanto esfor\u00e7o no dia a dia.<\/p>\n\n\n\n<figure class=\"wp-block-embed is-type-rich is-provider-pinterest wp-block-embed-pinterest\"><div class=\"wp-block-embed__wrapper\">\n<iframe loading=\"lazy\" title=\"corte em camadas sozinha em casa\" src=\"https:\/\/assets.pinterest.com\/ext\/embed.html?id=633387443477410&#038;src=oembed\" height=\"899\" width=\"450\" frameborder=\"0\" scrolling=\"no\" ><\/iframe>\n<\/div><\/figure>\n\n\n\n<figure class=\"wp-block-embed is-type-rich is-provider-pinterest wp-block-embed-pinterest\"><div class=\"wp-block-embed__wrapper\">\n<iframe loading=\"lazy\" title=\"Nem sempre \u00e9 sobre cortar\u2026 \u00e0s vezes \u00e9 sobre deixar fluir.Camadas, movimento e uma nova energia pro cabelo \u2702\ufe0f\u2728#VkHair #CabeloComMovimento #CorteFeminino #CabeloM\u00e9dio #CabeloNatural #CabeloSaud\u00e1vel #CamadasPerfeitas #Transforma\u00e7\u00e3oVkHair #HairByVK #CabeloReal #BelezaNatural #MorenasIluminadas #CabelosDaVidaReal\" src=\"https:\/\/assets.pinterest.com\/ext\/embed.html?id=350014202313141239&#038;src=oembed\" height=\"898\" width=\"450\" frameborder=\"0\" scrolling=\"no\" ><\/iframe>\n<\/div><\/figure>\n\n\n\n<p>Leia tamb\u00e9m: <a href=\"https:\/\/www.em.com.br\/emfoco\/2026\/03\/07\/o-corte-de-cabelo-frances-e-a-grande-estrela-de-2026-e-favorece-tanto-mulheres-de-40-quanto-de-60-anos\/\" target=\"_blank\" rel=\"noopener\">O corte de cabelo franc\u00eas&nbsp;\u00e9 a grande estrela de 2026 e favorece tanto mulheres de 40 quanto de 60 anos<\/a><\/p>\n\n\n\n<h2 class=\"wp-block-heading\">Como o corte em camadas cria volume imediato depois dos 50<\/h2>\n\n\n\n<p>Adaptado para depois dos <strong>50 anos<\/strong>, o corte em camadas \u00e9 desenhado para dar <b>volume r\u00e1pido<\/b>, sobretudo na regi\u00e3o da coroa e das laterais, onde geralmente sentimos mais falta de cabelo. Com diferentes comprimentos que se encaixam entre si, o profissional afasta os fios do couro cabeludo e cria um efeito mais <strong>cheio e leve<\/strong>, muitas vezes bastando uma secagem simples com as m\u00e3os para deixar tudo arrumado.<\/p>\n\n\n\n<p>Nos cabelos ondulados ou levemente cacheados, o corte em camadas real\u00e7a o desenho natural e reduz a necessidade daquela escova lisa de <strong>todo dia<\/strong>, que cansa e danifica o fio. J\u00e1 em fios lisos, a combina\u00e7\u00e3o de camadas com produtos de <b>volume na raiz<\/b> e uma secagem r\u00e1pida com escova redonda levanta o topo e d\u00e1 mais <strong>textura suave<\/strong>, sem transformar sua rotina em uma maratona de secador.<\/p>\n\n\n\n<p>Para voc\u00ea que gosta de se cuidar, separamos um v\u00eddeo do canal <a href=\"https:\/\/www.youtube.com\/@eriveltonsena\" target=\"_blank\" rel=\"noreferrer noopener\">Erivelton Sena<\/a> com dicas para fazer o corte em camadas:<\/p>\n\n\n\n<figure class=\"wp-block-embed is-type-video is-provider-youtube wp-block-embed-youtube wp-embed-aspect-16-9 wp-has-aspect-ratio\"><div class=\"wp-block-embed__wrapper\">\n<div class=\"jeg_video_container jeg_video_content\"><iframe loading=\"lazy\" title=\"COMO FAZER CORTE EM CAMADAS\" width=\"500\" height=\"281\" src=\"https:\/\/www.youtube.com\/embed\/qVMr-oqO-BY?feature=oembed\" frameborder=\"0\" allow=\"accelerometer; autoplay; clipboard-write; encrypted-media; gyroscope; picture-in-picture; web-share\" referrerpolicy=\"strict-origin-when-cross-origin\" allowfullscreen><\/iframe><\/div>\n<\/div><\/figure>\n\n\n\n<h2 class=\"wp-block-heading\">Quais cortes em camadas combinam melhor depois dos 50 anos<\/h2>\n\n\n\n<p>A escolha do melhor corte em <strong>camadas depois<\/strong> dos 50 passa pelo tipo de fio, formato de rosto e pelo quanto voc\u00ea quer ou n\u00e3o depender do <b>sal\u00e3o sempre<\/b>. Tamb\u00e9m vale observar se h\u00e1 afinamento em pontos espec\u00edficos, como entradas ou topo, porque o corte certo consegue camuflar essas \u00e1reas, trazendo um visual mais <strong>cheio e harm\u00f4nico<\/strong> sem penteados complicados.<\/p>\n\n\n\n<ol class=\"wp-block-list\">\n<li><strong>Long bob em camadas: <\/strong>Ideal para quem n\u00e3o quer um cabelo muito curto, fica na altura da clav\u00edcula ou um pouco acima, com camadas internas que levantam o comprimento. <strong>\u00a0discreto<\/strong>, sem exageros de volume ou muitos <b>produtos di\u00e1rios<\/b>, e combina com mechas suaves que d\u00e3o profundidade ao grisalho.<\/li>\n\n\n\n<li><strong>Curto em camadas arredondadas: <\/strong>Esse corte fica um pouco acima da linha do queixo, com a parte de tr\u00e1s discretamente mais curta e topo mais cheio.<\/li>\n\n\n\n<li><strong>Corte em camadas com franja alongada: <\/strong>A franja lateral longa, integrada \u00e0s camadas, ajuda a emoldurar o rosto e suavizar linhas marcadas ao redor dos olhos e da <strong>regi\u00e3o da testa<\/strong>.<\/li>\n<\/ol>\n\n\n\n<figure class=\"wp-block-embed is-type-rich is-provider-pinterest wp-block-embed-pinterest\"><div class=\"wp-block-embed__wrapper\">\n<iframe loading=\"lazy\" title=\" \" src=\"https:\/\/assets.pinterest.com\/ext\/embed.html?id=563018694463683&#038;src=oembed\" height=\"550\" width=\"450\" frameborder=\"0\" scrolling=\"no\" ><\/iframe>\n<\/div><\/figure>\n\n\n\n<h2 class=\"wp-block-heading\">Como fazer a transi\u00e7\u00e3o do chanel para o corte em camadas<\/h2>\n\n\n\n<p>Se a ideia de abandonar o <strong>chanel de anos<\/strong> em um \u00fanico corte te assusta, \u00e9 totalmente poss\u00edvel fazer essa mudan\u00e7a em etapas e ir se reconhecendo nesse novo <b>reflexo do espelho<\/b>. Um bom caminho \u00e9 come\u00e7ar com um chanel de bico levemente repicado, mantendo a base conhecida enquanto se adiciona mais <strong>leveza ao corte<\/strong>, o que ajuda a perceber como o cabelo reage, sem sustos.<\/p>\n\n\n\n<p>A cada manuten\u00e7\u00e3o, o cabeleireiro pode incluir camadas suaves, ajustar um pouco o comprimento e ir adaptando o <strong>formato do cabelo<\/strong> ao que voc\u00ea gosta de ver em si mesma, respeitando seu ritmo e seu estilo. Se voc\u00ea tamb\u00e9m estiver assumindo os fios brancos, d\u00e1 para combinar a transi\u00e7\u00e3o do corte com tonalizantes suaves ou apenas tratamentos de brilho, para que a nova cor e as <b>novas camadas<\/b> se valorizem mutuamente de forma <strong>natural e bonita<\/strong>.<\/p>\n","protected":false},"excerpt":{"rendered":"<p>Voc\u00ea se olha no espelho, repara nos fios mais finos, em alguns grisalhos aparecendo e pensa se aquele cabelo chanel reto, que te acompanhou por anos, ainda combina com a mulher que voc\u00ea \u00e9 hoje, depois dos 50 anos. Muitas est\u00e3o trocando o corte polido por vers\u00f5es em camadas modernas, com mais movimento, leveza e [&hellip;]<\/p>\n","protected":false},"author":9,"featured_media":178895,"comment_status":"open","ping_status":"open","sticky":false,"template":"","format":"standard","meta":{"jnews-multi-image_gallery":[],"jnews_single_post":{"format":"standard"},"jnews_primary_category":[],"jnews_social_meta":[],"jnews_override_counter":[],"footnotes":""},"categories":[8691,1],"tags":[2616,4905,5257],"class_list":["post-178890","post","type-post","status-publish","format-standard","has-post-thumbnail","hentry","category-bem-estar","category-noticias","tag-beleza","tag-cabelo","tag-corte"],"yoast_head":"<!-- This site is optimized with the Yoast SEO plugin v23.8 - https:\/\/yoast.com\/wordpress\/plugins\/seo\/ -->\n<title>O corte que est\u00e1 conquistando mulheres acima dos 50 por trazer mais movimento e volume ao cabelo - Estado de Minas - Em foco<\/title>\n<meta name=\"description\" content=\"Abandone o visual pesado do chanel reto e descubra como as camadas trazem volume e praticidade para o cabelo maduro\" \/>\n<meta name=\"robots\" content=\"index, follow, max-snippet:-1, max-image-preview:large, max-video-preview:-1\" \/>\n<link rel=\"canonical\" href=\"https:\/\/www.em.com.br\/emfoco\/2026\/03\/08\/o-corte-que-esta-conquistando-mulheres-acima-dos-50-por-trazer-mais-movimento-e-volume-ao-cabelo\/\" \/>\n<meta property=\"og:locale\" content=\"pt_BR\" \/>\n<meta property=\"og:type\" content=\"article\" \/>\n<meta property=\"og:title\" content=\"O corte que est\u00e1 conquistando mulheres acima dos 50 por trazer mais movimento e volume ao cabelo - Estado de Minas - Em foco\" \/>\n<meta property=\"og:description\" content=\"Abandone o visual pesado do chanel reto e descubra como as camadas trazem volume e praticidade para o cabelo maduro\" \/>\n<meta property=\"og:url\" content=\"https:\/\/www.em.com.br\/emfoco\/2026\/03\/08\/o-corte-que-esta-conquistando-mulheres-acima-dos-50-por-trazer-mais-movimento-e-volume-ao-cabelo\/\" \/>\n<meta property=\"og:site_name\" content=\"Estado de Minas - Em foco\" \/>\n<meta property=\"article:published_time\" content=\"2026-03-08T17:25:02+00:00\" \/>\n<meta property=\"article:modified_time\" content=\"2026-03-07T20:52:00+00:00\" \/>\n<meta property=\"og:image\" content=\"https:\/\/www.em.com.br\/emfoco\/wp-content\/uploads\/2026\/03\/Gemini_Generated_Image_1duzw21duzw21duz-1.png\" \/>\n\t<meta property=\"og:image:width\" content=\"1280\" \/>\n\t<meta property=\"og:image:height\" content=\"720\" \/>\n\t<meta property=\"og:image:type\" content=\"image\/png\" \/>\n<meta name=\"author\" content=\"Daniely Cardoso\" \/>\n<meta name=\"twitter:card\" content=\"summary_large_image\" \/>\n<meta name=\"twitter:label1\" content=\"Escrito por\" \/>\n\t<meta name=\"twitter:data1\" content=\"Daniely Cardoso\" \/>\n\t<meta name=\"twitter:label2\" content=\"Est. tempo de leitura\" \/>\n\t<meta name=\"twitter:data2\" content=\"5 minutos\" \/>\n<!-- \/ Yoast SEO plugin. -->","yoast_head_json":{"title":"O corte que est\u00e1 conquistando mulheres acima dos 50 por trazer mais movimento e volume ao cabelo - Estado de Minas - Em foco","description":"Abandone o visual pesado do chanel reto e descubra como as camadas trazem volume e praticidade para o cabelo maduro","robots":{"index":"index","follow":"follow","max-snippet":"max-snippet:-1","max-image-preview":"max-image-preview:large","max-video-preview":"max-video-preview:-1"},"canonical":"https:\/\/www.em.com.br\/emfoco\/2026\/03\/08\/o-corte-que-esta-conquistando-mulheres-acima-dos-50-por-trazer-mais-movimento-e-volume-ao-cabelo\/","og_locale":"pt_BR","og_type":"article","og_title":"O corte que est\u00e1 conquistando mulheres acima dos 50 por trazer mais movimento e volume ao cabelo - Estado de Minas - Em foco","og_description":"Abandone o visual pesado do chanel reto e descubra como as camadas trazem volume e praticidade para o cabelo maduro","og_url":"https:\/\/www.em.com.br\/emfoco\/2026\/03\/08\/o-corte-que-esta-conquistando-mulheres-acima-dos-50-por-trazer-mais-movimento-e-volume-ao-cabelo\/","og_site_name":"Estado de Minas - Em foco","article_published_time":"2026-03-08T17:25:02+00:00","article_modified_time":"2026-03-07T20:52:00+00:00","og_image":[{"width":1280,"height":720,"url":"https:\/\/www.em.com.br\/emfoco\/wp-content\/uploads\/2026\/03\/Gemini_Generated_Image_1duzw21duzw21duz-1.png","type":"image\/png"}],"author":"Daniely Cardoso","twitter_card":"summary_large_image","twitter_misc":{"Escrito por":"Daniely Cardoso","Est. tempo de leitura":"5 minutos"},"schema":{"@context":"https:\/\/schema.org","@graph":[{"@type":"WebPage","@id":"https:\/\/www.em.com.br\/emfoco\/2026\/03\/08\/o-corte-que-esta-conquistando-mulheres-acima-dos-50-por-trazer-mais-movimento-e-volume-ao-cabelo\/","url":"https:\/\/www.em.com.br\/emfoco\/2026\/03\/08\/o-corte-que-esta-conquistando-mulheres-acima-dos-50-por-trazer-mais-movimento-e-volume-ao-cabelo\/","name":"O corte que est\u00e1 conquistando mulheres acima dos 50 por trazer mais movimento e volume ao cabelo - Estado de Minas - Em foco","isPartOf":{"@id":"https:\/\/www.em.com.br\/emfoco\/#website"},"primaryImageOfPage":{"@id":"https:\/\/www.em.com.br\/emfoco\/2026\/03\/08\/o-corte-que-esta-conquistando-mulheres-acima-dos-50-por-trazer-mais-movimento-e-volume-ao-cabelo\/#primaryimage"},"image":{"@id":"https:\/\/www.em.com.br\/emfoco\/2026\/03\/08\/o-corte-que-esta-conquistando-mulheres-acima-dos-50-por-trazer-mais-movimento-e-volume-ao-cabelo\/#primaryimage"},"thumbnailUrl":"https:\/\/www.em.com.br\/emfoco\/wp-content\/uploads\/2026\/03\/Gemini_Generated_Image_1duzw21duzw21duz-1.png","datePublished":"2026-03-08T17:25:02+00:00","dateModified":"2026-03-07T20:52:00+00:00","author":{"@id":"https:\/\/www.em.com.br\/emfoco\/#\/schema\/person\/0a8186d72f2c3a5c6276d90b41f271a0"},"description":"Abandone o visual pesado do chanel reto e descubra como as camadas trazem volume e praticidade para o cabelo maduro","breadcrumb":{"@id":"https:\/\/www.em.com.br\/emfoco\/2026\/03\/08\/o-corte-que-esta-conquistando-mulheres-acima-dos-50-por-trazer-mais-movimento-e-volume-ao-cabelo\/#breadcrumb"},"inLanguage":"pt-BR","potentialAction":[{"@type":"ReadAction","target":["https:\/\/www.em.com.br\/emfoco\/2026\/03\/08\/o-corte-que-esta-conquistando-mulheres-acima-dos-50-por-trazer-mais-movimento-e-volume-ao-cabelo\/"]}]},{"@type":"ImageObject","inLanguage":"pt-BR","@id":"https:\/\/www.em.com.br\/emfoco\/2026\/03\/08\/o-corte-que-esta-conquistando-mulheres-acima-dos-50-por-trazer-mais-movimento-e-volume-ao-cabelo\/#primaryimage","url":"https:\/\/www.em.com.br\/emfoco\/wp-content\/uploads\/2026\/03\/Gemini_Generated_Image_1duzw21duzw21duz-1.png","contentUrl":"https:\/\/www.em.com.br\/emfoco\/wp-content\/uploads\/2026\/03\/Gemini_Generated_Image_1duzw21duzw21duz-1.png","width":1280,"height":720,"caption":"O cl\u00e1ssico chanel reto costuma pedir escova bem feita, manuten\u00e7\u00e3o frequente e tempo para alinhar o cabelo diariamente"},{"@type":"BreadcrumbList","@id":"https:\/\/www.em.com.br\/emfoco\/2026\/03\/08\/o-corte-que-esta-conquistando-mulheres-acima-dos-50-por-trazer-mais-movimento-e-volume-ao-cabelo\/#breadcrumb","itemListElement":[{"@type":"ListItem","position":1,"name":"In\u00edcio","item":"https:\/\/www.em.com.br\/emfoco\/"},{"@type":"ListItem","position":2,"name":"O corte que est\u00e1 conquistando mulheres acima dos 50 por trazer mais movimento e volume ao cabelo"}]},{"@type":"WebSite","@id":"https:\/\/www.em.com.br\/emfoco\/#website","url":"https:\/\/www.em.com.br\/emfoco\/","name":"Estado de Minas - Em foco","description":"Acompanhe as \u00faltimas not\u00edcias e fique bem informado sobre tudo o que acontece em Minas Gerais, Brasil e no mundo.","potentialAction":[{"@type":"SearchAction","target":{"@type":"EntryPoint","urlTemplate":"https:\/\/www.em.com.br\/emfoco\/?s={search_term_string}"},"query-input":{"@type":"PropertyValueSpecification","valueRequired":true,"valueName":"search_term_string"}}],"inLanguage":"pt-BR"},{"@type":"Person","@id":"https:\/\/www.em.com.br\/emfoco\/#\/schema\/person\/0a8186d72f2c3a5c6276d90b41f271a0","name":"Daniely Cardoso","image":{"@type":"ImageObject","inLanguage":"pt-BR","@id":"https:\/\/www.em.com.br\/emfoco\/#\/schema\/person\/image\/","url":"https:\/\/secure.gravatar.com\/avatar\/4b80ddbd124d1f071b626d52d62e5dff?s=96&d=mm&r=g","contentUrl":"https:\/\/secure.gravatar.com\/avatar\/4b80ddbd124d1f071b626d52d62e5dff?s=96&d=mm&r=g","caption":"Daniely Cardoso"},"url":"https:\/\/www.em.com.br\/emfoco\/author\/danielymyth\/"}]}},"_links":{"self":[{"href":"https:\/\/www.em.com.br\/emfoco\/wp-json\/wp\/v2\/posts\/178890","targetHints":{"allow":["GET"]}}],"collection":[{"href":"https:\/\/www.em.com.br\/emfoco\/wp-json\/wp\/v2\/posts"}],"about":[{"href":"https:\/\/www.em.com.br\/emfoco\/wp-json\/wp\/v2\/types\/post"}],"author":[{"embeddable":true,"href":"https:\/\/www.em.com.br\/emfoco\/wp-json\/wp\/v2\/users\/9"}],"replies":[{"embeddable":true,"href":"https:\/\/www.em.com.br\/emfoco\/wp-json\/wp\/v2\/comments?post=178890"}],"version-history":[{"count":3,"href":"https:\/\/www.em.com.br\/emfoco\/wp-json\/wp\/v2\/posts\/178890\/revisions"}],"predecessor-version":[{"id":179017,"href":"https:\/\/www.em.com.br\/emfoco\/wp-json\/wp\/v2\/posts\/178890\/revisions\/179017"}],"wp:featuredmedia":[{"embeddable":true,"href":"https:\/\/www.em.com.br\/emfoco\/wp-json\/wp\/v2\/media\/178895"}],"wp:attachment":[{"href":"https:\/\/www.em.com.br\/emfoco\/wp-json\/wp\/v2\/media?parent=178890"}],"wp:term":[{"taxonomy":"category","embeddable":true,"href":"https:\/\/www.em.com.br\/emfoco\/wp-json\/wp\/v2\/categories?post=178890"},{"taxonomy":"post_tag","embeddable":true,"href":"https:\/\/www.em.com.br\/emfoco\/wp-json\/wp\/v2\/tags?post=178890"}],"curies":[{"name":"wp","href":"https:\/\/api.w.org\/{rel}","templated":true}]}}