{"id":178878,"date":"2026-03-08T13:15:43","date_gmt":"2026-03-08T16:15:43","guid":{"rendered":"https:\/\/www.em.com.br\/emfoco\/?p=178878"},"modified":"2026-03-07T16:17:46","modified_gmt":"2026-03-07T19:17:46","slug":"o-truque-de-maquiagem-que-levanta-o-olhar-cansado-e-valoriza-as-palpebras-apos-os-55-anos","status":"publish","type":"post","link":"https:\/\/www.em.com.br\/emfoco\/2026\/03\/08\/o-truque-de-maquiagem-que-levanta-o-olhar-cansado-e-valoriza-as-palpebras-apos-os-55-anos\/","title":{"rendered":"O truque de maquiagem que levanta o olhar cansado e valoriza as p\u00e1lpebras ap\u00f3s os 55 anos"},"content":{"rendered":"\n<p>Voc\u00ea j\u00e1 se olhou no espelho, depois dos 55 anos, e sentiu que os olhos parecem mais cansados do que voc\u00ea realmente est\u00e1? A boa not\u00edcia \u00e9 que a <strong>maquiagem certa<\/strong> pode ajudar a levantar o olhar de forma sutil, sem exageros e sem perder a sua <b>ess\u00eancia natural<\/b>. Com pequenos ajustes na forma de aplicar sombra, l\u00e1pis e m\u00e1scara, \u00e9 poss\u00edvel criar a ilus\u00e3o de olhos mais abertos e descansados, valorizando os tra\u00e7os atuais do rosto com suavidade e <b>autoestima<\/b>.<\/p>\n\n\n\n<h2 class=\"wp-block-heading\">Por que a maquiagem ajuda nas p\u00e1lpebras ca\u00eddas depois dos 55 anos<\/h2>\n\n\n\n<p>Com o tempo, a pele ao redor dos olhos fica mais fina, a firmeza diminui e a famosa <strong>p\u00e1lpebra ca\u00edda<\/strong> come\u00e7a a aparecer com mais evid\u00eancia. Isso n\u00e3o \u00e9 defeito, \u00e9 apenas um sinal de <b>maturidade<\/b>, mas pode incomodar quem sente que o olhar n\u00e3o reflete mais sua energia. A ideia da maquiagem aqui n\u00e3o \u00e9 esconder a idade, e sim trazer de volta um ar mais <b>descansado<\/b> e vivo.<\/p>\n\n\n\n<p>O truque principal \u00e9 brincar com luz e sombra, escurecendo onde se quer \u201cafundar\u201d e iluminando o que se deseja destacar. Ao aplicar tons mais escuros um pouco acima do <strong>c\u00f4ncavo natural<\/strong> e clarear o centro da p\u00e1lpebra, cria-se a impress\u00e3o de um arco ocular mais elevado. Esse contraste deixa os olhos com mais profundidade e um efeito de leve \u201c<b>lifting visual<\/b>\u201d, sem nenhum procedimento invasivo.<\/p>\n\n\n\n<figure class=\"wp-block-embed is-type-rich is-provider-pinterest wp-block-embed-pinterest\"><div class=\"wp-block-embed__wrapper\">\n<iframe loading=\"lazy\" title=\"Dica de make para p\u00e1lpebra ca\u00edda\" src=\"https:\/\/assets.pinterest.com\/ext\/embed.html?id=1097400634184575715&#038;src=oembed\" height=\"899\" width=\"450\" frameborder=\"0\" scrolling=\"no\" ><\/iframe>\n<\/div><\/figure>\n\n\n\n<p>Leia tamb\u00e9m:&nbsp;<a href=\"https:\/\/www.em.com.br\/emfoco\/2026\/03\/06\/a-tecnica-da-esponja-depois-dos-40-que-impede-a-maquiagem-de-acumular-no-bigode-chines-e-na-testa\/\" target=\"_blank\" rel=\"noopener\">A t\u00e9cnica da esponja depois dos 40 que evita maquiagem acumulada no bigode chin\u00eas e deixa a testa com apar\u00eancia mais lisa<\/a><\/p>\n\n\n\n<h2 class=\"wp-block-heading\">Como a t\u00e9cnica de maquiagem cria o efeito de olhos mais levantados<\/h2>\n\n\n\n<p>Outro ponto importante \u00e9 o desenho do canto externo dos olhos, que faz muita diferen\u00e7a no resultado final. Quando a sombra \u00e9 levemente estendida em dire\u00e7\u00e3o \u00e0s t\u00eamporas, em formato de \u201c<strong>asa suave<\/strong>\u201d, o olhar \u00e9 direcionado para cima, disfar\u00e7ando a sensa\u00e7\u00e3o de peso na <b>p\u00e1lpebra<\/b>. \u00c9 um detalhe simples, mas que ajuda a equilibrar o rosto sem carregar na make.<\/p>\n\n\n\n<p>Para evitar que os produtos marquem demais as linhas, vale priorizar sombras de acabamento <strong>aveludado<\/strong>, nem muito secas, nem excessivamente cremosas. Texturas intermedi\u00e1rias tendem a esfumar melhor e a n\u00e3o se acumular nas dobrinhas ao longo do dia. Assim, o resultado fica mais natural, confort\u00e1vel e com um ar de <b>leveza<\/b> que combina com a pele madura.<\/p>\n\n\n\n<p>Para voc\u00ea que gosta de se maquiar, separamos um v\u00eddeo do canal da <a href=\"https:\/\/www.youtube.com\/@M%C3%A1rciaFran%C3%A7a\" target=\"_blank\" rel=\"noreferrer noopener\">M\u00e1rcia Fran\u00e7a<\/a> com dicas para fazer uma maquiagem e disfar\u00e7ar a p\u00e1lpebra ca\u00edda:<\/p>\n\n\n\n<figure class=\"wp-block-embed is-type-video is-provider-youtube wp-block-embed-youtube wp-embed-aspect-16-9 wp-has-aspect-ratio\"><div class=\"wp-block-embed__wrapper\">\n<div class=\"jeg_video_container jeg_video_content\"><iframe loading=\"lazy\" title=\"Tutorial de MAQUIAGEM P\u00c1LPEBRA CA\u00cdDA - P\u00e1lpebra Ca\u00edda e Gordinha\" width=\"500\" height=\"281\" src=\"https:\/\/www.youtube.com\/embed\/tdul5ZLCH_I?start=1&#038;feature=oembed\" frameborder=\"0\" allow=\"accelerometer; autoplay; clipboard-write; encrypted-media; gyroscope; picture-in-picture; web-share\" referrerpolicy=\"strict-origin-when-cross-origin\" allowfullscreen><\/iframe><\/div>\n<\/div><\/figure>\n\n\n\n<h2 class=\"wp-block-heading\">Como adaptar a maquiagem para p\u00e1lpebras ca\u00eddas depois dos 55 anos<\/h2>\n\n\n\n<p>Alguns cuidados simples antes da maquiagem j\u00e1 fazem diferen\u00e7a na apar\u00eancia das p\u00e1lpebras. Uma limpeza suave seguida de uma hidrata\u00e7\u00e3o leve prepara a pele, reduz o risco de o produto craquelar e deixa tudo mais lisinho para receber a sombra. Em seguida, um <strong>primer espec\u00edfico<\/strong> para olhos ajuda a uniformizar a regi\u00e3o e manter a maquiagem no lugar, mesmo em dias mais <b>quentes<\/b>.<\/p>\n\n\n\n<p>Depois desse preparo, voc\u00ea pode seguir um passo a passo pr\u00e1tico para suavizar o efeito das p\u00e1lpebras ca\u00eddas e real\u00e7ar o olhar no dia a dia:<\/p>\n\n\n\n<figure class=\"wp-block-embed is-type-rich is-provider-pinterest wp-block-embed-pinterest\"><div class=\"wp-block-embed__wrapper\">\n<iframe loading=\"lazy\" title=\"MAQUIAGEM PALPEBRA CAIDA NUNCA MAIS  SALVA AI AMORES\" src=\"https:\/\/assets.pinterest.com\/ext\/embed.html?id=1137792293338404847&#038;src=oembed\" height=\"899\" width=\"450\" frameborder=\"0\" scrolling=\"no\" ><\/iframe>\n<\/div><\/figure>\n\n\n\n<ol class=\"wp-block-list\">\n<li><strong>Uniformizar a regi\u00e3o:<\/strong> aplicar um corretivo leve ou um primer com cor, apenas para neutralizar vasinhos e manchas, sem excesso de produto.<\/li>\n\n\n\n<li><strong>Definir um novo c\u00f4ncavo:<\/strong> com uma sombra opaca de tom m\u00e9dio (marrom frio, taupe ou bege mais escuro), marcar um pouco acima do c\u00f4ncavo natural, esfumando bem em dire\u00e7\u00e3o \u00e0 sobrancelha, sem deixar linhas marcadas.<\/li>\n\n\n\n<li><strong>Clarear o centro da p\u00e1lpebra:<\/strong> usar uma sombra mais clara e satinada ou levemente iluminadora apenas no meio da p\u00e1lpebra m\u00f3vel, evitando brilhos muito intensos.<\/li>\n\n\n\n<li><strong>Elevar o canto externo:<\/strong> aplicar um tom um pouco mais escuro no canto externo, puxando em dire\u00e7\u00e3o \u00e0 ponta da sobrancelha, em formato de \u201cV\u201d ou \u201casa\u201d discreta.<\/li>\n\n\n\n<li><strong>Finalizar com m\u00e1scara:<\/strong> concentrar a m\u00e1scara de c\u00edlios no centro e no canto externo, penteando em dire\u00e7\u00e3o \u00e0s t\u00eamporas para refor\u00e7ar o efeito levantado.<\/li>\n<\/ol>\n\n\n\n<p>Nessa fase da vida, n\u00e3o \u00e9 s\u00f3 o efeito est\u00e9tico que importa, mas tamb\u00e9m o conforto da pele. Produtos muito secos podem ressaltar rugas, enquanto f\u00f3rmulas extremamente cremosas costumam acumular nas linhas ao longo do dia. O melhor caminho \u00e9 buscar texturas de <strong>acabamento aveludado<\/strong>, que deslizam bem, esfumam f\u00e1cil e deixam um visual mais <b>harmonioso<\/b> e elegante.<\/p>\n","protected":false},"excerpt":{"rendered":"<p>Voc\u00ea j\u00e1 se olhou no espelho, depois dos 55 anos, e sentiu que os olhos parecem mais cansados do que voc\u00ea realmente est\u00e1? A boa not\u00edcia \u00e9 que a maquiagem certa pode ajudar a levantar o olhar de forma sutil, sem exageros e sem perder a sua ess\u00eancia natural. Com pequenos ajustes na forma de [&hellip;]<\/p>\n","protected":false},"author":9,"featured_media":178884,"comment_status":"open","ping_status":"open","sticky":false,"template":"","format":"standard","meta":{"jnews-multi-image_gallery":[],"jnews_single_post":{"format":"standard"},"jnews_primary_category":[],"jnews_social_meta":[],"jnews_override_counter":[],"footnotes":""},"categories":[8819,1],"tags":[4914,4892,22858],"class_list":["post-178878","post","type-post","status-publish","format-standard","has-post-thumbnail","hentry","category-curiosidades","category-noticias","tag-maquiagem","tag-mulheres","tag-palpebras-caidas"],"yoast_head":"<!-- This site is optimized with the Yoast SEO plugin v23.8 - https:\/\/yoast.com\/wordpress\/plugins\/seo\/ -->\n<title>O truque de maquiagem que levanta o olhar cansado e valoriza as p\u00e1lpebras ap\u00f3s os 55 anos - Estado de Minas - Em foco<\/title>\n<meta name=\"description\" content=\"Aprenda como levantar o olhar e suavizar p\u00e1lpebras ca\u00eddas ap\u00f3s os 55 anos com truques de maquiagem\" \/>\n<meta name=\"robots\" content=\"index, follow, max-snippet:-1, max-image-preview:large, max-video-preview:-1\" \/>\n<link rel=\"canonical\" href=\"https:\/\/www.em.com.br\/emfoco\/2026\/03\/08\/o-truque-de-maquiagem-que-levanta-o-olhar-cansado-e-valoriza-as-palpebras-apos-os-55-anos\/\" \/>\n<meta property=\"og:locale\" content=\"pt_BR\" \/>\n<meta property=\"og:type\" content=\"article\" \/>\n<meta property=\"og:title\" content=\"O truque de maquiagem que levanta o olhar cansado e valoriza as p\u00e1lpebras ap\u00f3s os 55 anos - Estado de Minas - Em foco\" \/>\n<meta property=\"og:description\" content=\"Aprenda como levantar o olhar e suavizar p\u00e1lpebras ca\u00eddas ap\u00f3s os 55 anos com truques de maquiagem\" \/>\n<meta property=\"og:url\" content=\"https:\/\/www.em.com.br\/emfoco\/2026\/03\/08\/o-truque-de-maquiagem-que-levanta-o-olhar-cansado-e-valoriza-as-palpebras-apos-os-55-anos\/\" \/>\n<meta property=\"og:site_name\" content=\"Estado de Minas - Em foco\" \/>\n<meta property=\"article:published_time\" content=\"2026-03-08T16:15:43+00:00\" \/>\n<meta property=\"article:modified_time\" content=\"2026-03-07T19:17:46+00:00\" \/>\n<meta property=\"og:image\" content=\"https:\/\/www.em.com.br\/emfoco\/wp-content\/uploads\/2026\/03\/Gemini_Generated_Image_1cvjtp1cvjtp1cvj-1.png\" \/>\n\t<meta property=\"og:image:width\" content=\"1280\" \/>\n\t<meta property=\"og:image:height\" content=\"720\" \/>\n\t<meta property=\"og:image:type\" content=\"image\/png\" \/>\n<meta name=\"author\" content=\"Daniely Cardoso\" \/>\n<meta name=\"twitter:card\" content=\"summary_large_image\" \/>\n<meta name=\"twitter:label1\" content=\"Escrito por\" \/>\n\t<meta name=\"twitter:data1\" content=\"Daniely Cardoso\" \/>\n\t<meta name=\"twitter:label2\" content=\"Est. tempo de leitura\" \/>\n\t<meta name=\"twitter:data2\" content=\"5 minutos\" \/>\n<!-- \/ Yoast SEO plugin. -->","yoast_head_json":{"title":"O truque de maquiagem que levanta o olhar cansado e valoriza as p\u00e1lpebras ap\u00f3s os 55 anos - Estado de Minas - Em foco","description":"Aprenda como levantar o olhar e suavizar p\u00e1lpebras ca\u00eddas ap\u00f3s os 55 anos com truques de maquiagem","robots":{"index":"index","follow":"follow","max-snippet":"max-snippet:-1","max-image-preview":"max-image-preview:large","max-video-preview":"max-video-preview:-1"},"canonical":"https:\/\/www.em.com.br\/emfoco\/2026\/03\/08\/o-truque-de-maquiagem-que-levanta-o-olhar-cansado-e-valoriza-as-palpebras-apos-os-55-anos\/","og_locale":"pt_BR","og_type":"article","og_title":"O truque de maquiagem que levanta o olhar cansado e valoriza as p\u00e1lpebras ap\u00f3s os 55 anos - Estado de Minas - Em foco","og_description":"Aprenda como levantar o olhar e suavizar p\u00e1lpebras ca\u00eddas ap\u00f3s os 55 anos com truques de maquiagem","og_url":"https:\/\/www.em.com.br\/emfoco\/2026\/03\/08\/o-truque-de-maquiagem-que-levanta-o-olhar-cansado-e-valoriza-as-palpebras-apos-os-55-anos\/","og_site_name":"Estado de Minas - Em foco","article_published_time":"2026-03-08T16:15:43+00:00","article_modified_time":"2026-03-07T19:17:46+00:00","og_image":[{"width":1280,"height":720,"url":"https:\/\/www.em.com.br\/emfoco\/wp-content\/uploads\/2026\/03\/Gemini_Generated_Image_1cvjtp1cvjtp1cvj-1.png","type":"image\/png"}],"author":"Daniely Cardoso","twitter_card":"summary_large_image","twitter_misc":{"Escrito por":"Daniely Cardoso","Est. tempo de leitura":"5 minutos"},"schema":{"@context":"https:\/\/schema.org","@graph":[{"@type":"WebPage","@id":"https:\/\/www.em.com.br\/emfoco\/2026\/03\/08\/o-truque-de-maquiagem-que-levanta-o-olhar-cansado-e-valoriza-as-palpebras-apos-os-55-anos\/","url":"https:\/\/www.em.com.br\/emfoco\/2026\/03\/08\/o-truque-de-maquiagem-que-levanta-o-olhar-cansado-e-valoriza-as-palpebras-apos-os-55-anos\/","name":"O truque de maquiagem que levanta o olhar cansado e valoriza as p\u00e1lpebras ap\u00f3s os 55 anos - Estado de Minas - Em foco","isPartOf":{"@id":"https:\/\/www.em.com.br\/emfoco\/#website"},"primaryImageOfPage":{"@id":"https:\/\/www.em.com.br\/emfoco\/2026\/03\/08\/o-truque-de-maquiagem-que-levanta-o-olhar-cansado-e-valoriza-as-palpebras-apos-os-55-anos\/#primaryimage"},"image":{"@id":"https:\/\/www.em.com.br\/emfoco\/2026\/03\/08\/o-truque-de-maquiagem-que-levanta-o-olhar-cansado-e-valoriza-as-palpebras-apos-os-55-anos\/#primaryimage"},"thumbnailUrl":"https:\/\/www.em.com.br\/emfoco\/wp-content\/uploads\/2026\/03\/Gemini_Generated_Image_1cvjtp1cvjtp1cvj-1.png","datePublished":"2026-03-08T16:15:43+00:00","dateModified":"2026-03-07T19:17:46+00:00","author":{"@id":"https:\/\/www.em.com.br\/emfoco\/#\/schema\/person\/0a8186d72f2c3a5c6276d90b41f271a0"},"description":"Aprenda como levantar o olhar e suavizar p\u00e1lpebras ca\u00eddas ap\u00f3s os 55 anos com truques de maquiagem","breadcrumb":{"@id":"https:\/\/www.em.com.br\/emfoco\/2026\/03\/08\/o-truque-de-maquiagem-que-levanta-o-olhar-cansado-e-valoriza-as-palpebras-apos-os-55-anos\/#breadcrumb"},"inLanguage":"pt-BR","potentialAction":[{"@type":"ReadAction","target":["https:\/\/www.em.com.br\/emfoco\/2026\/03\/08\/o-truque-de-maquiagem-que-levanta-o-olhar-cansado-e-valoriza-as-palpebras-apos-os-55-anos\/"]}]},{"@type":"ImageObject","inLanguage":"pt-BR","@id":"https:\/\/www.em.com.br\/emfoco\/2026\/03\/08\/o-truque-de-maquiagem-que-levanta-o-olhar-cansado-e-valoriza-as-palpebras-apos-os-55-anos\/#primaryimage","url":"https:\/\/www.em.com.br\/emfoco\/wp-content\/uploads\/2026\/03\/Gemini_Generated_Image_1cvjtp1cvjtp1cvj-1.png","contentUrl":"https:\/\/www.em.com.br\/emfoco\/wp-content\/uploads\/2026\/03\/Gemini_Generated_Image_1cvjtp1cvjtp1cvj-1.png","width":1280,"height":720,"caption":"O truque principal \u00e9 brincar com luz e sombra, escurecendo onde se quer \u201cafundar\u201d e iluminando o que se deseja destacar."},{"@type":"BreadcrumbList","@id":"https:\/\/www.em.com.br\/emfoco\/2026\/03\/08\/o-truque-de-maquiagem-que-levanta-o-olhar-cansado-e-valoriza-as-palpebras-apos-os-55-anos\/#breadcrumb","itemListElement":[{"@type":"ListItem","position":1,"name":"In\u00edcio","item":"https:\/\/www.em.com.br\/emfoco\/"},{"@type":"ListItem","position":2,"name":"O truque de maquiagem que levanta o olhar cansado e valoriza as p\u00e1lpebras ap\u00f3s os 55 anos"}]},{"@type":"WebSite","@id":"https:\/\/www.em.com.br\/emfoco\/#website","url":"https:\/\/www.em.com.br\/emfoco\/","name":"Estado de Minas - Em foco","description":"Acompanhe as \u00faltimas not\u00edcias e fique bem informado sobre tudo o que acontece em Minas Gerais, Brasil e no mundo.","potentialAction":[{"@type":"SearchAction","target":{"@type":"EntryPoint","urlTemplate":"https:\/\/www.em.com.br\/emfoco\/?s={search_term_string}"},"query-input":{"@type":"PropertyValueSpecification","valueRequired":true,"valueName":"search_term_string"}}],"inLanguage":"pt-BR"},{"@type":"Person","@id":"https:\/\/www.em.com.br\/emfoco\/#\/schema\/person\/0a8186d72f2c3a5c6276d90b41f271a0","name":"Daniely Cardoso","image":{"@type":"ImageObject","inLanguage":"pt-BR","@id":"https:\/\/www.em.com.br\/emfoco\/#\/schema\/person\/image\/","url":"https:\/\/secure.gravatar.com\/avatar\/4b80ddbd124d1f071b626d52d62e5dff?s=96&d=mm&r=g","contentUrl":"https:\/\/secure.gravatar.com\/avatar\/4b80ddbd124d1f071b626d52d62e5dff?s=96&d=mm&r=g","caption":"Daniely Cardoso"},"url":"https:\/\/www.em.com.br\/emfoco\/author\/danielymyth\/"}]}},"_links":{"self":[{"href":"https:\/\/www.em.com.br\/emfoco\/wp-json\/wp\/v2\/posts\/178878","targetHints":{"allow":["GET"]}}],"collection":[{"href":"https:\/\/www.em.com.br\/emfoco\/wp-json\/wp\/v2\/posts"}],"about":[{"href":"https:\/\/www.em.com.br\/emfoco\/wp-json\/wp\/v2\/types\/post"}],"author":[{"embeddable":true,"href":"https:\/\/www.em.com.br\/emfoco\/wp-json\/wp\/v2\/users\/9"}],"replies":[{"embeddable":true,"href":"https:\/\/www.em.com.br\/emfoco\/wp-json\/wp\/v2\/comments?post=178878"}],"version-history":[{"count":2,"href":"https:\/\/www.em.com.br\/emfoco\/wp-json\/wp\/v2\/posts\/178878\/revisions"}],"predecessor-version":[{"id":178885,"href":"https:\/\/www.em.com.br\/emfoco\/wp-json\/wp\/v2\/posts\/178878\/revisions\/178885"}],"wp:featuredmedia":[{"embeddable":true,"href":"https:\/\/www.em.com.br\/emfoco\/wp-json\/wp\/v2\/media\/178884"}],"wp:attachment":[{"href":"https:\/\/www.em.com.br\/emfoco\/wp-json\/wp\/v2\/media?parent=178878"}],"wp:term":[{"taxonomy":"category","embeddable":true,"href":"https:\/\/www.em.com.br\/emfoco\/wp-json\/wp\/v2\/categories?post=178878"},{"taxonomy":"post_tag","embeddable":true,"href":"https:\/\/www.em.com.br\/emfoco\/wp-json\/wp\/v2\/tags?post=178878"}],"curies":[{"name":"wp","href":"https:\/\/api.w.org\/{rel}","templated":true}]}}