{"id":178877,"date":"2026-03-07T18:30:00","date_gmt":"2026-03-07T21:30:00","guid":{"rendered":"https:\/\/www.em.com.br\/emfoco\/?p=178877"},"modified":"2026-03-07T16:44:58","modified_gmt":"2026-03-07T19:44:58","slug":"pouca-gente-sabe-mas-algumas-frutas-do-dia-a-dia-podem-ajudar-a-proteger-o-intestino-contra-o-cancer-de-colon","status":"publish","type":"post","link":"https:\/\/www.em.com.br\/emfoco\/2026\/03\/07\/pouca-gente-sabe-mas-algumas-frutas-do-dia-a-dia-podem-ajudar-a-proteger-o-intestino-contra-o-cancer-de-colon\/","title":{"rendered":"Pouca gente sabe, mas algumas frutas do dia a dia podem ajudar a proteger o intestino contra o c\u00e2ncer de c\u00f3lon"},"content":{"rendered":"\n<p>Alimenta\u00e7\u00e3o e preven\u00e7\u00e3o caminham lado a lado quando o assunto \u00e9 <strong>c\u00e2ncer de c\u00f3lon<\/strong>. Hoje se sabe que ajustar a rotina alimentar, com foco em frutas ricas em fibras, vitaminas e compostos antioxidantes, pode ajudar a reduzir o risco de tumores no intestino grosso, especialmente quando se fala em\u00a0<strong>frutas que reduzem o risco de c\u00e2ncer de c\u00f3lon<\/strong>\u00a0inseridas de forma constante no dia a dia.<\/p>\n\n\n\n<h2 class=\"wp-block-heading\">O que a ci\u00eancia diz sobre frutas que reduzem o risco de c\u00e2ncer de c\u00f3lon<\/h2>\n\n\n\n<p><a href=\"https:\/\/pubmed.ncbi.nlm.nih.gov\/37213399\/\" target=\"_blank\" rel=\"noreferrer noopener\">Estudos em gastroenterologia<\/a> indicam que certos tipos de frutas podem estar associados a menor incid\u00eancia de c\u00e2ncer colorretal. A combina\u00e7\u00e3o de\u00a0<strong>fibras alimentares<\/strong>,\u00a0<strong>antioxidantes<\/strong>\u00a0e compostos anti-inflamat\u00f3rios parece favorecer um intestino mais saud\u00e1vel e um microbioma mais equilibrado.<\/p>\n\n\n\n<p>Entre as frutas com potencial efeito protetor, destacam-se <strong>melancia<\/strong>, <strong>ma\u00e7\u00e3<\/strong>, <strong>kiwi <\/strong>e frutas c\u00edtricas, como <strong>laranja<\/strong>, <strong>lim\u00e3o<\/strong> e <strong>tangerina<\/strong>. Pesquisas observacionais sugerem que o consumo frequente dessas frutas se associa a menor risco de tumores em c\u00f3lon e reto ao longo do tempo, dentro de um estilo de vida saud\u00e1vel.<\/p>\n\n\n\n<figure class=\"wp-block-image size-large\"><img loading=\"lazy\" decoding=\"async\" width=\"1024\" height=\"576\" src=\"https:\/\/www.em.com.br\/emfoco\/wp-content\/uploads\/2026\/03\/Gemini_Generated_Image_xxtpexxtpexxtpex-1-1024x576.png\" alt=\"As melhores frutas para proteger o intestino\" class=\"wp-image-178909\" srcset=\"https:\/\/www.em.com.br\/emfoco\/wp-content\/uploads\/2026\/03\/Gemini_Generated_Image_xxtpexxtpexxtpex-1-1024x576.png 1024w, https:\/\/www.em.com.br\/emfoco\/wp-content\/uploads\/2026\/03\/Gemini_Generated_Image_xxtpexxtpexxtpex-1-300x169.png 300w, https:\/\/www.em.com.br\/emfoco\/wp-content\/uploads\/2026\/03\/Gemini_Generated_Image_xxtpexxtpexxtpex-1-768x432.png 768w, https:\/\/www.em.com.br\/emfoco\/wp-content\/uploads\/2026\/03\/Gemini_Generated_Image_xxtpexxtpexxtpex-1-750x422.png 750w, https:\/\/www.em.com.br\/emfoco\/wp-content\/uploads\/2026\/03\/Gemini_Generated_Image_xxtpexxtpexxtpex-1-1140x641.png 1140w, https:\/\/www.em.com.br\/emfoco\/wp-content\/uploads\/2026\/03\/Gemini_Generated_Image_xxtpexxtpexxtpex-1.png 1280w\" sizes=\"auto, (max-width: 1024px) 100vw, 1024px\" \/><figcaption class=\"wp-element-caption\">As melhores frutas para proteger o intestino<\/figcaption><\/figure>\n\n\n\n<h2 class=\"wp-block-heading\">Quais nutrientes das frutas ajudam a proteger o intestino<\/h2>\n\n\n\n<p>A melancia se destaca pelo&nbsp;<strong>licopeno<\/strong>, carotenoide antioxidante que pode auxiliar na prote\u00e7\u00e3o celular contra radicais livres. Como \u00e9 composta majoritariamente por \u00e1gua, tamb\u00e9m contribui para a hidrata\u00e7\u00e3o e para o bom funcionamento do intestino, ajudando a manter as fezes mais macias.<\/p>\n\n\n\n<p>A ma\u00e7\u00e3 \u00e9 conhecida na&nbsp;<strong>sa\u00fade intestinal<\/strong>&nbsp;por conter fibras sol\u00faveis, como a pectina, e compostos fen\u00f3licos. Consumida com casca, oferece ainda mais fibras e fitoqu\u00edmicos, que auxiliam na forma\u00e7\u00e3o do bolo fecal, na modula\u00e7\u00e3o da microbiota e no controle da glicemia, com a\u00e7\u00e3o antioxidante e anti-inflamat\u00f3ria.<\/p>\n\n\n\n<h2 class=\"wp-block-heading\">Como o kiwi e os c\u00edtricos contribuem para um c\u00f3lon saud\u00e1vel<\/h2>\n\n\n\n<p>O kiwi \u00e9 uma excelente fonte de fibra diet\u00e9tica e vitamina C, combina\u00e7\u00e3o que apoia a digest\u00e3o, a imunidade e pode reduzir inflama\u00e7\u00f5es persistentes na mucosa intestinal. J\u00e1 as frutas c\u00edtricas concentram vitamina C e&nbsp;<strong>flavonoides<\/strong>, estudados pelo potencial de proteger o DNA e modular processos inflamat\u00f3rios cr\u00f4nicos.<\/p>\n\n\n\n<p>Outras frutas ricas em fibras e compostos bioativos, como mam\u00e3o, ameixa e frutas vermelhas, tamb\u00e9m podem somar na rotina. Elas ajudam a diversificar o consumo de nutrientes protetores, refor\u00e7ando o papel de um padr\u00e3o alimentar variado, colorido e baseado em plantas.<\/p>\n\n\n\n<figure class=\"wp-block-image size-large\"><img loading=\"lazy\" decoding=\"async\" width=\"1024\" height=\"576\" src=\"https:\/\/www.em.com.br\/emfoco\/wp-content\/uploads\/2026\/03\/ChatGPT-Image-7-de-mar.-de-2026-16_38_28-1-1024x576.png\" alt=\"\" class=\"wp-image-178912\" srcset=\"https:\/\/www.em.com.br\/emfoco\/wp-content\/uploads\/2026\/03\/ChatGPT-Image-7-de-mar.-de-2026-16_38_28-1-1024x576.png 1024w, https:\/\/www.em.com.br\/emfoco\/wp-content\/uploads\/2026\/03\/ChatGPT-Image-7-de-mar.-de-2026-16_38_28-1-300x169.png 300w, https:\/\/www.em.com.br\/emfoco\/wp-content\/uploads\/2026\/03\/ChatGPT-Image-7-de-mar.-de-2026-16_38_28-1-768x432.png 768w, https:\/\/www.em.com.br\/emfoco\/wp-content\/uploads\/2026\/03\/ChatGPT-Image-7-de-mar.-de-2026-16_38_28-1-750x422.png 750w, https:\/\/www.em.com.br\/emfoco\/wp-content\/uploads\/2026\/03\/ChatGPT-Image-7-de-mar.-de-2026-16_38_28-1-1140x641.png 1140w, https:\/\/www.em.com.br\/emfoco\/wp-content\/uploads\/2026\/03\/ChatGPT-Image-7-de-mar.-de-2026-16_38_28-1.png 1280w\" sizes=\"auto, (max-width: 1024px) 100vw, 1024px\" \/><figcaption class=\"wp-element-caption\">As melhores frutas para proteger o intestino<\/figcaption><\/figure>\n\n\n\n<h2 class=\"wp-block-heading\">Como incluir frutas na rotina para prevenir c\u00e2ncer de c\u00f3lon<\/h2>\n\n\n\n<p>Para transformar teoria em pr\u00e1tica, vale distribuir as frutas ao longo do dia, em por\u00e7\u00f5es moderadas, em vez de concentr\u00e1-las em uma \u00fanica refei\u00e7\u00e3o. Essa estrat\u00e9gia facilita atingir a meta di\u00e1ria de fibras e amplia a variedade de nutrientes consumidos de forma sustent\u00e1vel.<\/p>\n\n\n\n<p>A seguir, veja ideias simples de como inserir&nbsp;<strong>frutas ben\u00e9ficas para o c\u00f3lon<\/strong>&nbsp;nas refei\u00e7\u00f5es de maneira constante e pouco repetitiva:<\/p>\n\n\n\n<ul class=\"wp-block-list\">\n<li><strong>Caf\u00e9 da manh\u00e3:<\/strong>\u00a0incluir fatias de melancia ou gomos de laranja junto a prote\u00ednas e gr\u00e3os integrais.<\/li>\n\n\n\n<li><strong>Lanches:<\/strong>\u00a0optar por uma ma\u00e7\u00e3 com casca ou por\u00e7\u00f5es de kiwi frescos, em vez de biscoitos ou salgadinhos.<\/li>\n\n\n\n<li><strong>Almo\u00e7o e jantar:<\/strong>\u00a0montar saladas com folhas, frutas c\u00edtricas e sementes, criando pratos coloridos.<\/li>\n\n\n\n<li><strong>Sobremesas:<\/strong>\u00a0trocar doces muito processados por saladas de frutas variadas, sem excesso de a\u00e7\u00facar.<\/li>\n<\/ul>\n\n\n\n<h2 class=\"wp-block-heading\">Qual \u00e9 o papel das frutas dentro de um plano amplo de preven\u00e7\u00e3o<\/h2>\n\n\n\n<p>As frutas s\u00e3o apenas um dos pilares na prote\u00e7\u00e3o contra o c\u00e2ncer colorretal, que tamb\u00e9m envolve peso adequado, atividade f\u00edsica, n\u00e3o fumar, limitar \u00e1lcool e realizar exames de rastreamento, como a colonoscopia em faixas et\u00e1rias e grupos de risco indicados. Um padr\u00e3o alimentar rico em plantas, com destaque para frutas, vegetais, leguminosas e oleaginosas, somado \u00e0 redu\u00e7\u00e3o de ultraprocessados e carnes processadas, fortalece a sa\u00fade intestinal como um todo.<\/p>\n\n\n\n<p>Se voc\u00ea tem hist\u00f3rico familiar, sintomas intestinais ou deseja um plano personalizado de preven\u00e7\u00e3o do c\u00e2ncer de c\u00f3lon, n\u00e3o espere: converse o quanto antes com um m\u00e9dico ou nutricionista, reveja seus h\u00e1bitos e comece hoje a incluir&nbsp;<strong>frutas que reduzem o risco de c\u00e2ncer de c\u00f3lon<\/strong>&nbsp;de forma estrat\u00e9gica. Cada refei\u00e7\u00e3o \u00e9 uma oportunidade real de prote\u00e7\u00e3o \u2013 use-a a seu favor agora.<\/p>\n","protected":false},"excerpt":{"rendered":"<p>Alimenta\u00e7\u00e3o e preven\u00e7\u00e3o caminham lado a lado quando o assunto \u00e9 c\u00e2ncer de c\u00f3lon. Hoje se sabe que ajustar a rotina alimentar, com foco em frutas ricas em fibras, vitaminas e compostos antioxidantes, pode ajudar a reduzir o risco de tumores no intestino grosso, especialmente quando se fala em\u00a0frutas que reduzem o risco de c\u00e2ncer [&hellip;]<\/p>\n","protected":false},"author":11,"featured_media":178915,"comment_status":"open","ping_status":"open","sticky":false,"template":"","format":"standard","meta":{"jnews-multi-image_gallery":[],"jnews_single_post":{"format":"standard"},"jnews_primary_category":[],"jnews_social_meta":[],"jnews_override_counter":[],"footnotes":""},"categories":[1,9053],"tags":[2555,25868,8900,25869,12756],"class_list":["post-178877","post","type-post","status-publish","format-standard","has-post-thumbnail","hentry","category-noticias","category-saude","tag-frutas","tag-frutas-ricas-em-fibras","tag-intestino","tag-risco-de-cancer-de-colon","tag-saude-2"],"yoast_head":"<!-- This site is optimized with the Yoast SEO plugin v23.8 - https:\/\/yoast.com\/wordpress\/plugins\/seo\/ -->\n<title>Pouca gente sabe, mas algumas frutas do dia a dia podem ajudar a proteger o intestino contra o c\u00e2ncer de c\u00f3lon - Estado de Minas - Em foco<\/title>\n<meta name=\"description\" content=\"Certas frutas ricas em fibras e antioxidantes ajudam a proteger o intestino. Veja quais incluir na rotina para apoiar a sa\u00fade do c\u00f3lon.\" \/>\n<meta name=\"robots\" content=\"index, follow, max-snippet:-1, max-image-preview:large, max-video-preview:-1\" \/>\n<link rel=\"canonical\" href=\"https:\/\/www.em.com.br\/emfoco\/2026\/03\/07\/pouca-gente-sabe-mas-algumas-frutas-do-dia-a-dia-podem-ajudar-a-proteger-o-intestino-contra-o-cancer-de-colon\/\" \/>\n<meta property=\"og:locale\" content=\"pt_BR\" \/>\n<meta property=\"og:type\" content=\"article\" \/>\n<meta property=\"og:title\" content=\"Pouca gente sabe, mas algumas frutas do dia a dia podem ajudar a proteger o intestino contra o c\u00e2ncer de c\u00f3lon - Estado de Minas - Em foco\" \/>\n<meta property=\"og:description\" content=\"Certas frutas ricas em fibras e antioxidantes ajudam a proteger o intestino. Veja quais incluir na rotina para apoiar a sa\u00fade do c\u00f3lon.\" \/>\n<meta property=\"og:url\" content=\"https:\/\/www.em.com.br\/emfoco\/2026\/03\/07\/pouca-gente-sabe-mas-algumas-frutas-do-dia-a-dia-podem-ajudar-a-proteger-o-intestino-contra-o-cancer-de-colon\/\" \/>\n<meta property=\"og:site_name\" content=\"Estado de Minas - Em foco\" \/>\n<meta property=\"article:published_time\" content=\"2026-03-07T21:30:00+00:00\" \/>\n<meta property=\"article:modified_time\" content=\"2026-03-07T19:44:58+00:00\" \/>\n<meta property=\"og:image\" content=\"https:\/\/www.em.com.br\/emfoco\/wp-content\/uploads\/2026\/03\/ChatGPT-Image-7-de-mar.-de-2026-16_40_25-1.png\" \/>\n\t<meta property=\"og:image:width\" content=\"1280\" \/>\n\t<meta property=\"og:image:height\" content=\"720\" \/>\n\t<meta property=\"og:image:type\" content=\"image\/png\" \/>\n<meta name=\"author\" content=\"Andre\u0301 Rangel\u00a0\" \/>\n<meta name=\"twitter:card\" content=\"summary_large_image\" \/>\n<meta name=\"twitter:label1\" content=\"Escrito por\" \/>\n\t<meta name=\"twitter:data1\" content=\"Andre\u0301 Rangel\u00a0\" \/>\n\t<meta name=\"twitter:label2\" content=\"Est. tempo de leitura\" \/>\n\t<meta name=\"twitter:data2\" content=\"5 minutos\" \/>\n<!-- \/ Yoast SEO plugin. -->","yoast_head_json":{"title":"Pouca gente sabe, mas algumas frutas do dia a dia podem ajudar a proteger o intestino contra o c\u00e2ncer de c\u00f3lon - Estado de Minas - Em foco","description":"Certas frutas ricas em fibras e antioxidantes ajudam a proteger o intestino. Veja quais incluir na rotina para apoiar a sa\u00fade do c\u00f3lon.","robots":{"index":"index","follow":"follow","max-snippet":"max-snippet:-1","max-image-preview":"max-image-preview:large","max-video-preview":"max-video-preview:-1"},"canonical":"https:\/\/www.em.com.br\/emfoco\/2026\/03\/07\/pouca-gente-sabe-mas-algumas-frutas-do-dia-a-dia-podem-ajudar-a-proteger-o-intestino-contra-o-cancer-de-colon\/","og_locale":"pt_BR","og_type":"article","og_title":"Pouca gente sabe, mas algumas frutas do dia a dia podem ajudar a proteger o intestino contra o c\u00e2ncer de c\u00f3lon - Estado de Minas - Em foco","og_description":"Certas frutas ricas em fibras e antioxidantes ajudam a proteger o intestino. Veja quais incluir na rotina para apoiar a sa\u00fade do c\u00f3lon.","og_url":"https:\/\/www.em.com.br\/emfoco\/2026\/03\/07\/pouca-gente-sabe-mas-algumas-frutas-do-dia-a-dia-podem-ajudar-a-proteger-o-intestino-contra-o-cancer-de-colon\/","og_site_name":"Estado de Minas - Em foco","article_published_time":"2026-03-07T21:30:00+00:00","article_modified_time":"2026-03-07T19:44:58+00:00","og_image":[{"width":1280,"height":720,"url":"https:\/\/www.em.com.br\/emfoco\/wp-content\/uploads\/2026\/03\/ChatGPT-Image-7-de-mar.-de-2026-16_40_25-1.png","type":"image\/png"}],"author":"Andre\u0301 Rangel\u00a0","twitter_card":"summary_large_image","twitter_misc":{"Escrito por":"Andre\u0301 Rangel\u00a0","Est. tempo de leitura":"5 minutos"},"schema":{"@context":"https:\/\/schema.org","@graph":[{"@type":"WebPage","@id":"https:\/\/www.em.com.br\/emfoco\/2026\/03\/07\/pouca-gente-sabe-mas-algumas-frutas-do-dia-a-dia-podem-ajudar-a-proteger-o-intestino-contra-o-cancer-de-colon\/","url":"https:\/\/www.em.com.br\/emfoco\/2026\/03\/07\/pouca-gente-sabe-mas-algumas-frutas-do-dia-a-dia-podem-ajudar-a-proteger-o-intestino-contra-o-cancer-de-colon\/","name":"Pouca gente sabe, mas algumas frutas do dia a dia podem ajudar a proteger o intestino contra o c\u00e2ncer de c\u00f3lon - Estado de Minas - Em foco","isPartOf":{"@id":"https:\/\/www.em.com.br\/emfoco\/#website"},"primaryImageOfPage":{"@id":"https:\/\/www.em.com.br\/emfoco\/2026\/03\/07\/pouca-gente-sabe-mas-algumas-frutas-do-dia-a-dia-podem-ajudar-a-proteger-o-intestino-contra-o-cancer-de-colon\/#primaryimage"},"image":{"@id":"https:\/\/www.em.com.br\/emfoco\/2026\/03\/07\/pouca-gente-sabe-mas-algumas-frutas-do-dia-a-dia-podem-ajudar-a-proteger-o-intestino-contra-o-cancer-de-colon\/#primaryimage"},"thumbnailUrl":"https:\/\/www.em.com.br\/emfoco\/wp-content\/uploads\/2026\/03\/ChatGPT-Image-7-de-mar.-de-2026-16_40_25-1.png","datePublished":"2026-03-07T21:30:00+00:00","dateModified":"2026-03-07T19:44:58+00:00","author":{"@id":"https:\/\/www.em.com.br\/emfoco\/#\/schema\/person\/60eda09c1fedf0d6891f4cef4b60b8b8"},"description":"Certas frutas ricas em fibras e antioxidantes ajudam a proteger o intestino. Veja quais incluir na rotina para apoiar a sa\u00fade do c\u00f3lon.","breadcrumb":{"@id":"https:\/\/www.em.com.br\/emfoco\/2026\/03\/07\/pouca-gente-sabe-mas-algumas-frutas-do-dia-a-dia-podem-ajudar-a-proteger-o-intestino-contra-o-cancer-de-colon\/#breadcrumb"},"inLanguage":"pt-BR","potentialAction":[{"@type":"ReadAction","target":["https:\/\/www.em.com.br\/emfoco\/2026\/03\/07\/pouca-gente-sabe-mas-algumas-frutas-do-dia-a-dia-podem-ajudar-a-proteger-o-intestino-contra-o-cancer-de-colon\/"]}]},{"@type":"ImageObject","inLanguage":"pt-BR","@id":"https:\/\/www.em.com.br\/emfoco\/2026\/03\/07\/pouca-gente-sabe-mas-algumas-frutas-do-dia-a-dia-podem-ajudar-a-proteger-o-intestino-contra-o-cancer-de-colon\/#primaryimage","url":"https:\/\/www.em.com.br\/emfoco\/wp-content\/uploads\/2026\/03\/ChatGPT-Image-7-de-mar.-de-2026-16_40_25-1.png","contentUrl":"https:\/\/www.em.com.br\/emfoco\/wp-content\/uploads\/2026\/03\/ChatGPT-Image-7-de-mar.-de-2026-16_40_25-1.png","width":1280,"height":720,"caption":"As melhores frutas para proteger o intestino"},{"@type":"BreadcrumbList","@id":"https:\/\/www.em.com.br\/emfoco\/2026\/03\/07\/pouca-gente-sabe-mas-algumas-frutas-do-dia-a-dia-podem-ajudar-a-proteger-o-intestino-contra-o-cancer-de-colon\/#breadcrumb","itemListElement":[{"@type":"ListItem","position":1,"name":"In\u00edcio","item":"https:\/\/www.em.com.br\/emfoco\/"},{"@type":"ListItem","position":2,"name":"Pouca gente sabe, mas algumas frutas do dia a dia podem ajudar a proteger o intestino contra o c\u00e2ncer de c\u00f3lon"}]},{"@type":"WebSite","@id":"https:\/\/www.em.com.br\/emfoco\/#website","url":"https:\/\/www.em.com.br\/emfoco\/","name":"Estado de Minas - Em foco","description":"Acompanhe as \u00faltimas not\u00edcias e fique bem informado sobre tudo o que acontece em Minas Gerais, Brasil e no mundo.","potentialAction":[{"@type":"SearchAction","target":{"@type":"EntryPoint","urlTemplate":"https:\/\/www.em.com.br\/emfoco\/?s={search_term_string}"},"query-input":{"@type":"PropertyValueSpecification","valueRequired":true,"valueName":"search_term_string"}}],"inLanguage":"pt-BR"},{"@type":"Person","@id":"https:\/\/www.em.com.br\/emfoco\/#\/schema\/person\/60eda09c1fedf0d6891f4cef4b60b8b8","name":"Andre\u0301 Rangel\u00a0","image":{"@type":"ImageObject","inLanguage":"pt-BR","@id":"https:\/\/www.em.com.br\/emfoco\/#\/schema\/person\/image\/","url":"https:\/\/secure.gravatar.com\/avatar\/6234dc814c77c8ef6d8bba622c787efc?s=96&d=mm&r=g","contentUrl":"https:\/\/secure.gravatar.com\/avatar\/6234dc814c77c8ef6d8bba622c787efc?s=96&d=mm&r=g","caption":"Andre\u0301 Rangel\u00a0"},"url":"https:\/\/www.em.com.br\/emfoco\/author\/luizmyth\/"}]}},"_links":{"self":[{"href":"https:\/\/www.em.com.br\/emfoco\/wp-json\/wp\/v2\/posts\/178877","targetHints":{"allow":["GET"]}}],"collection":[{"href":"https:\/\/www.em.com.br\/emfoco\/wp-json\/wp\/v2\/posts"}],"about":[{"href":"https:\/\/www.em.com.br\/emfoco\/wp-json\/wp\/v2\/types\/post"}],"author":[{"embeddable":true,"href":"https:\/\/www.em.com.br\/emfoco\/wp-json\/wp\/v2\/users\/11"}],"replies":[{"embeddable":true,"href":"https:\/\/www.em.com.br\/emfoco\/wp-json\/wp\/v2\/comments?post=178877"}],"version-history":[{"count":1,"href":"https:\/\/www.em.com.br\/emfoco\/wp-json\/wp\/v2\/posts\/178877\/revisions"}],"predecessor-version":[{"id":178919,"href":"https:\/\/www.em.com.br\/emfoco\/wp-json\/wp\/v2\/posts\/178877\/revisions\/178919"}],"wp:featuredmedia":[{"embeddable":true,"href":"https:\/\/www.em.com.br\/emfoco\/wp-json\/wp\/v2\/media\/178915"}],"wp:attachment":[{"href":"https:\/\/www.em.com.br\/emfoco\/wp-json\/wp\/v2\/media?parent=178877"}],"wp:term":[{"taxonomy":"category","embeddable":true,"href":"https:\/\/www.em.com.br\/emfoco\/wp-json\/wp\/v2\/categories?post=178877"},{"taxonomy":"post_tag","embeddable":true,"href":"https:\/\/www.em.com.br\/emfoco\/wp-json\/wp\/v2\/tags?post=178877"}],"curies":[{"name":"wp","href":"https:\/\/api.w.org\/{rel}","templated":true}]}}