{"id":178876,"date":"2026-03-07T17:00:00","date_gmt":"2026-03-07T20:00:00","guid":{"rendered":"https:\/\/www.em.com.br\/emfoco\/?p=178876"},"modified":"2026-03-07T16:33:17","modified_gmt":"2026-03-07T19:33:17","slug":"embaixada-do-brasil-faz-alerta-urgente-e-recomenda-que-brasileiros-evitem-viajar-para-11-paises-neste-momento","status":"publish","type":"post","link":"https:\/\/www.em.com.br\/emfoco\/2026\/03\/07\/embaixada-do-brasil-faz-alerta-urgente-e-recomenda-que-brasileiros-evitem-viajar-para-11-paises-neste-momento\/","title":{"rendered":"Embaixada do Brasil faz alerta urgente e recomenda que brasileiros evitem viajar para 11 pa\u00edses neste momento"},"content":{"rendered":"\n<p>O alerta de viagem emitido pelo governo brasileiro em 2026 para parte do <strong>Oriente M\u00e9dio <\/strong>movimentou quem tem fam\u00edlia, amigos ou neg\u00f3cios na regi\u00e3o, refor\u00e7ando a necessidade de decis\u00f5es r\u00e1pidas e bem-informadas sobre seguran\u00e7a, mudan\u00e7a de planos e eventuais rotas de sa\u00edda.<\/p>\n\n\n\n<h2 class=\"wp-block-heading\">O que \u00e9 o alerta de viagem do governo brasileiro<\/h2>\n\n\n\n<p>O alerta de viagem \u00e9 um comunicado oficial usado pelo <strong>Itamaraty <\/strong>para avisar sobre riscos acima do normal em determinados destinos, especialmente em cen\u00e1rios de tens\u00e3o e poss\u00edvel escalada de conflitos. Ele n\u00e3o pro\u00edbe viagens, mas indica fortemente que o risco est\u00e1 elevado.<\/p>\n\n\n\n<p>No contexto atual, o governo desaconselha deslocamentos n\u00e3o essenciais para&nbsp;<strong>Ir\u00e3, Israel, Catar, Kuwait, Emirados \u00c1rabes Unidos, Bahrein, Jord\u00e2nia, Iraque, L\u00edbano, Palestina e S\u00edria<\/strong>, buscando reduzir a exposi\u00e7\u00e3o de brasileiros a epis\u00f3dios de viol\u00eancia, mudan\u00e7as repentinas de rotas a\u00e9reas e restri\u00e7\u00f5es internas.<\/p>\n\n\n\n<figure class=\"wp-block-image size-large\"><img loading=\"lazy\" decoding=\"async\" width=\"1024\" height=\"576\" src=\"https:\/\/www.em.com.br\/emfoco\/wp-content\/uploads\/2026\/03\/ChatGPT-Image-7-de-mar.-de-2026-16_30_40-1-1024x576.png\" alt=\"Novo alerta de viagem preocupa brasileiros no exterior\" class=\"wp-image-178898\" srcset=\"https:\/\/www.em.com.br\/emfoco\/wp-content\/uploads\/2026\/03\/ChatGPT-Image-7-de-mar.-de-2026-16_30_40-1-1024x576.png 1024w, https:\/\/www.em.com.br\/emfoco\/wp-content\/uploads\/2026\/03\/ChatGPT-Image-7-de-mar.-de-2026-16_30_40-1-300x169.png 300w, https:\/\/www.em.com.br\/emfoco\/wp-content\/uploads\/2026\/03\/ChatGPT-Image-7-de-mar.-de-2026-16_30_40-1-768x432.png 768w, https:\/\/www.em.com.br\/emfoco\/wp-content\/uploads\/2026\/03\/ChatGPT-Image-7-de-mar.-de-2026-16_30_40-1-750x422.png 750w, https:\/\/www.em.com.br\/emfoco\/wp-content\/uploads\/2026\/03\/ChatGPT-Image-7-de-mar.-de-2026-16_30_40-1-1140x641.png 1140w, https:\/\/www.em.com.br\/emfoco\/wp-content\/uploads\/2026\/03\/ChatGPT-Image-7-de-mar.-de-2026-16_30_40-1.png 1280w\" sizes=\"auto, (max-width: 1024px) 100vw, 1024px\" \/><figcaption class=\"wp-element-caption\">Novo alerta de viagem preocupa brasileiros no exterior<\/figcaption><\/figure>\n\n\n\n<h2 class=\"wp-block-heading\">Quais destinos est\u00e3o sob maior aten\u00e7\u00e3o para brasileiros<\/h2>\n\n\n\n<p>Quando a tens\u00e3o regional cresce, a pol\u00edtica externa costuma elevar o n\u00edvel de vigil\u00e2ncia sobre destinos considerados sens\u00edveis. \u00c9 nessa leitura que o <strong>Brasil <\/strong>orienta que viagens sejam reavaliadas com base em seguran\u00e7a, n\u00e3o apenas em turismo ou neg\u00f3cios.<\/p>\n\n\n\n<p>Seguradoras, companhias a\u00e9reas e ag\u00eancias de turismo tamb\u00e9m monitoram esses comunicados para rever coberturas, remarca\u00e7\u00f5es e at\u00e9 suspens\u00e3o de opera\u00e7\u00f5es, o que afeta diretamente a experi\u00eancia e o planejamento dos viajantes brasileiros.<\/p>\n\n\n\n<h2 class=\"wp-block-heading\">Como agir de forma segura diante de um alerta de viagem<\/h2>\n\n\n\n<p>Ao ser divulgado um alerta do Itamaraty, a prioridade \u00e9 a seguran\u00e7a do cidad\u00e3o, especialmente de quem j\u00e1 est\u00e1 na regi\u00e3o. Nesses casos, a orienta\u00e7\u00e3o \u00e9 reduzir deslocamentos desnecess\u00e1rios, manter documenta\u00e7\u00e3o em dia e seguir de perto os canais oficiais.<\/p>\n\n\n\n<p>Para facilitar atitudes concretas no dia a dia, o governo recomenda que os brasileiros adotem algumas medidas de comportamento preventivo em \u00e1reas de instabilidade:<\/p>\n\n\n\n<ul class=\"wp-block-list\">\n<li><strong>Acompanhar canais oficiais:<\/strong>\u00a0seguir sites e redes sociais de embaixadas e consulados brasileiros.<\/li>\n\n\n\n<li><strong>Obedecer \u00e0s autoridades locais:<\/strong>\u00a0cumprir regras de seguran\u00e7a, evacua\u00e7\u00e3o e toque de recolher.<\/li>\n\n\n\n<li><strong>Evitar aglomera\u00e7\u00f5es:<\/strong>\u00a0manter dist\u00e2ncia de protestos, manifesta\u00e7\u00f5es e grandes eventos p\u00fablicos.<\/li>\n\n\n\n<li><strong>Monitorar a m\u00eddia local:<\/strong>\u00a0priorizar fontes confi\u00e1veis para entender mudan\u00e7as r\u00e1pidas no cen\u00e1rio.<\/li>\n\n\n\n<li><strong>Planejar sa\u00eddas de casa:<\/strong>\u00a0avaliar rotas, hor\u00e1rios e pontos de abrigo antes de se deslocar.<\/li>\n<\/ul>\n\n\n\n<p>Em caso de cancelamento ou altera\u00e7\u00e3o de voos, o primeiro contato deve ser com a companhia a\u00e9rea, para remarca\u00e7\u00e3o ou reorganiza\u00e7\u00e3o do itiner\u00e1rio. Passaportes e vistos devem ter, idealmente, ao menos seis meses de validade para facilitar deslocamentos emergenciais e poss\u00edveis repatria\u00e7\u00f5es.<\/p>\n\n\n\n<figure class=\"wp-block-image size-large\"><img loading=\"lazy\" decoding=\"async\" width=\"1024\" height=\"576\" src=\"https:\/\/www.em.com.br\/emfoco\/wp-content\/uploads\/2026\/03\/ChatGPT-Image-7-de-mar.-de-2026-16_31_47-1-1024x576.png\" alt=\"Novo alerta de viagem preocupa brasileiros no exterior\" class=\"wp-image-178899\" srcset=\"https:\/\/www.em.com.br\/emfoco\/wp-content\/uploads\/2026\/03\/ChatGPT-Image-7-de-mar.-de-2026-16_31_47-1-1024x576.png 1024w, https:\/\/www.em.com.br\/emfoco\/wp-content\/uploads\/2026\/03\/ChatGPT-Image-7-de-mar.-de-2026-16_31_47-1-300x169.png 300w, https:\/\/www.em.com.br\/emfoco\/wp-content\/uploads\/2026\/03\/ChatGPT-Image-7-de-mar.-de-2026-16_31_47-1-768x432.png 768w, https:\/\/www.em.com.br\/emfoco\/wp-content\/uploads\/2026\/03\/ChatGPT-Image-7-de-mar.-de-2026-16_31_47-1-750x422.png 750w, https:\/\/www.em.com.br\/emfoco\/wp-content\/uploads\/2026\/03\/ChatGPT-Image-7-de-mar.-de-2026-16_31_47-1-1140x641.png 1140w, https:\/\/www.em.com.br\/emfoco\/wp-content\/uploads\/2026\/03\/ChatGPT-Image-7-de-mar.-de-2026-16_31_47-1.png 1280w\" sizes=\"auto, (max-width: 1024px) 100vw, 1024px\" \/><figcaption class=\"wp-element-caption\">Novo alerta de viagem preocupa brasileiros no exterior<\/figcaption><\/figure>\n\n\n\n<h2 class=\"wp-block-heading\">Quais cuidados adicionais ter em \u00e1reas de tens\u00e3o no Oriente M\u00e9dio<\/h2>\n\n\n\n<p>Al\u00e9m das orienta\u00e7\u00f5es gerais, o alerta de viagem inclui recomenda\u00e7\u00f5es espec\u00edficas por pa\u00eds, alinhadas a ferramentas locais de seguran\u00e7a. Em Israel, por exemplo, o Itamaraty sugere o uso do aplicativo\u00a0<em><strong>Home Front Command<\/strong><\/em>, que envia alertas sobre m\u00edsseis, abrigos e rotas de fuga em tempo real.<\/p>\n\n\n\n<p>No L\u00edbano, a embaixada brasileira mant\u00e9m um canal oficial de WhatsApp para avisos r\u00e1pidos e centraliza\u00e7\u00e3o de informa\u00e7\u00f5es. Plant\u00f5es consulares em cidades como <strong>Teer\u00e3<\/strong>, <strong>Tel Aviv<\/strong>, <strong>Doha<\/strong>, <strong>Kuwait<\/strong>, <strong>Abu Dhabi<\/strong>, <strong>Manama<\/strong>, <strong>Am\u00e3<\/strong>, <strong>Bagd\u00e1<\/strong>, <strong>Beirute<\/strong>, <strong>Ramala <\/strong>e <strong>Damasco <\/strong>permitem contato imediato em casos de desaparecimento de familiares, dificuldades de sa\u00edda do pa\u00eds, d\u00favidas sobre documentos, indica\u00e7\u00e3o de abrigos seguros e instru\u00e7\u00f5es sobre poss\u00edveis opera\u00e7\u00f5es de repatria\u00e7\u00e3o.<\/p>\n\n\n\n<h2 class=\"wp-block-heading\">Por que seguir os alertas de viagem e agir agora<\/h2>\n\n\n\n<p>Em 2026, com conflitos regionais mais vol\u00e1teis e rotas a\u00e9reas sujeitas a mudan\u00e7as s\u00fabitas, ignorar um alerta de viagem pode significar ficar preso em um cen\u00e1rio hostil, com poucas op\u00e7\u00f5es de sa\u00edda. Incluir essas orienta\u00e7\u00f5es no planejamento \u00e9 hoje um passo b\u00e1sico de autoprote\u00e7\u00e3o para qualquer brasileiro que viaja para zonas sens\u00edveis.<\/p>\n\n\n\n<p>Antes de embarcar, revise seus planos, consulte o site do Itamaraty, atualize seus contatos com embaixadas e converse com sua companhia a\u00e9rea e seguradora. Se voc\u00ea, um familiar ou amigo est\u00e1 na regi\u00e3o em risco, aja imediatamente: informe-se pelos canais oficiais, trace um plano de sa\u00edda e n\u00e3o espere a situa\u00e7\u00e3o piorar para tomar decis\u00f5es cr\u00edticas.<\/p>\n","protected":false},"excerpt":{"rendered":"<p>O alerta de viagem emitido pelo governo brasileiro em 2026 para parte do Oriente M\u00e9dio movimentou quem tem fam\u00edlia, amigos ou neg\u00f3cios na regi\u00e3o, refor\u00e7ando a necessidade de decis\u00f5es r\u00e1pidas e bem-informadas sobre seguran\u00e7a, mudan\u00e7a de planos e eventuais rotas de sa\u00edda. O que \u00e9 o alerta de viagem do governo brasileiro O alerta de [&hellip;]<\/p>\n","protected":false},"author":11,"featured_media":178897,"comment_status":"open","ping_status":"open","sticky":false,"template":"","format":"standard","meta":{"jnews-multi-image_gallery":[],"jnews_single_post":{"format":"standard"},"jnews_primary_category":[],"jnews_social_meta":[],"jnews_override_counter":[],"footnotes":""},"categories":[28,1],"tags":[204,11462,245,165,25865,25866,1128],"class_list":["post-178876","post","type-post","status-publish","format-standard","has-post-thumbnail","hentry","category-economia","category-noticias","tag-alerta","tag-conflito","tag-destinos","tag-governo-brasileiro","tag-itamaraty","tag-paises-do-oriente-medio","tag-viagem"],"yoast_head":"<!-- This site is optimized with the Yoast SEO plugin v23.8 - https:\/\/yoast.com\/wordpress\/plugins\/seo\/ -->\n<title>Embaixada do Brasil faz alerta urgente e recomenda que brasileiros evitem viajar para 11 pa\u00edses neste momento - Estado de Minas - Em foco<\/title>\n<meta name=\"description\" content=\"O governo brasileiro emitiu alerta de viagem para pa\u00edses do Oriente M\u00e9dio. Entenda quais destinos est\u00e3o em risco e o que fazer antes de embarcar.\" \/>\n<meta name=\"robots\" content=\"index, follow, max-snippet:-1, max-image-preview:large, max-video-preview:-1\" \/>\n<link rel=\"canonical\" href=\"https:\/\/www.em.com.br\/emfoco\/2026\/03\/07\/embaixada-do-brasil-faz-alerta-urgente-e-recomenda-que-brasileiros-evitem-viajar-para-11-paises-neste-momento\/\" \/>\n<meta property=\"og:locale\" content=\"pt_BR\" \/>\n<meta property=\"og:type\" content=\"article\" \/>\n<meta property=\"og:title\" content=\"Embaixada do Brasil faz alerta urgente e recomenda que brasileiros evitem viajar para 11 pa\u00edses neste momento - Estado de Minas - Em foco\" \/>\n<meta property=\"og:description\" content=\"O governo brasileiro emitiu alerta de viagem para pa\u00edses do Oriente M\u00e9dio. Entenda quais destinos est\u00e3o em risco e o que fazer antes de embarcar.\" \/>\n<meta property=\"og:url\" content=\"https:\/\/www.em.com.br\/emfoco\/2026\/03\/07\/embaixada-do-brasil-faz-alerta-urgente-e-recomenda-que-brasileiros-evitem-viajar-para-11-paises-neste-momento\/\" \/>\n<meta property=\"og:site_name\" content=\"Estado de Minas - Em foco\" \/>\n<meta property=\"article:published_time\" content=\"2026-03-07T20:00:00+00:00\" \/>\n<meta property=\"article:modified_time\" content=\"2026-03-07T19:33:17+00:00\" \/>\n<meta property=\"og:image\" content=\"https:\/\/www.em.com.br\/emfoco\/wp-content\/uploads\/2026\/03\/ChatGPT-Image-7-de-mar.-de-2026-16_28_38-1.png\" \/>\n\t<meta property=\"og:image:width\" content=\"1280\" \/>\n\t<meta property=\"og:image:height\" content=\"720\" \/>\n\t<meta property=\"og:image:type\" content=\"image\/png\" \/>\n<meta name=\"author\" content=\"Andre\u0301 Rangel\u00a0\" \/>\n<meta name=\"twitter:card\" content=\"summary_large_image\" \/>\n<meta name=\"twitter:label1\" content=\"Escrito por\" \/>\n\t<meta name=\"twitter:data1\" content=\"Andre\u0301 Rangel\u00a0\" \/>\n\t<meta name=\"twitter:label2\" content=\"Est. tempo de leitura\" \/>\n\t<meta name=\"twitter:data2\" content=\"5 minutos\" \/>\n<!-- \/ Yoast SEO plugin. -->","yoast_head_json":{"title":"Embaixada do Brasil faz alerta urgente e recomenda que brasileiros evitem viajar para 11 pa\u00edses neste momento - Estado de Minas - Em foco","description":"O governo brasileiro emitiu alerta de viagem para pa\u00edses do Oriente M\u00e9dio. Entenda quais destinos est\u00e3o em risco e o que fazer antes de embarcar.","robots":{"index":"index","follow":"follow","max-snippet":"max-snippet:-1","max-image-preview":"max-image-preview:large","max-video-preview":"max-video-preview:-1"},"canonical":"https:\/\/www.em.com.br\/emfoco\/2026\/03\/07\/embaixada-do-brasil-faz-alerta-urgente-e-recomenda-que-brasileiros-evitem-viajar-para-11-paises-neste-momento\/","og_locale":"pt_BR","og_type":"article","og_title":"Embaixada do Brasil faz alerta urgente e recomenda que brasileiros evitem viajar para 11 pa\u00edses neste momento - Estado de Minas - Em foco","og_description":"O governo brasileiro emitiu alerta de viagem para pa\u00edses do Oriente M\u00e9dio. Entenda quais destinos est\u00e3o em risco e o que fazer antes de embarcar.","og_url":"https:\/\/www.em.com.br\/emfoco\/2026\/03\/07\/embaixada-do-brasil-faz-alerta-urgente-e-recomenda-que-brasileiros-evitem-viajar-para-11-paises-neste-momento\/","og_site_name":"Estado de Minas - Em foco","article_published_time":"2026-03-07T20:00:00+00:00","article_modified_time":"2026-03-07T19:33:17+00:00","og_image":[{"width":1280,"height":720,"url":"https:\/\/www.em.com.br\/emfoco\/wp-content\/uploads\/2026\/03\/ChatGPT-Image-7-de-mar.-de-2026-16_28_38-1.png","type":"image\/png"}],"author":"Andre\u0301 Rangel\u00a0","twitter_card":"summary_large_image","twitter_misc":{"Escrito por":"Andre\u0301 Rangel\u00a0","Est. tempo de leitura":"5 minutos"},"schema":{"@context":"https:\/\/schema.org","@graph":[{"@type":"WebPage","@id":"https:\/\/www.em.com.br\/emfoco\/2026\/03\/07\/embaixada-do-brasil-faz-alerta-urgente-e-recomenda-que-brasileiros-evitem-viajar-para-11-paises-neste-momento\/","url":"https:\/\/www.em.com.br\/emfoco\/2026\/03\/07\/embaixada-do-brasil-faz-alerta-urgente-e-recomenda-que-brasileiros-evitem-viajar-para-11-paises-neste-momento\/","name":"Embaixada do Brasil faz alerta urgente e recomenda que brasileiros evitem viajar para 11 pa\u00edses neste momento - Estado de Minas - Em foco","isPartOf":{"@id":"https:\/\/www.em.com.br\/emfoco\/#website"},"primaryImageOfPage":{"@id":"https:\/\/www.em.com.br\/emfoco\/2026\/03\/07\/embaixada-do-brasil-faz-alerta-urgente-e-recomenda-que-brasileiros-evitem-viajar-para-11-paises-neste-momento\/#primaryimage"},"image":{"@id":"https:\/\/www.em.com.br\/emfoco\/2026\/03\/07\/embaixada-do-brasil-faz-alerta-urgente-e-recomenda-que-brasileiros-evitem-viajar-para-11-paises-neste-momento\/#primaryimage"},"thumbnailUrl":"https:\/\/www.em.com.br\/emfoco\/wp-content\/uploads\/2026\/03\/ChatGPT-Image-7-de-mar.-de-2026-16_28_38-1.png","datePublished":"2026-03-07T20:00:00+00:00","dateModified":"2026-03-07T19:33:17+00:00","author":{"@id":"https:\/\/www.em.com.br\/emfoco\/#\/schema\/person\/60eda09c1fedf0d6891f4cef4b60b8b8"},"description":"O governo brasileiro emitiu alerta de viagem para pa\u00edses do Oriente M\u00e9dio. Entenda quais destinos est\u00e3o em risco e o que fazer antes de embarcar.","breadcrumb":{"@id":"https:\/\/www.em.com.br\/emfoco\/2026\/03\/07\/embaixada-do-brasil-faz-alerta-urgente-e-recomenda-que-brasileiros-evitem-viajar-para-11-paises-neste-momento\/#breadcrumb"},"inLanguage":"pt-BR","potentialAction":[{"@type":"ReadAction","target":["https:\/\/www.em.com.br\/emfoco\/2026\/03\/07\/embaixada-do-brasil-faz-alerta-urgente-e-recomenda-que-brasileiros-evitem-viajar-para-11-paises-neste-momento\/"]}]},{"@type":"ImageObject","inLanguage":"pt-BR","@id":"https:\/\/www.em.com.br\/emfoco\/2026\/03\/07\/embaixada-do-brasil-faz-alerta-urgente-e-recomenda-que-brasileiros-evitem-viajar-para-11-paises-neste-momento\/#primaryimage","url":"https:\/\/www.em.com.br\/emfoco\/wp-content\/uploads\/2026\/03\/ChatGPT-Image-7-de-mar.-de-2026-16_28_38-1.png","contentUrl":"https:\/\/www.em.com.br\/emfoco\/wp-content\/uploads\/2026\/03\/ChatGPT-Image-7-de-mar.-de-2026-16_28_38-1.png","width":1280,"height":720,"caption":"Novo alerta de viagem preocupa brasileiros no exterior"},{"@type":"BreadcrumbList","@id":"https:\/\/www.em.com.br\/emfoco\/2026\/03\/07\/embaixada-do-brasil-faz-alerta-urgente-e-recomenda-que-brasileiros-evitem-viajar-para-11-paises-neste-momento\/#breadcrumb","itemListElement":[{"@type":"ListItem","position":1,"name":"In\u00edcio","item":"https:\/\/www.em.com.br\/emfoco\/"},{"@type":"ListItem","position":2,"name":"Embaixada do Brasil faz alerta urgente e recomenda que brasileiros evitem viajar para 11 pa\u00edses neste momento"}]},{"@type":"WebSite","@id":"https:\/\/www.em.com.br\/emfoco\/#website","url":"https:\/\/www.em.com.br\/emfoco\/","name":"Estado de Minas - Em foco","description":"Acompanhe as \u00faltimas not\u00edcias e fique bem informado sobre tudo o que acontece em Minas Gerais, Brasil e no mundo.","potentialAction":[{"@type":"SearchAction","target":{"@type":"EntryPoint","urlTemplate":"https:\/\/www.em.com.br\/emfoco\/?s={search_term_string}"},"query-input":{"@type":"PropertyValueSpecification","valueRequired":true,"valueName":"search_term_string"}}],"inLanguage":"pt-BR"},{"@type":"Person","@id":"https:\/\/www.em.com.br\/emfoco\/#\/schema\/person\/60eda09c1fedf0d6891f4cef4b60b8b8","name":"Andre\u0301 Rangel\u00a0","image":{"@type":"ImageObject","inLanguage":"pt-BR","@id":"https:\/\/www.em.com.br\/emfoco\/#\/schema\/person\/image\/","url":"https:\/\/secure.gravatar.com\/avatar\/6234dc814c77c8ef6d8bba622c787efc?s=96&d=mm&r=g","contentUrl":"https:\/\/secure.gravatar.com\/avatar\/6234dc814c77c8ef6d8bba622c787efc?s=96&d=mm&r=g","caption":"Andre\u0301 Rangel\u00a0"},"url":"https:\/\/www.em.com.br\/emfoco\/author\/luizmyth\/"}]}},"_links":{"self":[{"href":"https:\/\/www.em.com.br\/emfoco\/wp-json\/wp\/v2\/posts\/178876","targetHints":{"allow":["GET"]}}],"collection":[{"href":"https:\/\/www.em.com.br\/emfoco\/wp-json\/wp\/v2\/posts"}],"about":[{"href":"https:\/\/www.em.com.br\/emfoco\/wp-json\/wp\/v2\/types\/post"}],"author":[{"embeddable":true,"href":"https:\/\/www.em.com.br\/emfoco\/wp-json\/wp\/v2\/users\/11"}],"replies":[{"embeddable":true,"href":"https:\/\/www.em.com.br\/emfoco\/wp-json\/wp\/v2\/comments?post=178876"}],"version-history":[{"count":2,"href":"https:\/\/www.em.com.br\/emfoco\/wp-json\/wp\/v2\/posts\/178876\/revisions"}],"predecessor-version":[{"id":178902,"href":"https:\/\/www.em.com.br\/emfoco\/wp-json\/wp\/v2\/posts\/178876\/revisions\/178902"}],"wp:featuredmedia":[{"embeddable":true,"href":"https:\/\/www.em.com.br\/emfoco\/wp-json\/wp\/v2\/media\/178897"}],"wp:attachment":[{"href":"https:\/\/www.em.com.br\/emfoco\/wp-json\/wp\/v2\/media?parent=178876"}],"wp:term":[{"taxonomy":"category","embeddable":true,"href":"https:\/\/www.em.com.br\/emfoco\/wp-json\/wp\/v2\/categories?post=178876"},{"taxonomy":"post_tag","embeddable":true,"href":"https:\/\/www.em.com.br\/emfoco\/wp-json\/wp\/v2\/tags?post=178876"}],"curies":[{"name":"wp","href":"https:\/\/api.w.org\/{rel}","templated":true}]}}