{"id":17886,"date":"2025-02-09T06:20:30","date_gmt":"2025-02-09T09:20:30","guid":{"rendered":"https:\/\/www.em.com.br\/emfoco\/?p=17886"},"modified":"2025-02-08T22:23:43","modified_gmt":"2025-02-09T01:23:43","slug":"tempo-instavel-em-belo-horizonte-saiba-o-que-esperar-para-hoje","status":"publish","type":"post","link":"https:\/\/www.em.com.br\/emfoco\/2025\/02\/09\/tempo-instavel-em-belo-horizonte-saiba-o-que-esperar-para-hoje\/","title":{"rendered":"Tempo inst\u00e1vel em Belo Horizonte? Saiba o que esperar para hoje(09\/02)"},"content":{"rendered":"\n<p>O clima em <strong><a href=\"https:\/\/pt.wikipedia.org\/wiki\/Belo_Horizonte\" target=\"_blank\" rel=\"noreferrer noopener\">Belo Horizonte<\/a> <\/strong>desempenha um papel fundamental na rotina dos habitantes, influenciando desde o transporte at\u00e9 o vestu\u00e1rio. Antecipar as condi\u00e7\u00f5es atmosf\u00e9ricas ajuda na organiza\u00e7\u00e3o das atividades di\u00e1rias. Dessa <a href=\"https:\/\/www.em.com.br\/emfoco\/2025\/02\/08\/saiba-como-o-cartao-de-credito-mei-pode-transformar-o-seu-negocio\/\" target=\"_blank\" rel=\"noreferrer noopener\">forma<\/a>, acompanhar a previs\u00e3o do tempo torna-se essencial para evitar surpresas indesejadas, especialmente em uma cidade cuja meteorologia pode variar significativamente ao longo do dia.<\/p>\n\n\n\n<p>Em 9 de fevereiro de 2025, a cidade experimentar\u00e1 caracter\u00edsticas t\u00edpicas do ver\u00e3o brasileiro, uma esta\u00e7\u00e3o marcada por temperaturas altas e pancadas de chuva espor\u00e1dicas. Essas condi\u00e7\u00f5es fazem parte do padr\u00e3o meteorol\u00f3gico da regi\u00e3o, que frequentemente altera suas condi\u00e7\u00f5es ao longo do dia.<\/p>\n\n\n\n<h2 class=\"wp-block-heading\">Como estar\u00e1 o clima pela manh\u00e3?<\/h2>\n\n\n\n<p>Na manh\u00e3 de 9 de fevereiro, os term\u00f4metros devem registrar uma temperatura amena, iniciando o dia em torno de 22\u00b0C. A previs\u00e3o sugere um c\u00e9u parcialmente nublado, o que indica a possibilidade de momentos de sol espor\u00e1dicos, intercalados com nuvens. Esse tipo de clima convida tanto para atividades ao ar livre quanto para compromissos profissionais matinais, sem grandes preocupa\u00e7\u00f5es com chuvas.<\/p>\n\n\n<div class=\"wp-block-image\">\n<figure class=\"aligncenter size-large\"><img loading=\"lazy\" decoding=\"async\" width=\"1024\" height=\"576\" src=\"https:\/\/www.em.com.br\/emfoco\/wp-content\/uploads\/2024\/12\/Chuva-cidade_1733934439410-1024x576.jpg\" alt=\"Tempo inst\u00e1vel em Belo Horizonte? Saiba o que esperar para hoje\" class=\"wp-image-4363\" srcset=\"https:\/\/www.em.com.br\/emfoco\/wp-content\/uploads\/2024\/12\/Chuva-cidade_1733934439410-1024x576.jpg 1024w, https:\/\/www.em.com.br\/emfoco\/wp-content\/uploads\/2024\/12\/Chuva-cidade_1733934439410-300x169.jpg 300w, https:\/\/www.em.com.br\/emfoco\/wp-content\/uploads\/2024\/12\/Chuva-cidade_1733934439410-768x432.jpg 768w, https:\/\/www.em.com.br\/emfoco\/wp-content\/uploads\/2024\/12\/Chuva-cidade_1733934439410-750x422.jpg 750w, https:\/\/www.em.com.br\/emfoco\/wp-content\/uploads\/2024\/12\/Chuva-cidade_1733934439410-1140x641.jpg 1140w, https:\/\/www.em.com.br\/emfoco\/wp-content\/uploads\/2024\/12\/Chuva-cidade_1733934439410.jpg 1280w\" sizes=\"auto, (max-width: 1024px) 100vw, 1024px\" \/><figcaption class=\"wp-element-caption\">Chuvinha &#8211; Cr\u00e9ditos: depositphotos.com \/ gdolgikh<\/figcaption><\/figure><\/div>\n\n\n<h2 class=\"wp-block-heading\">Qual a previs\u00e3o para a tarde?<\/h2>\n\n\n\n<p>\u00c0 medida que a tarde se aproxima, espera-se que a temperatura suba, podendo alcan\u00e7ar picos de at\u00e9 30\u00b0C. Este aquecimento caracteriza o pico da temperatura di\u00e1ria, comum na esta\u00e7\u00e3o do ver\u00e3o. Contudo, \u00e9 importante estar preparado para chuvas passageiras. Essas <strong>precipita\u00e7\u00f5es<\/strong> s\u00e3o t\u00edpicas da esta\u00e7\u00e3o e costumam ser acompanhadas de ventos ocasionais. A altern\u00e2ncia entre sol forte e chuva pode aumentar a sensa\u00e7\u00e3o de abafamento.<\/p>\n\n\n\n<h2 class=\"wp-block-heading\">E quanto \u00e0 noite?<\/h2>\n\n\n\n<p>Com o avan\u00e7o para a noite, a <em>previs\u00e3o<\/em> indica uma leve queda nas temperaturas, situando-se ao redor de 24\u00b0C. O predom\u00ednio ser\u00e1 de c\u00e9u encoberto com possibilidade de chuvas esparsas, geralmente caracter\u00edsticas da dissipa\u00e7\u00e3o das nuvens de chuva que se formam durante o per\u00edodo quente do dia. \u00c9 aconselh\u00e1vel que eventos ao ar livre contemplem essa condi\u00e7\u00e3o para garantir conforto e seguran\u00e7a aos participantes.<\/p>\n\n\n\n<h2 class=\"wp-block-heading\">Dicas para enfrentar o clima do dia<\/h2>\n\n\n\n<ul class=\"wp-block-list\">\n<li><strong>Roupa leve:<\/strong> Vista-se com tecidos que permitam a circula\u00e7\u00e3o de ar para enfrentar o calor da tarde.<\/li>\n\n\n\n<li><strong>Hidrata\u00e7\u00e3o:<\/strong> Sempre tenha uma garrafa de \u00e1gua \u00e0 m\u00e3o para se manter hidratado e suportar as varia\u00e7\u00f5es de temperatura.<\/li>\n\n\n\n<li><strong>Prote\u00e7\u00e3o contra chuva:<\/strong> Um guarda-chuva ou uma capa de chuva pode ser \u00fatil em caso de precipita\u00e7\u00f5es repentinas.<\/li>\n<\/ul>\n\n\n\n<p>Atentar-se \u00e0 previs\u00e3o do tempo de Belo Horizonte para 9 de fevereiro de 2025 pode contribuir para um dia mais organizado e agrad\u00e1vel. Assim, \u00e9 poss\u00edvel adaptar-se \u00e0s condi\u00e7\u00f5es clim\u00e1ticas e evitar ser surpreendido, aproveitando melhor o clima diversificado que a cidade oferece.<\/p>\n","protected":false},"excerpt":{"rendered":"<p>O clima em Belo Horizonte desempenha um papel fundamental na rotina dos habitantes, influenciando desde o transporte at\u00e9 o vestu\u00e1rio. Antecipar as condi\u00e7\u00f5es atmosf\u00e9ricas ajuda na organiza\u00e7\u00e3o das atividades di\u00e1rias. Dessa forma, acompanhar a previs\u00e3o do tempo torna-se essencial para evitar surpresas indesejadas, especialmente em uma cidade cuja meteorologia pode variar significativamente ao longo do [&hellip;]<\/p>\n","protected":false},"author":7,"featured_media":4030,"comment_status":"open","ping_status":"open","sticky":false,"template":"","format":"standard","meta":{"jnews-multi-image_gallery":[],"jnews_single_post":{"format":"standard"},"jnews_primary_category":[],"jnews_social_meta":[],"jnews_override_counter":[],"footnotes":""},"categories":[26],"tags":[154,152,251,155],"class_list":["post-17886","post","type-post","status-publish","format-standard","has-post-thumbnail","hentry","category-cidades","tag-belo-horizonte","tag-clima","tag-previsao-do-tempo","tag-tempo"],"yoast_head":"<!-- This site is optimized with the Yoast SEO plugin v23.8 - https:\/\/yoast.com\/wordpress\/plugins\/seo\/ -->\n<title>Tempo inst\u00e1vel em Belo Horizonte? Saiba o que esperar para hoje(09\/02) - Estado de Minas - Em foco<\/title>\n<meta name=\"description\" content=\"Previs\u00e3o do tempo detalhada para Belo Horizonte, 9 de fevereiro de 2025. Saiba a temperatura, umidade e chances de chuva.\" \/>\n<meta name=\"robots\" content=\"index, follow, max-snippet:-1, max-image-preview:large, max-video-preview:-1\" \/>\n<link rel=\"canonical\" href=\"https:\/\/www.em.com.br\/emfoco\/2025\/02\/09\/tempo-instavel-em-belo-horizonte-saiba-o-que-esperar-para-hoje\/\" \/>\n<meta property=\"og:locale\" content=\"pt_BR\" \/>\n<meta property=\"og:type\" content=\"article\" \/>\n<meta property=\"og:title\" content=\"Tempo inst\u00e1vel em Belo Horizonte? Saiba o que esperar para hoje(09\/02) - Estado de Minas - Em foco\" \/>\n<meta property=\"og:description\" content=\"Previs\u00e3o do tempo detalhada para Belo Horizonte, 9 de fevereiro de 2025. Saiba a temperatura, umidade e chances de chuva.\" \/>\n<meta property=\"og:url\" content=\"https:\/\/www.em.com.br\/emfoco\/2025\/02\/09\/tempo-instavel-em-belo-horizonte-saiba-o-que-esperar-para-hoje\/\" \/>\n<meta property=\"og:site_name\" content=\"Estado de Minas - Em foco\" \/>\n<meta property=\"article:published_time\" content=\"2025-02-09T09:20:30+00:00\" \/>\n<meta property=\"article:modified_time\" content=\"2025-02-09T01:23:43+00:00\" \/>\n<meta property=\"og:image\" content=\"https:\/\/www.em.com.br\/emfoco\/wp-content\/uploads\/2024\/12\/Belo-Horizonte_1733787303703.jpg\" \/>\n\t<meta property=\"og:image:width\" content=\"1280\" \/>\n\t<meta property=\"og:image:height\" content=\"720\" \/>\n\t<meta property=\"og:image:type\" content=\"image\/jpeg\" \/>\n<meta name=\"author\" content=\"Kelvin\" \/>\n<meta name=\"twitter:card\" content=\"summary_large_image\" \/>\n<meta name=\"twitter:label1\" content=\"Escrito por\" \/>\n\t<meta name=\"twitter:data1\" content=\"Kelvin\" \/>\n\t<meta name=\"twitter:label2\" content=\"Est. tempo de leitura\" \/>\n\t<meta name=\"twitter:data2\" content=\"3 minutos\" \/>\n<!-- \/ Yoast SEO plugin. -->","yoast_head_json":{"title":"Tempo inst\u00e1vel em Belo Horizonte? Saiba o que esperar para hoje(09\/02) - Estado de Minas - Em foco","description":"Previs\u00e3o do tempo detalhada para Belo Horizonte, 9 de fevereiro de 2025. Saiba a temperatura, umidade e chances de chuva.","robots":{"index":"index","follow":"follow","max-snippet":"max-snippet:-1","max-image-preview":"max-image-preview:large","max-video-preview":"max-video-preview:-1"},"canonical":"https:\/\/www.em.com.br\/emfoco\/2025\/02\/09\/tempo-instavel-em-belo-horizonte-saiba-o-que-esperar-para-hoje\/","og_locale":"pt_BR","og_type":"article","og_title":"Tempo inst\u00e1vel em Belo Horizonte? Saiba o que esperar para hoje(09\/02) - Estado de Minas - Em foco","og_description":"Previs\u00e3o do tempo detalhada para Belo Horizonte, 9 de fevereiro de 2025. Saiba a temperatura, umidade e chances de chuva.","og_url":"https:\/\/www.em.com.br\/emfoco\/2025\/02\/09\/tempo-instavel-em-belo-horizonte-saiba-o-que-esperar-para-hoje\/","og_site_name":"Estado de Minas - Em foco","article_published_time":"2025-02-09T09:20:30+00:00","article_modified_time":"2025-02-09T01:23:43+00:00","og_image":[{"width":1280,"height":720,"url":"https:\/\/www.em.com.br\/emfoco\/wp-content\/uploads\/2024\/12\/Belo-Horizonte_1733787303703.jpg","type":"image\/jpeg"}],"author":"Kelvin","twitter_card":"summary_large_image","twitter_misc":{"Escrito por":"Kelvin","Est. tempo de leitura":"3 minutos"},"schema":{"@context":"https:\/\/schema.org","@graph":[{"@type":"WebPage","@id":"https:\/\/www.em.com.br\/emfoco\/2025\/02\/09\/tempo-instavel-em-belo-horizonte-saiba-o-que-esperar-para-hoje\/","url":"https:\/\/www.em.com.br\/emfoco\/2025\/02\/09\/tempo-instavel-em-belo-horizonte-saiba-o-que-esperar-para-hoje\/","name":"Tempo inst\u00e1vel em Belo Horizonte? Saiba o que esperar para hoje(09\/02) - Estado de Minas - Em foco","isPartOf":{"@id":"https:\/\/www.em.com.br\/emfoco\/#website"},"primaryImageOfPage":{"@id":"https:\/\/www.em.com.br\/emfoco\/2025\/02\/09\/tempo-instavel-em-belo-horizonte-saiba-o-que-esperar-para-hoje\/#primaryimage"},"image":{"@id":"https:\/\/www.em.com.br\/emfoco\/2025\/02\/09\/tempo-instavel-em-belo-horizonte-saiba-o-que-esperar-para-hoje\/#primaryimage"},"thumbnailUrl":"https:\/\/www.em.com.br\/emfoco\/wp-content\/uploads\/2024\/12\/Belo-Horizonte_1733787303703.jpg","datePublished":"2025-02-09T09:20:30+00:00","dateModified":"2025-02-09T01:23:43+00:00","author":{"@id":"https:\/\/www.em.com.br\/emfoco\/#\/schema\/person\/fb0a7f48c6fbb94b83f413a80f61917d"},"description":"Previs\u00e3o do tempo detalhada para Belo Horizonte, 9 de fevereiro de 2025. Saiba a temperatura, umidade e chances de chuva.","breadcrumb":{"@id":"https:\/\/www.em.com.br\/emfoco\/2025\/02\/09\/tempo-instavel-em-belo-horizonte-saiba-o-que-esperar-para-hoje\/#breadcrumb"},"inLanguage":"pt-BR","potentialAction":[{"@type":"ReadAction","target":["https:\/\/www.em.com.br\/emfoco\/2025\/02\/09\/tempo-instavel-em-belo-horizonte-saiba-o-que-esperar-para-hoje\/"]}]},{"@type":"ImageObject","inLanguage":"pt-BR","@id":"https:\/\/www.em.com.br\/emfoco\/2025\/02\/09\/tempo-instavel-em-belo-horizonte-saiba-o-que-esperar-para-hoje\/#primaryimage","url":"https:\/\/www.em.com.br\/emfoco\/wp-content\/uploads\/2024\/12\/Belo-Horizonte_1733787303703.jpg","contentUrl":"https:\/\/www.em.com.br\/emfoco\/wp-content\/uploads\/2024\/12\/Belo-Horizonte_1733787303703.jpg","width":1280,"height":720,"caption":"Clima quente BH - Cr\u00e9ditos: depositphotos.com \/ paulobaqueta"},{"@type":"BreadcrumbList","@id":"https:\/\/www.em.com.br\/emfoco\/2025\/02\/09\/tempo-instavel-em-belo-horizonte-saiba-o-que-esperar-para-hoje\/#breadcrumb","itemListElement":[{"@type":"ListItem","position":1,"name":"In\u00edcio","item":"https:\/\/www.em.com.br\/emfoco\/"},{"@type":"ListItem","position":2,"name":"Tempo inst\u00e1vel em Belo Horizonte? Saiba o que esperar para hoje(09\/02)"}]},{"@type":"WebSite","@id":"https:\/\/www.em.com.br\/emfoco\/#website","url":"https:\/\/www.em.com.br\/emfoco\/","name":"Estado de Minas - Em foco","description":"Acompanhe as \u00faltimas not\u00edcias e fique bem informado sobre tudo o que acontece em Minas Gerais, Brasil e no mundo.","potentialAction":[{"@type":"SearchAction","target":{"@type":"EntryPoint","urlTemplate":"https:\/\/www.em.com.br\/emfoco\/?s={search_term_string}"},"query-input":{"@type":"PropertyValueSpecification","valueRequired":true,"valueName":"search_term_string"}}],"inLanguage":"pt-BR"},{"@type":"Person","@id":"https:\/\/www.em.com.br\/emfoco\/#\/schema\/person\/fb0a7f48c6fbb94b83f413a80f61917d","name":"Kelvin","image":{"@type":"ImageObject","inLanguage":"pt-BR","@id":"https:\/\/www.em.com.br\/emfoco\/#\/schema\/person\/image\/","url":"https:\/\/secure.gravatar.com\/avatar\/e74f84337e6bf6c4c5e88fbdffa05270?s=96&d=mm&r=g","contentUrl":"https:\/\/secure.gravatar.com\/avatar\/e74f84337e6bf6c4c5e88fbdffa05270?s=96&d=mm&r=g","caption":"Kelvin"},"sameAs":["https:\/\/www.em.com.br\/emfoco"],"url":"https:\/\/www.em.com.br\/emfoco\/author\/kelvinmyth\/"}]}},"_links":{"self":[{"href":"https:\/\/www.em.com.br\/emfoco\/wp-json\/wp\/v2\/posts\/17886","targetHints":{"allow":["GET"]}}],"collection":[{"href":"https:\/\/www.em.com.br\/emfoco\/wp-json\/wp\/v2\/posts"}],"about":[{"href":"https:\/\/www.em.com.br\/emfoco\/wp-json\/wp\/v2\/types\/post"}],"author":[{"embeddable":true,"href":"https:\/\/www.em.com.br\/emfoco\/wp-json\/wp\/v2\/users\/7"}],"replies":[{"embeddable":true,"href":"https:\/\/www.em.com.br\/emfoco\/wp-json\/wp\/v2\/comments?post=17886"}],"version-history":[{"count":3,"href":"https:\/\/www.em.com.br\/emfoco\/wp-json\/wp\/v2\/posts\/17886\/revisions"}],"predecessor-version":[{"id":18073,"href":"https:\/\/www.em.com.br\/emfoco\/wp-json\/wp\/v2\/posts\/17886\/revisions\/18073"}],"wp:featuredmedia":[{"embeddable":true,"href":"https:\/\/www.em.com.br\/emfoco\/wp-json\/wp\/v2\/media\/4030"}],"wp:attachment":[{"href":"https:\/\/www.em.com.br\/emfoco\/wp-json\/wp\/v2\/media?parent=17886"}],"wp:term":[{"taxonomy":"category","embeddable":true,"href":"https:\/\/www.em.com.br\/emfoco\/wp-json\/wp\/v2\/categories?post=17886"},{"taxonomy":"post_tag","embeddable":true,"href":"https:\/\/www.em.com.br\/emfoco\/wp-json\/wp\/v2\/tags?post=17886"}],"curies":[{"name":"wp","href":"https:\/\/api.w.org\/{rel}","templated":true}]}}