{"id":178839,"date":"2026-03-08T17:15:08","date_gmt":"2026-03-08T20:15:08","guid":{"rendered":"https:\/\/www.em.com.br\/emfoco\/?p=178839"},"modified":"2026-03-07T16:43:51","modified_gmt":"2026-03-07T19:43:51","slug":"o-que-significa-gostar-de-caminhar-sozinho-para-pensar-segundo-a-psicologia","status":"publish","type":"post","link":"https:\/\/www.em.com.br\/emfoco\/2026\/03\/08\/o-que-significa-gostar-de-caminhar-sozinho-para-pensar-segundo-a-psicologia\/","title":{"rendered":"O que significa gostar de caminhar sozinho para pensar, segundo a psicologia"},"content":{"rendered":"\n<p>Voc\u00ea j\u00e1 saiu para caminhar sozinho, sem destino muito certo, s\u00f3 para <b>esfriar a cabe\u00e7a<\/b> e colocar os <b>pensamentos em ordem<\/b>? Esse h\u00e1bito \u00e9 comum em quem precisa de um tempo consigo mesmo para organizar ideias, aliviar tens\u00f5es do dia a dia e observar melhor o que acontece ao redor. Caminhar sozinho n\u00e3o est\u00e1 necessariamente ligado ao isolamento, mas a um momento de <b>pausa consciente<\/b> em meio \u00e0 rotina, em que o ritmo desacelera e a pessoa presta mais aten\u00e7\u00e3o na <b>respira\u00e7\u00e3o e nas sensa\u00e7\u00f5es<\/b>.<\/p>\n\n\n\n<h2 class=\"wp-block-heading\">O que significa gostar de caminhar sozinho para pensar<\/h2>\n\n\n\n<p>Quando algu\u00e9m diz que gosta de caminhar sozinho para pensar, geralmente est\u00e1 falando sobre a necessidade de ter um <b>tempo de qualidade<\/b> consigo mesmo, sem tantas interfer\u00eancias externas. Esse comportamento mostra que a pessoa valoriza o <b>sil\u00eancio, a autonomia<\/b> e a introspec\u00e7\u00e3o, preferindo refletir antes de compartilhar suas ideias com os outros.<\/p>\n\n\n\n<p>Em vez de ser apenas um deslocamento de um ponto a outro, o ato de andar sozinho ganha um <b>novo significado emocional<\/b>: vira um espa\u00e7o mental reservado para reflex\u00e3o. O corpo em movimento, o contato com a rua, com a natureza ou com a cidade pode despertar <b>lembran\u00e7as importantes<\/b>, percep\u00e7\u00f5es mais n\u00edtidas e novos pontos de vista sobre situa\u00e7\u00f5es do dia a dia.<\/p>\n\n\n<div class=\"wp-block-image\">\n<figure class=\"aligncenter size-large\"><img loading=\"lazy\" decoding=\"async\" width=\"1024\" height=\"576\" src=\"https:\/\/www.em.com.br\/emfoco\/wp-content\/uploads\/2026\/01\/Gemini_Generated_Image_e7opude7opude7op-1-1024x576.png\" alt=\"\" class=\"wp-image-157694\" srcset=\"https:\/\/www.em.com.br\/emfoco\/wp-content\/uploads\/2026\/01\/Gemini_Generated_Image_e7opude7opude7op-1-1024x576.png 1024w, https:\/\/www.em.com.br\/emfoco\/wp-content\/uploads\/2026\/01\/Gemini_Generated_Image_e7opude7opude7op-1-300x169.png 300w, https:\/\/www.em.com.br\/emfoco\/wp-content\/uploads\/2026\/01\/Gemini_Generated_Image_e7opude7opude7op-1-768x432.png 768w, https:\/\/www.em.com.br\/emfoco\/wp-content\/uploads\/2026\/01\/Gemini_Generated_Image_e7opude7opude7op-1-750x422.png 750w, https:\/\/www.em.com.br\/emfoco\/wp-content\/uploads\/2026\/01\/Gemini_Generated_Image_e7opude7opude7op-1-1140x641.png 1140w, https:\/\/www.em.com.br\/emfoco\/wp-content\/uploads\/2026\/01\/Gemini_Generated_Image_e7opude7opude7op-1.png 1280w\" sizes=\"auto, (max-width: 1024px) 100vw, 1024px\" \/><figcaption class=\"wp-element-caption\">Caminar r\u00e1pido o lento para baixar a gordura corporal resume um dilema bem atual<\/figcaption><\/figure><\/div>\n\n\n<p>Leia tamb\u00e9m:&nbsp;<a href=\"https:\/\/www.em.com.br\/emfoco\/2026\/03\/06\/as-frases-que-pessoas-mal-educadas-usam-segundo-a-psicologia\/\" target=\"_blank\" rel=\"noopener\">As frases que pessoas mal-educadas usam, segundo a psicologia<\/a><\/p>\n\n\n\n<h2 class=\"wp-block-heading\">Quais motivos levam algu\u00e9m a preferir caminhar sozinho<\/h2>\n\n\n\n<p>Os motivos para preferir caminhar sozinho variam de pessoa para pessoa, mas quase sempre envolvem a vontade de ter um pouco de <b>sil\u00eancio interno<\/b> em meio a tantas mensagens, notifica\u00e7\u00f5es e conversas. Em algumas fases da vida, essas caminhadas funcionam como uma esp\u00e9cie de <b>ref\u00fagio mental<\/b>, um momento para respirar fundo, processar emo\u00e7\u00f5es e pensar com mais calma.<\/p>\n\n\n\n<p>\u00c9 importante lembrar que gostar de caminhar sozinho n\u00e3o significa rejeitar amigos, fam\u00edlia ou companhia. Muitas pessoas equilibram bem os dois lados: momentos de intera\u00e7\u00e3o social e per\u00edodos de <a href=\"https:\/\/www.marianakawazoe.com.br\/a-importancia-do-momento-de-recolhimento\/\" target=\"_blank\" rel=\"noreferrer noopener\">recolhimento pessoal<\/a>, em que recarregam as energias mentais e emocionais por meio da reflex\u00e3o <b>solit\u00e1ria e tranquila<\/b>.<\/p>\n\n\n\n<h2 class=\"wp-block-heading\">Quais benef\u00edcios est\u00e3o relacionados \u00e0 caminhada solit\u00e1ria para pensar<\/h2>\n\n\n\n<p>Caminhar sozinho para refletir pode trazer benef\u00edcios simples, mas muito significativos para o cotidiano, tanto no corpo quanto na mente. N\u00e3o substitui ajuda profissional quando necess\u00e1ria, mas costuma ser um h\u00e1bito que ajuda a criar uma sensa\u00e7\u00e3o de <b>organiza\u00e7\u00e3o interna<\/b> e de maior presen\u00e7a no momento, reduzindo um pouco a correria e o <b>piloto autom\u00e1tico<\/b>.<\/p>\n\n\n<div class=\"wp-block-image\">\n<figure class=\"aligncenter size-large\"><img loading=\"lazy\" decoding=\"async\" width=\"1024\" height=\"576\" src=\"https:\/\/www.em.com.br\/emfoco\/wp-content\/uploads\/2026\/03\/Gemini_Generated_Image_rmv753rmv753rmv7-1-1024x576.png\" alt=\"\" class=\"wp-image-178914\" srcset=\"https:\/\/www.em.com.br\/emfoco\/wp-content\/uploads\/2026\/03\/Gemini_Generated_Image_rmv753rmv753rmv7-1-1024x576.png 1024w, https:\/\/www.em.com.br\/emfoco\/wp-content\/uploads\/2026\/03\/Gemini_Generated_Image_rmv753rmv753rmv7-1-300x169.png 300w, https:\/\/www.em.com.br\/emfoco\/wp-content\/uploads\/2026\/03\/Gemini_Generated_Image_rmv753rmv753rmv7-1-768x432.png 768w, https:\/\/www.em.com.br\/emfoco\/wp-content\/uploads\/2026\/03\/Gemini_Generated_Image_rmv753rmv753rmv7-1-750x422.png 750w, https:\/\/www.em.com.br\/emfoco\/wp-content\/uploads\/2026\/03\/Gemini_Generated_Image_rmv753rmv753rmv7-1-1140x641.png 1140w, https:\/\/www.em.com.br\/emfoco\/wp-content\/uploads\/2026\/03\/Gemini_Generated_Image_rmv753rmv753rmv7-1.png 1280w\" sizes=\"auto, (max-width: 1024px) 100vw, 1024px\" \/><figcaption class=\"wp-element-caption\">\u00c9 importante lembrar que gostar de caminhar sozinho n\u00e3o significa rejeitar amigos, fam\u00edlia ou companhia<\/figcaption><\/figure><\/div>\n\n\n<p>Outro ponto importante \u00e9 que a caminhada solit\u00e1ria \u00e9 f\u00e1cil de adaptar \u00e0 rotina: pode acontecer antes do trabalho, no intervalo do almo\u00e7o ou no fim do dia. Percursos curtos j\u00e1 podem fazer diferen\u00e7a, desde que respeitem a <b>condi\u00e7\u00e3o f\u00edsica<\/b> de cada um e mantenham a sensa\u00e7\u00e3o de conforto e <b>seguran\u00e7a pessoal<\/b>.<\/p>\n\n\n\n<h2 class=\"wp-block-heading\">Como transformar o h\u00e1bito de caminhar sozinho em um momento produtivo de reflex\u00e3o<\/h2>\n\n\n\n<p>Para quem j\u00e1 gosta de caminhar sozinho para pensar, ou quer come\u00e7ar esse costume, alguns cuidados simples ajudam a tornar o momento mais proveitoso. A ideia \u00e9 tratar esse tempo como um compromisso consigo mesmo, com escolhas que tornem a caminhada um <b>ritual leve<\/b> de cuidado, e n\u00e3o mais uma tarefa da lista do <b>dia agitado<\/b>.<\/p>\n\n\n\n<div class=\"guia-caminhada-consciente\" style=\"box-sizing: border-box; display: flex; flex-direction: column; width: 100%; max-width: 850px; margin: 30px auto; background-color: #ffffff; color: #2d3436; border-radius: 16px; overflow: hidden; font-family: 'Segoe UI', Roboto, Helvetica, Arial, sans-serif; box-shadow: 0 12px 35px rgba(0,0,0,0.07); border: 1px solid #e0e0e0; position: relative;\">\n\n  <div style=\"background-color: #f0f7f4; padding: 35px; border-bottom: 4px solid #81c784; text-align: left;\">\n    <h2 style=\"margin: 0; color: #2e7d32; font-size: 1.6rem; font-weight: 700; letter-spacing: -0.5px;\">Mindfulness em Movimento<\/h2>\n    <div style=\"font-size: 1.05rem; margin-top: 10px; color: #546e7a; line-height: 1.4;\">Como transformar uma simples caminhada em uma ferramenta de clareza mental e presen\u00e7a<\/div>\n  <\/div>\n\n  <div style=\"padding: 30px;\">\n    \n    <div style=\"margin-bottom: 25px; padding: 20px; background-color: #ffffff; border-left: 5px solid #a5d6a7; border-radius: 0 8px 8px 0; box-shadow: 2px 2px 10px rgba(0,0,0,0.02);\">\n      <h3 style=\"margin: 0 0 10px 0; font-size: 1.15rem; color: #1b5e20;\"><strong>Definir uma inten\u00e7\u00e3o<\/strong><\/h3>\n      <p style=\"margin: 0; font-size: 1rem; line-height: 1.6; color: #455a64;\">\n        Antes de sair, escolha um tema central para refletir (trabalho, estudos, finan\u00e7as). Isso torna o pensamento mais <strong>direcionado e claro<\/strong>.\n      <\/p>\n    <\/div>\n\n    <div style=\"margin-bottom: 25px; padding: 20px; background-color: #ffffff; border-left: 5px solid #a5d6a7; border-radius: 0 8px 8px 0; box-shadow: 2px 2px 10px rgba(0,0,0,0.02);\">\n      <h3 style=\"margin: 0 0 10px 0; font-size: 1.15rem; color: #1b5e20;\"><strong>Escolher o ambiente<\/strong><\/h3>\n      <p style=\"margin: 0; font-size: 1rem; line-height: 1.6; color: #455a64;\">\n        D\u00ea prefer\u00eancia a locais tranquilos. O menor tr\u00e2nsito favorece a concentra\u00e7\u00e3o e traz uma sensa\u00e7\u00e3o maior de <strong>seguran\u00e7a e conforto<\/strong>.\n      <\/p>\n    <\/div>\n\n    <div style=\"margin-bottom: 25px; padding: 20px; background-color: #ffffff; border-left: 5px solid #a5d6a7; border-radius: 0 8px 8px 0; box-shadow: 2px 2px 10px rgba(0,0,0,0.02);\">\n      <h3 style=\"margin: 0 0 10px 0; font-size: 1.15rem; color: #1b5e20;\"><strong>Reduzir distra\u00e7\u00f5es<\/strong><\/h3>\n      <p style=\"margin: 0; font-size: 1rem; line-height: 1.6; color: #455a64;\">\n        Caminhe sem checar o celular. Isso ajuda a manter o foco na <strong>percep\u00e7\u00e3o do corpo<\/strong> em vez de cair em interrup\u00e7\u00f5es constantes.\n      <\/p>\n    <\/div>\n\n    <div style=\"margin-bottom: 25px; padding: 20px; background-color: #ffffff; border-left: 5px solid #a5d6a7; border-radius: 0 8px 8px 0; box-shadow: 2px 2px 10px rgba(0,0,0,0.02);\">\n      <h3 style=\"margin: 0 0 10px 0; font-size: 1.15rem; color: #1b5e20;\"><strong>Respeitar limites f\u00edsicos<\/strong><\/h3>\n      <p style=\"margin: 0; font-size: 1rem; line-height: 1.6; color: #455a64;\">\n        Ajuste o ritmo \u00e0 sua condi\u00e7\u00e3o. Evitar exageros torna o h\u00e1bito sustent\u00e1vel e evita o <strong>cansa\u00e7o excessivo<\/strong> ou desconforto.\n      <\/p>\n    <\/div>\n\n    <div style=\"padding: 20px; background-color: #ffffff; border-left: 5px solid #a5d6a7; border-radius: 0 8px 8px 0; box-shadow: 2px 2px 10px rgba(0,0,0,0.02);\">\n      <h3 style=\"margin: 0 0 10px 0; font-size: 1.15rem; color: #1b5e20;\"><strong>Observar o entorno<\/strong><\/h3>\n      <p style=\"margin: 0; font-size: 1rem; line-height: 1.6; color: #455a64;\">\n        Preste aten\u00e7\u00e3o aos sons e \u00e0 natureza. Isso enriquece as reflex\u00f5es e traz uma sensa\u00e7\u00e3o de <strong>presen\u00e7a real<\/strong>, diminuindo a ansiedade.\n      <\/p>\n    <\/div>\n\n  <\/div>\n\n  <div style=\"background-color: #f9f9f9; padding: 15px 30px; text-align: center; border-top: 1px solid #eee;\">\n    <p style=\"margin: 0; font-size: 0.85rem; color: #9e9e9e;\">\n      Pratique a caminhada consciente pelo menos 3 vezes por semana para resultados percept\u00edveis na sa\u00fade mental.\n    <\/p>\n  <\/div>\n<\/div>\n\n\n\n<p>No fim, gostar de caminhar sozinho para pensar revela um jeito particular de lidar com o cotidiano: com pausas, um pouco de sil\u00eancio e espa\u00e7o para olhar para dentro. Esse h\u00e1bito n\u00e3o define toda a personalidade de algu\u00e9m, mas mostra que a pessoa reconhece o valor de se afastar um pouco do <b>ru\u00eddo externo<\/b> para organizar o que sente, o que pensa e o que deseja <b>fazer a seguir<\/b>.<\/p>\n","protected":false},"excerpt":{"rendered":"<p>Voc\u00ea j\u00e1 saiu para caminhar sozinho, sem destino muito certo, s\u00f3 para esfriar a cabe\u00e7a e colocar os pensamentos em ordem? Esse h\u00e1bito \u00e9 comum em quem precisa de um tempo consigo mesmo para organizar ideias, aliviar tens\u00f5es do dia a dia e observar melhor o que acontece ao redor. Caminhar sozinho n\u00e3o est\u00e1 necessariamente [&hellip;]<\/p>\n","protected":false},"author":9,"featured_media":178913,"comment_status":"open","ping_status":"open","sticky":false,"template":"","format":"standard","meta":{"jnews-multi-image_gallery":[],"jnews_single_post":{"format":"standard"},"jnews_primary_category":[],"jnews_social_meta":[],"jnews_override_counter":[],"footnotes":""},"categories":[1,9053],"tags":[5521,4983,5155,10643],"class_list":["post-178839","post","type-post","status-publish","format-standard","has-post-thumbnail","hentry","category-noticias","category-saude","tag-caminhada","tag-comportamento","tag-psicologia","tag-sozinho"],"yoast_head":"<!-- This site is optimized with the Yoast SEO plugin v23.8 - https:\/\/yoast.com\/wordpress\/plugins\/seo\/ -->\n<title>O que significa gostar de caminhar sozinho para pensar, segundo a psicologia - Estado de Minas - Em foco<\/title>\n<meta name=\"description\" content=\"Caminhar sozinho para pensar pode ajudar na reflex\u00e3o, aliviar o estresse e trazer mais clareza para decis\u00f5es do dia a dia.\" \/>\n<meta name=\"robots\" content=\"index, follow, max-snippet:-1, max-image-preview:large, max-video-preview:-1\" \/>\n<link rel=\"canonical\" href=\"https:\/\/www.em.com.br\/emfoco\/2026\/03\/08\/o-que-significa-gostar-de-caminhar-sozinho-para-pensar-segundo-a-psicologia\/\" \/>\n<meta property=\"og:locale\" content=\"pt_BR\" \/>\n<meta property=\"og:type\" content=\"article\" \/>\n<meta property=\"og:title\" content=\"O que significa gostar de caminhar sozinho para pensar, segundo a psicologia - Estado de Minas - Em foco\" \/>\n<meta property=\"og:description\" content=\"Caminhar sozinho para pensar pode ajudar na reflex\u00e3o, aliviar o estresse e trazer mais clareza para decis\u00f5es do dia a dia.\" \/>\n<meta property=\"og:url\" content=\"https:\/\/www.em.com.br\/emfoco\/2026\/03\/08\/o-que-significa-gostar-de-caminhar-sozinho-para-pensar-segundo-a-psicologia\/\" \/>\n<meta property=\"og:site_name\" content=\"Estado de Minas - Em foco\" \/>\n<meta property=\"article:published_time\" content=\"2026-03-08T20:15:08+00:00\" \/>\n<meta property=\"article:modified_time\" content=\"2026-03-07T19:43:51+00:00\" \/>\n<meta property=\"og:image\" content=\"https:\/\/www.em.com.br\/emfoco\/wp-content\/uploads\/2026\/03\/Gemini_Generated_Image_l1upo4l1upo4l1up-1.png\" \/>\n\t<meta property=\"og:image:width\" content=\"1280\" \/>\n\t<meta property=\"og:image:height\" content=\"720\" \/>\n\t<meta property=\"og:image:type\" content=\"image\/png\" \/>\n<meta name=\"author\" content=\"Daniely Cardoso\" \/>\n<meta name=\"twitter:card\" content=\"summary_large_image\" \/>\n<meta name=\"twitter:label1\" content=\"Escrito por\" \/>\n\t<meta name=\"twitter:data1\" content=\"Daniely Cardoso\" \/>\n\t<meta name=\"twitter:label2\" content=\"Est. tempo de leitura\" \/>\n\t<meta name=\"twitter:data2\" content=\"5 minutos\" \/>\n<!-- \/ Yoast SEO plugin. -->","yoast_head_json":{"title":"O que significa gostar de caminhar sozinho para pensar, segundo a psicologia - Estado de Minas - Em foco","description":"Caminhar sozinho para pensar pode ajudar na reflex\u00e3o, aliviar o estresse e trazer mais clareza para decis\u00f5es do dia a dia.","robots":{"index":"index","follow":"follow","max-snippet":"max-snippet:-1","max-image-preview":"max-image-preview:large","max-video-preview":"max-video-preview:-1"},"canonical":"https:\/\/www.em.com.br\/emfoco\/2026\/03\/08\/o-que-significa-gostar-de-caminhar-sozinho-para-pensar-segundo-a-psicologia\/","og_locale":"pt_BR","og_type":"article","og_title":"O que significa gostar de caminhar sozinho para pensar, segundo a psicologia - Estado de Minas - Em foco","og_description":"Caminhar sozinho para pensar pode ajudar na reflex\u00e3o, aliviar o estresse e trazer mais clareza para decis\u00f5es do dia a dia.","og_url":"https:\/\/www.em.com.br\/emfoco\/2026\/03\/08\/o-que-significa-gostar-de-caminhar-sozinho-para-pensar-segundo-a-psicologia\/","og_site_name":"Estado de Minas - Em foco","article_published_time":"2026-03-08T20:15:08+00:00","article_modified_time":"2026-03-07T19:43:51+00:00","og_image":[{"width":1280,"height":720,"url":"https:\/\/www.em.com.br\/emfoco\/wp-content\/uploads\/2026\/03\/Gemini_Generated_Image_l1upo4l1upo4l1up-1.png","type":"image\/png"}],"author":"Daniely Cardoso","twitter_card":"summary_large_image","twitter_misc":{"Escrito por":"Daniely Cardoso","Est. tempo de leitura":"5 minutos"},"schema":{"@context":"https:\/\/schema.org","@graph":[{"@type":"WebPage","@id":"https:\/\/www.em.com.br\/emfoco\/2026\/03\/08\/o-que-significa-gostar-de-caminhar-sozinho-para-pensar-segundo-a-psicologia\/","url":"https:\/\/www.em.com.br\/emfoco\/2026\/03\/08\/o-que-significa-gostar-de-caminhar-sozinho-para-pensar-segundo-a-psicologia\/","name":"O que significa gostar de caminhar sozinho para pensar, segundo a psicologia - Estado de Minas - Em foco","isPartOf":{"@id":"https:\/\/www.em.com.br\/emfoco\/#website"},"primaryImageOfPage":{"@id":"https:\/\/www.em.com.br\/emfoco\/2026\/03\/08\/o-que-significa-gostar-de-caminhar-sozinho-para-pensar-segundo-a-psicologia\/#primaryimage"},"image":{"@id":"https:\/\/www.em.com.br\/emfoco\/2026\/03\/08\/o-que-significa-gostar-de-caminhar-sozinho-para-pensar-segundo-a-psicologia\/#primaryimage"},"thumbnailUrl":"https:\/\/www.em.com.br\/emfoco\/wp-content\/uploads\/2026\/03\/Gemini_Generated_Image_l1upo4l1upo4l1up-1.png","datePublished":"2026-03-08T20:15:08+00:00","dateModified":"2026-03-07T19:43:51+00:00","author":{"@id":"https:\/\/www.em.com.br\/emfoco\/#\/schema\/person\/0a8186d72f2c3a5c6276d90b41f271a0"},"description":"Caminhar sozinho para pensar pode ajudar na reflex\u00e3o, aliviar o estresse e trazer mais clareza para decis\u00f5es do dia a dia.","breadcrumb":{"@id":"https:\/\/www.em.com.br\/emfoco\/2026\/03\/08\/o-que-significa-gostar-de-caminhar-sozinho-para-pensar-segundo-a-psicologia\/#breadcrumb"},"inLanguage":"pt-BR","potentialAction":[{"@type":"ReadAction","target":["https:\/\/www.em.com.br\/emfoco\/2026\/03\/08\/o-que-significa-gostar-de-caminhar-sozinho-para-pensar-segundo-a-psicologia\/"]}]},{"@type":"ImageObject","inLanguage":"pt-BR","@id":"https:\/\/www.em.com.br\/emfoco\/2026\/03\/08\/o-que-significa-gostar-de-caminhar-sozinho-para-pensar-segundo-a-psicologia\/#primaryimage","url":"https:\/\/www.em.com.br\/emfoco\/wp-content\/uploads\/2026\/03\/Gemini_Generated_Image_l1upo4l1upo4l1up-1.png","contentUrl":"https:\/\/www.em.com.br\/emfoco\/wp-content\/uploads\/2026\/03\/Gemini_Generated_Image_l1upo4l1upo4l1up-1.png","width":1280,"height":720,"caption":"Os motivos para preferir caminhar sozinho variam de pessoa para pessoa"},{"@type":"BreadcrumbList","@id":"https:\/\/www.em.com.br\/emfoco\/2026\/03\/08\/o-que-significa-gostar-de-caminhar-sozinho-para-pensar-segundo-a-psicologia\/#breadcrumb","itemListElement":[{"@type":"ListItem","position":1,"name":"In\u00edcio","item":"https:\/\/www.em.com.br\/emfoco\/"},{"@type":"ListItem","position":2,"name":"O que significa gostar de caminhar sozinho para pensar, segundo a psicologia"}]},{"@type":"WebSite","@id":"https:\/\/www.em.com.br\/emfoco\/#website","url":"https:\/\/www.em.com.br\/emfoco\/","name":"Estado de Minas - Em foco","description":"Acompanhe as \u00faltimas not\u00edcias e fique bem informado sobre tudo o que acontece em Minas Gerais, Brasil e no mundo.","potentialAction":[{"@type":"SearchAction","target":{"@type":"EntryPoint","urlTemplate":"https:\/\/www.em.com.br\/emfoco\/?s={search_term_string}"},"query-input":{"@type":"PropertyValueSpecification","valueRequired":true,"valueName":"search_term_string"}}],"inLanguage":"pt-BR"},{"@type":"Person","@id":"https:\/\/www.em.com.br\/emfoco\/#\/schema\/person\/0a8186d72f2c3a5c6276d90b41f271a0","name":"Daniely Cardoso","image":{"@type":"ImageObject","inLanguage":"pt-BR","@id":"https:\/\/www.em.com.br\/emfoco\/#\/schema\/person\/image\/","url":"https:\/\/secure.gravatar.com\/avatar\/4b80ddbd124d1f071b626d52d62e5dff?s=96&d=mm&r=g","contentUrl":"https:\/\/secure.gravatar.com\/avatar\/4b80ddbd124d1f071b626d52d62e5dff?s=96&d=mm&r=g","caption":"Daniely Cardoso"},"url":"https:\/\/www.em.com.br\/emfoco\/author\/danielymyth\/"}]}},"_links":{"self":[{"href":"https:\/\/www.em.com.br\/emfoco\/wp-json\/wp\/v2\/posts\/178839","targetHints":{"allow":["GET"]}}],"collection":[{"href":"https:\/\/www.em.com.br\/emfoco\/wp-json\/wp\/v2\/posts"}],"about":[{"href":"https:\/\/www.em.com.br\/emfoco\/wp-json\/wp\/v2\/types\/post"}],"author":[{"embeddable":true,"href":"https:\/\/www.em.com.br\/emfoco\/wp-json\/wp\/v2\/users\/9"}],"replies":[{"embeddable":true,"href":"https:\/\/www.em.com.br\/emfoco\/wp-json\/wp\/v2\/comments?post=178839"}],"version-history":[{"count":2,"href":"https:\/\/www.em.com.br\/emfoco\/wp-json\/wp\/v2\/posts\/178839\/revisions"}],"predecessor-version":[{"id":178918,"href":"https:\/\/www.em.com.br\/emfoco\/wp-json\/wp\/v2\/posts\/178839\/revisions\/178918"}],"wp:featuredmedia":[{"embeddable":true,"href":"https:\/\/www.em.com.br\/emfoco\/wp-json\/wp\/v2\/media\/178913"}],"wp:attachment":[{"href":"https:\/\/www.em.com.br\/emfoco\/wp-json\/wp\/v2\/media?parent=178839"}],"wp:term":[{"taxonomy":"category","embeddable":true,"href":"https:\/\/www.em.com.br\/emfoco\/wp-json\/wp\/v2\/categories?post=178839"},{"taxonomy":"post_tag","embeddable":true,"href":"https:\/\/www.em.com.br\/emfoco\/wp-json\/wp\/v2\/tags?post=178839"}],"curies":[{"name":"wp","href":"https:\/\/api.w.org\/{rel}","templated":true}]}}