{"id":178794,"date":"2026-03-09T14:35:00","date_gmt":"2026-03-09T17:35:00","guid":{"rendered":"https:\/\/www.em.com.br\/emfoco\/?p=178794"},"modified":"2026-03-07T12:55:58","modified_gmt":"2026-03-07T15:55:58","slug":"se-voce-ve-periquitos-voando-perto-de-casa-seu-bairro-pode-ter-uma-caracteristica-ambiental-especial","status":"publish","type":"post","link":"https:\/\/www.em.com.br\/emfoco\/2026\/03\/09\/se-voce-ve-periquitos-voando-perto-de-casa-seu-bairro-pode-ter-uma-caracteristica-ambiental-especial\/","title":{"rendered":"Se voc\u00ea v\u00ea periquitos voando perto de casa, seu bairro pode ter uma caracter\u00edstica ambiental especial"},"content":{"rendered":"\n<p>Ver periquitos voando perto de casas e jardins virou uma cena comum em muitas cidades da Am\u00e9rica do Sul, especialmente onde ainda existem parques, pra\u00e7as e \u00e1rvores grandes. Al\u00e9m do barulho caracter\u00edstico e das cores chamativas, esses bandos revelam muito sobre a qualidade ambiental dos bairros e como a natureza ainda resiste em meio ao concreto.<\/p>\n\n\n\n<h2 class=\"wp-block-heading\">O que significa ver periquitos voando perto de casa<\/h2>\n\n\n\n<p>A express\u00e3o\u00a0<strong>\u201cperiquitos voando perto de casa\u201d<\/strong>\u00a0virou quase um indicador informal de ambiente saud\u00e1vel em \u00e1reas urbanas. Quando essas aves se aproximam de quintais e jardins, geralmente buscam comida, abrigo e seguran\u00e7a, sinal de que a regi\u00e3o ainda oferece <strong><a href=\"https:\/\/exoticdirect.co.uk\/news\/what-can-budgies-eat\/\" target=\"_blank\" rel=\"noreferrer noopener\">recursos naturais m\u00ednimos<\/a><\/strong> para a esp\u00e9cie.<\/p>\n\n\n\n<p>Esses pequenos psitac\u00eddeos exploram pra\u00e7as, canteiros e jardins em busca de sementes, frutos e brotos. Quando s\u00e3o vistos com frequ\u00eancia pousando em \u00e1rvores de um mesmo quarteir\u00e3o ou fazendo ninhos em determinada \u00e1rea, funcionam como um \u201cterm\u00f4metro\u201d da qualidade dos espa\u00e7os verdes urbanos.<\/p>\n\n\n\n<figure class=\"wp-block-image size-large\"><img loading=\"lazy\" decoding=\"async\" width=\"1024\" height=\"576\" src=\"https:\/\/www.em.com.br\/emfoco\/wp-content\/uploads\/2026\/03\/6-27-1024x576.jpg\" alt=\"Se voc\u00ea v\u00ea periquitos voando perto de casa, seu bairro pode ter uma caracter\u00edstica ambiental especial\" class=\"wp-image-178801\" srcset=\"https:\/\/www.em.com.br\/emfoco\/wp-content\/uploads\/2026\/03\/6-27-1024x576.jpg 1024w, https:\/\/www.em.com.br\/emfoco\/wp-content\/uploads\/2026\/03\/6-27-300x169.jpg 300w, https:\/\/www.em.com.br\/emfoco\/wp-content\/uploads\/2026\/03\/6-27-768x432.jpg 768w, https:\/\/www.em.com.br\/emfoco\/wp-content\/uploads\/2026\/03\/6-27-750x422.jpg 750w, https:\/\/www.em.com.br\/emfoco\/wp-content\/uploads\/2026\/03\/6-27-1140x641.jpg 1140w, https:\/\/www.em.com.br\/emfoco\/wp-content\/uploads\/2026\/03\/6-27.jpg 1280w\" sizes=\"auto, (max-width: 1024px) 100vw, 1024px\" \/><figcaption class=\"wp-element-caption\">Passarinhos buscam abrigo e sementes em jardins com vegeta\u00e7\u00e3o nativa preservada<\/figcaption><\/figure>\n\n\n\n<h2 class=\"wp-block-heading\">Periquitos perto de casa indicam um ambiente saud\u00e1vel<\/h2>\n\n\n\n<p>Na maior parte dos casos, a presen\u00e7a de\u00a0<strong>periquitos no jardim<\/strong>\u00a0mostra que o local mant\u00e9m condi\u00e7\u00f5es favor\u00e1veis para a fauna silvestre. Para se estabelecer, essas aves dependem de \u00e1rvores altas, plantas que forne\u00e7am alimento e relativa <strong><a href=\"https:\/\/www.em.com.br\/emfoco\/2026\/02\/22\/a-cidade-que-as-multinacionais-viram-primeiro-no-interior-de-minas-o-polo-economico-que-cresceu-sem-perder-a-tranquilidade\/\" target=\"_blank\" rel=\"noreferrer noopener\">tranquilidade <\/a><\/strong>para nidificar, o que costuma ocorrer em bairros com vegeta\u00e7\u00e3o diversificada.<\/p>\n\n\n\n<p>Entre os principais pontos positivos relacionados \u00e0 presen\u00e7a de periquitos voando perto de casa, destacam-se os aspectos abaixo, que ajudam a entender por que eles escolhem determinados locais.<\/p>\n\n\n\n<ul class=\"wp-block-list\">\n<li><strong>\u00c1rvores bem estruturadas:<\/strong>\u00a0troncos e copas robustas permitem a constru\u00e7\u00e3o de ninhos comunit\u00e1rios volumosos.<\/li>\n\n\n\n<li><strong>Oferta de alimento natural:<\/strong>\u00a0sementes, flores e frutos dispon\u00edveis em diferentes \u00e9pocas do ano.<\/li>\n\n\n\n<li><strong>Ambiente favor\u00e1vel \u00e0 fauna urbana:<\/strong>\u00a0a mesma \u00e1rea tende a atrair outras aves, insetos polinizadores e pequenos animais.<\/li>\n\n\n\n<li><strong>Atividade ecol\u00f3gica constante:<\/strong>\u00a0ao se alimentarem e se deslocarem, ajudam na dispers\u00e3o de sementes e na regenera\u00e7\u00e3o de \u00e1reas verdes.<\/li>\n<\/ul>\n\n\n\n<h2 class=\"wp-block-heading\">Por que alguns jardins atraem mais periquitos<\/h2>\n\n\n\n<p>Os bandos n\u00e3o escolhem qualquer lugar ao acaso: eles preferem ruas e terrenos que combinem alimento, abrigo e seguran\u00e7a. Jardins com \u00e1rvores frut\u00edferas, gramados pouco tratados com qu\u00edmicos e arbustos floridos costumam ser mais atrativos para pouso e alimenta\u00e7\u00e3o di\u00e1ria.<\/p>\n\n\n\n<p>Al\u00e9m disso, \u00e1reas com menos ru\u00eddos intensos e menor presen\u00e7a de predadores naturais transmitem sensa\u00e7\u00e3o de seguran\u00e7a. Por serem altamente sociais, os periquitos retornam aos mesmos poleiros e ninhos, mantendo uma rotina di\u00e1ria que refor\u00e7a a ocupa\u00e7\u00e3o do bairro por longos per\u00edodos.<\/p>\n\n\n\n<figure class=\"wp-block-image size-large\"><img loading=\"lazy\" decoding=\"async\" width=\"1024\" height=\"576\" src=\"https:\/\/www.em.com.br\/emfoco\/wp-content\/uploads\/2026\/03\/1-42-1024x576.jpg\" alt=\"Se voc\u00ea v\u00ea periquitos voando perto de casa, seu bairro pode ter uma caracter\u00edstica ambiental especial\" class=\"wp-image-178807\" srcset=\"https:\/\/www.em.com.br\/emfoco\/wp-content\/uploads\/2026\/03\/1-42-1024x576.jpg 1024w, https:\/\/www.em.com.br\/emfoco\/wp-content\/uploads\/2026\/03\/1-42-300x169.jpg 300w, https:\/\/www.em.com.br\/emfoco\/wp-content\/uploads\/2026\/03\/1-42-768x432.jpg 768w, https:\/\/www.em.com.br\/emfoco\/wp-content\/uploads\/2026\/03\/1-42-750x422.jpg 750w, https:\/\/www.em.com.br\/emfoco\/wp-content\/uploads\/2026\/03\/1-42-1140x641.jpg 1140w, https:\/\/www.em.com.br\/emfoco\/wp-content\/uploads\/2026\/03\/1-42.jpg 1280w\" sizes=\"auto, (max-width: 1024px) 100vw, 1024px\" \/><figcaption class=\"wp-element-caption\">Bandos sociais retornam aos mesmos poleiros quando encontram seguran\u00e7a e alimento<\/figcaption><\/figure>\n\n\n\n<h2 class=\"wp-block-heading\">Como atrair periquitos para o jardim com responsabilidade<\/h2>\n\n\n\n<p>Quem deseja observar mais de perto&nbsp;<strong>periquitos voando no quintal<\/strong>&nbsp;pode tornar o espa\u00e7o mais convidativo, sem for\u00e7ar a presen\u00e7a das aves. A ideia \u00e9 imitar, na medida do poss\u00edvel, as condi\u00e7\u00f5es de um pequeno fragmento de mata, oferecendo recursos variados ao longo do ano.<\/p>\n\n\n\n<ul class=\"wp-block-list\">\n<li><strong>Plantar esp\u00e9cies atrativas:<\/strong>\u00a0\u00e1rvores frut\u00edferas, palmeiras e arbustos com sementes ajudam na alimenta\u00e7\u00e3o.<\/li>\n\n\n\n<li><strong>Manter \u00e1rvores altas:<\/strong>\u00a0priorizar podas moderadas e seguras em vez de cortes radicais.<\/li>\n\n\n\n<li><strong>Disponibilizar \u00e1gua limpa:<\/strong>\u00a0bacias rasas ou bebedouros s\u00e3o \u00fateis em dias muito quentes.<\/li>\n\n\n\n<li><strong>Reduzir o uso de qu\u00edmicos:<\/strong>\u00a0limitar pesticidas e herbicidas protege aves e insetos.<\/li>\n\n\n\n<li><strong>Preservar locais de descanso:<\/strong>\u00a0evitar perturbar ninhos e poleiros, sobretudo na \u00e9poca reprodutiva.<\/li>\n<\/ul>\n\n\n\n<h2 class=\"wp-block-heading\">O que a presen\u00e7a de periquitos revela sobre a cidade hoje<\/h2>\n\n\n\n<p>Em centros urbanos cada vez mais densos, ver&nbsp;<strong>periquitos nas cidades<\/strong>&nbsp;prova que ainda existe espa\u00e7o para a vida silvestre, mesmo entre pr\u00e9dios e avenidas. Ao usarem \u00e1rvores de ruas, pra\u00e7as e quintais como base para seus ninhos, essas aves mant\u00eam viva a conex\u00e3o entre moradores e natureza no cotidiano.<\/p>\n\n\n\n<p>Se os bandos ainda passam pelo seu bairro, isso \u00e9 um sinal de que vale a pena proteger cada \u00e1rvore e cada jardim. Comece hoje a cuidar melhor dos espa\u00e7os verdes ao seu redor: pequenas a\u00e7\u00f5es, como plantar, preservar e evitar qu\u00edmicos, podem decidir se essas aves continuar\u00e3o voando perto da sua casa nos pr\u00f3ximos anos.<\/p>\n","protected":false},"excerpt":{"rendered":"<p>Ver periquitos voando perto de casas e jardins virou uma cena comum em muitas cidades da Am\u00e9rica do Sul, especialmente onde ainda existem parques, pra\u00e7as e \u00e1rvores grandes. Al\u00e9m do barulho caracter\u00edstico e das cores chamativas, esses bandos revelam muito sobre a qualidade ambiental dos bairros e como a natureza ainda resiste em meio ao [&hellip;]<\/p>\n","protected":false},"author":13,"featured_media":178802,"comment_status":"open","ping_status":"open","sticky":false,"template":"","format":"standard","meta":{"jnews-multi-image_gallery":[],"jnews_single_post":{"format":"standard"},"jnews_primary_category":[],"jnews_social_meta":[],"jnews_override_counter":[],"footnotes":""},"categories":[8819],"tags":[25850,8843,25849],"class_list":["post-178794","post","type-post","status-publish","format-standard","has-post-thumbnail","hentry","category-curiosidades","tag-ambiente-saudavel","tag-comportamentos","tag-periquitos"],"yoast_head":"<!-- This site is optimized with the Yoast SEO plugin v23.8 - https:\/\/yoast.com\/wordpress\/plugins\/seo\/ -->\n<title>Se voc\u00ea v\u00ea periquitos voando perto de casa, seu bairro pode ter uma caracter\u00edstica ambiental especial - Estado de Minas - Em foco<\/title>\n<meta name=\"description\" content=\"Ver periquitos voando perto de casa pode indicar ambiente urbano mais saud\u00e1vel. Entenda por que essas aves aparecem em alguns bairros.\" \/>\n<meta name=\"robots\" content=\"index, follow, max-snippet:-1, max-image-preview:large, max-video-preview:-1\" \/>\n<link rel=\"canonical\" href=\"https:\/\/www.em.com.br\/emfoco\/2026\/03\/09\/se-voce-ve-periquitos-voando-perto-de-casa-seu-bairro-pode-ter-uma-caracteristica-ambiental-especial\/\" \/>\n<meta property=\"og:locale\" content=\"pt_BR\" \/>\n<meta property=\"og:type\" content=\"article\" \/>\n<meta property=\"og:title\" content=\"Se voc\u00ea v\u00ea periquitos voando perto de casa, seu bairro pode ter uma caracter\u00edstica ambiental especial - Estado de Minas - Em foco\" \/>\n<meta property=\"og:description\" content=\"Ver periquitos voando perto de casa pode indicar ambiente urbano mais saud\u00e1vel. Entenda por que essas aves aparecem em alguns bairros.\" \/>\n<meta property=\"og:url\" content=\"https:\/\/www.em.com.br\/emfoco\/2026\/03\/09\/se-voce-ve-periquitos-voando-perto-de-casa-seu-bairro-pode-ter-uma-caracteristica-ambiental-especial\/\" \/>\n<meta property=\"og:site_name\" content=\"Estado de Minas - Em foco\" \/>\n<meta property=\"article:published_time\" content=\"2026-03-09T17:35:00+00:00\" \/>\n<meta property=\"article:modified_time\" content=\"2026-03-07T15:55:58+00:00\" \/>\n<meta property=\"og:image\" content=\"https:\/\/www.em.com.br\/emfoco\/wp-content\/uploads\/2026\/03\/7-19.jpg\" \/>\n\t<meta property=\"og:image:width\" content=\"1280\" \/>\n\t<meta property=\"og:image:height\" content=\"720\" \/>\n\t<meta property=\"og:image:type\" content=\"image\/jpeg\" \/>\n<meta name=\"author\" content=\"Gabriel Martins\" \/>\n<meta name=\"twitter:card\" content=\"summary_large_image\" \/>\n<meta name=\"twitter:label1\" content=\"Escrito por\" \/>\n\t<meta name=\"twitter:data1\" content=\"Gabriel Martins\" \/>\n\t<meta name=\"twitter:label2\" content=\"Est. tempo de leitura\" \/>\n\t<meta name=\"twitter:data2\" content=\"5 minutos\" \/>\n<!-- \/ Yoast SEO plugin. -->","yoast_head_json":{"title":"Se voc\u00ea v\u00ea periquitos voando perto de casa, seu bairro pode ter uma caracter\u00edstica ambiental especial - Estado de Minas - Em foco","description":"Ver periquitos voando perto de casa pode indicar ambiente urbano mais saud\u00e1vel. Entenda por que essas aves aparecem em alguns bairros.","robots":{"index":"index","follow":"follow","max-snippet":"max-snippet:-1","max-image-preview":"max-image-preview:large","max-video-preview":"max-video-preview:-1"},"canonical":"https:\/\/www.em.com.br\/emfoco\/2026\/03\/09\/se-voce-ve-periquitos-voando-perto-de-casa-seu-bairro-pode-ter-uma-caracteristica-ambiental-especial\/","og_locale":"pt_BR","og_type":"article","og_title":"Se voc\u00ea v\u00ea periquitos voando perto de casa, seu bairro pode ter uma caracter\u00edstica ambiental especial - Estado de Minas - Em foco","og_description":"Ver periquitos voando perto de casa pode indicar ambiente urbano mais saud\u00e1vel. Entenda por que essas aves aparecem em alguns bairros.","og_url":"https:\/\/www.em.com.br\/emfoco\/2026\/03\/09\/se-voce-ve-periquitos-voando-perto-de-casa-seu-bairro-pode-ter-uma-caracteristica-ambiental-especial\/","og_site_name":"Estado de Minas - Em foco","article_published_time":"2026-03-09T17:35:00+00:00","article_modified_time":"2026-03-07T15:55:58+00:00","og_image":[{"width":1280,"height":720,"url":"https:\/\/www.em.com.br\/emfoco\/wp-content\/uploads\/2026\/03\/7-19.jpg","type":"image\/jpeg"}],"author":"Gabriel Martins","twitter_card":"summary_large_image","twitter_misc":{"Escrito por":"Gabriel Martins","Est. tempo de leitura":"5 minutos"},"schema":{"@context":"https:\/\/schema.org","@graph":[{"@type":"WebPage","@id":"https:\/\/www.em.com.br\/emfoco\/2026\/03\/09\/se-voce-ve-periquitos-voando-perto-de-casa-seu-bairro-pode-ter-uma-caracteristica-ambiental-especial\/","url":"https:\/\/www.em.com.br\/emfoco\/2026\/03\/09\/se-voce-ve-periquitos-voando-perto-de-casa-seu-bairro-pode-ter-uma-caracteristica-ambiental-especial\/","name":"Se voc\u00ea v\u00ea periquitos voando perto de casa, seu bairro pode ter uma caracter\u00edstica ambiental especial - Estado de Minas - Em foco","isPartOf":{"@id":"https:\/\/www.em.com.br\/emfoco\/#website"},"primaryImageOfPage":{"@id":"https:\/\/www.em.com.br\/emfoco\/2026\/03\/09\/se-voce-ve-periquitos-voando-perto-de-casa-seu-bairro-pode-ter-uma-caracteristica-ambiental-especial\/#primaryimage"},"image":{"@id":"https:\/\/www.em.com.br\/emfoco\/2026\/03\/09\/se-voce-ve-periquitos-voando-perto-de-casa-seu-bairro-pode-ter-uma-caracteristica-ambiental-especial\/#primaryimage"},"thumbnailUrl":"https:\/\/www.em.com.br\/emfoco\/wp-content\/uploads\/2026\/03\/7-19.jpg","datePublished":"2026-03-09T17:35:00+00:00","dateModified":"2026-03-07T15:55:58+00:00","author":{"@id":"https:\/\/www.em.com.br\/emfoco\/#\/schema\/person\/1c9ddeab18b98abeffef834667bcf08a"},"description":"Ver periquitos voando perto de casa pode indicar ambiente urbano mais saud\u00e1vel. Entenda por que essas aves aparecem em alguns bairros.","breadcrumb":{"@id":"https:\/\/www.em.com.br\/emfoco\/2026\/03\/09\/se-voce-ve-periquitos-voando-perto-de-casa-seu-bairro-pode-ter-uma-caracteristica-ambiental-especial\/#breadcrumb"},"inLanguage":"pt-BR","potentialAction":[{"@type":"ReadAction","target":["https:\/\/www.em.com.br\/emfoco\/2026\/03\/09\/se-voce-ve-periquitos-voando-perto-de-casa-seu-bairro-pode-ter-uma-caracteristica-ambiental-especial\/"]}]},{"@type":"ImageObject","inLanguage":"pt-BR","@id":"https:\/\/www.em.com.br\/emfoco\/2026\/03\/09\/se-voce-ve-periquitos-voando-perto-de-casa-seu-bairro-pode-ter-uma-caracteristica-ambiental-especial\/#primaryimage","url":"https:\/\/www.em.com.br\/emfoco\/wp-content\/uploads\/2026\/03\/7-19.jpg","contentUrl":"https:\/\/www.em.com.br\/emfoco\/wp-content\/uploads\/2026\/03\/7-19.jpg","width":1280,"height":720,"caption":"Presen\u00e7a de aves coloridas indica qualidade ambiental positiva nos bairros urbanos"},{"@type":"BreadcrumbList","@id":"https:\/\/www.em.com.br\/emfoco\/2026\/03\/09\/se-voce-ve-periquitos-voando-perto-de-casa-seu-bairro-pode-ter-uma-caracteristica-ambiental-especial\/#breadcrumb","itemListElement":[{"@type":"ListItem","position":1,"name":"In\u00edcio","item":"https:\/\/www.em.com.br\/emfoco\/"},{"@type":"ListItem","position":2,"name":"Se voc\u00ea v\u00ea periquitos voando perto de casa, seu bairro pode ter uma caracter\u00edstica ambiental especial"}]},{"@type":"WebSite","@id":"https:\/\/www.em.com.br\/emfoco\/#website","url":"https:\/\/www.em.com.br\/emfoco\/","name":"Estado de Minas - Em foco","description":"Acompanhe as \u00faltimas not\u00edcias e fique bem informado sobre tudo o que acontece em Minas Gerais, Brasil e no mundo.","potentialAction":[{"@type":"SearchAction","target":{"@type":"EntryPoint","urlTemplate":"https:\/\/www.em.com.br\/emfoco\/?s={search_term_string}"},"query-input":{"@type":"PropertyValueSpecification","valueRequired":true,"valueName":"search_term_string"}}],"inLanguage":"pt-BR"},{"@type":"Person","@id":"https:\/\/www.em.com.br\/emfoco\/#\/schema\/person\/1c9ddeab18b98abeffef834667bcf08a","name":"Gabriel Martins","image":{"@type":"ImageObject","inLanguage":"pt-BR","@id":"https:\/\/www.em.com.br\/emfoco\/#\/schema\/person\/image\/","url":"https:\/\/secure.gravatar.com\/avatar\/f0f1e2efdfd88f1ad2cb08c5c2731e50?s=96&d=mm&r=g","contentUrl":"https:\/\/secure.gravatar.com\/avatar\/f0f1e2efdfd88f1ad2cb08c5c2731e50?s=96&d=mm&r=g","caption":"Gabriel Martins"},"sameAs":["https:\/\/www.em.com.br\/emfoco\/"],"url":"https:\/\/www.em.com.br\/emfoco\/author\/gabrielmartinsmyth\/"}]}},"_links":{"self":[{"href":"https:\/\/www.em.com.br\/emfoco\/wp-json\/wp\/v2\/posts\/178794","targetHints":{"allow":["GET"]}}],"collection":[{"href":"https:\/\/www.em.com.br\/emfoco\/wp-json\/wp\/v2\/posts"}],"about":[{"href":"https:\/\/www.em.com.br\/emfoco\/wp-json\/wp\/v2\/types\/post"}],"author":[{"embeddable":true,"href":"https:\/\/www.em.com.br\/emfoco\/wp-json\/wp\/v2\/users\/13"}],"replies":[{"embeddable":true,"href":"https:\/\/www.em.com.br\/emfoco\/wp-json\/wp\/v2\/comments?post=178794"}],"version-history":[{"count":1,"href":"https:\/\/www.em.com.br\/emfoco\/wp-json\/wp\/v2\/posts\/178794\/revisions"}],"predecessor-version":[{"id":178808,"href":"https:\/\/www.em.com.br\/emfoco\/wp-json\/wp\/v2\/posts\/178794\/revisions\/178808"}],"wp:featuredmedia":[{"embeddable":true,"href":"https:\/\/www.em.com.br\/emfoco\/wp-json\/wp\/v2\/media\/178802"}],"wp:attachment":[{"href":"https:\/\/www.em.com.br\/emfoco\/wp-json\/wp\/v2\/media?parent=178794"}],"wp:term":[{"taxonomy":"category","embeddable":true,"href":"https:\/\/www.em.com.br\/emfoco\/wp-json\/wp\/v2\/categories?post=178794"},{"taxonomy":"post_tag","embeddable":true,"href":"https:\/\/www.em.com.br\/emfoco\/wp-json\/wp\/v2\/tags?post=178794"}],"curies":[{"name":"wp","href":"https:\/\/api.w.org\/{rel}","templated":true}]}}