{"id":178750,"date":"2026-03-07T18:00:00","date_gmt":"2026-03-07T21:00:00","guid":{"rendered":"https:\/\/www.em.com.br\/emfoco\/?p=178750"},"modified":"2026-03-07T18:29:32","modified_gmt":"2026-03-07T21:29:32","slug":"a-primeira-do-brasil-a-instalar-fibra-optica-essa-cidade-e-uma-das-melhores-para-se-viver-em-minas-gerais-mas-antes-era-parte-de-goias","status":"publish","type":"post","link":"https:\/\/www.em.com.br\/emfoco\/2026\/03\/07\/a-primeira-do-brasil-a-instalar-fibra-optica-essa-cidade-e-uma-das-melhores-para-se-viver-em-minas-gerais-mas-antes-era-parte-de-goias\/","title":{"rendered":"A primeira do Brasil a instalar fibra \u00f3ptica: essa cidade \u00e9 uma das melhores para se viver em Minas Gerais, mas antes era parte de Goi\u00e1s"},"content":{"rendered":"\n<p>Quando o governo militar estatizou quase todas as operadoras de telefonia do pa\u00eds nos anos 1970, uma empresa de <strong>Uberl\u00e2ndia<\/strong> se recusou a entregar o controle. A <strong>Companhia de Telefones do Brasil Central (CTBC)<\/strong>, hoje <strong>Algar<\/strong>, manteve-se privada enquanto todas as outras passavam para as m\u00e3os da <strong>Telebr\u00e1s<\/strong>. A hist\u00f3ria dessa resist\u00eancia come\u00e7a em uma cidade do <strong>Tri\u00e2ngulo Mineiro<\/strong> que acumulou pioneirismos improv\u00e1veis para quem nunca saiu do interior de <strong>Minas Gerais<\/strong>.<\/p>\n\n\n\n<h2 class=\"wp-block-heading\">Como uma cidade do interior virou laborat\u00f3rio de telecomunica\u00e7\u00f5es?<\/h2>\n\n\n\n<p>Em 1954, o imigrante portugu\u00eas <strong>Alexandrino Garcia<\/strong> fundou a CTBC em Uberl\u00e2ndia. Garcia tinha 47 anos e come\u00e7ou vendendo linhas telef\u00f4nicas de porta em porta. Em 1960, a cidade se tornou a primeira do interior do <strong>Brasil<\/strong> a usar sistema de micro-ondas para se conectar ao <strong>Rio de Janeiro<\/strong>, <strong>S\u00e3o Paulo<\/strong> e <strong>Bras\u00edlia<\/strong>. Em 1984, a mesma empresa instalou a primeira rede de fibra \u00f3ptica do pa\u00eds, interligando centrais telef\u00f4nicas na pr\u00f3pria Uberl\u00e2ndia.<\/p>\n\n\n\n<p>Os pioneirismos continuaram: em 1998, a CTBC lan\u00e7ou o primeiro celular pr\u00e9-pago do Brasil. Em 2021, j\u00e1 como <a href=\"https:\/\/algar.com.br\/institucional\/algar\/historia\" target=\"_blank\" rel=\"noreferrer noopener\"><strong>Algar<\/strong><\/a>, ativou o primeiro 5G comercial do pa\u00eds na frequ\u00eancia de 2,3 GHz. O nome \u201cAlgar\u201d \u00e9 uma homenagem direta ao fundador: as iniciais de Alexandrino Garcia.<\/p>\n\n\n<div class=\"wp-block-image\">\n<figure class=\"aligncenter size-large\"><img loading=\"lazy\" decoding=\"async\" width=\"1024\" height=\"576\" src=\"https:\/\/www.em.com.br\/emfoco\/wp-content\/uploads\/2026\/03\/ngz-uberlandia-3-89258-1024x576.jpg\" alt=\"\" class=\"wp-image-179051\" srcset=\"https:\/\/www.em.com.br\/emfoco\/wp-content\/uploads\/2026\/03\/ngz-uberlandia-3-89258-1024x576.jpg 1024w, https:\/\/www.em.com.br\/emfoco\/wp-content\/uploads\/2026\/03\/ngz-uberlandia-3-89258-300x169.jpg 300w, https:\/\/www.em.com.br\/emfoco\/wp-content\/uploads\/2026\/03\/ngz-uberlandia-3-89258-768x432.jpg 768w, https:\/\/www.em.com.br\/emfoco\/wp-content\/uploads\/2026\/03\/ngz-uberlandia-3-89258-750x422.jpg 750w, https:\/\/www.em.com.br\/emfoco\/wp-content\/uploads\/2026\/03\/ngz-uberlandia-3-89258-1140x641.jpg 1140w, https:\/\/www.em.com.br\/emfoco\/wp-content\/uploads\/2026\/03\/ngz-uberlandia-3-89258.jpg 1280w\" sizes=\"auto, (max-width: 1024px) 100vw, 1024px\" \/><figcaption class=\"wp-element-caption\">Uberl\u00e2ndia, uma das melhores cidades de Minas Gerais \/\/ Cr\u00e9ditos: Wikipedia \/ Wikimedia Commons<\/figcaption><\/figure><\/div>\n\n\n<h2 class=\"wp-block-heading\">A \u00fanica operadora que o regime militar n\u00e3o conseguiu estatizar<\/h2>\n\n\n\n<p>Nos anos 1970, a cria\u00e7\u00e3o da Telebr\u00e1s centralizou o controle das telecomunica\u00e7\u00f5es brasileiras. Operadoras de todo o pa\u00eds foram incorporadas ao sistema estatal. A CTBC foi a \u00fanica exce\u00e7\u00e3o. A empresa manteve o controle privado durante todo o per\u00edodo, caso raro na hist\u00f3ria das telecomunica\u00e7\u00f5es do Brasil. A resist\u00eancia veio da articula\u00e7\u00e3o da fam\u00edlia Garcia com a comunidade local e da import\u00e2ncia estrat\u00e9gica da operadora para a regi\u00e3o do Tri\u00e2ngulo Mineiro, que j\u00e1 dependia da CTBC para comunica\u00e7\u00e3o interurbana.<\/p>\n\n\n\n<p>Quando Alexandrino Garcia faleceu em 1993, seu filho <strong>Luiz Alberto Garcia<\/strong> assumiu a presid\u00eancia e reestruturou o grupo. Hoje a Algar opera em mais de 370 cidades de 16 estados, com cerca de 131 mil km de fibra \u00f3ptica, incluindo cabos submarinos que ligam o Brasil aos <strong>Estados Unidos<\/strong>.<\/p>\n\n\n\n<h2 class=\"wp-block-heading\">Congado desde 1874 e um nome que nasceu de plebiscito<\/h2>\n\n\n\n<p>Antes de se chamar Uberl\u00e2ndia, a cidade era <strong>S\u00e3o Pedro de Uberabinha<\/strong>, distrito de <strong>Uberaba<\/strong> emancipado em 31 de agosto de 1888. O nome atual veio por plebiscito em 1929, unindo o latim \u201cuber\u201d (f\u00e9rtil) a \u201cl\u00e2ndia\u201d (terra). A regi\u00e3o, ali\u00e1s, pertenceu \u00e0 prov\u00edncia de <strong>Goi\u00e1s<\/strong> at\u00e9 1816, quando o Tri\u00e2ngulo Mineiro foi incorporado a Minas Gerais.<\/p>\n\n\n\n<p>H\u00e1 um Uberl\u00e2ndia anterior \u00e0s telecomunica\u00e7\u00f5es. Desde 1874, o <strong>Congado<\/strong> \u00e9 celebrado na cidade. Os primeiros grupos se reuniam sob uma grande \u00e1rvore onde hoje fica a <strong>Pra\u00e7a Tubal Vilela<\/strong> e seguiam em cortejo at\u00e9 a <strong>Capela de Nossa Senhora do Ros\u00e1rio<\/strong>, constru\u00edda de pau-a-pique e buritis. \u00c9 uma das manifesta\u00e7\u00f5es afro-brasileiras mais antigas do interior do Sudeste, ainda viva e ativa.<\/p>\n\n\n<div class=\"wp-block-image\">\n<figure class=\"aligncenter size-large\"><img loading=\"lazy\" decoding=\"async\" width=\"1024\" height=\"576\" src=\"https:\/\/www.em.com.br\/emfoco\/wp-content\/uploads\/2026\/03\/ngz-uberlandia-2-77924-1024x576.jpg\" alt=\"\" class=\"wp-image-179050\" srcset=\"https:\/\/www.em.com.br\/emfoco\/wp-content\/uploads\/2026\/03\/ngz-uberlandia-2-77924-1024x576.jpg 1024w, https:\/\/www.em.com.br\/emfoco\/wp-content\/uploads\/2026\/03\/ngz-uberlandia-2-77924-300x169.jpg 300w, https:\/\/www.em.com.br\/emfoco\/wp-content\/uploads\/2026\/03\/ngz-uberlandia-2-77924-768x432.jpg 768w, https:\/\/www.em.com.br\/emfoco\/wp-content\/uploads\/2026\/03\/ngz-uberlandia-2-77924-750x422.jpg 750w, https:\/\/www.em.com.br\/emfoco\/wp-content\/uploads\/2026\/03\/ngz-uberlandia-2-77924-1140x641.jpg 1140w, https:\/\/www.em.com.br\/emfoco\/wp-content\/uploads\/2026\/03\/ngz-uberlandia-2-77924.jpg 1280w\" sizes=\"auto, (max-width: 1024px) 100vw, 1024px\" \/><figcaption class=\"wp-element-caption\">Uberl\u00e2ndia, uma das melhores cidades de Minas Gerais \/\/ Cr\u00e9ditos: Wikipedia \/ Wikimedia Commons<\/figcaption><\/figure><\/div>\n\n\n<h2 class=\"wp-block-heading\">N\u00fameros que n\u00e3o combinam com \u201ccidade do interior\u201d<\/h2>\n\n\n\n<p>Uberl\u00e2ndia tem cerca de 761 mil habitantes segundo estimativa do <a href=\"https:\/\/cidades.ibge.gov.br\/brasil\/mg\/uberlandia\" target=\"_blank\" rel=\"noreferrer noopener\"><strong>Instituto Brasileiro de Geografia e Estat\u00edstica (IBGE)<\/strong><\/a> para 2025, sendo a segunda maior cidade de Minas Gerais. O territ\u00f3rio municipal, com 4.115 km\u00b2, \u00e9 maior que o de 29 pa\u00edses, incluindo <strong>Luxemburgo<\/strong>. O <strong>Parque do Sabi\u00e1<\/strong> ocupa 1,8 milh\u00e3o de metros quadrados e abriga o oitavo maior est\u00e1dio do Brasil.<\/p>\n\n\n\n<p>No <strong>\u00cdndice de Progresso Social (IPS)<\/strong> de 2025, a cidade ficou entre as tr\u00eas melhores do pa\u00eds na faixa de 500 mil a 1 milh\u00e3o de habitantes, com nota 93,05 em saneamento b\u00e1sico. O <strong>IDHM<\/strong> \u00e9 de 0,789 e a <a href=\"https:\/\/www.uberlandia.mg.gov.br\/2024\/06\/27\/uberlandia-esta-entre-as-10-melhores-cidades-do-brasil-para-se-viver-dentre-as-com-mais-de-100-mil-habitantes\/\" target=\"_blank\" rel=\"noreferrer noopener\"><strong>Prefeitura de Uberl\u00e2ndia<\/strong><\/a> aparece entre as dez cidades com menores taxas de homic\u00eddio acima de 100 mil moradores. Para quem busca qualidade de vida longe das capitais, Uberl\u00e2ndia entrega o que muita metr\u00f3pole promete e n\u00e3o cumpre.<\/p>\n\n\n\n<p>Quem busca descobrir os segredos de <strong>Minas Gerais<\/strong>, vai curtir esse v\u00eddeo especialmente selecionado do canal <strong>Dell Por Aqui<\/strong>, que conta com mais de <strong>24 mil<\/strong> inscritos, onde o apresentador mostra o lado surpreendente de <strong>Uberl\u00e2ndia<\/strong>, incluindo o <strong>Mercado Municipal<\/strong> e o moderno <strong>P\u00e1tio Sabi\u00e1<\/strong>:<\/p>\n\n\n\n<figure class=\"wp-block-embed is-type-video is-provider-youtube wp-block-embed-youtube wp-embed-aspect-16-9 wp-has-aspect-ratio\"><div class=\"wp-block-embed__wrapper\">\n<div class=\"jeg_video_container jeg_video_content\"><iframe loading=\"lazy\" title=\"Ningu\u00e9m Imagina Que Uberl\u00e2ndia Tem Tudo Isso!\" width=\"500\" height=\"281\" src=\"https:\/\/www.youtube.com\/embed\/6CTT8KU0xYw?feature=oembed\" frameborder=\"0\" allow=\"accelerometer; autoplay; clipboard-write; encrypted-media; gyroscope; picture-in-picture; web-share\" referrerpolicy=\"strict-origin-when-cross-origin\" allowfullscreen><\/iframe><\/div>\n<\/div><\/figure>\n\n\n\n<p><strong>Leia tamb\u00e9m: <a href=\"https:\/\/www.em.com.br\/emfoco\/2026\/03\/06\/essas-5-praias-brasileiras-sao-perfeitas-para-nadar-em-aguas-cristalinas-e-conhecer-os-golfinhos-bem-de-perto\/\" target=\"_blank\" rel=\"noreferrer noopener\">Essas 5 praias brasileiras s\u00e3o perfeitas para nadar em \u00e1guas cristalinas e conhecer os golfinhos bem de perto<\/a><\/strong><\/p>\n\n\n\n<h2 class=\"wp-block-heading\">A terra f\u00e9rtil que merece mais do que uma parada na estrada<\/h2>\n\n\n\n<p>Uberl\u00e2ndia n\u00e3o \u00e9 s\u00f3 ponto de passagem entre <strong>Belo Horizonte<\/strong> e <strong>Goi\u00e2nia<\/strong>. \u00c9 a cidade que conectou o interior do Brasil quando o pr\u00f3prio governo n\u00e3o conseguiu, que celebra o Congado h\u00e1 150 anos e que mant\u00e9m \u00edndices de desenvolvimento acima de quase todas as capitais do pa\u00eds.<\/p>\n\n\n\n<p>Voc\u00ea precisa tirar Uberl\u00e2ndia da lista de \u201ccidades que eu passo\u201d e coloc\u00e1-la na de \u201ccidades que eu conhe\u00e7o\u201d.<\/p>\n","protected":false},"excerpt":{"rendered":"<p>Quando o governo militar estatizou quase todas as operadoras de telefonia do pa\u00eds nos anos 1970, uma empresa de Uberl\u00e2ndia se recusou a entregar o controle. A Companhia de Telefones do Brasil Central (CTBC), hoje Algar, manteve-se privada enquanto todas as outras passavam para as m\u00e3os da Telebr\u00e1s. A hist\u00f3ria dessa resist\u00eancia come\u00e7a em uma [&hellip;]<\/p>\n","protected":false},"author":6,"featured_media":58159,"comment_status":"open","ping_status":"open","sticky":false,"template":"","format":"standard","meta":{"jnews-multi-image_gallery":[],"jnews_single_post":{"format":"standard"},"jnews_primary_category":[],"jnews_social_meta":[],"jnews_override_counter":[],"footnotes":""},"categories":[26],"tags":[183,207,612],"class_list":["post-178750","post","type-post","status-publish","format-standard","has-post-thumbnail","hentry","category-cidades","tag-cidades","tag-minas-gerais","tag-uberlandia"],"yoast_head":"<!-- This site is optimized with the Yoast SEO plugin v23.8 - https:\/\/yoast.com\/wordpress\/plugins\/seo\/ -->\n<title>A primeira do Brasil a instalar fibra \u00f3ptica: essa cidade \u00e9 uma das melhores para se viver em Minas Gerais, mas antes era parte de Goi\u00e1s - Estado de Minas - Em foco<\/title>\n<meta name=\"description\" content=\"Primeira cidade do Brasil a instalar fibra \u00f3ptica, hoje se destaca entre as melhores para viver em Minas e j\u00e1 pertenceu a Goi\u00e1s.\" \/>\n<meta name=\"robots\" content=\"index, follow, max-snippet:-1, max-image-preview:large, max-video-preview:-1\" \/>\n<link rel=\"canonical\" href=\"https:\/\/www.em.com.br\/emfoco\/2026\/03\/07\/a-primeira-do-brasil-a-instalar-fibra-optica-essa-cidade-e-uma-das-melhores-para-se-viver-em-minas-gerais-mas-antes-era-parte-de-goias\/\" \/>\n<meta property=\"og:locale\" content=\"pt_BR\" \/>\n<meta property=\"og:type\" content=\"article\" \/>\n<meta property=\"og:title\" content=\"A primeira do Brasil a instalar fibra \u00f3ptica: essa cidade \u00e9 uma das melhores para se viver em Minas Gerais, mas antes era parte de Goi\u00e1s - Estado de Minas - Em foco\" \/>\n<meta property=\"og:description\" content=\"Primeira cidade do Brasil a instalar fibra \u00f3ptica, hoje se destaca entre as melhores para viver em Minas e j\u00e1 pertenceu a Goi\u00e1s.\" \/>\n<meta property=\"og:url\" content=\"https:\/\/www.em.com.br\/emfoco\/2026\/03\/07\/a-primeira-do-brasil-a-instalar-fibra-optica-essa-cidade-e-uma-das-melhores-para-se-viver-em-minas-gerais-mas-antes-era-parte-de-goias\/\" \/>\n<meta property=\"og:site_name\" content=\"Estado de Minas - Em foco\" \/>\n<meta property=\"article:published_time\" content=\"2026-03-07T21:00:00+00:00\" \/>\n<meta property=\"article:modified_time\" content=\"2026-03-07T21:29:32+00:00\" \/>\n<meta property=\"og:image\" content=\"https:\/\/www.em.com.br\/emfoco\/wp-content\/uploads\/2025\/06\/Uberlandia.jpg\" \/>\n\t<meta property=\"og:image:width\" content=\"1280\" \/>\n\t<meta property=\"og:image:height\" content=\"720\" \/>\n\t<meta property=\"og:image:type\" content=\"image\/jpeg\" \/>\n<meta name=\"author\" content=\"Vitor Bruno\" \/>\n<meta name=\"twitter:card\" content=\"summary_large_image\" \/>\n<meta name=\"twitter:label1\" content=\"Escrito por\" \/>\n\t<meta name=\"twitter:data1\" content=\"Vitor Bruno\" \/>\n\t<meta name=\"twitter:label2\" content=\"Est. tempo de leitura\" \/>\n\t<meta name=\"twitter:data2\" content=\"5 minutos\" \/>\n<!-- \/ Yoast SEO plugin. -->","yoast_head_json":{"title":"A primeira do Brasil a instalar fibra \u00f3ptica: essa cidade \u00e9 uma das melhores para se viver em Minas Gerais, mas antes era parte de Goi\u00e1s - Estado de Minas - Em foco","description":"Primeira cidade do Brasil a instalar fibra \u00f3ptica, hoje se destaca entre as melhores para viver em Minas e j\u00e1 pertenceu a Goi\u00e1s.","robots":{"index":"index","follow":"follow","max-snippet":"max-snippet:-1","max-image-preview":"max-image-preview:large","max-video-preview":"max-video-preview:-1"},"canonical":"https:\/\/www.em.com.br\/emfoco\/2026\/03\/07\/a-primeira-do-brasil-a-instalar-fibra-optica-essa-cidade-e-uma-das-melhores-para-se-viver-em-minas-gerais-mas-antes-era-parte-de-goias\/","og_locale":"pt_BR","og_type":"article","og_title":"A primeira do Brasil a instalar fibra \u00f3ptica: essa cidade \u00e9 uma das melhores para se viver em Minas Gerais, mas antes era parte de Goi\u00e1s - Estado de Minas - Em foco","og_description":"Primeira cidade do Brasil a instalar fibra \u00f3ptica, hoje se destaca entre as melhores para viver em Minas e j\u00e1 pertenceu a Goi\u00e1s.","og_url":"https:\/\/www.em.com.br\/emfoco\/2026\/03\/07\/a-primeira-do-brasil-a-instalar-fibra-optica-essa-cidade-e-uma-das-melhores-para-se-viver-em-minas-gerais-mas-antes-era-parte-de-goias\/","og_site_name":"Estado de Minas - Em foco","article_published_time":"2026-03-07T21:00:00+00:00","article_modified_time":"2026-03-07T21:29:32+00:00","og_image":[{"width":1280,"height":720,"url":"https:\/\/www.em.com.br\/emfoco\/wp-content\/uploads\/2025\/06\/Uberlandia.jpg","type":"image\/jpeg"}],"author":"Vitor Bruno","twitter_card":"summary_large_image","twitter_misc":{"Escrito por":"Vitor Bruno","Est. tempo de leitura":"5 minutos"},"schema":{"@context":"https:\/\/schema.org","@graph":[{"@type":"WebPage","@id":"https:\/\/www.em.com.br\/emfoco\/2026\/03\/07\/a-primeira-do-brasil-a-instalar-fibra-optica-essa-cidade-e-uma-das-melhores-para-se-viver-em-minas-gerais-mas-antes-era-parte-de-goias\/","url":"https:\/\/www.em.com.br\/emfoco\/2026\/03\/07\/a-primeira-do-brasil-a-instalar-fibra-optica-essa-cidade-e-uma-das-melhores-para-se-viver-em-minas-gerais-mas-antes-era-parte-de-goias\/","name":"A primeira do Brasil a instalar fibra \u00f3ptica: essa cidade \u00e9 uma das melhores para se viver em Minas Gerais, mas antes era parte de Goi\u00e1s - Estado de Minas - Em foco","isPartOf":{"@id":"https:\/\/www.em.com.br\/emfoco\/#website"},"primaryImageOfPage":{"@id":"https:\/\/www.em.com.br\/emfoco\/2026\/03\/07\/a-primeira-do-brasil-a-instalar-fibra-optica-essa-cidade-e-uma-das-melhores-para-se-viver-em-minas-gerais-mas-antes-era-parte-de-goias\/#primaryimage"},"image":{"@id":"https:\/\/www.em.com.br\/emfoco\/2026\/03\/07\/a-primeira-do-brasil-a-instalar-fibra-optica-essa-cidade-e-uma-das-melhores-para-se-viver-em-minas-gerais-mas-antes-era-parte-de-goias\/#primaryimage"},"thumbnailUrl":"https:\/\/www.em.com.br\/emfoco\/wp-content\/uploads\/2025\/06\/Uberlandia.jpg","datePublished":"2026-03-07T21:00:00+00:00","dateModified":"2026-03-07T21:29:32+00:00","author":{"@id":"https:\/\/www.em.com.br\/emfoco\/#\/schema\/person\/364ac1852fafd00f1be20f0b8b237569"},"description":"Primeira cidade do Brasil a instalar fibra \u00f3ptica, hoje se destaca entre as melhores para viver em Minas e j\u00e1 pertenceu a Goi\u00e1s.","breadcrumb":{"@id":"https:\/\/www.em.com.br\/emfoco\/2026\/03\/07\/a-primeira-do-brasil-a-instalar-fibra-optica-essa-cidade-e-uma-das-melhores-para-se-viver-em-minas-gerais-mas-antes-era-parte-de-goias\/#breadcrumb"},"inLanguage":"pt-BR","potentialAction":[{"@type":"ReadAction","target":["https:\/\/www.em.com.br\/emfoco\/2026\/03\/07\/a-primeira-do-brasil-a-instalar-fibra-optica-essa-cidade-e-uma-das-melhores-para-se-viver-em-minas-gerais-mas-antes-era-parte-de-goias\/"]}]},{"@type":"ImageObject","inLanguage":"pt-BR","@id":"https:\/\/www.em.com.br\/emfoco\/2026\/03\/07\/a-primeira-do-brasil-a-instalar-fibra-optica-essa-cidade-e-uma-das-melhores-para-se-viver-em-minas-gerais-mas-antes-era-parte-de-goias\/#primaryimage","url":"https:\/\/www.em.com.br\/emfoco\/wp-content\/uploads\/2025\/06\/Uberlandia.jpg","contentUrl":"https:\/\/www.em.com.br\/emfoco\/wp-content\/uploads\/2025\/06\/Uberlandia.jpg","width":1280,"height":720,"caption":"Uberl\u00e2ndia \u00e9 o destino ideal para quem busca oportunidades de carreira \/\/ Cr\u00e9ditos: Wikimedia Commons"},{"@type":"BreadcrumbList","@id":"https:\/\/www.em.com.br\/emfoco\/2026\/03\/07\/a-primeira-do-brasil-a-instalar-fibra-optica-essa-cidade-e-uma-das-melhores-para-se-viver-em-minas-gerais-mas-antes-era-parte-de-goias\/#breadcrumb","itemListElement":[{"@type":"ListItem","position":1,"name":"In\u00edcio","item":"https:\/\/www.em.com.br\/emfoco\/"},{"@type":"ListItem","position":2,"name":"A primeira do Brasil a instalar fibra \u00f3ptica: essa cidade \u00e9 uma das melhores para se viver em Minas Gerais, mas antes era parte de Goi\u00e1s"}]},{"@type":"WebSite","@id":"https:\/\/www.em.com.br\/emfoco\/#website","url":"https:\/\/www.em.com.br\/emfoco\/","name":"Estado de Minas - Em foco","description":"Acompanhe as \u00faltimas not\u00edcias e fique bem informado sobre tudo o que acontece em Minas Gerais, Brasil e no mundo.","potentialAction":[{"@type":"SearchAction","target":{"@type":"EntryPoint","urlTemplate":"https:\/\/www.em.com.br\/emfoco\/?s={search_term_string}"},"query-input":{"@type":"PropertyValueSpecification","valueRequired":true,"valueName":"search_term_string"}}],"inLanguage":"pt-BR"},{"@type":"Person","@id":"https:\/\/www.em.com.br\/emfoco\/#\/schema\/person\/364ac1852fafd00f1be20f0b8b237569","name":"Vitor Bruno","image":{"@type":"ImageObject","inLanguage":"pt-BR","@id":"https:\/\/www.em.com.br\/emfoco\/#\/schema\/person\/image\/","url":"https:\/\/secure.gravatar.com\/avatar\/b719e5cdede09f942064960883b5524d?s=96&d=mm&r=g","contentUrl":"https:\/\/secure.gravatar.com\/avatar\/b719e5cdede09f942064960883b5524d?s=96&d=mm&r=g","caption":"Vitor Bruno"},"sameAs":["https:\/\/www.em.com.br\/emfoco\/"],"url":"https:\/\/www.em.com.br\/emfoco\/author\/vitormyth\/"}]}},"_links":{"self":[{"href":"https:\/\/www.em.com.br\/emfoco\/wp-json\/wp\/v2\/posts\/178750","targetHints":{"allow":["GET"]}}],"collection":[{"href":"https:\/\/www.em.com.br\/emfoco\/wp-json\/wp\/v2\/posts"}],"about":[{"href":"https:\/\/www.em.com.br\/emfoco\/wp-json\/wp\/v2\/types\/post"}],"author":[{"embeddable":true,"href":"https:\/\/www.em.com.br\/emfoco\/wp-json\/wp\/v2\/users\/6"}],"replies":[{"embeddable":true,"href":"https:\/\/www.em.com.br\/emfoco\/wp-json\/wp\/v2\/comments?post=178750"}],"version-history":[{"count":5,"href":"https:\/\/www.em.com.br\/emfoco\/wp-json\/wp\/v2\/posts\/178750\/revisions"}],"predecessor-version":[{"id":179054,"href":"https:\/\/www.em.com.br\/emfoco\/wp-json\/wp\/v2\/posts\/178750\/revisions\/179054"}],"wp:featuredmedia":[{"embeddable":true,"href":"https:\/\/www.em.com.br\/emfoco\/wp-json\/wp\/v2\/media\/58159"}],"wp:attachment":[{"href":"https:\/\/www.em.com.br\/emfoco\/wp-json\/wp\/v2\/media?parent=178750"}],"wp:term":[{"taxonomy":"category","embeddable":true,"href":"https:\/\/www.em.com.br\/emfoco\/wp-json\/wp\/v2\/categories?post=178750"},{"taxonomy":"post_tag","embeddable":true,"href":"https:\/\/www.em.com.br\/emfoco\/wp-json\/wp\/v2\/tags?post=178750"}],"curies":[{"name":"wp","href":"https:\/\/api.w.org\/{rel}","templated":true}]}}