{"id":178749,"date":"2026-03-07T19:55:00","date_gmt":"2026-03-07T22:55:00","guid":{"rendered":"https:\/\/www.em.com.br\/emfoco\/?p=178749"},"modified":"2026-03-07T19:52:29","modified_gmt":"2026-03-07T22:52:29","slug":"a-ilha-que-pegou-fogo-por-sete-anos-sem-parar-e-hoje-e-um-dos-destinos-turisticos-mais-procurados-do-mundo","status":"publish","type":"post","link":"https:\/\/www.em.com.br\/emfoco\/2026\/03\/07\/a-ilha-que-pegou-fogo-por-sete-anos-sem-parar-e-hoje-e-um-dos-destinos-turisticos-mais-procurados-do-mundo\/","title":{"rendered":"A ilha que pegou fogo por sete anos sem parar e hoje \u00e9 um dos destinos tur\u00edsticos mais procurados do mundo"},"content":{"rendered":"\n<p>A 400 km do <strong>Marrocos<\/strong> e a 800 km de <strong>Lisboa<\/strong>, a <strong>Ilha da Madeira<\/strong> guarda uma floresta mais antiga que a esp\u00e9cie humana, um sistema de irriga\u00e7\u00e3o maior que a pr\u00f3pria ilha e o vinho que selou o nascimento de uma na\u00e7\u00e3o.<\/p>\n\n\n\n<h2 class=\"wp-block-heading\">O inc\u00eandio que durou sete anos e deu nome \u00e0 ilha<\/h2>\n\n\n\n<p>Quando os navegadores <strong>Jo\u00e3o Gon\u00e7alves Zarco<\/strong> e <strong>Trist\u00e3o Vaz Teixeira<\/strong> desembarcaram em 1419, encontraram uma ilha t\u00e3o coberta de floresta que a batizaram de \u201cMadeira\u201d, palavra portuguesa para madeira. Para abrir espa\u00e7o \u00e0 agricultura, os colonos atearam fogo \u00e0 vegeta\u00e7\u00e3o. Segundo relatos da \u00e9poca, compilados pela <a href=\"https:\/\/www.worldhistory.org\/article\/1756\/the-portuguese-colonization-of-madeira\/\" target=\"_blank\" rel=\"noreferrer noopener\"><strong>World History Encyclopedia<\/strong><\/a>, o inc\u00eandio fugiu do controle e teria queimado por at\u00e9 sete anos. Mesmo que a dura\u00e7\u00e3o exata seja debatida por historiadores, o epis\u00f3dio ilustra a escala radical do desmatamento que transformou uma selva subtropical intocada num laborat\u00f3rio agr\u00edcola europeu.<\/p>\n\n\n\n<p>Os pav\u00f5es e pombos selvagens da ilha n\u00e3o tinham medo de humanos. Segundo o explorador veneziano <strong>Alvise da Cadamosto<\/strong>, o fogo obrigou os primeiros colonos a voltar para os navios e esperar em alto-mar por dois dias at\u00e9 as chamas se acalmarem.<\/p>\n\n\n<div class=\"wp-block-image\">\n<figure class=\"aligncenter size-large\"><img loading=\"lazy\" decoding=\"async\" width=\"1024\" height=\"576\" src=\"https:\/\/www.em.com.br\/emfoco\/wp-content\/uploads\/2025\/12\/Ilha-da-Madeira_1766040302323-1024x576.jpg\" alt=\"O para\u00edso chamado de Jardim Flutuante, onde o mar azul encontra montanhas verdes em cen\u00e1rios cinematogr\u00e1ficos\" class=\"wp-image-147288\" srcset=\"https:\/\/www.em.com.br\/emfoco\/wp-content\/uploads\/2025\/12\/Ilha-da-Madeira_1766040302323-1024x576.jpg 1024w, https:\/\/www.em.com.br\/emfoco\/wp-content\/uploads\/2025\/12\/Ilha-da-Madeira_1766040302323-300x169.jpg 300w, https:\/\/www.em.com.br\/emfoco\/wp-content\/uploads\/2025\/12\/Ilha-da-Madeira_1766040302323-768x432.jpg 768w, https:\/\/www.em.com.br\/emfoco\/wp-content\/uploads\/2025\/12\/Ilha-da-Madeira_1766040302323-750x422.jpg 750w, https:\/\/www.em.com.br\/emfoco\/wp-content\/uploads\/2025\/12\/Ilha-da-Madeira_1766040302323-1140x641.jpg 1140w, https:\/\/www.em.com.br\/emfoco\/wp-content\/uploads\/2025\/12\/Ilha-da-Madeira_1766040302323.jpg 1280w\" sizes=\"auto, (max-width: 1024px) 100vw, 1024px\" \/><figcaption class=\"wp-element-caption\">Com paisagens exuberantes, a Ilha da Madeira se destaca como o famoso Jardim Flutuante \/\/ Cr\u00e9ditos: depositphotos.com \/ DmitryRukhlenko<\/figcaption><\/figure><\/div>\n\n\n<h2 class=\"wp-block-heading\">Colombo morou aqui antes de cruzar o Atl\u00e2ntico<\/h2>\n\n\n\n<p>Antes de encontrar as Am\u00e9ricas, <strong>Crist\u00f3v\u00e3o Colombo<\/strong> viveu na Madeira. Na ilha vizinha de <strong>Porto Santo<\/strong>, casou-se com <strong>Filipa Moniz<\/strong>, filha do capit\u00e3o donat\u00e1rio <strong>Bartolomeu Perestrelo<\/strong>. Na \u00e9poca, a Madeira era uma das maiores produtoras de a\u00e7\u00facar da Europa, e Colombo trabalhava como comerciante do produto. Foi ali que ele aprendeu as t\u00e9cnicas de navega\u00e7\u00e3o atl\u00e2ntica, incluindo a <strong>volta do mar<\/strong>, o padr\u00e3o de ventos e correntes que tornaria poss\u00edvel a travessia at\u00e9 o <strong>Caribe<\/strong>.<\/p>\n\n\n\n<p>Colombo levou consigo mudas de cana-de-a\u00e7\u00facar madeirense para o Novo Mundo. O a\u00e7\u00facar transformaria a economia das Am\u00e9ricas nos s\u00e9culos seguintes, e tudo come\u00e7ou numa ilha vulc\u00e2nica de 57 km de comprimento no meio do Atl\u00e2ntico.<\/p>\n\n\n\n<h2 class=\"wp-block-heading\">O vinho que melhorava com o calor dos navios<\/h2>\n\n\n\n<p>Produtores madeirenses perceberam algo incomum: o vinho que cruzava o Atl\u00e2ntico nos por\u00f5es quentes voltava com sabor mais rico. Em vez de estragar, a bebida se transformava. Nascia o processo de aquecimento controlado, ou <strong>estufagem<\/strong>, que at\u00e9 hoje define o <strong>vinho Madeira<\/strong>. Uma garrafa bem armazenada pode durar s\u00e9culos, algo que quase nenhum outro vinho no mundo consegue.<\/p>\n\n\n\n<p>No s\u00e9culo XVIII, os colonos americanos consumiam cerca de um quarto de toda a produ\u00e7\u00e3o. Havia uma raz\u00e3o fiscal: quando <strong>George III<\/strong> taxou vinhos europeus pelo Stamp Act de 1765, a Madeira ficou de fora por n\u00e3o ser considerada parte da Europa continental. Tornou-se, como define o importador <strong>Bartholomew Broadbent<\/strong> \u00e0 revista <strong>Decanter<\/strong>, o primeiro furo tribut\u00e1rio da Am\u00e9rica. Ap\u00f3s a assinatura da <strong>Declara\u00e7\u00e3o de Independ\u00eancia<\/strong> em 1776, os delegados brindaram com Madeira. Dois dias antes da ratifica\u00e7\u00e3o da <strong>Constitui\u00e7\u00e3o<\/strong>, em 1787, 55 participantes consumiram 54 garrafas no <strong>City Tavern<\/strong> da Filad\u00e9lfia. <strong>George Washington<\/strong> bebia uma garrafa por dia, segundo registros hist\u00f3ricos.<\/p>\n\n\n<div class=\"wp-block-image\">\n<figure class=\"aligncenter size-large\"><img loading=\"lazy\" decoding=\"async\" width=\"1024\" height=\"576\" src=\"https:\/\/www.em.com.br\/emfoco\/wp-content\/uploads\/2025\/12\/Ilha-da-Madeira_1766040061899-1024x576.jpg\" alt=\"O para\u00edso chamado de Jardim Flutuante, onde o mar azul encontra montanhas verdes em cen\u00e1rios cinematogr\u00e1ficos\" class=\"wp-image-147285\" srcset=\"https:\/\/www.em.com.br\/emfoco\/wp-content\/uploads\/2025\/12\/Ilha-da-Madeira_1766040061899-1024x576.jpg 1024w, https:\/\/www.em.com.br\/emfoco\/wp-content\/uploads\/2025\/12\/Ilha-da-Madeira_1766040061899-300x169.jpg 300w, https:\/\/www.em.com.br\/emfoco\/wp-content\/uploads\/2025\/12\/Ilha-da-Madeira_1766040061899-768x432.jpg 768w, https:\/\/www.em.com.br\/emfoco\/wp-content\/uploads\/2025\/12\/Ilha-da-Madeira_1766040061899-750x422.jpg 750w, https:\/\/www.em.com.br\/emfoco\/wp-content\/uploads\/2025\/12\/Ilha-da-Madeira_1766040061899-1140x641.jpg 1140w, https:\/\/www.em.com.br\/emfoco\/wp-content\/uploads\/2025\/12\/Ilha-da-Madeira_1766040061899.jpg 1280w\" sizes=\"auto, (max-width: 1024px) 100vw, 1024px\" \/><figcaption class=\"wp-element-caption\">Conhecida como P\u00e9rola do Atl\u00e2ntico, a Ilha da Madeira \u00e9 um ref\u00fagio de beleza natural \u00fanica \/\/ Cr\u00e9ditos: depositphotos.com \/ Balate Dorin<\/figcaption><\/figure><\/div>\n\n\n<h2 class=\"wp-block-heading\">Canais que d\u00e3o 40 voltas na ilha inteira<\/h2>\n\n\n\n<p>As <strong>levadas<\/strong> s\u00e3o canais de irriga\u00e7\u00e3o escavados \u00e0 m\u00e3o desde o s\u00e9culo XV para transportar \u00e1gua do norte chuvoso ao sul seco da Madeira. Trabalhadores suspensos por cordas cavaram basalto vulc\u00e2nico em penhascos de at\u00e9 500 metros de altura, incluindo 40 km de t\u00faneis na rocha. A rede cresceu at\u00e9 superar 2.170 km de extens\u00e3o, conforme dados do projeto financiado pela <a href=\"https:\/\/cordis.europa.eu\/project\/id\/236111\/reporting\/fr\" target=\"_blank\" rel=\"noreferrer noopener\"><strong>Comiss\u00e3o Europeia (CORDIS)<\/strong><\/a>. \u00c9 como se os canais dessem a volta na ilha quase 40 vezes.<\/p>\n\n\n\n<p>A manuten\u00e7\u00e3o ficava a cargo dos <strong>levadeiros<\/strong>, uma das profiss\u00f5es mais antigas da ilha. Eles abriam e fechavam comportas para distribuir a \u00e1gua entre fazendeiros, que pagavam pelo uso por hora. Hoje, as trilhas ao longo das levadas formam uma das maiores redes de caminhada da Europa, cruzando a Laurissilva, cascatas e t\u00faneis onde \u00e9 preciso lanterna para avan\u00e7ar.<\/p>\n\n\n\n<h2 class=\"wp-block-heading\">Uma floresta de 20 milh\u00f5es de anos que sustenta a ilha inteira<\/h2>\n\n\n\n<p>A <strong>Laurissilva da Madeira<\/strong>, Patrim\u00f4nio Mundial da <a href=\"https:\/\/whc.unesco.org\/en\/list\/934\/\" target=\"_blank\" rel=\"noreferrer noopener\"><strong>UNESCO<\/strong><\/a> desde 1999, \u00e9 o maior fragmento sobrevivente de floresta de loureiros do planeta. Esse tipo de vegeta\u00e7\u00e3o cobria o sul da Europa h\u00e1 15 a 40 milh\u00f5es de anos, antes que as eras glaciais a eliminassem do continente. Na Madeira, cerca de 90% da floresta \u00e9 prim\u00e1ria, com \u00e1rvores que podem ter mais de 800 anos de idade. A \u00e1rea protegida abriga 76 esp\u00e9cies de plantas vasculares end\u00eamicas, mais de 500 invertebrados exclusivos e aves raras como o <strong>pombo-trocaz<\/strong>, que s\u00f3 existe ali.<\/p>\n\n\n\n<p>A floresta funciona como uma esponja gigante: captura umidade das nuvens e da neblina trazidas pelos ventos do norte, alimenta nascentes subterr\u00e2neas e mant\u00e9m o equil\u00edbrio h\u00eddrico de toda a ilha. Sem ela, as levadas n\u00e3o teriam \u00e1gua para carregar.<\/p>\n\n\n\n<p><strong>Leia tamb\u00e9m: <a href=\"https:\/\/www.em.com.br\/emfoco\/2026\/03\/07\/a-primeira-do-brasil-a-instalar-fibra-optica-essa-cidade-e-uma-das-melhores-para-se-viver-em-minas-gerais-mas-antes-era-parte-de-goias\/\" target=\"_blank\" rel=\"noreferrer noopener\">A primeira do Brasil a instalar fibra \u00f3ptica: essa cidade \u00e9 uma das melhores para se viver em Minas Gerais, mas antes era parte de Goi\u00e1s<\/a><\/strong><\/p>\n\n\n\n<p>Quem busca o destino insular mais bonito do mundo, vai curtir esse v\u00eddeo especialmente selecionado do canal <strong>Destinos Imperd\u00edveis<\/strong>, que conta com mais de <strong>112 mil<\/strong> visualiza\u00e7\u00f5es, onde a equipe mostra um roteiro de 7 dias pela <strong>Ilha da Madeira<\/strong>, em <strong>Portugal<\/strong>, passando por locais como o <strong>Funchal<\/strong> e o <strong>Cabo Gir\u00e3o<\/strong>:<\/p>\n\n\n\n<figure class=\"wp-block-embed is-type-video is-provider-youtube wp-block-embed-youtube wp-embed-aspect-16-9 wp-has-aspect-ratio\"><div class=\"wp-block-embed__wrapper\">\n<div class=\"jeg_video_container jeg_video_content\"><iframe loading=\"lazy\" title=\"ILHA DA MADEIRA ~ O que fazer na Ilha da Madeira, em Portugal ~ Destinos Imperd\u00edveis\" width=\"500\" height=\"281\" src=\"https:\/\/www.youtube.com\/embed\/UBY65hBnvJU?feature=oembed\" frameborder=\"0\" allow=\"accelerometer; autoplay; clipboard-write; encrypted-media; gyroscope; picture-in-picture; web-share\" referrerpolicy=\"strict-origin-when-cross-origin\" allowfullscreen><\/iframe><\/div>\n<\/div><\/figure>\n\n\n\n<h2 class=\"wp-block-heading\">A ilha que se reinventa h\u00e1 seis s\u00e9culos<\/h2>\n\n\n\n<p>De col\u00f4nia incendiada a capital europeia do a\u00e7\u00facar, de parada obrigat\u00f3ria de Colombo a produtora do vinho mais dur\u00e1vel do mundo, a Madeira comprimiu em 600 anos o que continentes inteiros levaram mil\u00eanios para experimentar. Suas florestas pr\u00e9-hist\u00f3ricas e seus canais imposs\u00edveis sobrevivem lado a lado num arquip\u00e9lago menor que muitas cidades brasileiras.<\/p>\n\n\n\n<p>Vale cruzar o Atl\u00e2ntico para caminhar dentro de um t\u00fanel escavado \u00e0 m\u00e3o no s\u00e9culo XVI, pisar numa plataforma de vidro a 580 metros do mar no Cabo Gir\u00e3o e brindar com o mesmo vinho que inaugurou a democracia americana.<\/p>\n","protected":false},"excerpt":{"rendered":"<p>A 400 km do Marrocos e a 800 km de Lisboa, a Ilha da Madeira guarda uma floresta mais antiga que a esp\u00e9cie humana, um sistema de irriga\u00e7\u00e3o maior que a pr\u00f3pria ilha e o vinho que selou o nascimento de uma na\u00e7\u00e3o. O inc\u00eandio que durou sete anos e deu nome \u00e0 ilha Quando [&hellip;]<\/p>\n","protected":false},"author":6,"featured_media":147286,"comment_status":"open","ping_status":"open","sticky":false,"template":"","format":"standard","meta":{"jnews-multi-image_gallery":[],"jnews_single_post":{"format":"standard"},"jnews_primary_category":[],"jnews_social_meta":[],"jnews_override_counter":[],"footnotes":""},"categories":[26],"tags":[183,21539,389],"class_list":["post-178749","post","type-post","status-publish","format-standard","has-post-thumbnail","hentry","category-cidades","tag-cidades","tag-ilha-da-madeira","tag-portugal"],"yoast_head":"<!-- This site is optimized with the Yoast SEO plugin v23.8 - https:\/\/yoast.com\/wordpress\/plugins\/seo\/ -->\n<title>A ilha que pegou fogo por sete anos sem parar e hoje \u00e9 um dos destinos tur\u00edsticos mais procurados do mundo - Estado de Minas - Em foco<\/title>\n<meta name=\"description\" content=\"Uma ilha que queimou por sete anos seguidos ap\u00f3s um inc\u00eandio subterr\u00e2neo e hoje virou um dos destinos tur\u00edsticos mais visitados do mundo.\" \/>\n<meta name=\"robots\" content=\"index, follow, max-snippet:-1, max-image-preview:large, max-video-preview:-1\" \/>\n<link rel=\"canonical\" href=\"https:\/\/www.em.com.br\/emfoco\/2026\/03\/07\/a-ilha-que-pegou-fogo-por-sete-anos-sem-parar-e-hoje-e-um-dos-destinos-turisticos-mais-procurados-do-mundo\/\" \/>\n<meta property=\"og:locale\" content=\"pt_BR\" \/>\n<meta property=\"og:type\" content=\"article\" \/>\n<meta property=\"og:title\" content=\"A ilha que pegou fogo por sete anos sem parar e hoje \u00e9 um dos destinos tur\u00edsticos mais procurados do mundo - Estado de Minas - Em foco\" \/>\n<meta property=\"og:description\" content=\"Uma ilha que queimou por sete anos seguidos ap\u00f3s um inc\u00eandio subterr\u00e2neo e hoje virou um dos destinos tur\u00edsticos mais visitados do mundo.\" \/>\n<meta property=\"og:url\" content=\"https:\/\/www.em.com.br\/emfoco\/2026\/03\/07\/a-ilha-que-pegou-fogo-por-sete-anos-sem-parar-e-hoje-e-um-dos-destinos-turisticos-mais-procurados-do-mundo\/\" \/>\n<meta property=\"og:site_name\" content=\"Estado de Minas - Em foco\" \/>\n<meta property=\"article:published_time\" content=\"2026-03-07T22:55:00+00:00\" \/>\n<meta property=\"article:modified_time\" content=\"2026-03-07T22:52:29+00:00\" \/>\n<meta property=\"og:image\" content=\"https:\/\/www.em.com.br\/emfoco\/wp-content\/uploads\/2025\/12\/Ilha-da-Madeira_1766040092851.jpg\" \/>\n\t<meta property=\"og:image:width\" content=\"1280\" \/>\n\t<meta property=\"og:image:height\" content=\"720\" \/>\n\t<meta property=\"og:image:type\" content=\"image\/jpeg\" \/>\n<meta name=\"author\" content=\"Vitor Bruno\" \/>\n<meta name=\"twitter:card\" content=\"summary_large_image\" \/>\n<meta name=\"twitter:label1\" content=\"Escrito por\" \/>\n\t<meta name=\"twitter:data1\" content=\"Vitor Bruno\" \/>\n\t<meta name=\"twitter:label2\" content=\"Est. tempo de leitura\" \/>\n\t<meta name=\"twitter:data2\" content=\"7 minutos\" \/>\n<!-- \/ Yoast SEO plugin. -->","yoast_head_json":{"title":"A ilha que pegou fogo por sete anos sem parar e hoje \u00e9 um dos destinos tur\u00edsticos mais procurados do mundo - Estado de Minas - Em foco","description":"Uma ilha que queimou por sete anos seguidos ap\u00f3s um inc\u00eandio subterr\u00e2neo e hoje virou um dos destinos tur\u00edsticos mais visitados do mundo.","robots":{"index":"index","follow":"follow","max-snippet":"max-snippet:-1","max-image-preview":"max-image-preview:large","max-video-preview":"max-video-preview:-1"},"canonical":"https:\/\/www.em.com.br\/emfoco\/2026\/03\/07\/a-ilha-que-pegou-fogo-por-sete-anos-sem-parar-e-hoje-e-um-dos-destinos-turisticos-mais-procurados-do-mundo\/","og_locale":"pt_BR","og_type":"article","og_title":"A ilha que pegou fogo por sete anos sem parar e hoje \u00e9 um dos destinos tur\u00edsticos mais procurados do mundo - Estado de Minas - Em foco","og_description":"Uma ilha que queimou por sete anos seguidos ap\u00f3s um inc\u00eandio subterr\u00e2neo e hoje virou um dos destinos tur\u00edsticos mais visitados do mundo.","og_url":"https:\/\/www.em.com.br\/emfoco\/2026\/03\/07\/a-ilha-que-pegou-fogo-por-sete-anos-sem-parar-e-hoje-e-um-dos-destinos-turisticos-mais-procurados-do-mundo\/","og_site_name":"Estado de Minas - Em foco","article_published_time":"2026-03-07T22:55:00+00:00","article_modified_time":"2026-03-07T22:52:29+00:00","og_image":[{"width":1280,"height":720,"url":"https:\/\/www.em.com.br\/emfoco\/wp-content\/uploads\/2025\/12\/Ilha-da-Madeira_1766040092851.jpg","type":"image\/jpeg"}],"author":"Vitor Bruno","twitter_card":"summary_large_image","twitter_misc":{"Escrito por":"Vitor Bruno","Est. tempo de leitura":"7 minutos"},"schema":{"@context":"https:\/\/schema.org","@graph":[{"@type":"WebPage","@id":"https:\/\/www.em.com.br\/emfoco\/2026\/03\/07\/a-ilha-que-pegou-fogo-por-sete-anos-sem-parar-e-hoje-e-um-dos-destinos-turisticos-mais-procurados-do-mundo\/","url":"https:\/\/www.em.com.br\/emfoco\/2026\/03\/07\/a-ilha-que-pegou-fogo-por-sete-anos-sem-parar-e-hoje-e-um-dos-destinos-turisticos-mais-procurados-do-mundo\/","name":"A ilha que pegou fogo por sete anos sem parar e hoje \u00e9 um dos destinos tur\u00edsticos mais procurados do mundo - Estado de Minas - Em foco","isPartOf":{"@id":"https:\/\/www.em.com.br\/emfoco\/#website"},"primaryImageOfPage":{"@id":"https:\/\/www.em.com.br\/emfoco\/2026\/03\/07\/a-ilha-que-pegou-fogo-por-sete-anos-sem-parar-e-hoje-e-um-dos-destinos-turisticos-mais-procurados-do-mundo\/#primaryimage"},"image":{"@id":"https:\/\/www.em.com.br\/emfoco\/2026\/03\/07\/a-ilha-que-pegou-fogo-por-sete-anos-sem-parar-e-hoje-e-um-dos-destinos-turisticos-mais-procurados-do-mundo\/#primaryimage"},"thumbnailUrl":"https:\/\/www.em.com.br\/emfoco\/wp-content\/uploads\/2025\/12\/Ilha-da-Madeira_1766040092851.jpg","datePublished":"2026-03-07T22:55:00+00:00","dateModified":"2026-03-07T22:52:29+00:00","author":{"@id":"https:\/\/www.em.com.br\/emfoco\/#\/schema\/person\/364ac1852fafd00f1be20f0b8b237569"},"description":"Uma ilha que queimou por sete anos seguidos ap\u00f3s um inc\u00eandio subterr\u00e2neo e hoje virou um dos destinos tur\u00edsticos mais visitados do mundo.","breadcrumb":{"@id":"https:\/\/www.em.com.br\/emfoco\/2026\/03\/07\/a-ilha-que-pegou-fogo-por-sete-anos-sem-parar-e-hoje-e-um-dos-destinos-turisticos-mais-procurados-do-mundo\/#breadcrumb"},"inLanguage":"pt-BR","potentialAction":[{"@type":"ReadAction","target":["https:\/\/www.em.com.br\/emfoco\/2026\/03\/07\/a-ilha-que-pegou-fogo-por-sete-anos-sem-parar-e-hoje-e-um-dos-destinos-turisticos-mais-procurados-do-mundo\/"]}]},{"@type":"ImageObject","inLanguage":"pt-BR","@id":"https:\/\/www.em.com.br\/emfoco\/2026\/03\/07\/a-ilha-que-pegou-fogo-por-sete-anos-sem-parar-e-hoje-e-um-dos-destinos-turisticos-mais-procurados-do-mundo\/#primaryimage","url":"https:\/\/www.em.com.br\/emfoco\/wp-content\/uploads\/2025\/12\/Ilha-da-Madeira_1766040092851.jpg","contentUrl":"https:\/\/www.em.com.br\/emfoco\/wp-content\/uploads\/2025\/12\/Ilha-da-Madeira_1766040092851.jpg","width":1280,"height":720,"caption":"A Ilha da Madeira, carinhosamente chamada de Jardim Flutuante, oferece uma combina\u00e7\u00e3o \u00fanica de montanhas escarpadas e piscinas naturais vulc\u00e2nicas \/\/ Cr\u00e9ditos: depositphotos.com \/ Balate Dorin"},{"@type":"BreadcrumbList","@id":"https:\/\/www.em.com.br\/emfoco\/2026\/03\/07\/a-ilha-que-pegou-fogo-por-sete-anos-sem-parar-e-hoje-e-um-dos-destinos-turisticos-mais-procurados-do-mundo\/#breadcrumb","itemListElement":[{"@type":"ListItem","position":1,"name":"In\u00edcio","item":"https:\/\/www.em.com.br\/emfoco\/"},{"@type":"ListItem","position":2,"name":"A ilha que pegou fogo por sete anos sem parar e hoje \u00e9 um dos destinos tur\u00edsticos mais procurados do mundo"}]},{"@type":"WebSite","@id":"https:\/\/www.em.com.br\/emfoco\/#website","url":"https:\/\/www.em.com.br\/emfoco\/","name":"Estado de Minas - Em foco","description":"Acompanhe as \u00faltimas not\u00edcias e fique bem informado sobre tudo o que acontece em Minas Gerais, Brasil e no mundo.","potentialAction":[{"@type":"SearchAction","target":{"@type":"EntryPoint","urlTemplate":"https:\/\/www.em.com.br\/emfoco\/?s={search_term_string}"},"query-input":{"@type":"PropertyValueSpecification","valueRequired":true,"valueName":"search_term_string"}}],"inLanguage":"pt-BR"},{"@type":"Person","@id":"https:\/\/www.em.com.br\/emfoco\/#\/schema\/person\/364ac1852fafd00f1be20f0b8b237569","name":"Vitor Bruno","image":{"@type":"ImageObject","inLanguage":"pt-BR","@id":"https:\/\/www.em.com.br\/emfoco\/#\/schema\/person\/image\/","url":"https:\/\/secure.gravatar.com\/avatar\/b719e5cdede09f942064960883b5524d?s=96&d=mm&r=g","contentUrl":"https:\/\/secure.gravatar.com\/avatar\/b719e5cdede09f942064960883b5524d?s=96&d=mm&r=g","caption":"Vitor Bruno"},"sameAs":["https:\/\/www.em.com.br\/emfoco\/"],"url":"https:\/\/www.em.com.br\/emfoco\/author\/vitormyth\/"}]}},"_links":{"self":[{"href":"https:\/\/www.em.com.br\/emfoco\/wp-json\/wp\/v2\/posts\/178749","targetHints":{"allow":["GET"]}}],"collection":[{"href":"https:\/\/www.em.com.br\/emfoco\/wp-json\/wp\/v2\/posts"}],"about":[{"href":"https:\/\/www.em.com.br\/emfoco\/wp-json\/wp\/v2\/types\/post"}],"author":[{"embeddable":true,"href":"https:\/\/www.em.com.br\/emfoco\/wp-json\/wp\/v2\/users\/6"}],"replies":[{"embeddable":true,"href":"https:\/\/www.em.com.br\/emfoco\/wp-json\/wp\/v2\/comments?post=178749"}],"version-history":[{"count":5,"href":"https:\/\/www.em.com.br\/emfoco\/wp-json\/wp\/v2\/posts\/178749\/revisions"}],"predecessor-version":[{"id":179072,"href":"https:\/\/www.em.com.br\/emfoco\/wp-json\/wp\/v2\/posts\/178749\/revisions\/179072"}],"wp:featuredmedia":[{"embeddable":true,"href":"https:\/\/www.em.com.br\/emfoco\/wp-json\/wp\/v2\/media\/147286"}],"wp:attachment":[{"href":"https:\/\/www.em.com.br\/emfoco\/wp-json\/wp\/v2\/media?parent=178749"}],"wp:term":[{"taxonomy":"category","embeddable":true,"href":"https:\/\/www.em.com.br\/emfoco\/wp-json\/wp\/v2\/categories?post=178749"},{"taxonomy":"post_tag","embeddable":true,"href":"https:\/\/www.em.com.br\/emfoco\/wp-json\/wp\/v2\/tags?post=178749"}],"curies":[{"name":"wp","href":"https:\/\/api.w.org\/{rel}","templated":true}]}}