{"id":178746,"date":"2026-03-07T10:35:00","date_gmt":"2026-03-07T13:35:00","guid":{"rendered":"https:\/\/www.em.com.br\/emfoco\/?p=178746"},"modified":"2026-03-07T09:07:30","modified_gmt":"2026-03-07T12:07:30","slug":"a-989-m-de-altitude-essa-cidade-abriga-um-viaduto-de-89-m-de-altura-e-a-historia-do-morto-que-reapareceu-vivo","status":"publish","type":"post","link":"https:\/\/www.em.com.br\/emfoco\/2026\/03\/07\/a-989-m-de-altitude-essa-cidade-abriga-um-viaduto-de-89-m-de-altura-e-a-historia-do-morto-que-reapareceu-vivo\/","title":{"rendered":"A 989 m de altitude, essa cidade abriga um viaduto de 89 m de altura e a hist\u00f3ria do \u201cmorto\u201d que reapareceu vivo"},"content":{"rendered":"\n<p>No cora\u00e7\u00e3o do <strong>Tri\u00e2ngulo Mineiro<\/strong>, a 989 metros de altitude, <strong>Araguari<\/strong> guarda cicatrizes de trilhos, de injusti\u00e7a e de mata preservada desde o s\u00e9culo XIX. A cidade que j\u00e1 foi o maior entroncamento ferrovi\u00e1rio do <strong>Brasil<\/strong> carrega hist\u00f3rias que ultrapassam qualquer roteiro tur\u00edstico.<\/p>\n\n\n\n<h2 class=\"wp-block-heading\">Por que Araguari se tornou a capital dos trilhos no Brasil?<\/h2>\n\n\n\n<p>Em <strong>1896<\/strong>, os trilhos da <strong>Companhia Mogiana de Estradas de Ferro<\/strong> chegaram \u00e0 antiga Vila de Brejo Alegre vindos de <strong>S\u00e3o Paulo<\/strong>. A cidade tinha apenas oito anos de emancipa\u00e7\u00e3o. Dez anos depois, em <strong>1906<\/strong>, a <strong>Estrada de Ferro de Goi\u00e1s (EFG)<\/strong> iniciou sua constru\u00e7\u00e3o a partir de Araguari, criando uma conex\u00e3o in\u00e9dita entre tr\u00eas estados: S\u00e3o Paulo, Minas Gerais e Goi\u00e1s.<\/p>\n\n\n\n<p>O encontro de duas ferrovias transformou a pacata cidade em ponto obrigat\u00f3rio de passagem. Quem sa\u00eda do <strong>Rio de Janeiro<\/strong> ou de S\u00e3o Paulo rumo ao Centro-Oeste fazia baldea\u00e7\u00e3o ali. A sede da EFG se instalou no munic\u00edpio, trazendo oficinas, hospital, escolas e uma vila oper\u00e1ria inteira. Na d\u00e9cada de 1930, Araguari j\u00e1 figurava entre as poucas cidades brasileiras com mais de 40 mil habitantes.<\/p>\n\n\n<div class=\"wp-block-image\">\n<figure class=\"aligncenter size-large\"><img loading=\"lazy\" decoding=\"async\" width=\"1024\" height=\"576\" src=\"https:\/\/www.em.com.br\/emfoco\/wp-content\/uploads\/2026\/03\/ngz-Praca_dos_Ferroviarios-31443-1024x576.jpg\" alt=\"\" class=\"wp-image-178774\" srcset=\"https:\/\/www.em.com.br\/emfoco\/wp-content\/uploads\/2026\/03\/ngz-Praca_dos_Ferroviarios-31443-1024x576.jpg 1024w, https:\/\/www.em.com.br\/emfoco\/wp-content\/uploads\/2026\/03\/ngz-Praca_dos_Ferroviarios-31443-300x169.jpg 300w, https:\/\/www.em.com.br\/emfoco\/wp-content\/uploads\/2026\/03\/ngz-Praca_dos_Ferroviarios-31443-768x432.jpg 768w, https:\/\/www.em.com.br\/emfoco\/wp-content\/uploads\/2026\/03\/ngz-Praca_dos_Ferroviarios-31443-750x422.jpg 750w, https:\/\/www.em.com.br\/emfoco\/wp-content\/uploads\/2026\/03\/ngz-Praca_dos_Ferroviarios-31443-1140x641.jpg 1140w, https:\/\/www.em.com.br\/emfoco\/wp-content\/uploads\/2026\/03\/ngz-Praca_dos_Ferroviarios-31443.jpg 1280w\" sizes=\"auto, (max-width: 1024px) 100vw, 1024px\" \/><figcaption class=\"wp-element-caption\">Museu Ferrovi\u00e1rio de Araguari, Minas Gerais \/\/ Cr\u00e9ditos: Wikipedia \/ Wikimedia Commons<\/figcaption><\/figure><\/div>\n\n\n<h2 class=\"wp-block-heading\">O pal\u00e1cio de quatro andares que nasceu dos trilhos<\/h2>\n\n\n\n<p>Em <strong>1928<\/strong>, a EFG inaugurou sua nova esta\u00e7\u00e3o de passageiros: um edif\u00edcio de quatro pavimentos com linhas art d\u00e9co e platibandas escalonadas. O <strong>Pal\u00e1cio dos Ferrovi\u00e1rios<\/strong>, como ficou conhecido, \u00e9 considerado pelo <a href=\"https:\/\/www.iepha.mg.gov.br\/index.php\/programas-e-acoes\/patrimonio-cultural-protegido\/bens-tombados\/details\/1\/14\/bens-tombados-conjunto-paisag%C3%ADstico-e-arquitet%C3%B4nico-da-antiga-esta%C3%A7%C3%A3o-da-estrada-de-ferro-goi%C3%A1s\" target=\"_blank\" rel=\"noreferrer noopener\"><strong>Instituto Estadual do Patrim\u00f4nio Hist\u00f3rico e Art\u00edstico (IEPHA)<\/strong><\/a> um dos maiores exemplares de arquitetura ferrovi\u00e1ria de Minas Gerais.<\/p>\n\n\n\n<p>O pr\u00e9dio foi tombado como patrim\u00f4nio estadual em 2008. Depois de d\u00e9cadas sem uso e algumas depreda\u00e7\u00f5es, passou por restauro nos anos 2000. Hoje abriga a Prefeitura Municipal e um museu que preserva a mem\u00f3ria ferrovi\u00e1ria da cidade. \u00c9 dif\u00edcil encontrar outra prefeitura no pa\u00eds instalada dentro de uma antiga esta\u00e7\u00e3o de trem.<\/p>\n\n\n<div class=\"wp-block-image\">\n<figure class=\"aligncenter size-large\"><img loading=\"lazy\" decoding=\"async\" width=\"1024\" height=\"576\" src=\"https:\/\/www.em.com.br\/emfoco\/wp-content\/uploads\/2026\/01\/Araguari-1024x576.jpg\" alt=\"\" class=\"wp-image-154211\" srcset=\"https:\/\/www.em.com.br\/emfoco\/wp-content\/uploads\/2026\/01\/Araguari-1024x576.jpg 1024w, https:\/\/www.em.com.br\/emfoco\/wp-content\/uploads\/2026\/01\/Araguari-300x169.jpg 300w, https:\/\/www.em.com.br\/emfoco\/wp-content\/uploads\/2026\/01\/Araguari-768x432.jpg 768w, https:\/\/www.em.com.br\/emfoco\/wp-content\/uploads\/2026\/01\/Araguari-750x422.jpg 750w, https:\/\/www.em.com.br\/emfoco\/wp-content\/uploads\/2026\/01\/Araguari-1140x641.jpg 1140w, https:\/\/www.em.com.br\/emfoco\/wp-content\/uploads\/2026\/01\/Araguari.jpg 1280w\" sizes=\"auto, (max-width: 1024px) 100vw, 1024px\" \/><figcaption class=\"wp-element-caption\">Araguari \u00e9 polo do caf\u00e9 e ecoturismo no Cerrado Mineiro \/\/ Cr\u00e9ditos: Wikipedia<\/figcaption><\/figure><\/div>\n\n\n<h2 class=\"wp-block-heading\">Um viaduto de 89 metros que ainda carrega trens<\/h2>\n\n\n\n<p>A 15 km do centro, o <strong>Viaduto do Fund\u00e3o<\/strong> cruza um vale profundo com seus 89 metros de altura e 660 metros de extens\u00e3o. Inaugurado em <strong>1971<\/strong>, foi na \u00e9poca o viaduto ferrovi\u00e1rio mais alto do Brasil. A obra ficou a cargo da empresa Servienge, sob supervis\u00e3o do <strong>2\u00ba Batalh\u00e3o Ferrovi\u00e1rio<\/strong>.<\/p>\n\n\n\n<p>A estrutura integra o tra\u00e7ado retificado da antiga Mogiana e permanece em opera\u00e7\u00e3o at\u00e9 hoje. Trens de carga cruzam o vale sobre o concreto de mais de cinco d\u00e9cadas. Pr\u00f3ximo ao viaduto, um t\u00fanel ferrovi\u00e1rio de cerca de 300 metros completa o cen\u00e1rio, que atrai trilheiros e fot\u00f3grafos \u00e0 regi\u00e3o.<\/p>\n\n\n\n<p>Quem planeja um passeio por <strong>Araguari<\/strong>, vai curtir esse v\u00eddeo especialmente selecionado do canal <strong>Zona Sul Evolution<\/strong>, que conta com mais de <strong>8 mil<\/strong> visualiza\u00e7\u00f5es, onde <strong>Tiag\u00e3o<\/strong> mostra um roteiro completo com dicas de hospedagem, gastronomia e pontos hist\u00f3ricos da cidade no <strong>Tri\u00e2ngulo Mineiro<\/strong>:<\/p>\n\n\n\n<figure class=\"wp-block-embed is-type-video is-provider-youtube wp-block-embed-youtube wp-embed-aspect-16-9 wp-has-aspect-ratio\"><div class=\"wp-block-embed__wrapper\">\n<div class=\"jeg_video_container jeg_video_content\"><iframe loading=\"lazy\" title=\"Dicas de passeio, hospedagens, locais pra comer e roteiro completo do que fazer em Araguari MG.\" width=\"500\" height=\"281\" src=\"https:\/\/www.youtube.com\/embed\/wYj1XDujXyg?start=361&#038;feature=oembed\" frameborder=\"0\" allow=\"accelerometer; autoplay; clipboard-write; encrypted-media; gyroscope; picture-in-picture; web-share\" referrerpolicy=\"strict-origin-when-cross-origin\" allowfullscreen><\/iframe><\/div>\n<\/div><\/figure>\n\n\n\n<h2 class=\"wp-block-heading\">O crime sem corpo e a v\u00edtima que reapareceu 15 anos depois<\/h2>\n\n\n\n<p>Em novembro de <strong>1937<\/strong>, o jovem <strong>Benedito Pereira Caetano<\/strong> desapareceu de Araguari levando consigo 90 contos de r\u00e9is. Seus primos, <strong>Sebasti\u00e3o Jos\u00e9 Naves<\/strong> e <strong>Joaquim Naves Rosa<\/strong>, procuraram a pol\u00edcia para relatar o sumi\u00e7o. A boa inten\u00e7\u00e3o se voltou contra eles.<\/p>\n\n\n\n<p>O delegado militar <strong>Francisco Vieira dos Santos<\/strong>, conhecido como Chico Vieira, concluiu sem provas que os irm\u00e3os eram culpados de latroc\u00ednio. Sess\u00f5es de tortura arrancaram confiss\u00f5es for\u00e7adas. Os dois foram condenados mesmo sem que um corpo fosse encontrado. Ficaram presos por mais de oito anos. Joaquim morreu em 1948, com a sa\u00fade destru\u00edda pelas sequelas.<\/p>\n\n\n\n<p>Em julho de <strong>1952<\/strong>, Benedito reapareceu vivo na fazenda de seu pai, em <strong>Nova Ponte<\/strong>. O <a href=\"https:\/\/www.tjmg.jus.br\/portal-tjmg\/noticias\/o-caso-irmaos-naves\/\" target=\"_blank\" rel=\"noreferrer noopener\"><strong>Tribunal de Justi\u00e7a de Minas Gerais (TJMG)<\/strong><\/a> absolveu os irm\u00e3os em 1953 e reconheceu o erro judicial. O caso, considerado um dos mais graves da hist\u00f3ria do pa\u00eds, inspirou o filme de <strong>Lu\u00eds S\u00e9rgio Person<\/strong> em 1967 e permanece como refer\u00eancia no estudo do Direito Penal brasileiro.<\/p>\n\n\n\n<p><strong>Leia tamb\u00e9m: <a href=\"https:\/\/www.em.com.br\/emfoco\/2026\/03\/06\/essas-5-praias-brasileiras-sao-perfeitas-para-nadar-em-aguas-cristalinas-e-conhecer-os-golfinhos-bem-de-perto\/\" target=\"_blank\" rel=\"noreferrer noopener\">Essas 5 praias brasileiras s\u00e3o perfeitas para nadar em \u00e1guas cristalinas e conhecer os golfinhos bem de perto<\/a><\/strong><\/p>\n\n\n\n<h2 class=\"wp-block-heading\">Uma floresta urbana protegida desde 1899<\/h2>\n\n\n\n<p>No centro de Araguari, 11,7 hectares de mata nativa resistem ao avan\u00e7o urbano. O <strong>Bosque John Kennedy<\/strong> \u00e9 um remanescente de vegeta\u00e7\u00e3o mes\u00f3fila semidec\u00eddua associada ao <strong>Cerrado<\/strong>, com a primeira refer\u00eancia legal de prote\u00e7\u00e3o datada de <strong>1899<\/strong>, quando a Lei n\u00ba 73 autorizou o poder p\u00fablico a conserv\u00e1-lo.<\/p>\n\n\n\n<p>Um levantamento da <strong>Universidade Federal de Uberl\u00e2ndia (UFU)<\/strong> identificou 113 esp\u00e9cies arb\u00f3reas nativas e mais de 1.500 \u00e1rvores por hectare. A <a href=\"https:\/\/www.araguari.mg.gov.br\/noticias\/secretaria-municipal-de-meio-ambiente-realiza-obras-no-bosque-john-kennedy\" target=\"_blank\" rel=\"noreferrer noopener\"><strong>Prefeitura de Araguari<\/strong><\/a> classifica o bosque como uma das maiores reservas urbanas do estado de Minas Gerais. Tombado como patrim\u00f4nio municipal em 1997, o espa\u00e7o \u00e9 utilizado para pesquisa cient\u00edfica, caminhadas e lazer ao ar livre.<\/p>\n\n\n\n<h2 class=\"wp-block-heading\">Conhe\u00e7a a cidade que os trilhos fizeram crescer<\/h2>\n\n\n\n<p>Araguari carrega na paisagem e na mem\u00f3ria as marcas de quem conectou o Sudeste ao Centro-Oeste sobre fitas de a\u00e7o. Poucas cidades brasileiras re\u00fanem um pal\u00e1cio ferrovi\u00e1rio tombado, um viaduto de quase 90 metros ainda em opera\u00e7\u00e3o e uma floresta centen\u00e1ria no meio da zona urbana.<\/p>\n\n\n\n<p>Vale cruzar o Tri\u00e2ngulo Mineiro para conhecer Araguari e sentir de perto uma cidade que transformou trilhos em identidade.<\/p>\n","protected":false},"excerpt":{"rendered":"<p>No cora\u00e7\u00e3o do Tri\u00e2ngulo Mineiro, a 989 metros de altitude, Araguari guarda cicatrizes de trilhos, de injusti\u00e7a e de mata preservada desde o s\u00e9culo XIX. A cidade que j\u00e1 foi o maior entroncamento ferrovi\u00e1rio do Brasil carrega hist\u00f3rias que ultrapassam qualquer roteiro tur\u00edstico. Por que Araguari se tornou a capital dos trilhos no Brasil? Em [&hellip;]<\/p>\n","protected":false},"author":6,"featured_media":154210,"comment_status":"open","ping_status":"open","sticky":false,"template":"","format":"standard","meta":{"jnews-multi-image_gallery":[],"jnews_single_post":{"format":"standard"},"jnews_primary_category":[],"jnews_social_meta":[],"jnews_override_counter":[],"footnotes":""},"categories":[26],"tags":[22421,183,207],"class_list":["post-178746","post","type-post","status-publish","format-standard","has-post-thumbnail","hentry","category-cidades","tag-araguari","tag-cidades","tag-minas-gerais"],"yoast_head":"<!-- This site is optimized with the Yoast SEO plugin v23.8 - https:\/\/yoast.com\/wordpress\/plugins\/seo\/ -->\n<title>A 989 m de altitude, essa cidade abriga um viaduto de 89 m de altura e a hist\u00f3ria do \u201cmorto\u201d que reapareceu vivo - Estado de Minas - Em foco<\/title>\n<meta name=\"description\" content=\"Entre montanhas a 989 m de altitude, a cidade mineira abriga um viaduto de 89 m e um caso curioso que intriga moradores.\" \/>\n<meta name=\"robots\" content=\"index, follow, max-snippet:-1, max-image-preview:large, max-video-preview:-1\" \/>\n<link rel=\"canonical\" href=\"https:\/\/www.em.com.br\/emfoco\/2026\/03\/07\/a-989-m-de-altitude-essa-cidade-abriga-um-viaduto-de-89-m-de-altura-e-a-historia-do-morto-que-reapareceu-vivo\/\" \/>\n<meta property=\"og:locale\" content=\"pt_BR\" \/>\n<meta property=\"og:type\" content=\"article\" \/>\n<meta property=\"og:title\" content=\"A 989 m de altitude, essa cidade abriga um viaduto de 89 m de altura e a hist\u00f3ria do \u201cmorto\u201d que reapareceu vivo - Estado de Minas - Em foco\" \/>\n<meta property=\"og:description\" content=\"Entre montanhas a 989 m de altitude, a cidade mineira abriga um viaduto de 89 m e um caso curioso que intriga moradores.\" \/>\n<meta property=\"og:url\" content=\"https:\/\/www.em.com.br\/emfoco\/2026\/03\/07\/a-989-m-de-altitude-essa-cidade-abriga-um-viaduto-de-89-m-de-altura-e-a-historia-do-morto-que-reapareceu-vivo\/\" \/>\n<meta property=\"og:site_name\" content=\"Estado de Minas - Em foco\" \/>\n<meta property=\"article:published_time\" content=\"2026-03-07T13:35:00+00:00\" \/>\n<meta property=\"article:modified_time\" content=\"2026-03-07T12:07:30+00:00\" \/>\n<meta property=\"og:image\" content=\"https:\/\/www.em.com.br\/emfoco\/wp-content\/uploads\/2026\/01\/Araguari2.jpg\" \/>\n\t<meta property=\"og:image:width\" content=\"1280\" \/>\n\t<meta property=\"og:image:height\" content=\"720\" \/>\n\t<meta property=\"og:image:type\" content=\"image\/jpeg\" \/>\n<meta name=\"author\" content=\"Vitor Bruno\" \/>\n<meta name=\"twitter:card\" content=\"summary_large_image\" \/>\n<meta name=\"twitter:label1\" content=\"Escrito por\" \/>\n\t<meta name=\"twitter:data1\" content=\"Vitor Bruno\" \/>\n\t<meta name=\"twitter:label2\" content=\"Est. tempo de leitura\" \/>\n\t<meta name=\"twitter:data2\" content=\"6 minutos\" \/>\n<!-- \/ Yoast SEO plugin. -->","yoast_head_json":{"title":"A 989 m de altitude, essa cidade abriga um viaduto de 89 m de altura e a hist\u00f3ria do \u201cmorto\u201d que reapareceu vivo - Estado de Minas - Em foco","description":"Entre montanhas a 989 m de altitude, a cidade mineira abriga um viaduto de 89 m e um caso curioso que intriga moradores.","robots":{"index":"index","follow":"follow","max-snippet":"max-snippet:-1","max-image-preview":"max-image-preview:large","max-video-preview":"max-video-preview:-1"},"canonical":"https:\/\/www.em.com.br\/emfoco\/2026\/03\/07\/a-989-m-de-altitude-essa-cidade-abriga-um-viaduto-de-89-m-de-altura-e-a-historia-do-morto-que-reapareceu-vivo\/","og_locale":"pt_BR","og_type":"article","og_title":"A 989 m de altitude, essa cidade abriga um viaduto de 89 m de altura e a hist\u00f3ria do \u201cmorto\u201d que reapareceu vivo - Estado de Minas - Em foco","og_description":"Entre montanhas a 989 m de altitude, a cidade mineira abriga um viaduto de 89 m e um caso curioso que intriga moradores.","og_url":"https:\/\/www.em.com.br\/emfoco\/2026\/03\/07\/a-989-m-de-altitude-essa-cidade-abriga-um-viaduto-de-89-m-de-altura-e-a-historia-do-morto-que-reapareceu-vivo\/","og_site_name":"Estado de Minas - Em foco","article_published_time":"2026-03-07T13:35:00+00:00","article_modified_time":"2026-03-07T12:07:30+00:00","og_image":[{"width":1280,"height":720,"url":"https:\/\/www.em.com.br\/emfoco\/wp-content\/uploads\/2026\/01\/Araguari2.jpg","type":"image\/jpeg"}],"author":"Vitor Bruno","twitter_card":"summary_large_image","twitter_misc":{"Escrito por":"Vitor Bruno","Est. tempo de leitura":"6 minutos"},"schema":{"@context":"https:\/\/schema.org","@graph":[{"@type":"WebPage","@id":"https:\/\/www.em.com.br\/emfoco\/2026\/03\/07\/a-989-m-de-altitude-essa-cidade-abriga-um-viaduto-de-89-m-de-altura-e-a-historia-do-morto-que-reapareceu-vivo\/","url":"https:\/\/www.em.com.br\/emfoco\/2026\/03\/07\/a-989-m-de-altitude-essa-cidade-abriga-um-viaduto-de-89-m-de-altura-e-a-historia-do-morto-que-reapareceu-vivo\/","name":"A 989 m de altitude, essa cidade abriga um viaduto de 89 m de altura e a hist\u00f3ria do \u201cmorto\u201d que reapareceu vivo - Estado de Minas - Em foco","isPartOf":{"@id":"https:\/\/www.em.com.br\/emfoco\/#website"},"primaryImageOfPage":{"@id":"https:\/\/www.em.com.br\/emfoco\/2026\/03\/07\/a-989-m-de-altitude-essa-cidade-abriga-um-viaduto-de-89-m-de-altura-e-a-historia-do-morto-que-reapareceu-vivo\/#primaryimage"},"image":{"@id":"https:\/\/www.em.com.br\/emfoco\/2026\/03\/07\/a-989-m-de-altitude-essa-cidade-abriga-um-viaduto-de-89-m-de-altura-e-a-historia-do-morto-que-reapareceu-vivo\/#primaryimage"},"thumbnailUrl":"https:\/\/www.em.com.br\/emfoco\/wp-content\/uploads\/2026\/01\/Araguari2.jpg","datePublished":"2026-03-07T13:35:00+00:00","dateModified":"2026-03-07T12:07:30+00:00","author":{"@id":"https:\/\/www.em.com.br\/emfoco\/#\/schema\/person\/364ac1852fafd00f1be20f0b8b237569"},"description":"Entre montanhas a 989 m de altitude, a cidade mineira abriga um viaduto de 89 m e um caso curioso que intriga moradores.","breadcrumb":{"@id":"https:\/\/www.em.com.br\/emfoco\/2026\/03\/07\/a-989-m-de-altitude-essa-cidade-abriga-um-viaduto-de-89-m-de-altura-e-a-historia-do-morto-que-reapareceu-vivo\/#breadcrumb"},"inLanguage":"pt-BR","potentialAction":[{"@type":"ReadAction","target":["https:\/\/www.em.com.br\/emfoco\/2026\/03\/07\/a-989-m-de-altitude-essa-cidade-abriga-um-viaduto-de-89-m-de-altura-e-a-historia-do-morto-que-reapareceu-vivo\/"]}]},{"@type":"ImageObject","inLanguage":"pt-BR","@id":"https:\/\/www.em.com.br\/emfoco\/2026\/03\/07\/a-989-m-de-altitude-essa-cidade-abriga-um-viaduto-de-89-m-de-altura-e-a-historia-do-morto-que-reapareceu-vivo\/#primaryimage","url":"https:\/\/www.em.com.br\/emfoco\/wp-content\/uploads\/2026\/01\/Araguari2.jpg","contentUrl":"https:\/\/www.em.com.br\/emfoco\/wp-content\/uploads\/2026\/01\/Araguari2.jpg","width":1280,"height":720,"caption":"Araguari combina agroneg\u00f3cio forte e natureza exuberante \/\/ Cr\u00e9ditos: Wikipedia"},{"@type":"BreadcrumbList","@id":"https:\/\/www.em.com.br\/emfoco\/2026\/03\/07\/a-989-m-de-altitude-essa-cidade-abriga-um-viaduto-de-89-m-de-altura-e-a-historia-do-morto-que-reapareceu-vivo\/#breadcrumb","itemListElement":[{"@type":"ListItem","position":1,"name":"In\u00edcio","item":"https:\/\/www.em.com.br\/emfoco\/"},{"@type":"ListItem","position":2,"name":"A 989 m de altitude, essa cidade abriga um viaduto de 89 m de altura e a hist\u00f3ria do \u201cmorto\u201d que reapareceu vivo"}]},{"@type":"WebSite","@id":"https:\/\/www.em.com.br\/emfoco\/#website","url":"https:\/\/www.em.com.br\/emfoco\/","name":"Estado de Minas - Em foco","description":"Acompanhe as \u00faltimas not\u00edcias e fique bem informado sobre tudo o que acontece em Minas Gerais, Brasil e no mundo.","potentialAction":[{"@type":"SearchAction","target":{"@type":"EntryPoint","urlTemplate":"https:\/\/www.em.com.br\/emfoco\/?s={search_term_string}"},"query-input":{"@type":"PropertyValueSpecification","valueRequired":true,"valueName":"search_term_string"}}],"inLanguage":"pt-BR"},{"@type":"Person","@id":"https:\/\/www.em.com.br\/emfoco\/#\/schema\/person\/364ac1852fafd00f1be20f0b8b237569","name":"Vitor Bruno","image":{"@type":"ImageObject","inLanguage":"pt-BR","@id":"https:\/\/www.em.com.br\/emfoco\/#\/schema\/person\/image\/","url":"https:\/\/secure.gravatar.com\/avatar\/b719e5cdede09f942064960883b5524d?s=96&d=mm&r=g","contentUrl":"https:\/\/secure.gravatar.com\/avatar\/b719e5cdede09f942064960883b5524d?s=96&d=mm&r=g","caption":"Vitor Bruno"},"sameAs":["https:\/\/www.em.com.br\/emfoco\/"],"url":"https:\/\/www.em.com.br\/emfoco\/author\/vitormyth\/"}]}},"_links":{"self":[{"href":"https:\/\/www.em.com.br\/emfoco\/wp-json\/wp\/v2\/posts\/178746","targetHints":{"allow":["GET"]}}],"collection":[{"href":"https:\/\/www.em.com.br\/emfoco\/wp-json\/wp\/v2\/posts"}],"about":[{"href":"https:\/\/www.em.com.br\/emfoco\/wp-json\/wp\/v2\/types\/post"}],"author":[{"embeddable":true,"href":"https:\/\/www.em.com.br\/emfoco\/wp-json\/wp\/v2\/users\/6"}],"replies":[{"embeddable":true,"href":"https:\/\/www.em.com.br\/emfoco\/wp-json\/wp\/v2\/comments?post=178746"}],"version-history":[{"count":4,"href":"https:\/\/www.em.com.br\/emfoco\/wp-json\/wp\/v2\/posts\/178746\/revisions"}],"predecessor-version":[{"id":178781,"href":"https:\/\/www.em.com.br\/emfoco\/wp-json\/wp\/v2\/posts\/178746\/revisions\/178781"}],"wp:featuredmedia":[{"embeddable":true,"href":"https:\/\/www.em.com.br\/emfoco\/wp-json\/wp\/v2\/media\/154210"}],"wp:attachment":[{"href":"https:\/\/www.em.com.br\/emfoco\/wp-json\/wp\/v2\/media?parent=178746"}],"wp:term":[{"taxonomy":"category","embeddable":true,"href":"https:\/\/www.em.com.br\/emfoco\/wp-json\/wp\/v2\/categories?post=178746"},{"taxonomy":"post_tag","embeddable":true,"href":"https:\/\/www.em.com.br\/emfoco\/wp-json\/wp\/v2\/tags?post=178746"}],"curies":[{"name":"wp","href":"https:\/\/api.w.org\/{rel}","templated":true}]}}