{"id":178704,"date":"2026-03-08T20:55:00","date_gmt":"2026-03-08T23:55:00","guid":{"rendered":"https:\/\/www.em.com.br\/emfoco\/?p=178704"},"modified":"2026-03-07T20:46:16","modified_gmt":"2026-03-07T23:46:16","slug":"o-inicio-de-marco-de-2026-pode-destravar-planos-e-financas-para-estes-4-signos","status":"publish","type":"post","link":"https:\/\/www.em.com.br\/emfoco\/2026\/03\/08\/o-inicio-de-marco-de-2026-pode-destravar-planos-e-financas-para-estes-4-signos\/","title":{"rendered":"O in\u00edcio de mar\u00e7o de 2026 pode destravar planos e finan\u00e7as para estes 4 signos"},"content":{"rendered":"\n<p>O in\u00edcio de mar\u00e7o de 2026 aparece nos mapas astrol\u00f3gicos como um momento de virada, em que ciclos pesados d\u00e3o espa\u00e7o a uma fase mais aberta para crescimento, reorganiza\u00e7\u00e3o de vida e sensa\u00e7\u00e3o concreta de avan\u00e7o. A ideia de\u00a0<strong>prosperidade<\/strong>\u00a0n\u00e3o se limita ao dinheiro: envolve decis\u00f5es mais maduras, rela\u00e7\u00f5es equilibradas e uso inteligente de recursos emocionais e materiais, em um cen\u00e1rio em que escolhas feitas com clareza tendem a ganhar tra\u00e7\u00e3o.<\/p>\n\n\n\n<h2 class=\"wp-block-heading\">Por que o in\u00edcio de mar\u00e7o de 2026 favorece a prosperidade<\/h2>\n\n\n\n<p>No in\u00edcio de mar\u00e7o de 2026, o c\u00e9u re\u00fane aspectos entre&nbsp;<strong>Lua Nova<\/strong>,&nbsp;<strong>J\u00fapiter<\/strong>&nbsp;e&nbsp;<strong>V\u00eanus<\/strong>, s\u00edmbolos centrais de expans\u00e3o, recursos e v\u00ednculos. A Lua Nova marca come\u00e7os, J\u00fapiter amplia horizontes e V\u00eanus trata de dinheiro, prazer e valores pessoais, criando um campo f\u00e9rtil para crescimento financeiro e emocional.<\/p>\n\n\n\n<p>Esse cen\u00e1rio incentiva novos acordos, ajustes de or\u00e7amento, mudan\u00e7as de estrat\u00e9gia profissional e recome\u00e7os afetivos mais conscientes. O in\u00edcio funciona como uma janela de alinhamento entre inten\u00e7\u00f5es e a\u00e7\u00f5es concretas, ideal para iniciar projetos ou dar novo rumo ao dinheiro e \u00e0s rela\u00e7\u00f5es.<\/p>\n\n\n\n<figure class=\"wp-block-image\"><img decoding=\"async\" src=\"https:\/\/www.em.com.br\/emfoco\/wp-content\/uploads\/2026\/02\/ChatGPT-Image-17-de-fev.-de-2026-12_51_31-1-1024x576.png\" alt=\"\"\/><figcaption class=\"wp-element-caption\">O ciclo mais intenso para certos signos<\/figcaption><\/figure>\n\n\n\n<h2 class=\"wp-block-heading\">O que significa prosperidade na astrologia contempor\u00e2nea<\/h2>\n\n\n\n<p>Na astrologia atual,\u00a0<strong>prosperidade<\/strong>\u00a0vai muito al\u00e9m de lucro e status: inclui estabilidade, seguran\u00e7a, bem-estar e uso inteligente de talentos. Um per\u00edodo pr\u00f3spero \u00e9 aquele em que a\u00e7\u00e3o pr\u00e1tica,<a href=\"https:\/\/www.gov.br\/investidor\/pt-br\/investir\/antes-de-investir\/organize-a-sua-vida-financeira\" target=\"_blank\" rel=\"noreferrer noopener\"> organiza\u00e7\u00e3o financeira<\/a> e equil\u00edbrio emocional se alinham, reduzindo dispers\u00f5es e desperd\u00edcio de energia.<\/p>\n\n\n\n<p>Em 2026, o in\u00edcio de mar\u00e7o funciona como um marco simb\u00f3lico de \u201cabertura de trimestre\u201d, fortalecendo planos de poupan\u00e7a, investimentos estudados e acordos transparentes. Esse recorte de tempo ajuda a desenhar bases realistas para o que se deseja construir at\u00e9 o fim dos tr\u00eas primeiros meses do ano.<\/p>\n\n\n\n<h2 class=\"wp-block-heading\">Como Touro, Le\u00e3o, Libra e Escorpi\u00e3o podem viver a prosperidade em 2026<\/h2>\n\n\n\n<p>Alguns <a href=\"https:\/\/www.em.com.br\/emfoco\/2026\/02\/26\/estes-signos-fecham-fevereiro-de-2026-com-boas-noticias-caminhos-se-abrem-antes-de-marco-chegar\/\" target=\"_blank\" rel=\"noreferrer noopener\">signos <\/a>tendem a sentir esse ciclo com mais intensidade, especialmente aqueles ligados a recursos, visibilidade, parcerias e transforma\u00e7\u00e3o. Para <strong>Touro<\/strong>, <strong>Le\u00e3o<\/strong>, <strong>Libra <\/strong>e <strong>Escorpi\u00e3o<\/strong>, a fase potencializa escolhas mais maduras e resultados mais consistentes ao longo de 2026.<\/p>\n\n\n\n<p>Nesse contexto, cada um desses signos \u00e9 estimulado a agir com estrat\u00e9gia, assumindo protagonismo em dinheiro, carreira e rela\u00e7\u00f5es. Veja como essa tend\u00eancia pode se manifestar de forma pr\u00e1tica para cada um:<\/p>\n\n\n\n<ul class=\"wp-block-list\">\n<li><strong>Touro<\/strong>: encontra terreno prop\u00edcio para organizar ganhos, renegociar valores e estruturar planos de longo prazo. Pode surgir vontade de diversificar fontes de renda, rever investimentos e investir em cursos ou bens dur\u00e1veis, com decis\u00f5es simples gerando efeito acumulativo positivo.<\/li>\n\n\n\n<li><strong>Le\u00e3o<\/strong>: vivencia a prosperidade por meio de visibilidade e reconhecimento. Convites profissionais, lideran\u00e7a e projetos que destacam talentos favorecem a carreira e a autoconfian\u00e7a, pedindo portf\u00f3lio, curr\u00edculo e presen\u00e7a online atualizados para atrair melhores oportunidades.<\/li>\n\n\n\n<li><strong>Libra<\/strong>: tem per\u00edodo favor\u00e1vel a acordos e parcerias, com contratos, colabora\u00e7\u00f5es e reconcilia\u00e7\u00f5es destravando situa\u00e7\u00f5es paradas. A diplomacia facilita renegocia\u00e7\u00f5es de trabalho, honor\u00e1rios e combinados afetivos que impactam a rotina de forma concreta.<\/li>\n\n\n\n<li><strong>Escorpi\u00e3o<\/strong>: direciona a prosperidade para reorganiza\u00e7\u00e3o de recursos e mudan\u00e7as estruturais. Ganha coragem para encerrar ciclos que drenam energia, como d\u00edvidas mal geridas ou parcerias t\u00f3xicas, abrindo espa\u00e7o para algo mais alinhado ao pr\u00f3prio potencial.<\/li>\n<\/ul>\n\n\n\n<figure class=\"wp-block-image\"><img decoding=\"async\" src=\"https:\/\/www.em.com.br\/emfoco\/wp-content\/uploads\/2026\/01\/ChatGPT-Image-23-de-jan.-de-2026-11_23_18-1-1024x576.png\" alt=\"\"\/><figcaption class=\"wp-element-caption\">Esse m\u00eas pode mudar tudo para alguns signos chineses<\/figcaption><\/figure>\n\n\n\n<h2 class=\"wp-block-heading\">Quais a\u00e7\u00f5es pr\u00e1ticas fortalecem o ciclo de prosperidade<\/h2>\n\n\n\n<p>Para aproveitar esse per\u00edodo, \u00e9 essencial unir inten\u00e7\u00e3o e pr\u00e1tica, evitando esperar resultados apenas do \u201cc\u00e9u\u201d. Pequenos ajustes no in\u00edcio de mar\u00e7o podem gerar efeitos duradouros, especialmente em finan\u00e7as, carreira e uso de talentos pessoais.<\/p>\n\n\n\n<p>Vale priorizar atitudes objetivas que organizem o cotidiano e criem margem de manobra para o restante do ano. Tr\u00eas frentes merecem aten\u00e7\u00e3o especial nesse momento:<\/p>\n\n\n\n<ol class=\"wp-block-list\">\n<li><strong>Rever o or\u00e7amento<\/strong>: analisar gastos, d\u00edvidas e entradas de dinheiro com realismo, criando reserva de emerg\u00eancia e definindo limites para compras por impulso. Fazer esse balan\u00e7o logo no in\u00edcio do m\u00eas aumenta a clareza sobre quanto realmente se pode investir e poupar.<\/li>\n\n\n\n<li><strong>Abrir espa\u00e7o para parcerias<\/strong>: aceitar convites para networking, grupos de estudo e projetos colaborativos alinhados a objetivos concretos, fortalecendo contatos estrat\u00e9gicos. Reuni\u00f5es, retornos de mensagens e apresenta\u00e7\u00f5es profissionais tendem a acelerar resultados.<\/li>\n\n\n\n<li><strong>Resgatar talentos esquecidos<\/strong>: mapear compet\u00eancias subutilizadas e transform\u00e1-las em servi\u00e7os, renda extra ou projetos autorais. Montar um portf\u00f3lio, criar um perfil profissional ou testar um servi\u00e7o em pequena escala j\u00e1 ativa esse potencial.<\/li>\n<\/ol>\n\n\n\n<h2 class=\"wp-block-heading\">O que essa in\u00edcio de mar\u00e7o indica para o restante de 2026<\/h2>\n\n\n\n<p>Dentro do contexto de 2026, o in\u00edcio de mar\u00e7o atua como ponto de ajuste entre promessas de Ano-Novo e possibilidades reais, especialmente para Touro, Le\u00e3o, Libra e Escorpi\u00e3o. Para todos os signos, \u00e9 uma janela estrat\u00e9gica para organizar finan\u00e7as, fortalecer contatos e manter apenas o que tem prop\u00f3sito claro.<\/p>\n\n\n\n<p>Use esse intervalo como um divisor de \u00e1guas e n\u00e3o deixe passar no piloto autom\u00e1tico. Assuma agora pelo menos uma mudan\u00e7a concreta nessa semana e trate mar\u00e7o como o in\u00edcio do seu verdadeiro ponto de virada em dinheiro, trabalho, rela\u00e7\u00f5es e projetos de vida.<\/p>\n","protected":false},"excerpt":{"rendered":"<p>O in\u00edcio de mar\u00e7o de 2026 aparece nos mapas astrol\u00f3gicos como um momento de virada, em que ciclos pesados d\u00e3o espa\u00e7o a uma fase mais aberta para crescimento, reorganiza\u00e7\u00e3o de vida e sensa\u00e7\u00e3o concreta de avan\u00e7o. A ideia de\u00a0prosperidade\u00a0n\u00e3o se limita ao dinheiro: envolve decis\u00f5es mais maduras, rela\u00e7\u00f5es equilibradas e uso inteligente de recursos emocionais [&hellip;]<\/p>\n","protected":false},"author":11,"featured_media":158007,"comment_status":"open","ping_status":"open","sticky":false,"template":"","format":"standard","meta":{"jnews-multi-image_gallery":[],"jnews_single_post":{"format":"standard"},"jnews_primary_category":[],"jnews_social_meta":[],"jnews_override_counter":[],"footnotes":""},"categories":[1,25],"tags":[297,1480,168],"class_list":["post-178704","post","type-post","status-publish","format-standard","has-post-thumbnail","hentry","category-noticias","category-signos","tag-astrologia","tag-prosperidade","tag-signos"],"yoast_head":"<!-- This site is optimized with the Yoast SEO plugin v23.8 - https:\/\/yoast.com\/wordpress\/plugins\/seo\/ -->\n<title>O in\u00edcio de mar\u00e7o de 2026 pode destravar planos e finan\u00e7as para estes 4 signos - Estado de Minas - Em foco<\/title>\n<meta name=\"description\" content=\"A astrologia indica prosperidade para Touro, Le\u00e3o, Libra e Escorpi\u00e3o no in\u00edcio de mar\u00e7o. Veja como aproveitar essa fase.\" \/>\n<meta name=\"robots\" content=\"index, follow, max-snippet:-1, max-image-preview:large, max-video-preview:-1\" \/>\n<link rel=\"canonical\" href=\"https:\/\/www.em.com.br\/emfoco\/2026\/03\/08\/o-inicio-de-marco-de-2026-pode-destravar-planos-e-financas-para-estes-4-signos\/\" \/>\n<meta property=\"og:locale\" content=\"pt_BR\" \/>\n<meta property=\"og:type\" content=\"article\" \/>\n<meta property=\"og:title\" content=\"O in\u00edcio de mar\u00e7o de 2026 pode destravar planos e finan\u00e7as para estes 4 signos - Estado de Minas - Em foco\" \/>\n<meta property=\"og:description\" content=\"A astrologia indica prosperidade para Touro, Le\u00e3o, Libra e Escorpi\u00e3o no in\u00edcio de mar\u00e7o. Veja como aproveitar essa fase.\" \/>\n<meta property=\"og:url\" content=\"https:\/\/www.em.com.br\/emfoco\/2026\/03\/08\/o-inicio-de-marco-de-2026-pode-destravar-planos-e-financas-para-estes-4-signos\/\" \/>\n<meta property=\"og:site_name\" content=\"Estado de Minas - Em foco\" \/>\n<meta property=\"article:published_time\" content=\"2026-03-08T23:55:00+00:00\" \/>\n<meta property=\"article:modified_time\" content=\"2026-03-07T23:46:16+00:00\" \/>\n<meta property=\"og:image\" content=\"https:\/\/www.em.com.br\/emfoco\/wp-content\/uploads\/2026\/01\/ChatGPT-Image-21-de-jan.-de-2026-13_47_52-1.png\" \/>\n\t<meta property=\"og:image:width\" content=\"1280\" \/>\n\t<meta property=\"og:image:height\" content=\"720\" \/>\n\t<meta property=\"og:image:type\" content=\"image\/png\" \/>\n<meta name=\"author\" content=\"Andre\u0301 Rangel\u00a0\" \/>\n<meta name=\"twitter:card\" content=\"summary_large_image\" \/>\n<meta name=\"twitter:label1\" content=\"Escrito por\" \/>\n\t<meta name=\"twitter:data1\" content=\"Andre\u0301 Rangel\u00a0\" \/>\n\t<meta name=\"twitter:label2\" content=\"Est. tempo de leitura\" \/>\n\t<meta name=\"twitter:data2\" content=\"5 minutos\" \/>\n<!-- \/ Yoast SEO plugin. -->","yoast_head_json":{"title":"O in\u00edcio de mar\u00e7o de 2026 pode destravar planos e finan\u00e7as para estes 4 signos - Estado de Minas - Em foco","description":"A astrologia indica prosperidade para Touro, Le\u00e3o, Libra e Escorpi\u00e3o no in\u00edcio de mar\u00e7o. Veja como aproveitar essa fase.","robots":{"index":"index","follow":"follow","max-snippet":"max-snippet:-1","max-image-preview":"max-image-preview:large","max-video-preview":"max-video-preview:-1"},"canonical":"https:\/\/www.em.com.br\/emfoco\/2026\/03\/08\/o-inicio-de-marco-de-2026-pode-destravar-planos-e-financas-para-estes-4-signos\/","og_locale":"pt_BR","og_type":"article","og_title":"O in\u00edcio de mar\u00e7o de 2026 pode destravar planos e finan\u00e7as para estes 4 signos - Estado de Minas - Em foco","og_description":"A astrologia indica prosperidade para Touro, Le\u00e3o, Libra e Escorpi\u00e3o no in\u00edcio de mar\u00e7o. Veja como aproveitar essa fase.","og_url":"https:\/\/www.em.com.br\/emfoco\/2026\/03\/08\/o-inicio-de-marco-de-2026-pode-destravar-planos-e-financas-para-estes-4-signos\/","og_site_name":"Estado de Minas - Em foco","article_published_time":"2026-03-08T23:55:00+00:00","article_modified_time":"2026-03-07T23:46:16+00:00","og_image":[{"width":1280,"height":720,"url":"https:\/\/www.em.com.br\/emfoco\/wp-content\/uploads\/2026\/01\/ChatGPT-Image-21-de-jan.-de-2026-13_47_52-1.png","type":"image\/png"}],"author":"Andre\u0301 Rangel\u00a0","twitter_card":"summary_large_image","twitter_misc":{"Escrito por":"Andre\u0301 Rangel\u00a0","Est. tempo de leitura":"5 minutos"},"schema":{"@context":"https:\/\/schema.org","@graph":[{"@type":"WebPage","@id":"https:\/\/www.em.com.br\/emfoco\/2026\/03\/08\/o-inicio-de-marco-de-2026-pode-destravar-planos-e-financas-para-estes-4-signos\/","url":"https:\/\/www.em.com.br\/emfoco\/2026\/03\/08\/o-inicio-de-marco-de-2026-pode-destravar-planos-e-financas-para-estes-4-signos\/","name":"O in\u00edcio de mar\u00e7o de 2026 pode destravar planos e finan\u00e7as para estes 4 signos - Estado de Minas - Em foco","isPartOf":{"@id":"https:\/\/www.em.com.br\/emfoco\/#website"},"primaryImageOfPage":{"@id":"https:\/\/www.em.com.br\/emfoco\/2026\/03\/08\/o-inicio-de-marco-de-2026-pode-destravar-planos-e-financas-para-estes-4-signos\/#primaryimage"},"image":{"@id":"https:\/\/www.em.com.br\/emfoco\/2026\/03\/08\/o-inicio-de-marco-de-2026-pode-destravar-planos-e-financas-para-estes-4-signos\/#primaryimage"},"thumbnailUrl":"https:\/\/www.em.com.br\/emfoco\/wp-content\/uploads\/2026\/01\/ChatGPT-Image-21-de-jan.-de-2026-13_47_52-1.png","datePublished":"2026-03-08T23:55:00+00:00","dateModified":"2026-03-07T23:46:16+00:00","author":{"@id":"https:\/\/www.em.com.br\/emfoco\/#\/schema\/person\/60eda09c1fedf0d6891f4cef4b60b8b8"},"description":"A astrologia indica prosperidade para Touro, Le\u00e3o, Libra e Escorpi\u00e3o no in\u00edcio de mar\u00e7o. Veja como aproveitar essa fase.","breadcrumb":{"@id":"https:\/\/www.em.com.br\/emfoco\/2026\/03\/08\/o-inicio-de-marco-de-2026-pode-destravar-planos-e-financas-para-estes-4-signos\/#breadcrumb"},"inLanguage":"pt-BR","potentialAction":[{"@type":"ReadAction","target":["https:\/\/www.em.com.br\/emfoco\/2026\/03\/08\/o-inicio-de-marco-de-2026-pode-destravar-planos-e-financas-para-estes-4-signos\/"]}]},{"@type":"ImageObject","inLanguage":"pt-BR","@id":"https:\/\/www.em.com.br\/emfoco\/2026\/03\/08\/o-inicio-de-marco-de-2026-pode-destravar-planos-e-financas-para-estes-4-signos\/#primaryimage","url":"https:\/\/www.em.com.br\/emfoco\/wp-content\/uploads\/2026\/01\/ChatGPT-Image-21-de-jan.-de-2026-13_47_52-1.png","contentUrl":"https:\/\/www.em.com.br\/emfoco\/wp-content\/uploads\/2026\/01\/ChatGPT-Image-21-de-jan.-de-2026-13_47_52-1.png","width":1280,"height":720,"caption":"O ciclo mais intenso para certos signos"},{"@type":"BreadcrumbList","@id":"https:\/\/www.em.com.br\/emfoco\/2026\/03\/08\/o-inicio-de-marco-de-2026-pode-destravar-planos-e-financas-para-estes-4-signos\/#breadcrumb","itemListElement":[{"@type":"ListItem","position":1,"name":"In\u00edcio","item":"https:\/\/www.em.com.br\/emfoco\/"},{"@type":"ListItem","position":2,"name":"O in\u00edcio de mar\u00e7o de 2026 pode destravar planos e finan\u00e7as para estes 4 signos"}]},{"@type":"WebSite","@id":"https:\/\/www.em.com.br\/emfoco\/#website","url":"https:\/\/www.em.com.br\/emfoco\/","name":"Estado de Minas - Em foco","description":"Acompanhe as \u00faltimas not\u00edcias e fique bem informado sobre tudo o que acontece em Minas Gerais, Brasil e no mundo.","potentialAction":[{"@type":"SearchAction","target":{"@type":"EntryPoint","urlTemplate":"https:\/\/www.em.com.br\/emfoco\/?s={search_term_string}"},"query-input":{"@type":"PropertyValueSpecification","valueRequired":true,"valueName":"search_term_string"}}],"inLanguage":"pt-BR"},{"@type":"Person","@id":"https:\/\/www.em.com.br\/emfoco\/#\/schema\/person\/60eda09c1fedf0d6891f4cef4b60b8b8","name":"Andre\u0301 Rangel\u00a0","image":{"@type":"ImageObject","inLanguage":"pt-BR","@id":"https:\/\/www.em.com.br\/emfoco\/#\/schema\/person\/image\/","url":"https:\/\/secure.gravatar.com\/avatar\/6234dc814c77c8ef6d8bba622c787efc?s=96&d=mm&r=g","contentUrl":"https:\/\/secure.gravatar.com\/avatar\/6234dc814c77c8ef6d8bba622c787efc?s=96&d=mm&r=g","caption":"Andre\u0301 Rangel\u00a0"},"url":"https:\/\/www.em.com.br\/emfoco\/author\/luizmyth\/"}]}},"_links":{"self":[{"href":"https:\/\/www.em.com.br\/emfoco\/wp-json\/wp\/v2\/posts\/178704","targetHints":{"allow":["GET"]}}],"collection":[{"href":"https:\/\/www.em.com.br\/emfoco\/wp-json\/wp\/v2\/posts"}],"about":[{"href":"https:\/\/www.em.com.br\/emfoco\/wp-json\/wp\/v2\/types\/post"}],"author":[{"embeddable":true,"href":"https:\/\/www.em.com.br\/emfoco\/wp-json\/wp\/v2\/users\/11"}],"replies":[{"embeddable":true,"href":"https:\/\/www.em.com.br\/emfoco\/wp-json\/wp\/v2\/comments?post=178704"}],"version-history":[{"count":4,"href":"https:\/\/www.em.com.br\/emfoco\/wp-json\/wp\/v2\/posts\/178704\/revisions"}],"predecessor-version":[{"id":178717,"href":"https:\/\/www.em.com.br\/emfoco\/wp-json\/wp\/v2\/posts\/178704\/revisions\/178717"}],"wp:featuredmedia":[{"embeddable":true,"href":"https:\/\/www.em.com.br\/emfoco\/wp-json\/wp\/v2\/media\/158007"}],"wp:attachment":[{"href":"https:\/\/www.em.com.br\/emfoco\/wp-json\/wp\/v2\/media?parent=178704"}],"wp:term":[{"taxonomy":"category","embeddable":true,"href":"https:\/\/www.em.com.br\/emfoco\/wp-json\/wp\/v2\/categories?post=178704"},{"taxonomy":"post_tag","embeddable":true,"href":"https:\/\/www.em.com.br\/emfoco\/wp-json\/wp\/v2\/tags?post=178704"}],"curies":[{"name":"wp","href":"https:\/\/api.w.org\/{rel}","templated":true}]}}