{"id":178675,"date":"2026-03-07T12:15:00","date_gmt":"2026-03-07T15:15:00","guid":{"rendered":"https:\/\/www.em.com.br\/emfoco\/?p=178675"},"modified":"2026-03-06T23:14:10","modified_gmt":"2026-03-07T02:14:10","slug":"pegue-macarrao-queijo-e-faca-um-prato-cremoso-com-cobertura-crocante-que-surpreende","status":"publish","type":"post","link":"https:\/\/www.em.com.br\/emfoco\/2026\/03\/07\/pegue-macarrao-queijo-e-faca-um-prato-cremoso-com-cobertura-crocante-que-surpreende\/","title":{"rendered":"Pegue macarr\u00e3o, queijo e fa\u00e7a um prato cremoso com cobertura crocante que surpreende"},"content":{"rendered":"\n<p>Entre as muitas vers\u00f5es de macarr\u00e3o com queijo que aparecem nas mesas brasileiras, o macarr\u00e3o ao molho de queijos com cobertura crocante se destaca pelo contraste de texturas e pelo clima de comida caseira com cara de restaurante, perfeito para almo\u00e7os de fim de semana ou jantares em fam\u00edlia, com preparo simples e resultado bem cremoso.<\/p>\n\n\n\n<h2 class=\"wp-block-heading\">O que \u00e9 o macarr\u00e3o com queijo cremoso com cobertura crocante<\/h2>\n\n\n\n<p>O <a href=\"https:\/\/www.em.com.br\/emfoco\/2026\/01\/12\/com-menos-de-r-30-voce-faz-5-marmitas-com-essa-receita-de-salada-de-macarrao-com-atum-que-virou-queridinha-em-2026\/\" target=\"_blank\" rel=\"noreferrer noopener\">macarr\u00e3o <\/a>com queijo cremoso \u00e9 uma massa cozida envolvida em molho b\u00e9chamel enriquecido com queijos, inspirado no tradicional <strong>\u201cmac and cheese\u201d<\/strong>, mas adaptado ao paladar brasileiro. A cobertura de farinha de rosca ou panko forma uma casquinha dourada que contrasta com o interior macio e \u00famido.<\/p>\n\n\n\n<p>A base costuma ser massa curta, como penne ou parafuso, combinada com molho branco feito com manteiga, farinha, leite e queijos ralados que derretem no creme. Um pouco de creme de leite aumenta a cremosidade, enquanto a mistura de farinha de rosca, gordura e mais queijo \u00e9 levada ao forno para criar a crosta crocante.<\/p>\n\n\n\n<figure class=\"wp-block-image size-large\"><img loading=\"lazy\" decoding=\"async\" width=\"1024\" height=\"576\" src=\"https:\/\/www.em.com.br\/emfoco\/wp-content\/uploads\/2026\/03\/Gemini_Generated_Image_e0iad3e0iad3e0ia-1-1024x576.png\" alt=\"O macarr\u00e3o simples que vira estrela do almo\u00e7o em fam\u00edlia\" class=\"wp-image-178693\" srcset=\"https:\/\/www.em.com.br\/emfoco\/wp-content\/uploads\/2026\/03\/Gemini_Generated_Image_e0iad3e0iad3e0ia-1-1024x576.png 1024w, https:\/\/www.em.com.br\/emfoco\/wp-content\/uploads\/2026\/03\/Gemini_Generated_Image_e0iad3e0iad3e0ia-1-300x169.png 300w, https:\/\/www.em.com.br\/emfoco\/wp-content\/uploads\/2026\/03\/Gemini_Generated_Image_e0iad3e0iad3e0ia-1-768x432.png 768w, https:\/\/www.em.com.br\/emfoco\/wp-content\/uploads\/2026\/03\/Gemini_Generated_Image_e0iad3e0iad3e0ia-1-750x422.png 750w, https:\/\/www.em.com.br\/emfoco\/wp-content\/uploads\/2026\/03\/Gemini_Generated_Image_e0iad3e0iad3e0ia-1-1140x641.png 1140w, https:\/\/www.em.com.br\/emfoco\/wp-content\/uploads\/2026\/03\/Gemini_Generated_Image_e0iad3e0iad3e0ia-1.png 1280w\" sizes=\"auto, (max-width: 1024px) 100vw, 1024px\" \/><figcaption class=\"wp-element-caption\">O macarr\u00e3o simples que vira estrela do almo\u00e7o em fam\u00edlia<\/figcaption><\/figure>\n\n\n\n<h2 class=\"wp-block-heading\">Quais s\u00e3o os principais ingredientes do macarr\u00e3o ao molho de queijos crocante<\/h2>\n\n\n\n<p>Para um bom macarr\u00e3o ao molho de queijos crocante para 4 pessoas, a escolha dos ingredientes \u00e9 decisiva para o sabor e a textura. A seguir, uma sugest\u00e3o de lista b\u00e1sica que pode ser adaptada conforme as prefer\u00eancias da fam\u00edlia e o que voc\u00ea j\u00e1 tem na geladeira:<\/p>\n\n\n\n<ul class=\"wp-block-list\">\n<li>500 g de macarr\u00e3o curto (penne, parafuso, gravatinha ou similar)<\/li>\n\n\n\n<li>3 colheres de sopa de manteiga sem sal<\/li>\n\n\n\n<li>3 colheres de sopa de farinha de trigo<\/li>\n\n\n\n<li>2 x\u00edcaras e meia de leite integral<\/li>\n\n\n\n<li>1 x\u00edcara de creme de leite (de caixinha ou fresco)<\/li>\n\n\n\n<li>100 g de queijo amarelo ralado (queijo prato, coalho ou similar)<\/li>\n\n\n\n<li>50 g de queijo mu\u00e7arela ralado<\/li>\n\n\n\n<li>100 g de queijo cheddar ralado (para o molho)<\/li>\n\n\n\n<li>Sal, pimenta-do-reino, p\u00e1prica e noz-moscada a gosto<\/li>\n\n\n\n<li>1\/2 x\u00edcara de farinha de rosca ou panko (para a cobertura)<\/li>\n\n\n\n<li>2 colheres de sopa de manteiga derretida (para a cobertura)<\/li>\n\n\n\n<li>20 g de queijo cheddar ralado (para a farofinha de cobertura)<\/li>\n<\/ul>\n\n\n\n<p>\u00c9 poss\u00edvel incluir presunto em cubinhos, frango desfiado ou legumes levemente cozidos para transformar o prato em refei\u00e7\u00e3o completa. Para um toque defumado, a p\u00e1prica defumada combina muito bem com o cheddar e deixa o aroma ainda mais convidativo.<\/p>\n\n\n\n<h2 class=\"wp-block-heading\">Como preparar o macarr\u00e3o com queijo cremoso passo a passo<\/h2>\n\n\n\n<p>O preparo do macarr\u00e3o com queijo cremoso segue uma sequ\u00eancia simples, que ajuda a ganhar tempo e evitar que a massa passe do ponto. Cozinhe o macarr\u00e3o em \u00e1gua fervente com sal at\u00e9 ficar al dente, escorra e reserve, regando com um fio de azeite se necess\u00e1rio para n\u00e3o grudar.<\/p>\n\n\n\n<ol class=\"wp-block-list\">\n<li><strong>Molho b\u00e9chamel cremoso<\/strong><br>Em outra panela, derreta a manteiga em fogo m\u00e9dio, junte a farinha e mexa por 1 a 2 minutos, at\u00e9 formar uma pastinha clara. Acrescente, aos poucos, o leite e o creme de leite, mexendo sempre at\u00e9 engrossar e formar um creme liso.<\/li>\n\n\n\n<li><strong>Finaliza\u00e7\u00e3o do molho de queijos<\/strong><br>Tempere o b\u00e9chamel com sal, pimenta, p\u00e1prica e noz-moscada. Em fogo baixo, adicione os queijos ralados aos poucos, mexendo at\u00e9 derreterem por completo e formar um molho homog\u00eaneo, ajustando o sal se necess\u00e1rio.<\/li>\n\n\n\n<li><strong>Montagem e gratinado<\/strong><br>Misture o macarr\u00e3o ao molho de queijos em uma travessa. Se preferir sem casquinha, j\u00e1 pode servir. Para gratinar, prepare a farofinha com farinha de rosca, manteiga derretida e cheddar, espalhe sobre a massa e leve ao forno a 180\u00b0C por 15 a 20 minutos, at\u00e9 dourar.<\/li>\n<\/ol>\n\n\n\n<figure class=\"wp-block-image size-large\"><img loading=\"lazy\" decoding=\"async\" width=\"1024\" height=\"576\" src=\"https:\/\/www.em.com.br\/emfoco\/wp-content\/uploads\/2026\/03\/ChatGPT-Image-6-de-mar.-de-2026-21_54_58-1-1024x576.png\" alt=\"O macarr\u00e3o simples que vira estrela do almo\u00e7o em fam\u00edlia\" class=\"wp-image-178694\" srcset=\"https:\/\/www.em.com.br\/emfoco\/wp-content\/uploads\/2026\/03\/ChatGPT-Image-6-de-mar.-de-2026-21_54_58-1-1024x576.png 1024w, https:\/\/www.em.com.br\/emfoco\/wp-content\/uploads\/2026\/03\/ChatGPT-Image-6-de-mar.-de-2026-21_54_58-1-300x169.png 300w, https:\/\/www.em.com.br\/emfoco\/wp-content\/uploads\/2026\/03\/ChatGPT-Image-6-de-mar.-de-2026-21_54_58-1-768x432.png 768w, https:\/\/www.em.com.br\/emfoco\/wp-content\/uploads\/2026\/03\/ChatGPT-Image-6-de-mar.-de-2026-21_54_58-1-750x422.png 750w, https:\/\/www.em.com.br\/emfoco\/wp-content\/uploads\/2026\/03\/ChatGPT-Image-6-de-mar.-de-2026-21_54_58-1-1140x641.png 1140w, https:\/\/www.em.com.br\/emfoco\/wp-content\/uploads\/2026\/03\/ChatGPT-Image-6-de-mar.-de-2026-21_54_58-1.png 1280w\" sizes=\"auto, (max-width: 1024px) 100vw, 1024px\" \/><figcaption class=\"wp-element-caption\">O macarr\u00e3o simples que vira estrela do almo\u00e7o em fam\u00edlia<\/figcaption><\/figure>\n\n\n\n<h2 class=\"wp-block-heading\">Como adaptar a receita de macarr\u00e3o ao molho de queijos<\/h2>\n\n\n\n<p>O macarr\u00e3o ao molho de queijos crocante aceita varia\u00e7\u00f5es tanto nos queijos quanto na cobertura, o que o torna vers\u00e1til para diferentes paladares. Para um sabor mais intenso, inclua pequenas quantidades de provolone ou <a href=\"https:\/\/acasadoprodutor.com.br\/blog\/saiba-tudo-sobre-o-queijo-gorgonzola\/?srsltid=AfmBOoq6fVoCTxlqYMb_BU_BNNee_NWOGwT8bSrFl9PDYpHCNjd-Z70b\" target=\"_blank\" rel=\"noreferrer noopener\">gorgonzola<\/a>, substituindo parte do cheddar ou do queijo amarelo.<\/p>\n\n\n\n<p>Para uma vers\u00e3o mais suave e leve, priorize mu\u00e7arela e queijos delicados, reduza a quantidade total de queijos ou troque parte do creme de leite por leite. Na cobertura, voc\u00ea pode usar p\u00e3o amanhecido ralado, panko para mais croc\u00e2ncia e temperos secos como or\u00e9gano, p\u00e1prica defumada ou alho em p\u00f3.<\/p>\n\n\n\n<h2 class=\"wp-block-heading\">Por que o macarr\u00e3o com queijo crocante continua t\u00e3o querido<\/h2>\n\n\n\n<p>Servido com uma salada verde simples ou legumes grelhados, o macarr\u00e3o com queijo crocante funciona bem como prato \u00fanico em dias corridos ou como estrela de almo\u00e7os em fam\u00edlia. A combina\u00e7\u00e3o de preparo descomplicado, ingredientes acess\u00edveis e possibilidade de personaliza\u00e7\u00e3o explica por que ele segue firme nas cozinhas em 2026.<\/p>\n\n\n\n<p>N\u00e3o deixe essa receita virar apenas uma ideia salva para depois: separe os ingredientes, escolha sua combina\u00e7\u00e3o de queijos preferida e prepare hoje mesmo uma travessa fumegante, com interior cremoso e casquinha dourada, para surpreender quem voc\u00ea ama enquanto o forno ainda est\u00e1 quente.<\/p>\n","protected":false},"excerpt":{"rendered":"<p>Entre as muitas vers\u00f5es de macarr\u00e3o com queijo que aparecem nas mesas brasileiras, o macarr\u00e3o ao molho de queijos com cobertura crocante se destaca pelo contraste de texturas e pelo clima de comida caseira com cara de restaurante, perfeito para almo\u00e7os de fim de semana ou jantares em fam\u00edlia, com preparo simples e resultado bem [&hellip;]<\/p>\n","protected":false},"author":11,"featured_media":178692,"comment_status":"open","ping_status":"open","sticky":false,"template":"","format":"standard","meta":{"jnews-multi-image_gallery":[],"jnews_single_post":{"format":"standard"},"jnews_primary_category":[],"jnews_social_meta":[],"jnews_override_counter":[],"footnotes":""},"categories":[8819,1],"tags":[25840,25841,3440],"class_list":["post-178675","post","type-post","status-publish","format-standard","has-post-thumbnail","hentry","category-curiosidades","category-noticias","tag-macarrao-com-queijo-cremoso","tag-queijo-gratinado","tag-receita"],"yoast_head":"<!-- This site is optimized with the Yoast SEO plugin v23.8 - https:\/\/yoast.com\/wordpress\/plugins\/seo\/ -->\n<title>Pegue macarr\u00e3o, queijo e fa\u00e7a um prato cremoso com cobertura crocante que surpreende - Estado de Minas - Em foco<\/title>\n<meta name=\"description\" content=\"Esse macarr\u00e3o com queijo cremoso fica irresist\u00edvel com cobertura crocante dourada no forno. Uma receita simples que transforma qualquer almo\u00e7o em momento especial.\" \/>\n<meta name=\"robots\" content=\"index, follow, max-snippet:-1, max-image-preview:large, max-video-preview:-1\" \/>\n<link rel=\"canonical\" href=\"https:\/\/www.em.com.br\/emfoco\/2026\/03\/07\/pegue-macarrao-queijo-e-faca-um-prato-cremoso-com-cobertura-crocante-que-surpreende\/\" \/>\n<meta property=\"og:locale\" content=\"pt_BR\" \/>\n<meta property=\"og:type\" content=\"article\" \/>\n<meta property=\"og:title\" content=\"Pegue macarr\u00e3o, queijo e fa\u00e7a um prato cremoso com cobertura crocante que surpreende - Estado de Minas - Em foco\" \/>\n<meta property=\"og:description\" content=\"Esse macarr\u00e3o com queijo cremoso fica irresist\u00edvel com cobertura crocante dourada no forno. Uma receita simples que transforma qualquer almo\u00e7o em momento especial.\" \/>\n<meta property=\"og:url\" content=\"https:\/\/www.em.com.br\/emfoco\/2026\/03\/07\/pegue-macarrao-queijo-e-faca-um-prato-cremoso-com-cobertura-crocante-que-surpreende\/\" \/>\n<meta property=\"og:site_name\" content=\"Estado de Minas - Em foco\" \/>\n<meta property=\"article:published_time\" content=\"2026-03-07T15:15:00+00:00\" \/>\n<meta property=\"article:modified_time\" content=\"2026-03-07T02:14:10+00:00\" \/>\n<meta property=\"og:image\" content=\"https:\/\/www.em.com.br\/emfoco\/wp-content\/uploads\/2026\/03\/ChatGPT-Image-6-de-mar.-de-2026-21_52_38-1.png\" \/>\n\t<meta property=\"og:image:width\" content=\"1280\" \/>\n\t<meta property=\"og:image:height\" content=\"720\" \/>\n\t<meta property=\"og:image:type\" content=\"image\/png\" \/>\n<meta name=\"author\" content=\"Andre\u0301 Rangel\u00a0\" \/>\n<meta name=\"twitter:card\" content=\"summary_large_image\" \/>\n<meta name=\"twitter:label1\" content=\"Escrito por\" \/>\n\t<meta name=\"twitter:data1\" content=\"Andre\u0301 Rangel\u00a0\" \/>\n\t<meta name=\"twitter:label2\" content=\"Est. tempo de leitura\" \/>\n\t<meta name=\"twitter:data2\" content=\"6 minutos\" \/>\n<!-- \/ Yoast SEO plugin. -->","yoast_head_json":{"title":"Pegue macarr\u00e3o, queijo e fa\u00e7a um prato cremoso com cobertura crocante que surpreende - Estado de Minas - Em foco","description":"Esse macarr\u00e3o com queijo cremoso fica irresist\u00edvel com cobertura crocante dourada no forno. Uma receita simples que transforma qualquer almo\u00e7o em momento especial.","robots":{"index":"index","follow":"follow","max-snippet":"max-snippet:-1","max-image-preview":"max-image-preview:large","max-video-preview":"max-video-preview:-1"},"canonical":"https:\/\/www.em.com.br\/emfoco\/2026\/03\/07\/pegue-macarrao-queijo-e-faca-um-prato-cremoso-com-cobertura-crocante-que-surpreende\/","og_locale":"pt_BR","og_type":"article","og_title":"Pegue macarr\u00e3o, queijo e fa\u00e7a um prato cremoso com cobertura crocante que surpreende - Estado de Minas - Em foco","og_description":"Esse macarr\u00e3o com queijo cremoso fica irresist\u00edvel com cobertura crocante dourada no forno. Uma receita simples que transforma qualquer almo\u00e7o em momento especial.","og_url":"https:\/\/www.em.com.br\/emfoco\/2026\/03\/07\/pegue-macarrao-queijo-e-faca-um-prato-cremoso-com-cobertura-crocante-que-surpreende\/","og_site_name":"Estado de Minas - Em foco","article_published_time":"2026-03-07T15:15:00+00:00","article_modified_time":"2026-03-07T02:14:10+00:00","og_image":[{"width":1280,"height":720,"url":"https:\/\/www.em.com.br\/emfoco\/wp-content\/uploads\/2026\/03\/ChatGPT-Image-6-de-mar.-de-2026-21_52_38-1.png","type":"image\/png"}],"author":"Andre\u0301 Rangel\u00a0","twitter_card":"summary_large_image","twitter_misc":{"Escrito por":"Andre\u0301 Rangel\u00a0","Est. tempo de leitura":"6 minutos"},"schema":{"@context":"https:\/\/schema.org","@graph":[{"@type":"WebPage","@id":"https:\/\/www.em.com.br\/emfoco\/2026\/03\/07\/pegue-macarrao-queijo-e-faca-um-prato-cremoso-com-cobertura-crocante-que-surpreende\/","url":"https:\/\/www.em.com.br\/emfoco\/2026\/03\/07\/pegue-macarrao-queijo-e-faca-um-prato-cremoso-com-cobertura-crocante-que-surpreende\/","name":"Pegue macarr\u00e3o, queijo e fa\u00e7a um prato cremoso com cobertura crocante que surpreende - Estado de Minas - Em foco","isPartOf":{"@id":"https:\/\/www.em.com.br\/emfoco\/#website"},"primaryImageOfPage":{"@id":"https:\/\/www.em.com.br\/emfoco\/2026\/03\/07\/pegue-macarrao-queijo-e-faca-um-prato-cremoso-com-cobertura-crocante-que-surpreende\/#primaryimage"},"image":{"@id":"https:\/\/www.em.com.br\/emfoco\/2026\/03\/07\/pegue-macarrao-queijo-e-faca-um-prato-cremoso-com-cobertura-crocante-que-surpreende\/#primaryimage"},"thumbnailUrl":"https:\/\/www.em.com.br\/emfoco\/wp-content\/uploads\/2026\/03\/ChatGPT-Image-6-de-mar.-de-2026-21_52_38-1.png","datePublished":"2026-03-07T15:15:00+00:00","dateModified":"2026-03-07T02:14:10+00:00","author":{"@id":"https:\/\/www.em.com.br\/emfoco\/#\/schema\/person\/60eda09c1fedf0d6891f4cef4b60b8b8"},"description":"Esse macarr\u00e3o com queijo cremoso fica irresist\u00edvel com cobertura crocante dourada no forno. Uma receita simples que transforma qualquer almo\u00e7o em momento especial.","breadcrumb":{"@id":"https:\/\/www.em.com.br\/emfoco\/2026\/03\/07\/pegue-macarrao-queijo-e-faca-um-prato-cremoso-com-cobertura-crocante-que-surpreende\/#breadcrumb"},"inLanguage":"pt-BR","potentialAction":[{"@type":"ReadAction","target":["https:\/\/www.em.com.br\/emfoco\/2026\/03\/07\/pegue-macarrao-queijo-e-faca-um-prato-cremoso-com-cobertura-crocante-que-surpreende\/"]}]},{"@type":"ImageObject","inLanguage":"pt-BR","@id":"https:\/\/www.em.com.br\/emfoco\/2026\/03\/07\/pegue-macarrao-queijo-e-faca-um-prato-cremoso-com-cobertura-crocante-que-surpreende\/#primaryimage","url":"https:\/\/www.em.com.br\/emfoco\/wp-content\/uploads\/2026\/03\/ChatGPT-Image-6-de-mar.-de-2026-21_52_38-1.png","contentUrl":"https:\/\/www.em.com.br\/emfoco\/wp-content\/uploads\/2026\/03\/ChatGPT-Image-6-de-mar.-de-2026-21_52_38-1.png","width":1280,"height":720,"caption":"O macarr\u00e3o simples que vira estrela do almo\u00e7o em fam\u00edlia"},{"@type":"BreadcrumbList","@id":"https:\/\/www.em.com.br\/emfoco\/2026\/03\/07\/pegue-macarrao-queijo-e-faca-um-prato-cremoso-com-cobertura-crocante-que-surpreende\/#breadcrumb","itemListElement":[{"@type":"ListItem","position":1,"name":"In\u00edcio","item":"https:\/\/www.em.com.br\/emfoco\/"},{"@type":"ListItem","position":2,"name":"Pegue macarr\u00e3o, queijo e fa\u00e7a um prato cremoso com cobertura crocante que surpreende"}]},{"@type":"WebSite","@id":"https:\/\/www.em.com.br\/emfoco\/#website","url":"https:\/\/www.em.com.br\/emfoco\/","name":"Estado de Minas - Em foco","description":"Acompanhe as \u00faltimas not\u00edcias e fique bem informado sobre tudo o que acontece em Minas Gerais, Brasil e no mundo.","potentialAction":[{"@type":"SearchAction","target":{"@type":"EntryPoint","urlTemplate":"https:\/\/www.em.com.br\/emfoco\/?s={search_term_string}"},"query-input":{"@type":"PropertyValueSpecification","valueRequired":true,"valueName":"search_term_string"}}],"inLanguage":"pt-BR"},{"@type":"Person","@id":"https:\/\/www.em.com.br\/emfoco\/#\/schema\/person\/60eda09c1fedf0d6891f4cef4b60b8b8","name":"Andre\u0301 Rangel\u00a0","image":{"@type":"ImageObject","inLanguage":"pt-BR","@id":"https:\/\/www.em.com.br\/emfoco\/#\/schema\/person\/image\/","url":"https:\/\/secure.gravatar.com\/avatar\/6234dc814c77c8ef6d8bba622c787efc?s=96&d=mm&r=g","contentUrl":"https:\/\/secure.gravatar.com\/avatar\/6234dc814c77c8ef6d8bba622c787efc?s=96&d=mm&r=g","caption":"Andre\u0301 Rangel\u00a0"},"url":"https:\/\/www.em.com.br\/emfoco\/author\/luizmyth\/"}]}},"_links":{"self":[{"href":"https:\/\/www.em.com.br\/emfoco\/wp-json\/wp\/v2\/posts\/178675","targetHints":{"allow":["GET"]}}],"collection":[{"href":"https:\/\/www.em.com.br\/emfoco\/wp-json\/wp\/v2\/posts"}],"about":[{"href":"https:\/\/www.em.com.br\/emfoco\/wp-json\/wp\/v2\/types\/post"}],"author":[{"embeddable":true,"href":"https:\/\/www.em.com.br\/emfoco\/wp-json\/wp\/v2\/users\/11"}],"replies":[{"embeddable":true,"href":"https:\/\/www.em.com.br\/emfoco\/wp-json\/wp\/v2\/comments?post=178675"}],"version-history":[{"count":6,"href":"https:\/\/www.em.com.br\/emfoco\/wp-json\/wp\/v2\/posts\/178675\/revisions"}],"predecessor-version":[{"id":178701,"href":"https:\/\/www.em.com.br\/emfoco\/wp-json\/wp\/v2\/posts\/178675\/revisions\/178701"}],"wp:featuredmedia":[{"embeddable":true,"href":"https:\/\/www.em.com.br\/emfoco\/wp-json\/wp\/v2\/media\/178692"}],"wp:attachment":[{"href":"https:\/\/www.em.com.br\/emfoco\/wp-json\/wp\/v2\/media?parent=178675"}],"wp:term":[{"taxonomy":"category","embeddable":true,"href":"https:\/\/www.em.com.br\/emfoco\/wp-json\/wp\/v2\/categories?post=178675"},{"taxonomy":"post_tag","embeddable":true,"href":"https:\/\/www.em.com.br\/emfoco\/wp-json\/wp\/v2\/tags?post=178675"}],"curies":[{"name":"wp","href":"https:\/\/api.w.org\/{rel}","templated":true}]}}