{"id":178608,"date":"2026-03-08T20:15:00","date_gmt":"2026-03-08T23:15:00","guid":{"rendered":"https:\/\/www.em.com.br\/emfoco\/?p=178608"},"modified":"2026-03-07T20:45:59","modified_gmt":"2026-03-07T23:45:59","slug":"adeus-ao-guarda-roupa-com-portas-a-tendencia-de-2026-que-promete-mais-praticidade-e-organizacao-no-quarto","status":"publish","type":"post","link":"https:\/\/www.em.com.br\/emfoco\/2026\/03\/08\/adeus-ao-guarda-roupa-com-portas-a-tendencia-de-2026-que-promete-mais-praticidade-e-organizacao-no-quarto\/","title":{"rendered":"Adeus ao guarda-roupa com portas, a tend\u00eancia de 2026 que promete mais praticidade e organiza\u00e7\u00e3o no quarto"},"content":{"rendered":"\n<p>Os quartos v\u00eam passando por uma transforma\u00e7\u00e3o vis\u00edvel em 2026. Em vez dos m\u00f3veis fechados e volumosos, ganha espa\u00e7o uma solu\u00e7\u00e3o mais leve e atual: o&nbsp;<strong>guarda-roupa aberto<\/strong>, que dispensa portas, valoriza o ambiente, amplia a sensa\u00e7\u00e3o de espa\u00e7o e conversa com um estilo de vida mais pr\u00e1tico e consciente.<\/p>\n\n\n\n<h2 class=\"wp-block-heading\">O que est\u00e1 mudando nos dormit\u00f3rios com o guarda-roupa aberto em 2026<\/h2>\n\n\n\n<p>O <strong><a href=\"https:\/\/br.pinterest.com\/marli0554\/guarda-roupa-sem-porta\/\" target=\"_blank\" rel=\"noreferrer noopener\">guarda-roupa sem portas<\/a><\/strong> surge como alternativa moderna aos m\u00f3veis tradicionais, especialmente em projetos que priorizam ambientes integrados. Em muitos casos, prateleiras, araras met\u00e1licas e m\u00f3dulos modulados substituem o arm\u00e1rio fechado, deixando o quarto mais ventilado e iluminado.<\/p>\n\n\n\n<p>Arquitetos e decoradores usam o guarda-roupa aberto para valorizar o p\u00e9-direito, explorar cantos antes inutilizados e at\u00e9 dividir ambientes. Em quartos pequenos, uma arara suspensa ou trilhos no teto liberam \u00e1rea no piso e permitem incluir uma mesa de trabalho ou um banco aos p\u00e9s da cama.<\/p>\n\n\n\n<iframe loading=\"lazy\" src=\"https:\/\/assets.pinterest.com\/ext\/embed.html?id=441000988502922692\" height=\"411\" width=\"345\" frameborder=\"0\" scrolling=\"no\" ><\/iframe>\n\n\n\n<h2 class=\"wp-block-heading\">Por que o guarda-roupa sem portas \u00e9 mais pr\u00e1tico no dia a dia<\/h2>\n\n\n\n<p>A popularidade do guarda-roupa sem portas est\u00e1 diretamente ligada \u00e0 praticidade. Abrir, escolher e <a href=\"https:\/\/www.em.com.br\/emfoco\/2025\/11\/22\/guardar-roupas-por-meses-sem-cheiro-de-mofo-especialista-explica-o-passo-a-passo\/\" target=\"_blank\" rel=\"noreferrer noopener\">guardar roupas <\/a>se torna um movimento direto, sem dobradi\u00e7as, corredi\u00e7as ou puxadores, o que reduz o tempo gasto em frente ao arm\u00e1rio em rotinas corridas.<\/p>\n\n\n\n<p>Ao mesmo tempo, a organiza\u00e7\u00e3o visual fica mais clara, permitindo separar roupas por categoria, cor ou frequ\u00eancia de uso. Para potencializar essa praticidade, alguns pontos s\u00e3o essenciais na rotina:<\/p>\n\n\n\n<ul class=\"wp-block-list\">\n<li><strong>Acesso r\u00e1pido<\/strong>\u00a0a casacos, cal\u00e7as e sapatos em qualquer momento.<\/li>\n\n\n\n<li><strong>Gest\u00e3o mais simples<\/strong>\u00a0do que precisa ser lavado, consertado ou doado.<\/li>\n\n\n\n<li><strong>Melhor aproveitamento<\/strong>\u00a0da altura com prateleiras e nichos elevados.<\/li>\n\n\n\n<li><strong>Visual coerente<\/strong>\u00a0com cabides padronizados e cores coordenadas.<\/li>\n<\/ul>\n\n\n\n<iframe loading=\"lazy\" src=\"https:\/\/assets.pinterest.com\/ext\/embed.html?id=316166836361349010\" height=\"532\" width=\"345\" frameborder=\"0\" scrolling=\"no\" ><\/iframe>\n\n\n\n<h2 class=\"wp-block-heading\">Como montar um guarda-roupa aberto funcional e organizado<\/h2>\n\n\n\n<p>Antes de adotar o guarda-roupa aberto, \u00e9 essencial fazer uma triagem cuidadosa das roupas. Como tudo ficar\u00e1 exposto, o excesso prejudica a sensa\u00e7\u00e3o de amplitude, enquanto um acervo mais enxuto facilita a manuten\u00e7\u00e3o e deixa o quarto equilibrado.<\/p>\n\n\n\n<p>Depois dessa sele\u00e7\u00e3o, alguns passos ajudam a planejar um sistema aberto eficiente e bonito, alinhado \u00e0s medidas do espa\u00e7o e ao seu estilo de vida.<\/p>\n\n\n\n<ol class=\"wp-block-list\">\n<li><strong>Medir o espa\u00e7o dispon\u00edvel<\/strong>\u00a0(altura, largura e profundidade) com precis\u00e3o.<\/li>\n\n\n\n<li><strong>Definir o tipo de estrutura<\/strong>: m\u00f3dulos prontos, serralheria sob medida, prateleiras ou trilhos.<\/li>\n\n\n\n<li><strong>Planejar setores<\/strong>\u00a0para cabides, roupas dobradas e sapatos.<\/li>\n\n\n\n<li><strong>Escolher cabides e caixas<\/strong>\u00a0com a mesma linguagem visual.<\/li>\n\n\n\n<li><strong>Prever ilumina\u00e7\u00e3o<\/strong>\u00a0com fitas de LED ou spots direcionados.<\/li>\n<\/ol>\n\n\n\n<iframe loading=\"lazy\" src=\"https:\/\/assets.pinterest.com\/ext\/embed.html?id=358388082871025010\" height=\"718\" width=\"345\" frameborder=\"0\" scrolling=\"no\" ><\/iframe>\n\n\n\n<h2 class=\"wp-block-heading\">O guarda-roupa aberto deixa o quarto desorganizado?<\/h2>\n\n\n\n<p>A sensa\u00e7\u00e3o de bagun\u00e7a em um guarda-roupa aberto depende totalmente dos h\u00e1bitos de quem usa o espa\u00e7o. Roupas dobradas com cuidado, cabides alinhados e cores harmonizadas transmitem ideia de planejamento, quase como um pequeno camarim integrado ao quarto.<\/p>\n\n\n\n<p>Por outro lado, a exposi\u00e7\u00e3o constante funciona como um lembrete visual para arrumar o ambiente com frequ\u00eancia. Pequenos ajustes di\u00e1rios, como recolocar pe\u00e7as fora do lugar e separar roupas sujas, evitam ac\u00famulos e mant\u00eam o arm\u00e1rio aberto sempre agrad\u00e1vel aos olhos.<\/p>\n\n\n\n<h2 class=\"wp-block-heading\">Vale a pena ter um guarda-roupa aberto no quarto hoje<\/h2>\n\n\n\n<p>Em 2026, o&nbsp;<strong>guarda-roupa aberto<\/strong>&nbsp;se consolida como um recurso de design que une est\u00e9tica atual, otimiza\u00e7\u00e3o de espa\u00e7o e consumo mais consciente. Quando bem planejado e alinhado ao estilo de vida de quem ocupa o quarto, ele transforma o mobili\u00e1rio em parte ativa da decora\u00e7\u00e3o, e n\u00e3o em um simples dep\u00f3sito de roupas.<\/p>\n\n\n\n<p>Se voc\u00ea quer um quarto mais leve, funcional e com a sua cara, n\u00e3o adie essa mudan\u00e7a: comece hoje a triar suas pe\u00e7as, medir o ambiente e desenhar seu sistema aberto. Cada dia que passa com um arm\u00e1rio que n\u00e3o funciona para voc\u00ea \u00e9 espa\u00e7o desperdi\u00e7ado \u2013 d\u00ea o primeiro passo agora e mude a rela\u00e7\u00e3o com seu quarto e com o que voc\u00ea veste.<\/p>\n\n\n\n<p><\/p>\n","protected":false},"excerpt":{"rendered":"<p>Os quartos v\u00eam passando por uma transforma\u00e7\u00e3o vis\u00edvel em 2026. Em vez dos m\u00f3veis fechados e volumosos, ganha espa\u00e7o uma solu\u00e7\u00e3o mais leve e atual: o&nbsp;guarda-roupa aberto, que dispensa portas, valoriza o ambiente, amplia a sensa\u00e7\u00e3o de espa\u00e7o e conversa com um estilo de vida mais pr\u00e1tico e consciente. O que est\u00e1 mudando nos dormit\u00f3rios [&hellip;]<\/p>\n","protected":false},"author":11,"featured_media":178644,"comment_status":"open","ping_status":"open","sticky":false,"template":"","format":"standard","meta":{"jnews-multi-image_gallery":[],"jnews_single_post":{"format":"standard"},"jnews_primary_category":[],"jnews_social_meta":[],"jnews_override_counter":[],"footnotes":""},"categories":[8819,1],"tags":[6118,25722,25319,1920],"class_list":["post-178608","post","type-post","status-publish","format-standard","has-post-thumbnail","hentry","category-curiosidades","category-noticias","tag-guarda-roupa","tag-guarda-roupa-aberto","tag-quartos","tag-tendencia"],"yoast_head":"<!-- This site is optimized with the Yoast SEO plugin v23.8 - https:\/\/yoast.com\/wordpress\/plugins\/seo\/ -->\n<title>Adeus ao guarda-roupa com portas, a tend\u00eancia de 2026 que promete mais praticidade e organiza\u00e7\u00e3o no quarto - Estado de Minas - Em foco<\/title>\n<meta name=\"description\" content=\"O guarda-roupa aberto transforma quartos ao unir organiza\u00e7\u00e3o, estilo e melhor aproveitamento do espa\u00e7o.\" \/>\n<meta name=\"robots\" content=\"index, follow, max-snippet:-1, max-image-preview:large, max-video-preview:-1\" \/>\n<link rel=\"canonical\" href=\"https:\/\/www.em.com.br\/emfoco\/2026\/03\/08\/adeus-ao-guarda-roupa-com-portas-a-tendencia-de-2026-que-promete-mais-praticidade-e-organizacao-no-quarto\/\" \/>\n<meta property=\"og:locale\" content=\"pt_BR\" \/>\n<meta property=\"og:type\" content=\"article\" \/>\n<meta property=\"og:title\" content=\"Adeus ao guarda-roupa com portas, a tend\u00eancia de 2026 que promete mais praticidade e organiza\u00e7\u00e3o no quarto - Estado de Minas - Em foco\" \/>\n<meta property=\"og:description\" content=\"O guarda-roupa aberto transforma quartos ao unir organiza\u00e7\u00e3o, estilo e melhor aproveitamento do espa\u00e7o.\" \/>\n<meta property=\"og:url\" content=\"https:\/\/www.em.com.br\/emfoco\/2026\/03\/08\/adeus-ao-guarda-roupa-com-portas-a-tendencia-de-2026-que-promete-mais-praticidade-e-organizacao-no-quarto\/\" \/>\n<meta property=\"og:site_name\" content=\"Estado de Minas - Em foco\" \/>\n<meta property=\"article:published_time\" content=\"2026-03-08T23:15:00+00:00\" \/>\n<meta property=\"article:modified_time\" content=\"2026-03-07T23:45:59+00:00\" \/>\n<meta property=\"og:image\" content=\"https:\/\/www.em.com.br\/emfoco\/wp-content\/uploads\/2026\/03\/ChatGPT-Image-6-de-mar.-de-2026-19_36_15-1.png\" \/>\n\t<meta property=\"og:image:width\" content=\"1280\" \/>\n\t<meta property=\"og:image:height\" content=\"720\" \/>\n\t<meta property=\"og:image:type\" content=\"image\/png\" \/>\n<meta name=\"author\" content=\"Andre\u0301 Rangel\u00a0\" \/>\n<meta name=\"twitter:card\" content=\"summary_large_image\" \/>\n<meta name=\"twitter:label1\" content=\"Escrito por\" \/>\n\t<meta name=\"twitter:data1\" content=\"Andre\u0301 Rangel\u00a0\" \/>\n\t<meta name=\"twitter:label2\" content=\"Est. tempo de leitura\" \/>\n\t<meta name=\"twitter:data2\" content=\"4 minutos\" \/>\n<!-- \/ Yoast SEO plugin. -->","yoast_head_json":{"title":"Adeus ao guarda-roupa com portas, a tend\u00eancia de 2026 que promete mais praticidade e organiza\u00e7\u00e3o no quarto - Estado de Minas - Em foco","description":"O guarda-roupa aberto transforma quartos ao unir organiza\u00e7\u00e3o, estilo e melhor aproveitamento do espa\u00e7o.","robots":{"index":"index","follow":"follow","max-snippet":"max-snippet:-1","max-image-preview":"max-image-preview:large","max-video-preview":"max-video-preview:-1"},"canonical":"https:\/\/www.em.com.br\/emfoco\/2026\/03\/08\/adeus-ao-guarda-roupa-com-portas-a-tendencia-de-2026-que-promete-mais-praticidade-e-organizacao-no-quarto\/","og_locale":"pt_BR","og_type":"article","og_title":"Adeus ao guarda-roupa com portas, a tend\u00eancia de 2026 que promete mais praticidade e organiza\u00e7\u00e3o no quarto - Estado de Minas - Em foco","og_description":"O guarda-roupa aberto transforma quartos ao unir organiza\u00e7\u00e3o, estilo e melhor aproveitamento do espa\u00e7o.","og_url":"https:\/\/www.em.com.br\/emfoco\/2026\/03\/08\/adeus-ao-guarda-roupa-com-portas-a-tendencia-de-2026-que-promete-mais-praticidade-e-organizacao-no-quarto\/","og_site_name":"Estado de Minas - Em foco","article_published_time":"2026-03-08T23:15:00+00:00","article_modified_time":"2026-03-07T23:45:59+00:00","og_image":[{"width":1280,"height":720,"url":"https:\/\/www.em.com.br\/emfoco\/wp-content\/uploads\/2026\/03\/ChatGPT-Image-6-de-mar.-de-2026-19_36_15-1.png","type":"image\/png"}],"author":"Andre\u0301 Rangel\u00a0","twitter_card":"summary_large_image","twitter_misc":{"Escrito por":"Andre\u0301 Rangel\u00a0","Est. tempo de leitura":"4 minutos"},"schema":{"@context":"https:\/\/schema.org","@graph":[{"@type":"WebPage","@id":"https:\/\/www.em.com.br\/emfoco\/2026\/03\/08\/adeus-ao-guarda-roupa-com-portas-a-tendencia-de-2026-que-promete-mais-praticidade-e-organizacao-no-quarto\/","url":"https:\/\/www.em.com.br\/emfoco\/2026\/03\/08\/adeus-ao-guarda-roupa-com-portas-a-tendencia-de-2026-que-promete-mais-praticidade-e-organizacao-no-quarto\/","name":"Adeus ao guarda-roupa com portas, a tend\u00eancia de 2026 que promete mais praticidade e organiza\u00e7\u00e3o no quarto - Estado de Minas - Em foco","isPartOf":{"@id":"https:\/\/www.em.com.br\/emfoco\/#website"},"primaryImageOfPage":{"@id":"https:\/\/www.em.com.br\/emfoco\/2026\/03\/08\/adeus-ao-guarda-roupa-com-portas-a-tendencia-de-2026-que-promete-mais-praticidade-e-organizacao-no-quarto\/#primaryimage"},"image":{"@id":"https:\/\/www.em.com.br\/emfoco\/2026\/03\/08\/adeus-ao-guarda-roupa-com-portas-a-tendencia-de-2026-que-promete-mais-praticidade-e-organizacao-no-quarto\/#primaryimage"},"thumbnailUrl":"https:\/\/www.em.com.br\/emfoco\/wp-content\/uploads\/2026\/03\/ChatGPT-Image-6-de-mar.-de-2026-19_36_15-1.png","datePublished":"2026-03-08T23:15:00+00:00","dateModified":"2026-03-07T23:45:59+00:00","author":{"@id":"https:\/\/www.em.com.br\/emfoco\/#\/schema\/person\/60eda09c1fedf0d6891f4cef4b60b8b8"},"description":"O guarda-roupa aberto transforma quartos ao unir organiza\u00e7\u00e3o, estilo e melhor aproveitamento do espa\u00e7o.","breadcrumb":{"@id":"https:\/\/www.em.com.br\/emfoco\/2026\/03\/08\/adeus-ao-guarda-roupa-com-portas-a-tendencia-de-2026-que-promete-mais-praticidade-e-organizacao-no-quarto\/#breadcrumb"},"inLanguage":"pt-BR","potentialAction":[{"@type":"ReadAction","target":["https:\/\/www.em.com.br\/emfoco\/2026\/03\/08\/adeus-ao-guarda-roupa-com-portas-a-tendencia-de-2026-que-promete-mais-praticidade-e-organizacao-no-quarto\/"]}]},{"@type":"ImageObject","inLanguage":"pt-BR","@id":"https:\/\/www.em.com.br\/emfoco\/2026\/03\/08\/adeus-ao-guarda-roupa-com-portas-a-tendencia-de-2026-que-promete-mais-praticidade-e-organizacao-no-quarto\/#primaryimage","url":"https:\/\/www.em.com.br\/emfoco\/wp-content\/uploads\/2026\/03\/ChatGPT-Image-6-de-mar.-de-2026-19_36_15-1.png","contentUrl":"https:\/\/www.em.com.br\/emfoco\/wp-content\/uploads\/2026\/03\/ChatGPT-Image-6-de-mar.-de-2026-19_36_15-1.png","width":1280,"height":720,"caption":"Quartos modernos apostam em arm\u00e1rios sem portas"},{"@type":"BreadcrumbList","@id":"https:\/\/www.em.com.br\/emfoco\/2026\/03\/08\/adeus-ao-guarda-roupa-com-portas-a-tendencia-de-2026-que-promete-mais-praticidade-e-organizacao-no-quarto\/#breadcrumb","itemListElement":[{"@type":"ListItem","position":1,"name":"In\u00edcio","item":"https:\/\/www.em.com.br\/emfoco\/"},{"@type":"ListItem","position":2,"name":"Adeus ao guarda-roupa com portas, a tend\u00eancia de 2026 que promete mais praticidade e organiza\u00e7\u00e3o no quarto"}]},{"@type":"WebSite","@id":"https:\/\/www.em.com.br\/emfoco\/#website","url":"https:\/\/www.em.com.br\/emfoco\/","name":"Estado de Minas - Em foco","description":"Acompanhe as \u00faltimas not\u00edcias e fique bem informado sobre tudo o que acontece em Minas Gerais, Brasil e no mundo.","potentialAction":[{"@type":"SearchAction","target":{"@type":"EntryPoint","urlTemplate":"https:\/\/www.em.com.br\/emfoco\/?s={search_term_string}"},"query-input":{"@type":"PropertyValueSpecification","valueRequired":true,"valueName":"search_term_string"}}],"inLanguage":"pt-BR"},{"@type":"Person","@id":"https:\/\/www.em.com.br\/emfoco\/#\/schema\/person\/60eda09c1fedf0d6891f4cef4b60b8b8","name":"Andre\u0301 Rangel\u00a0","image":{"@type":"ImageObject","inLanguage":"pt-BR","@id":"https:\/\/www.em.com.br\/emfoco\/#\/schema\/person\/image\/","url":"https:\/\/secure.gravatar.com\/avatar\/6234dc814c77c8ef6d8bba622c787efc?s=96&d=mm&r=g","contentUrl":"https:\/\/secure.gravatar.com\/avatar\/6234dc814c77c8ef6d8bba622c787efc?s=96&d=mm&r=g","caption":"Andre\u0301 Rangel\u00a0"},"url":"https:\/\/www.em.com.br\/emfoco\/author\/luizmyth\/"}]}},"_links":{"self":[{"href":"https:\/\/www.em.com.br\/emfoco\/wp-json\/wp\/v2\/posts\/178608","targetHints":{"allow":["GET"]}}],"collection":[{"href":"https:\/\/www.em.com.br\/emfoco\/wp-json\/wp\/v2\/posts"}],"about":[{"href":"https:\/\/www.em.com.br\/emfoco\/wp-json\/wp\/v2\/types\/post"}],"author":[{"embeddable":true,"href":"https:\/\/www.em.com.br\/emfoco\/wp-json\/wp\/v2\/users\/11"}],"replies":[{"embeddable":true,"href":"https:\/\/www.em.com.br\/emfoco\/wp-json\/wp\/v2\/comments?post=178608"}],"version-history":[{"count":4,"href":"https:\/\/www.em.com.br\/emfoco\/wp-json\/wp\/v2\/posts\/178608\/revisions"}],"predecessor-version":[{"id":178619,"href":"https:\/\/www.em.com.br\/emfoco\/wp-json\/wp\/v2\/posts\/178608\/revisions\/178619"}],"wp:featuredmedia":[{"embeddable":true,"href":"https:\/\/www.em.com.br\/emfoco\/wp-json\/wp\/v2\/media\/178644"}],"wp:attachment":[{"href":"https:\/\/www.em.com.br\/emfoco\/wp-json\/wp\/v2\/media?parent=178608"}],"wp:term":[{"taxonomy":"category","embeddable":true,"href":"https:\/\/www.em.com.br\/emfoco\/wp-json\/wp\/v2\/categories?post=178608"},{"taxonomy":"post_tag","embeddable":true,"href":"https:\/\/www.em.com.br\/emfoco\/wp-json\/wp\/v2\/tags?post=178608"}],"curies":[{"name":"wp","href":"https:\/\/api.w.org\/{rel}","templated":true}]}}