{"id":178604,"date":"2026-03-08T16:45:00","date_gmt":"2026-03-08T19:45:00","guid":{"rendered":"https:\/\/www.em.com.br\/emfoco\/?p=178604"},"modified":"2026-03-07T20:44:40","modified_gmt":"2026-03-07T23:44:40","slug":"a-trepadeira-que-transforma-pergolados-em-tuneis-verdes-e-ainda-produz-frutas-frescas","status":"publish","type":"post","link":"https:\/\/www.em.com.br\/emfoco\/2026\/03\/08\/a-trepadeira-que-transforma-pergolados-em-tuneis-verdes-e-ainda-produz-frutas-frescas\/","title":{"rendered":"A trepadeira que transforma pergolados em t\u00faneis verdes e ainda produz frutas frescas"},"content":{"rendered":"\n<p>A <strong>videira<\/strong>, ou parreira de uva, continua sendo uma das plantas frut\u00edferas mais tradicionais e ao mesmo tempo vers\u00e1teis para quem deseja unir sombra, beleza e produ\u00e7\u00e3o de frutos em casa. Mesmo em \u00e1reas urbanas, \u00e9 poss\u00edvel cultivar a planta em quintais, varandas e terra\u00e7os, desde que receba sol, poda adequada, solo bem preparado e uma estrutura firme para se apoiar.<\/p>\n\n\n\n<h2 class=\"wp-block-heading\">O que \u00e9 a videira e como essa planta trepadeira cresce na pr\u00e1tica<\/h2>\n\n\n\n<p>A <a href=\"https:\/\/saporedivino.com.br\/o-ciclo-de-vida-das-videiras\/\" target=\"_blank\" rel=\"noreferrer noopener\">videira<\/a>, cientificamente chamada\u00a0<em><strong>Vitis vinifera<\/strong><\/em>, \u00e9 uma trepadeira de caule lenhoso que precisa de suporte para se desenvolver na vertical. Em condi\u00e7\u00f5es favor\u00e1veis, seus ramos se alongam rapidamente, enrolando-se em fios, grades e p\u00e9rgolas por meio de gavinhas, formando t\u00faneis de sombra e belas coberturas verdes.<\/p>\n\n\n\n<p>As folhas s\u00e3o amplas e recortadas, com colora\u00e7\u00e3o verde intensa, o que favorece a fotoss\u00edntese e o efeito ornamental. Os frutos surgem em cachos, com uvas verdes, rosadas, vermelhas ou arroxeadas, usadas para consumo in natura, sucos, vinhos e outros derivados, tornando a videira uma planta ao mesmo tempo produtiva e decorativa.<\/p>\n\n\n\n<iframe loading=\"lazy\" src=\"https:\/\/assets.pinterest.com\/ext\/embed.html?id=379498706123287656\" height=\"561\" width=\"345\" frameborder=\"0\" scrolling=\"no\" ><\/iframe>\n\n\n\n<h2 class=\"wp-block-heading\">Quais s\u00e3o as principais partes da videira e como elas funcionam<\/h2>\n\n\n\n<p>Para manter uma parreira saud\u00e1vel em casa, \u00e9 importante entender, de forma simples, a fun\u00e7\u00e3o de cada parte da <a href=\"https:\/\/www.em.com.br\/emfoco\/2026\/03\/05\/a-planta-indestrutivel-que-vive-apenas-na-agua-e-transforma-a-decoracao-da-sua-cozinha-sem-sujeira-de-terra\/\" target=\"_blank\" rel=\"noreferrer noopener\">planta<\/a>. Isso facilita a identifica\u00e7\u00e3o de problemas, o planejamento da poda, da irriga\u00e7\u00e3o e a escolha da melhor estrutura de sustenta\u00e7\u00e3o.<\/p>\n\n\n\n<ul class=\"wp-block-list\">\n<li><strong>Ra\u00edzes:<\/strong>\u00a0profundas e ramificadas, absorvem \u00e1gua e nutrientes e d\u00e3o estabilidade \u00e0 planta, especialmente em solos bem estruturados.<\/li>\n\n\n\n<li><strong>Caule e ramos:<\/strong>\u00a0o tronco lenhoso sustenta ramos jovens e produtivos, onde se localizam os n\u00f3s que originam folhas, gavinhas e cachos.<\/li>\n\n\n\n<li><strong>Folhas:<\/strong>\u00a0amplas e recortadas, captam luz solar para a fotoss\u00edntese e fornecem sombra, refor\u00e7ando o uso paisag\u00edstico da videira.<\/li>\n\n\n\n<li><strong>Gavinhas:<\/strong>\u00a0estruturas finas que se enrolam em suportes, garantindo fixa\u00e7\u00e3o e boa distribui\u00e7\u00e3o da folhagem e dos frutos.<\/li>\n\n\n\n<li><strong>Cachos e uvas:<\/strong>\u00a0concentram a\u00e7\u00facares, vitaminas e antioxidantes, variando em n\u00famero, tamanho e colora\u00e7\u00e3o conforme a variedade e o manejo.<\/li>\n<\/ul>\n\n\n\n<iframe loading=\"lazy\" src=\"https:\/\/assets.pinterest.com\/ext\/embed.html?id=492649954411307\" height=\"618\" width=\"345\" frameborder=\"0\" scrolling=\"no\" ><\/iframe>\n\n\n\n<h2 class=\"wp-block-heading\">Como cultivar videira em casa com cuidados simples e eficientes<\/h2>\n\n\n\n<p>O cultivo da videira em quintais, terra\u00e7os ou pequenos jardins exige aten\u00e7\u00e3o a fatores b\u00e1sicos, como luz, solo e poda. Esses cuidados determinam a qualidade dos cachos e a sa\u00fade da parreira ao longo dos anos, mesmo em espa\u00e7os reduzidos.<\/p>\n\n\n\n<p>A planta precisa de v\u00e1rias horas de sol direto por dia, solo f\u00e9rtil e bem drenado e uma boa estrutura de sustenta\u00e7\u00e3o, como arames, cercas ou p\u00e9rgolas. A poda de forma\u00e7\u00e3o nos primeiros anos e as podas anuais de produ\u00e7\u00e3o direcionam a energia para os ramos frut\u00edferos, enquanto a irriga\u00e7\u00e3o deve manter o solo levemente \u00famido, sem encharcar.<\/p>\n\n\n\n<p>Selecionamos o v\u00eddeo do <a href=\"https:\/\/www.youtube.com\/@pomarcaseiro\" target=\"_blank\" rel=\"noreferrer noopener\">Pomar Caseiro<\/a> que faz sucesso no YouTube com seus mais de 24 mil seguidores e ensina como plantar um videira em casa:<\/p>\n\n\n\n<figure class=\"wp-block-embed is-type-video is-provider-youtube wp-block-embed-youtube wp-embed-aspect-16-9 wp-has-aspect-ratio\"><div class=\"wp-block-embed__wrapper\">\n<div class=\"jeg_video_container jeg_video_content\"><iframe loading=\"lazy\" title=\"Como Plantar UVA em Casa De Forma SIMPLES e F\u00c1CIL\" width=\"500\" height=\"281\" src=\"https:\/\/www.youtube.com\/embed\/FCQsS6RcgWI?feature=oembed\" frameborder=\"0\" allow=\"accelerometer; autoplay; clipboard-write; encrypted-media; gyroscope; picture-in-picture; web-share\" referrerpolicy=\"strict-origin-when-cross-origin\" allowfullscreen><\/iframe><\/div>\n<\/div><\/figure>\n\n\n\n<h2 class=\"wp-block-heading\">Quais cuidados extras ajudam a evitar pragas e doen\u00e7as na videira<\/h2>\n\n\n\n<p>Al\u00e9m do manejo b\u00e1sico, \u00e9 importante observar com frequ\u00eancia folhas, ramos e cachos para identificar sinais de pragas e doen\u00e7as. Fungos, como o m\u00edldio e o o\u00eddio, costumam surgir em ambientes \u00famidos e com pouca ventila\u00e7\u00e3o, prejudicando folhas e frutos.<\/p>\n\n\n\n<p>Manter boa circula\u00e7\u00e3o de ar entre os ramos, evitar encharcamento e retirar partes doentes reduz muito os problemas. Se necess\u00e1rio, \u00e9 poss\u00edvel usar produtos espec\u00edficos recomendados para videiras, sempre seguindo orienta\u00e7\u00f5es t\u00e9cnicas e priorizando solu\u00e7\u00f5es menos agressivas ao ambiente.<\/p>\n\n\n\n<h2 class=\"wp-block-heading\">Quais s\u00e3o as vantagens de ter videira em casa e por que come\u00e7ar agora<\/h2>\n\n\n\n<p>Al\u00e9m de produzir uvas frescas para consumo ao natural ou em receitas, a videira funciona como recurso paisag\u00edstico, criando sombra agrad\u00e1vel sobre pergolados e corredores. Essa cobertura verde ajuda a amenizar a temperatura em dias quentes e transforma \u00e1reas simples em espa\u00e7os de conviv\u00eancia mais aconchegantes.<\/p>\n\n\n\n<p>Se voc\u00ea deseja unir decora\u00e7\u00e3o, bem-estar e colheitas diretamente do seu quintal, este \u00e9 o momento de come\u00e7ar a planejar sua parreira. Escolha um local ensolarado, prepare o solo e instale a estrutura de sustenta\u00e7\u00e3o hoje mesmo: quanto antes plantar, mais cedo voc\u00ea vai colher seus pr\u00f3prios cachos de uva e aproveitar todos os benef\u00edcios dessa planta incr\u00edvel.<\/p>\n","protected":false},"excerpt":{"rendered":"<p>A videira, ou parreira de uva, continua sendo uma das plantas frut\u00edferas mais tradicionais e ao mesmo tempo vers\u00e1teis para quem deseja unir sombra, beleza e produ\u00e7\u00e3o de frutos em casa. Mesmo em \u00e1reas urbanas, \u00e9 poss\u00edvel cultivar a planta em quintais, varandas e terra\u00e7os, desde que receba sol, poda adequada, solo bem preparado e [&hellip;]<\/p>\n","protected":false},"author":11,"featured_media":178641,"comment_status":"open","ping_status":"open","sticky":false,"template":"","format":"standard","meta":{"jnews-multi-image_gallery":[],"jnews_single_post":{"format":"standard"},"jnews_primary_category":[],"jnews_social_meta":[],"jnews_override_counter":[],"footnotes":""},"categories":[8819,1],"tags":[3325,3324,2834,8359,11637],"class_list":["post-178604","post","type-post","status-publish","format-standard","has-post-thumbnail","hentry","category-curiosidades","category-noticias","tag-jardim","tag-plantas","tag-uva","tag-videira","tag-videira-em-casa"],"yoast_head":"<!-- This site is optimized with the Yoast SEO plugin v23.8 - https:\/\/yoast.com\/wordpress\/plugins\/seo\/ -->\n<title>A trepadeira que transforma pergolados em t\u00faneis verdes e ainda produz frutas frescas - Estado de Minas - Em foco<\/title>\n<meta name=\"description\" content=\"Videira \u00e9 uma planta vers\u00e1til que oferece sombra e produ\u00e7\u00e3o de uvas. Veja como cultivar a parreira em casa.\" \/>\n<meta name=\"robots\" content=\"index, follow, max-snippet:-1, max-image-preview:large, max-video-preview:-1\" \/>\n<link rel=\"canonical\" href=\"https:\/\/www.em.com.br\/emfoco\/2026\/03\/08\/a-trepadeira-que-transforma-pergolados-em-tuneis-verdes-e-ainda-produz-frutas-frescas\/\" \/>\n<meta property=\"og:locale\" content=\"pt_BR\" \/>\n<meta property=\"og:type\" content=\"article\" \/>\n<meta property=\"og:title\" content=\"A trepadeira que transforma pergolados em t\u00faneis verdes e ainda produz frutas frescas - Estado de Minas - Em foco\" \/>\n<meta property=\"og:description\" content=\"Videira \u00e9 uma planta vers\u00e1til que oferece sombra e produ\u00e7\u00e3o de uvas. Veja como cultivar a parreira em casa.\" \/>\n<meta property=\"og:url\" content=\"https:\/\/www.em.com.br\/emfoco\/2026\/03\/08\/a-trepadeira-que-transforma-pergolados-em-tuneis-verdes-e-ainda-produz-frutas-frescas\/\" \/>\n<meta property=\"og:site_name\" content=\"Estado de Minas - Em foco\" \/>\n<meta property=\"article:published_time\" content=\"2026-03-08T19:45:00+00:00\" \/>\n<meta property=\"article:modified_time\" content=\"2026-03-07T23:44:40+00:00\" \/>\n<meta property=\"og:image\" content=\"https:\/\/www.em.com.br\/emfoco\/wp-content\/uploads\/2026\/03\/ChatGPT-Image-6-de-mar.-de-2026-19_32_19-1.png\" \/>\n\t<meta property=\"og:image:width\" content=\"1280\" \/>\n\t<meta property=\"og:image:height\" content=\"720\" \/>\n\t<meta property=\"og:image:type\" content=\"image\/png\" \/>\n<meta name=\"author\" content=\"Andre\u0301 Rangel\u00a0\" \/>\n<meta name=\"twitter:card\" content=\"summary_large_image\" \/>\n<meta name=\"twitter:label1\" content=\"Escrito por\" \/>\n\t<meta name=\"twitter:data1\" content=\"Andre\u0301 Rangel\u00a0\" \/>\n\t<meta name=\"twitter:label2\" content=\"Est. tempo de leitura\" \/>\n\t<meta name=\"twitter:data2\" content=\"4 minutos\" \/>\n<!-- \/ Yoast SEO plugin. -->","yoast_head_json":{"title":"A trepadeira que transforma pergolados em t\u00faneis verdes e ainda produz frutas frescas - Estado de Minas - Em foco","description":"Videira \u00e9 uma planta vers\u00e1til que oferece sombra e produ\u00e7\u00e3o de uvas. Veja como cultivar a parreira em casa.","robots":{"index":"index","follow":"follow","max-snippet":"max-snippet:-1","max-image-preview":"max-image-preview:large","max-video-preview":"max-video-preview:-1"},"canonical":"https:\/\/www.em.com.br\/emfoco\/2026\/03\/08\/a-trepadeira-que-transforma-pergolados-em-tuneis-verdes-e-ainda-produz-frutas-frescas\/","og_locale":"pt_BR","og_type":"article","og_title":"A trepadeira que transforma pergolados em t\u00faneis verdes e ainda produz frutas frescas - Estado de Minas - Em foco","og_description":"Videira \u00e9 uma planta vers\u00e1til que oferece sombra e produ\u00e7\u00e3o de uvas. Veja como cultivar a parreira em casa.","og_url":"https:\/\/www.em.com.br\/emfoco\/2026\/03\/08\/a-trepadeira-que-transforma-pergolados-em-tuneis-verdes-e-ainda-produz-frutas-frescas\/","og_site_name":"Estado de Minas - Em foco","article_published_time":"2026-03-08T19:45:00+00:00","article_modified_time":"2026-03-07T23:44:40+00:00","og_image":[{"width":1280,"height":720,"url":"https:\/\/www.em.com.br\/emfoco\/wp-content\/uploads\/2026\/03\/ChatGPT-Image-6-de-mar.-de-2026-19_32_19-1.png","type":"image\/png"}],"author":"Andre\u0301 Rangel\u00a0","twitter_card":"summary_large_image","twitter_misc":{"Escrito por":"Andre\u0301 Rangel\u00a0","Est. tempo de leitura":"4 minutos"},"schema":{"@context":"https:\/\/schema.org","@graph":[{"@type":"WebPage","@id":"https:\/\/www.em.com.br\/emfoco\/2026\/03\/08\/a-trepadeira-que-transforma-pergolados-em-tuneis-verdes-e-ainda-produz-frutas-frescas\/","url":"https:\/\/www.em.com.br\/emfoco\/2026\/03\/08\/a-trepadeira-que-transforma-pergolados-em-tuneis-verdes-e-ainda-produz-frutas-frescas\/","name":"A trepadeira que transforma pergolados em t\u00faneis verdes e ainda produz frutas frescas - Estado de Minas - Em foco","isPartOf":{"@id":"https:\/\/www.em.com.br\/emfoco\/#website"},"primaryImageOfPage":{"@id":"https:\/\/www.em.com.br\/emfoco\/2026\/03\/08\/a-trepadeira-que-transforma-pergolados-em-tuneis-verdes-e-ainda-produz-frutas-frescas\/#primaryimage"},"image":{"@id":"https:\/\/www.em.com.br\/emfoco\/2026\/03\/08\/a-trepadeira-que-transforma-pergolados-em-tuneis-verdes-e-ainda-produz-frutas-frescas\/#primaryimage"},"thumbnailUrl":"https:\/\/www.em.com.br\/emfoco\/wp-content\/uploads\/2026\/03\/ChatGPT-Image-6-de-mar.-de-2026-19_32_19-1.png","datePublished":"2026-03-08T19:45:00+00:00","dateModified":"2026-03-07T23:44:40+00:00","author":{"@id":"https:\/\/www.em.com.br\/emfoco\/#\/schema\/person\/60eda09c1fedf0d6891f4cef4b60b8b8"},"description":"Videira \u00e9 uma planta vers\u00e1til que oferece sombra e produ\u00e7\u00e3o de uvas. Veja como cultivar a parreira em casa.","breadcrumb":{"@id":"https:\/\/www.em.com.br\/emfoco\/2026\/03\/08\/a-trepadeira-que-transforma-pergolados-em-tuneis-verdes-e-ainda-produz-frutas-frescas\/#breadcrumb"},"inLanguage":"pt-BR","potentialAction":[{"@type":"ReadAction","target":["https:\/\/www.em.com.br\/emfoco\/2026\/03\/08\/a-trepadeira-que-transforma-pergolados-em-tuneis-verdes-e-ainda-produz-frutas-frescas\/"]}]},{"@type":"ImageObject","inLanguage":"pt-BR","@id":"https:\/\/www.em.com.br\/emfoco\/2026\/03\/08\/a-trepadeira-que-transforma-pergolados-em-tuneis-verdes-e-ainda-produz-frutas-frescas\/#primaryimage","url":"https:\/\/www.em.com.br\/emfoco\/wp-content\/uploads\/2026\/03\/ChatGPT-Image-6-de-mar.-de-2026-19_32_19-1.png","contentUrl":"https:\/\/www.em.com.br\/emfoco\/wp-content\/uploads\/2026\/03\/ChatGPT-Image-6-de-mar.-de-2026-19_32_19-1.png","width":1280,"height":720,"caption":"A forma mais charmosa de ter sombra e fruta no quintal"},{"@type":"BreadcrumbList","@id":"https:\/\/www.em.com.br\/emfoco\/2026\/03\/08\/a-trepadeira-que-transforma-pergolados-em-tuneis-verdes-e-ainda-produz-frutas-frescas\/#breadcrumb","itemListElement":[{"@type":"ListItem","position":1,"name":"In\u00edcio","item":"https:\/\/www.em.com.br\/emfoco\/"},{"@type":"ListItem","position":2,"name":"A trepadeira que transforma pergolados em t\u00faneis verdes e ainda produz frutas frescas"}]},{"@type":"WebSite","@id":"https:\/\/www.em.com.br\/emfoco\/#website","url":"https:\/\/www.em.com.br\/emfoco\/","name":"Estado de Minas - Em foco","description":"Acompanhe as \u00faltimas not\u00edcias e fique bem informado sobre tudo o que acontece em Minas Gerais, Brasil e no mundo.","potentialAction":[{"@type":"SearchAction","target":{"@type":"EntryPoint","urlTemplate":"https:\/\/www.em.com.br\/emfoco\/?s={search_term_string}"},"query-input":{"@type":"PropertyValueSpecification","valueRequired":true,"valueName":"search_term_string"}}],"inLanguage":"pt-BR"},{"@type":"Person","@id":"https:\/\/www.em.com.br\/emfoco\/#\/schema\/person\/60eda09c1fedf0d6891f4cef4b60b8b8","name":"Andre\u0301 Rangel\u00a0","image":{"@type":"ImageObject","inLanguage":"pt-BR","@id":"https:\/\/www.em.com.br\/emfoco\/#\/schema\/person\/image\/","url":"https:\/\/secure.gravatar.com\/avatar\/6234dc814c77c8ef6d8bba622c787efc?s=96&d=mm&r=g","contentUrl":"https:\/\/secure.gravatar.com\/avatar\/6234dc814c77c8ef6d8bba622c787efc?s=96&d=mm&r=g","caption":"Andre\u0301 Rangel\u00a0"},"url":"https:\/\/www.em.com.br\/emfoco\/author\/luizmyth\/"}]}},"_links":{"self":[{"href":"https:\/\/www.em.com.br\/emfoco\/wp-json\/wp\/v2\/posts\/178604","targetHints":{"allow":["GET"]}}],"collection":[{"href":"https:\/\/www.em.com.br\/emfoco\/wp-json\/wp\/v2\/posts"}],"about":[{"href":"https:\/\/www.em.com.br\/emfoco\/wp-json\/wp\/v2\/types\/post"}],"author":[{"embeddable":true,"href":"https:\/\/www.em.com.br\/emfoco\/wp-json\/wp\/v2\/users\/11"}],"replies":[{"embeddable":true,"href":"https:\/\/www.em.com.br\/emfoco\/wp-json\/wp\/v2\/comments?post=178604"}],"version-history":[{"count":4,"href":"https:\/\/www.em.com.br\/emfoco\/wp-json\/wp\/v2\/posts\/178604\/revisions"}],"predecessor-version":[{"id":178629,"href":"https:\/\/www.em.com.br\/emfoco\/wp-json\/wp\/v2\/posts\/178604\/revisions\/178629"}],"wp:featuredmedia":[{"embeddable":true,"href":"https:\/\/www.em.com.br\/emfoco\/wp-json\/wp\/v2\/media\/178641"}],"wp:attachment":[{"href":"https:\/\/www.em.com.br\/emfoco\/wp-json\/wp\/v2\/media?parent=178604"}],"wp:term":[{"taxonomy":"category","embeddable":true,"href":"https:\/\/www.em.com.br\/emfoco\/wp-json\/wp\/v2\/categories?post=178604"},{"taxonomy":"post_tag","embeddable":true,"href":"https:\/\/www.em.com.br\/emfoco\/wp-json\/wp\/v2\/tags?post=178604"}],"curies":[{"name":"wp","href":"https:\/\/api.w.org\/{rel}","templated":true}]}}