{"id":178599,"date":"2026-03-08T11:15:00","date_gmt":"2026-03-08T14:15:00","guid":{"rendered":"https:\/\/www.em.com.br\/emfoco\/?p=178599"},"modified":"2026-03-07T20:40:02","modified_gmt":"2026-03-07T23:40:02","slug":"banheiros-estao-abandonando-o-box-de-chuveiro-tradicional-e-adotando-essa-alternativa-aconchegante-em-2026","status":"publish","type":"post","link":"https:\/\/www.em.com.br\/emfoco\/2026\/03\/08\/banheiros-estao-abandonando-o-box-de-chuveiro-tradicional-e-adotando-essa-alternativa-aconchegante-em-2026\/","title":{"rendered":"Banheiros est\u00e3o abandonando o box de chuveiro tradicional e adotando essa alternativa aconchegante em 2026"},"content":{"rendered":"\n<p>As reformas de banheiro v\u00eam ganhando novas solu\u00e7\u00f5es para substituir as tradicionais divis\u00f3rias de vidro, e as<strong>\u00a0paredes divis\u00f3rias<\/strong>\u00a0vem se destacando como um recurso moderno que une separa\u00e7\u00e3o de ambientes, est\u00e9tica marcante e praticidade no dia a dia.<\/p>\n\n\n\n<h2 class=\"wp-block-heading\">O que \u00e9 \u00a0paredes divis\u00f3rias para banheiro e por que ele est\u00e1 em alta<\/h2>\n\n\n\n<p>As<strong>\u00a0paredes divis\u00f3rias<\/strong>\u00a0\u00e9 uma parede interna de pequena espessura, n\u00e3o estrutural, criada apenas para compartimentar espa\u00e7os, como a \u00e1rea de banho, a pia ou o vaso sanit\u00e1rio. Diferente do vidro, \u00e9 feito de materiais s\u00f3lidos, como alvenaria, bloco de concreto, <a href=\"https:\/\/br.pinterest.com\/rodriguiqueiroz\/parede-de-drywall\/\" target=\"_blank\" rel=\"noreferrer noopener\">drywall <\/a>para \u00e1reas \u00famidas ou pain\u00e9is ciment\u00edcios, o que amplia as possibilidades de acabamento.<\/p>\n\n\n\n<p>Essa solu\u00e7\u00e3o est\u00e1 em alta porque dispensa portas, trilhos e ferragens, reduzindo quebras, manuten\u00e7\u00e3o e pontos de sujeira. Al\u00e9m disso, pode ter altura total ou meia altura, permitindo passagem de luz e ventila\u00e7\u00e3o, o que ajuda a ampliar banheiros compactos e valorizar propostas minimalistas.<\/p>\n\n\n\n<iframe loading=\"lazy\" src=\"https:\/\/assets.pinterest.com\/ext\/embed.html?id=140806226738407\" height=\"525\" width=\"345\" frameborder=\"0\" scrolling=\"no\" ><\/iframe>\n\n\n\n<h2 class=\"wp-block-heading\">Quais s\u00e3o as principais vantagens da paredes divis\u00f3rias para banheiro<\/h2>\n\n\n\n<p>Ao comparar as\u00a0<a href=\"https:\/\/www.em.com.br\/emfoco\/2026\/03\/03\/truque-simples-e-barato-como-usar-borracha-escolar-para-limpar-paredes-sem-danificar-a-tinta\/\" target=\"_blank\" rel=\"noreferrer noopener\">paredes <\/a>divis\u00f3rias\u00a0com \u00e0s divis\u00f3rias de vidro, a durabilidade tende a ser maior, pois n\u00e3o h\u00e1 risco de trincas, manchas ou impactos diretos no material transparente. A aus\u00eancia de trilhos, roldanas e dobradi\u00e7as tamb\u00e9m minimiza pontos de oxida\u00e7\u00e3o e ac\u00famulo de sujeira, facilitando a rotina de limpeza.<\/p>\n\n\n\n<p>Outra vantagem \u00e9 a possibilidade de integra\u00e7\u00e3o com o projeto, permitindo embutir nichos, prateleiras e at\u00e9 ilumina\u00e7\u00e3o. Em regi\u00f5es com \u00e1gua rica em minerais, as superf\u00edcies s\u00f3lidas s\u00e3o ainda mais vantajosas, pois n\u00e3o acumulam marcas como o vidro. Confira alguns benef\u00edcios recorrentes dessa solu\u00e7\u00e3o:<\/p>\n\n\n\n<ul class=\"wp-block-list\">\n<li><strong>Menos pe\u00e7as fr\u00e1geis<\/strong>: elimina vidros expostos, ferragens aparentes e roldanas.<\/li>\n\n\n\n<li><strong>Est\u00e9tica cont\u00ednua<\/strong>: permite usar o mesmo revestimento das demais paredes.<\/li>\n\n\n\n<li><strong>Alta personaliza\u00e7\u00e3o<\/strong>: aceita pintura, texturas, cer\u00e2micas, pedras e efeitos 3D.<\/li>\n\n\n\n<li><strong>Funcionalidade extra<\/strong>: possibilita nichos embutidos e pontos de ilumina\u00e7\u00e3o.<\/li>\n<\/ul>\n\n\n\n<iframe loading=\"lazy\" src=\"https:\/\/assets.pinterest.com\/ext\/embed.html?id=492649954596874\" height=\"560\" width=\"345\" frameborder=\"0\" scrolling=\"no\" ><\/iframe>\n\n\n\n<h2 class=\"wp-block-heading\">Quais materiais podem ser usados nas\u00a0paredes divis\u00f3rias<\/h2>\n\n\n\n<p>Os materiais variam conforme or\u00e7amento e tipo de obra. Em reformas tradicionais, alvenaria em tijolo cer\u00e2mico ou bloco de concreto \u00e9 bastante comum; j\u00e1 em execu\u00e7\u00f5es r\u00e1pidas, drywall espec\u00edfico para \u00e1reas \u00famidas ou pain\u00e9is ciment\u00edcios se destacam pela agilidade e menor sujeira.<\/p>\n\n\n\n<p>Sobre essa base, entram acabamentos como revestimentos cer\u00e2micos e porcelanatos, texturas em cimento queimado, pintura para \u00e1reas molhadas, pedras naturais ou artificiais e revestimentos em relevo. A \u00e1rea sujeita a respingos deve ser imperme\u00e1vel, enquanto partes superiores podem explorar cores e texturas mais livres.<\/p>\n\n\n\n<iframe loading=\"lazy\" src=\"https:\/\/assets.pinterest.com\/ext\/embed.html?id=844493676193579\" height=\"618\" width=\"345\" frameborder=\"0\" scrolling=\"no\" ><\/iframe>\n\n\n\n<h2 class=\"wp-block-heading\">Como planejar para incluir as paredes divis\u00f3rias no projeto de banheiro<\/h2>\n\n\n\n<p>Para incluir \u00e9 essencial analisar a posi\u00e7\u00e3o da ducha, o ralo, a circula\u00e7\u00e3o e a abertura da porta. Sempre que poss\u00edvel, alinhar as \u00a0paredes divis\u00f3rias \u00e0 parede hidr\u00e1ulica existente evita mudan\u00e7as complexas de encanamento e reduz custos e prazos de obra.<\/p>\n\n\n\n<p>Tamb\u00e9m \u00e9 importante definir se vai apenas conter respingos ou criar uma \u00e1rea de banho mais reservada, al\u00e9m de pensar antes da obra em nichos, fitas de LED e pontos de luz. Em banheiros com pouca ventila\u00e7\u00e3o, modelos que n\u00e3o chegam ao teto ajudam na circula\u00e7\u00e3o de ar; em ambientes com exaust\u00e3o eficiente, pain\u00e9is mais altos garantem sensa\u00e7\u00e3o de box fechado sem portas de vidro.<\/p>\n\n\n\n<h2 class=\"wp-block-heading\">Como usar as\u00a0paredes divis\u00f3rias para criar um banheiro moderno e funcional<\/h2>\n\n\n\n<p>A parede divis\u00f3ria\u00a0se adapta a v\u00e1rios estilos: superf\u00edcies lisas em tons neutros funcionam bem em propostas minimalistas; j\u00e1 acabamentos em cimento aparente combinam com metais pretos ou a\u00e7o escovado em projetos de inspira\u00e7\u00e3o industrial. Detalhes em madeira resistente \u00e0 umidade e porcelanatos marmorizados criam um visual mais aconchegante e sofisticado.<\/p>\n\n\n\n<p>Se voc\u00ea quer um banheiro mais bonito, pr\u00e1tico e atual, este \u00e9 o momento de planejar a sua parede divis\u00f3ria com cuidado, antes de iniciar a obra ou reforma. Converse com um profissional, defina materiais, altura e nichos e comece agora a transformar seu banheiro em um ambiente mais organizado, elegante e funcional, antes que voc\u00ea tenha que refazer solu\u00e7\u00f5es antigas e pouco eficientes.<\/p>\n","protected":false},"excerpt":{"rendered":"<p>As reformas de banheiro v\u00eam ganhando novas solu\u00e7\u00f5es para substituir as tradicionais divis\u00f3rias de vidro, e as\u00a0paredes divis\u00f3rias\u00a0vem se destacando como um recurso moderno que une separa\u00e7\u00e3o de ambientes, est\u00e9tica marcante e praticidade no dia a dia. O que \u00e9 \u00a0paredes divis\u00f3rias para banheiro e por que ele est\u00e1 em alta As\u00a0paredes divis\u00f3rias\u00a0\u00e9 uma parede [&hellip;]<\/p>\n","protected":false},"author":11,"featured_media":178636,"comment_status":"open","ping_status":"open","sticky":false,"template":"","format":"standard","meta":{"jnews-multi-image_gallery":[],"jnews_single_post":{"format":"standard"},"jnews_primary_category":[],"jnews_social_meta":[],"jnews_override_counter":[],"footnotes":""},"categories":[8819,1],"tags":[13917,23314,4687,25835],"class_list":["post-178599","post","type-post","status-publish","format-standard","has-post-thumbnail","hentry","category-curiosidades","category-noticias","tag-banheiros","tag-banheiros-modernos","tag-decoracao","tag-parede-divisoria"],"yoast_head":"<!-- This site is optimized with the Yoast SEO plugin v23.8 - https:\/\/yoast.com\/wordpress\/plugins\/seo\/ -->\n<title>Banheiros est\u00e3o abandonando o box de chuveiro tradicional e adotando essa alternativa aconchegante em 2026 - Estado de Minas - Em foco<\/title>\n<meta name=\"description\" content=\"Banheiros modernos est\u00e3o adotando paredes divis\u00f3rias no lugar de vidro. Veja vantagens e como aplicar no projeto.\" \/>\n<meta name=\"robots\" content=\"index, follow, max-snippet:-1, max-image-preview:large, max-video-preview:-1\" \/>\n<link rel=\"canonical\" href=\"https:\/\/www.em.com.br\/emfoco\/2026\/03\/08\/banheiros-estao-abandonando-o-box-de-chuveiro-tradicional-e-adotando-essa-alternativa-aconchegante-em-2026\/\" \/>\n<meta property=\"og:locale\" content=\"pt_BR\" \/>\n<meta property=\"og:type\" content=\"article\" \/>\n<meta property=\"og:title\" content=\"Banheiros est\u00e3o abandonando o box de chuveiro tradicional e adotando essa alternativa aconchegante em 2026 - Estado de Minas - Em foco\" \/>\n<meta property=\"og:description\" content=\"Banheiros modernos est\u00e3o adotando paredes divis\u00f3rias no lugar de vidro. Veja vantagens e como aplicar no projeto.\" \/>\n<meta property=\"og:url\" content=\"https:\/\/www.em.com.br\/emfoco\/2026\/03\/08\/banheiros-estao-abandonando-o-box-de-chuveiro-tradicional-e-adotando-essa-alternativa-aconchegante-em-2026\/\" \/>\n<meta property=\"og:site_name\" content=\"Estado de Minas - Em foco\" \/>\n<meta property=\"article:published_time\" content=\"2026-03-08T14:15:00+00:00\" \/>\n<meta property=\"article:modified_time\" content=\"2026-03-07T23:40:02+00:00\" \/>\n<meta property=\"og:image\" content=\"https:\/\/www.em.com.br\/emfoco\/wp-content\/uploads\/2026\/03\/ChatGPT-Image-6-de-mar.-de-2026-19_28_41-1.png\" \/>\n\t<meta property=\"og:image:width\" content=\"1280\" \/>\n\t<meta property=\"og:image:height\" content=\"720\" \/>\n\t<meta property=\"og:image:type\" content=\"image\/png\" \/>\n<meta name=\"author\" content=\"Andre\u0301 Rangel\u00a0\" \/>\n<meta name=\"twitter:card\" content=\"summary_large_image\" \/>\n<meta name=\"twitter:label1\" content=\"Escrito por\" \/>\n\t<meta name=\"twitter:data1\" content=\"Andre\u0301 Rangel\u00a0\" \/>\n\t<meta name=\"twitter:label2\" content=\"Est. tempo de leitura\" \/>\n\t<meta name=\"twitter:data2\" content=\"4 minutos\" \/>\n<!-- \/ Yoast SEO plugin. -->","yoast_head_json":{"title":"Banheiros est\u00e3o abandonando o box de chuveiro tradicional e adotando essa alternativa aconchegante em 2026 - Estado de Minas - Em foco","description":"Banheiros modernos est\u00e3o adotando paredes divis\u00f3rias no lugar de vidro. Veja vantagens e como aplicar no projeto.","robots":{"index":"index","follow":"follow","max-snippet":"max-snippet:-1","max-image-preview":"max-image-preview:large","max-video-preview":"max-video-preview:-1"},"canonical":"https:\/\/www.em.com.br\/emfoco\/2026\/03\/08\/banheiros-estao-abandonando-o-box-de-chuveiro-tradicional-e-adotando-essa-alternativa-aconchegante-em-2026\/","og_locale":"pt_BR","og_type":"article","og_title":"Banheiros est\u00e3o abandonando o box de chuveiro tradicional e adotando essa alternativa aconchegante em 2026 - Estado de Minas - Em foco","og_description":"Banheiros modernos est\u00e3o adotando paredes divis\u00f3rias no lugar de vidro. Veja vantagens e como aplicar no projeto.","og_url":"https:\/\/www.em.com.br\/emfoco\/2026\/03\/08\/banheiros-estao-abandonando-o-box-de-chuveiro-tradicional-e-adotando-essa-alternativa-aconchegante-em-2026\/","og_site_name":"Estado de Minas - Em foco","article_published_time":"2026-03-08T14:15:00+00:00","article_modified_time":"2026-03-07T23:40:02+00:00","og_image":[{"width":1280,"height":720,"url":"https:\/\/www.em.com.br\/emfoco\/wp-content\/uploads\/2026\/03\/ChatGPT-Image-6-de-mar.-de-2026-19_28_41-1.png","type":"image\/png"}],"author":"Andre\u0301 Rangel\u00a0","twitter_card":"summary_large_image","twitter_misc":{"Escrito por":"Andre\u0301 Rangel\u00a0","Est. tempo de leitura":"4 minutos"},"schema":{"@context":"https:\/\/schema.org","@graph":[{"@type":"WebPage","@id":"https:\/\/www.em.com.br\/emfoco\/2026\/03\/08\/banheiros-estao-abandonando-o-box-de-chuveiro-tradicional-e-adotando-essa-alternativa-aconchegante-em-2026\/","url":"https:\/\/www.em.com.br\/emfoco\/2026\/03\/08\/banheiros-estao-abandonando-o-box-de-chuveiro-tradicional-e-adotando-essa-alternativa-aconchegante-em-2026\/","name":"Banheiros est\u00e3o abandonando o box de chuveiro tradicional e adotando essa alternativa aconchegante em 2026 - Estado de Minas - Em foco","isPartOf":{"@id":"https:\/\/www.em.com.br\/emfoco\/#website"},"primaryImageOfPage":{"@id":"https:\/\/www.em.com.br\/emfoco\/2026\/03\/08\/banheiros-estao-abandonando-o-box-de-chuveiro-tradicional-e-adotando-essa-alternativa-aconchegante-em-2026\/#primaryimage"},"image":{"@id":"https:\/\/www.em.com.br\/emfoco\/2026\/03\/08\/banheiros-estao-abandonando-o-box-de-chuveiro-tradicional-e-adotando-essa-alternativa-aconchegante-em-2026\/#primaryimage"},"thumbnailUrl":"https:\/\/www.em.com.br\/emfoco\/wp-content\/uploads\/2026\/03\/ChatGPT-Image-6-de-mar.-de-2026-19_28_41-1.png","datePublished":"2026-03-08T14:15:00+00:00","dateModified":"2026-03-07T23:40:02+00:00","author":{"@id":"https:\/\/www.em.com.br\/emfoco\/#\/schema\/person\/60eda09c1fedf0d6891f4cef4b60b8b8"},"description":"Banheiros modernos est\u00e3o adotando paredes divis\u00f3rias no lugar de vidro. Veja vantagens e como aplicar no projeto.","breadcrumb":{"@id":"https:\/\/www.em.com.br\/emfoco\/2026\/03\/08\/banheiros-estao-abandonando-o-box-de-chuveiro-tradicional-e-adotando-essa-alternativa-aconchegante-em-2026\/#breadcrumb"},"inLanguage":"pt-BR","potentialAction":[{"@type":"ReadAction","target":["https:\/\/www.em.com.br\/emfoco\/2026\/03\/08\/banheiros-estao-abandonando-o-box-de-chuveiro-tradicional-e-adotando-essa-alternativa-aconchegante-em-2026\/"]}]},{"@type":"ImageObject","inLanguage":"pt-BR","@id":"https:\/\/www.em.com.br\/emfoco\/2026\/03\/08\/banheiros-estao-abandonando-o-box-de-chuveiro-tradicional-e-adotando-essa-alternativa-aconchegante-em-2026\/#primaryimage","url":"https:\/\/www.em.com.br\/emfoco\/wp-content\/uploads\/2026\/03\/ChatGPT-Image-6-de-mar.-de-2026-19_28_41-1.png","contentUrl":"https:\/\/www.em.com.br\/emfoco\/wp-content\/uploads\/2026\/03\/ChatGPT-Image-6-de-mar.-de-2026-19_28_41-1.png","width":1280,"height":720,"caption":"Arquitetos est\u00e3o trocando box de vidro por essa solu\u00e7\u00e3o"},{"@type":"BreadcrumbList","@id":"https:\/\/www.em.com.br\/emfoco\/2026\/03\/08\/banheiros-estao-abandonando-o-box-de-chuveiro-tradicional-e-adotando-essa-alternativa-aconchegante-em-2026\/#breadcrumb","itemListElement":[{"@type":"ListItem","position":1,"name":"In\u00edcio","item":"https:\/\/www.em.com.br\/emfoco\/"},{"@type":"ListItem","position":2,"name":"Banheiros est\u00e3o abandonando o box de chuveiro tradicional e adotando essa alternativa aconchegante em 2026"}]},{"@type":"WebSite","@id":"https:\/\/www.em.com.br\/emfoco\/#website","url":"https:\/\/www.em.com.br\/emfoco\/","name":"Estado de Minas - Em foco","description":"Acompanhe as \u00faltimas not\u00edcias e fique bem informado sobre tudo o que acontece em Minas Gerais, Brasil e no mundo.","potentialAction":[{"@type":"SearchAction","target":{"@type":"EntryPoint","urlTemplate":"https:\/\/www.em.com.br\/emfoco\/?s={search_term_string}"},"query-input":{"@type":"PropertyValueSpecification","valueRequired":true,"valueName":"search_term_string"}}],"inLanguage":"pt-BR"},{"@type":"Person","@id":"https:\/\/www.em.com.br\/emfoco\/#\/schema\/person\/60eda09c1fedf0d6891f4cef4b60b8b8","name":"Andre\u0301 Rangel\u00a0","image":{"@type":"ImageObject","inLanguage":"pt-BR","@id":"https:\/\/www.em.com.br\/emfoco\/#\/schema\/person\/image\/","url":"https:\/\/secure.gravatar.com\/avatar\/6234dc814c77c8ef6d8bba622c787efc?s=96&d=mm&r=g","contentUrl":"https:\/\/secure.gravatar.com\/avatar\/6234dc814c77c8ef6d8bba622c787efc?s=96&d=mm&r=g","caption":"Andre\u0301 Rangel\u00a0"},"url":"https:\/\/www.em.com.br\/emfoco\/author\/luizmyth\/"}]}},"_links":{"self":[{"href":"https:\/\/www.em.com.br\/emfoco\/wp-json\/wp\/v2\/posts\/178599","targetHints":{"allow":["GET"]}}],"collection":[{"href":"https:\/\/www.em.com.br\/emfoco\/wp-json\/wp\/v2\/posts"}],"about":[{"href":"https:\/\/www.em.com.br\/emfoco\/wp-json\/wp\/v2\/types\/post"}],"author":[{"embeddable":true,"href":"https:\/\/www.em.com.br\/emfoco\/wp-json\/wp\/v2\/users\/11"}],"replies":[{"embeddable":true,"href":"https:\/\/www.em.com.br\/emfoco\/wp-json\/wp\/v2\/comments?post=178599"}],"version-history":[{"count":3,"href":"https:\/\/www.em.com.br\/emfoco\/wp-json\/wp\/v2\/posts\/178599\/revisions"}],"predecessor-version":[{"id":178637,"href":"https:\/\/www.em.com.br\/emfoco\/wp-json\/wp\/v2\/posts\/178599\/revisions\/178637"}],"wp:featuredmedia":[{"embeddable":true,"href":"https:\/\/www.em.com.br\/emfoco\/wp-json\/wp\/v2\/media\/178636"}],"wp:attachment":[{"href":"https:\/\/www.em.com.br\/emfoco\/wp-json\/wp\/v2\/media?parent=178599"}],"wp:term":[{"taxonomy":"category","embeddable":true,"href":"https:\/\/www.em.com.br\/emfoco\/wp-json\/wp\/v2\/categories?post=178599"},{"taxonomy":"post_tag","embeddable":true,"href":"https:\/\/www.em.com.br\/emfoco\/wp-json\/wp\/v2\/tags?post=178599"}],"curies":[{"name":"wp","href":"https:\/\/api.w.org\/{rel}","templated":true}]}}