{"id":178576,"date":"2026-03-07T13:25:13","date_gmt":"2026-03-07T16:25:13","guid":{"rendered":"https:\/\/www.em.com.br\/emfoco\/?p=178576"},"modified":"2026-03-06T19:20:16","modified_gmt":"2026-03-06T22:20:16","slug":"o-erro-na-poda-que-pode-deixar-sua-hortensia-um-ano-inteiro-sem-flores","status":"publish","type":"post","link":"https:\/\/www.em.com.br\/emfoco\/2026\/03\/07\/o-erro-na-poda-que-pode-deixar-sua-hortensia-um-ano-inteiro-sem-flores\/","title":{"rendered":"O erro na poda que pode deixar sua hort\u00eansia um ano inteiro sem flores"},"content":{"rendered":"\n<p>No auge do <strong>ver\u00e3o<\/strong>, quando o jardim parece pedir mais vida, as hort\u00eansias entram em cena com suas flores grandes e coloridas. Apesar da fama de planta f\u00e1cil, o jeito como voc\u00ea faz a <strong>poda<\/strong> muda completamente o resultado da flora\u00e7\u00e3o. Um corte no momento errado ou no lugar inadequado pode significar meses de espera sem que nenhuma infloresc\u00eancia apare\u00e7a, frustrando quem sonha com um jardim cheio de cor.<\/p>\n\n\n\n<h2 class=\"wp-block-heading\">Como a poda de hort\u00eansias influencia a flora\u00e7\u00e3o no jardim<\/h2>\n\n\n\n<p>Quem cultiva hort\u00eansias precisa entender que n\u00e3o existe um \u00fanico jeito de <strong>podar<\/strong> esse arbusto; cada tipo reage de forma diferente. Alguns formam flores em ramos antigos, outros em ramos novos, e \u00e9 isso que definese o corte ser\u00e1 mais suave ou mais intenso ao longo do <strong>ano<\/strong>.<\/p>\n\n\n\n<p>De modo geral, a poda \u00e9 feita no fim do inverno ou in\u00edcio da primavera, quando as temperaturas ainda est\u00e3o amenas. Nessa fase, a planta come\u00e7a a \u201cacordar\u201d e responde melhor ao <strong>corte<\/strong>, mas \u00e9 essencial respeitar o tipo de hort\u00eansia presente no jardim para garantir uma <strong>flora\u00e7\u00e3o<\/strong> bonita.<\/p>\n\n\n\n<figure class=\"wp-block-embed is-type-rich is-provider-pinterest wp-block-embed-pinterest\"><div class=\"wp-block-embed__wrapper\">\n<iframe loading=\"lazy\" title=\" \" src=\"https:\/\/assets.pinterest.com\/ext\/embed.html?id=17029304833931039&#038;src=oembed\" height=\"899\" width=\"450\" frameborder=\"0\" scrolling=\"no\" ><\/iframe>\n<\/div><\/figure>\n\n\n\n<p>Leia tamb\u00e9m:&nbsp;<a href=\"https:\/\/www.em.com.br\/emfoco\/2026\/03\/06\/a-trepadeira-que-atrai-beija-flores-e-cobre-muros-em-tempo-recorde-esta-conquistando-jardins\/\" target=\"_blank\" rel=\"noopener\">A trepadeira que atrai beija-flores e cobre muros em tempo recorde est\u00e1 conquistando jardins<\/a><\/p>\n\n\n\n<h2 class=\"wp-block-heading\">Como funciona a poda de hort\u00eansias no dia a dia do jardim<\/h2>\n\n\n\n<p>A <strong>poda<\/strong> de hort\u00eansias \u00e9 saber em que tipo de broto nascem as flores daquele ano. Algumas variedades formam os bot\u00f5es ainda na temporada anterior, enquanto outras criam as <strong>infloresc\u00eancias<\/strong> apenas nos ramos novos que surgem na mesma esta\u00e7\u00e3o da flora\u00e7\u00e3o.<\/p>\n\n\n\n<p>A hort\u00eansia de jardim tradicional, tamb\u00e9m chamada de hort\u00eansia comum, prepara os bot\u00f5es com anteced\u00eancia. J\u00e1 as variedades em forma de cone concentram a for\u00e7a na produ\u00e7\u00e3o de ramos novos a cada <strong>ano<\/strong>. Em todos os casos, use ferramentas bem afiadas e <strong>limpas<\/strong>, para evitar machucados na planta e reduzir o risco de doen\u00e7as.<\/p>\n\n\n\n<figure class=\"wp-block-embed is-type-rich is-provider-pinterest wp-block-embed-pinterest\"><div class=\"wp-block-embed__wrapper\">\n<iframe loading=\"lazy\" title=\" \" src=\"https:\/\/assets.pinterest.com\/ext\/embed.html?id=5488830792552899&#038;src=oembed\" height=\"772\" width=\"450\" frameborder=\"0\" scrolling=\"no\" ><\/iframe>\n<\/div><\/figure>\n\n\n\n<h2 class=\"wp-block-heading\">Como podar hort\u00eansias que florescem em ramos antigos<\/h2>\n\n\n\n<p>Bauernhortensien e hort\u00eansias com flores em forma de prato formam os bot\u00f5es florais no ano anterior, por isso a <strong>poda<\/strong> precisa ser moderada. A ideia \u00e9 apenas retirar as flores secas e alguns ramos fracos, preservando sempre os brotos logo abaixo, que ser\u00e3o respons\u00e1veis pela nova <strong>brota\u00e7\u00e3o<\/strong>.<\/p>\n\n\n\n<p>Se o corte for muito profundo, voc\u00ea remove justamente os bot\u00f5es j\u00e1 formados e a planta passa toda a esta\u00e7\u00e3o seguinte sem <strong>flores<\/strong>. Muitos jardineiros deixam as flores antigas durante o inverno, pois elas protegem partes sens\u00edveis do frio intenso e ainda criam um charme especial na <strong>paisagem<\/strong>.<\/p>\n\n\n\n<p>Para voc\u00eas que gosta de plantas, separamos um v\u00eddeo do canal <a href=\"https:\/\/www.youtube.com\/@SpagnholPlantas1\" target=\"_blank\" rel=\"noreferrer noopener\">Spagnhol Plantas<\/a> com dicas para cuidar das hort\u00eanias:<\/p>\n\n\n\n<figure class=\"wp-block-embed is-type-video is-provider-youtube wp-block-embed-youtube wp-embed-aspect-16-9 wp-has-aspect-ratio\"><div class=\"wp-block-embed__wrapper\">\n<div class=\"jeg_video_container jeg_video_content\"><iframe loading=\"lazy\" title=\"HORTENSIAS: Dicas de como CULTIVAR e fazer ela mudar de cor\" width=\"500\" height=\"281\" src=\"https:\/\/www.youtube.com\/embed\/lIdW9tgAhK4?start=4&#038;feature=oembed\" frameborder=\"0\" allow=\"accelerometer; autoplay; clipboard-write; encrypted-media; gyroscope; picture-in-picture; web-share\" referrerpolicy=\"strict-origin-when-cross-origin\" allowfullscreen><\/iframe><\/div>\n<\/div><\/figure>\n\n\n\n<h2 class=\"wp-block-heading\">Como podar hort\u00eansias que florescem em ramos novos<\/h2>\n\n\n\n<p>As hort\u00eansias de infloresc\u00eancia em forma de bola ou pir\u00e2mide, como as rispenhortensien, florescem em ramos produzidos no pr\u00f3prio <strong>ano<\/strong>. Nelas, a l\u00f3gica \u00e9 inversa: quanto mais vigorosa a poda de renova\u00e7\u00e3o, melhor tende a ser a qualidade dos ramos novos e das futuras <strong>flores<\/strong>.<\/p>\n\n\n\n<p>Nesse grupo, costuma-se reduzir bem a altura do arbusto no fim do inverno, chegando a cortar cerca de metade do comprimento dos <strong>galhos<\/strong>. Al\u00e9m de encurtar, \u00e9 importante remover tudo que est\u00e1 seco ou muito envelhecido, evitando uma planta alta demais, com ramos finos e interior <strong>ralo<\/strong>.<\/p>\n\n\n\n<figure class=\"wp-block-embed is-type-rich is-provider-pinterest wp-block-embed-pinterest\"><div class=\"wp-block-embed__wrapper\">\n<iframe loading=\"lazy\" title=\"Spring Hydrangeas \ud83e\ude75\ud83e\ude75\" src=\"https:\/\/assets.pinterest.com\/ext\/embed.html?id=140806234856462&#038;src=oembed\" height=\"899\" width=\"450\" frameborder=\"0\" scrolling=\"no\" ><\/iframe>\n<\/div><\/figure>\n\n\n\n<h2 class=\"wp-block-heading\">Quando \u00e9 o melhor momento para podar hort\u00eansias no ano<\/h2>\n\n\n\n<p>O momento da <strong>poda<\/strong> influencia diretamente quando as flores v\u00e3o aparecer no jardim. Nas variedades que florescem em ramos novos, o ideal \u00e9 cortar entre o fim de fevereiro e o in\u00edcio da primavera, respeitando o clima da sua <strong>regi\u00e3o<\/strong> e o ritmo da planta.<\/p>\n\n\n\n<p>Em locais com invernos rigorosos, muita gente adia o corte das hort\u00eansias de jardim, que florescem em ramos antigos, deixando as flores secas como prote\u00e7\u00e3o. J\u00e1 as hort\u00eansias de pan\u00edcula e de bola toleram melhor o frio ap\u00f3s o <strong>corte<\/strong>, ent\u00e3o alguns jardineiros preferem pod\u00e1-las no fim do outono, sabendo que podas muito tardias atrasam a <strong>flora\u00e7\u00e3o<\/strong>.<\/p>\n","protected":false},"excerpt":{"rendered":"<p>No auge do ver\u00e3o, quando o jardim parece pedir mais vida, as hort\u00eansias entram em cena com suas flores grandes e coloridas. Apesar da fama de planta f\u00e1cil, o jeito como voc\u00ea faz a poda muda completamente o resultado da flora\u00e7\u00e3o. Um corte no momento errado ou no lugar inadequado pode significar meses de espera [&hellip;]<\/p>\n","protected":false},"author":9,"featured_media":178615,"comment_status":"open","ping_status":"open","sticky":false,"template":"","format":"standard","meta":{"jnews-multi-image_gallery":[],"jnews_single_post":{"format":"standard"},"jnews_primary_category":[],"jnews_social_meta":[],"jnews_override_counter":[],"footnotes":""},"categories":[8819,1],"tags":[7701,11188,3325,6978],"class_list":["post-178576","post","type-post","status-publish","format-standard","has-post-thumbnail","hentry","category-curiosidades","category-noticias","tag-como-plantar","tag-hortensia","tag-jardim","tag-podas"],"yoast_head":"<!-- This site is optimized with the Yoast SEO plugin v23.8 - https:\/\/yoast.com\/wordpress\/plugins\/seo\/ -->\n<title>O erro na poda que pode deixar sua hort\u00eansia um ano inteiro sem flores - Estado de Minas - Em foco<\/title>\n<meta name=\"description\" content=\"Aprenda a podar hort\u00eansias corretamente para garantir flores exuberantes e evitar erros que travam a flora\u00e7\u00e3o.\" \/>\n<meta name=\"robots\" content=\"index, follow, max-snippet:-1, max-image-preview:large, max-video-preview:-1\" \/>\n<link rel=\"canonical\" href=\"https:\/\/www.em.com.br\/emfoco\/2026\/03\/07\/o-erro-na-poda-que-pode-deixar-sua-hortensia-um-ano-inteiro-sem-flores\/\" \/>\n<meta property=\"og:locale\" content=\"pt_BR\" \/>\n<meta property=\"og:type\" content=\"article\" \/>\n<meta property=\"og:title\" content=\"O erro na poda que pode deixar sua hort\u00eansia um ano inteiro sem flores - Estado de Minas - Em foco\" \/>\n<meta property=\"og:description\" content=\"Aprenda a podar hort\u00eansias corretamente para garantir flores exuberantes e evitar erros que travam a flora\u00e7\u00e3o.\" \/>\n<meta property=\"og:url\" content=\"https:\/\/www.em.com.br\/emfoco\/2026\/03\/07\/o-erro-na-poda-que-pode-deixar-sua-hortensia-um-ano-inteiro-sem-flores\/\" \/>\n<meta property=\"og:site_name\" content=\"Estado de Minas - Em foco\" \/>\n<meta property=\"article:published_time\" content=\"2026-03-07T16:25:13+00:00\" \/>\n<meta property=\"article:modified_time\" content=\"2026-03-06T22:20:16+00:00\" \/>\n<meta property=\"og:image\" content=\"https:\/\/www.em.com.br\/emfoco\/wp-content\/uploads\/2026\/03\/Gemini_Generated_Image_yezdsuyezdsuyezd-1.png\" \/>\n\t<meta property=\"og:image:width\" content=\"1280\" \/>\n\t<meta property=\"og:image:height\" content=\"720\" \/>\n\t<meta property=\"og:image:type\" content=\"image\/png\" \/>\n<meta name=\"author\" content=\"Daniely Cardoso\" \/>\n<meta name=\"twitter:card\" content=\"summary_large_image\" \/>\n<meta name=\"twitter:label1\" content=\"Escrito por\" \/>\n\t<meta name=\"twitter:data1\" content=\"Daniely Cardoso\" \/>\n\t<meta name=\"twitter:label2\" content=\"Est. tempo de leitura\" \/>\n\t<meta name=\"twitter:data2\" content=\"4 minutos\" \/>\n<!-- \/ Yoast SEO plugin. -->","yoast_head_json":{"title":"O erro na poda que pode deixar sua hort\u00eansia um ano inteiro sem flores - Estado de Minas - Em foco","description":"Aprenda a podar hort\u00eansias corretamente para garantir flores exuberantes e evitar erros que travam a flora\u00e7\u00e3o.","robots":{"index":"index","follow":"follow","max-snippet":"max-snippet:-1","max-image-preview":"max-image-preview:large","max-video-preview":"max-video-preview:-1"},"canonical":"https:\/\/www.em.com.br\/emfoco\/2026\/03\/07\/o-erro-na-poda-que-pode-deixar-sua-hortensia-um-ano-inteiro-sem-flores\/","og_locale":"pt_BR","og_type":"article","og_title":"O erro na poda que pode deixar sua hort\u00eansia um ano inteiro sem flores - Estado de Minas - Em foco","og_description":"Aprenda a podar hort\u00eansias corretamente para garantir flores exuberantes e evitar erros que travam a flora\u00e7\u00e3o.","og_url":"https:\/\/www.em.com.br\/emfoco\/2026\/03\/07\/o-erro-na-poda-que-pode-deixar-sua-hortensia-um-ano-inteiro-sem-flores\/","og_site_name":"Estado de Minas - Em foco","article_published_time":"2026-03-07T16:25:13+00:00","article_modified_time":"2026-03-06T22:20:16+00:00","og_image":[{"width":1280,"height":720,"url":"https:\/\/www.em.com.br\/emfoco\/wp-content\/uploads\/2026\/03\/Gemini_Generated_Image_yezdsuyezdsuyezd-1.png","type":"image\/png"}],"author":"Daniely Cardoso","twitter_card":"summary_large_image","twitter_misc":{"Escrito por":"Daniely Cardoso","Est. tempo de leitura":"4 minutos"},"schema":{"@context":"https:\/\/schema.org","@graph":[{"@type":"WebPage","@id":"https:\/\/www.em.com.br\/emfoco\/2026\/03\/07\/o-erro-na-poda-que-pode-deixar-sua-hortensia-um-ano-inteiro-sem-flores\/","url":"https:\/\/www.em.com.br\/emfoco\/2026\/03\/07\/o-erro-na-poda-que-pode-deixar-sua-hortensia-um-ano-inteiro-sem-flores\/","name":"O erro na poda que pode deixar sua hort\u00eansia um ano inteiro sem flores - Estado de Minas - Em foco","isPartOf":{"@id":"https:\/\/www.em.com.br\/emfoco\/#website"},"primaryImageOfPage":{"@id":"https:\/\/www.em.com.br\/emfoco\/2026\/03\/07\/o-erro-na-poda-que-pode-deixar-sua-hortensia-um-ano-inteiro-sem-flores\/#primaryimage"},"image":{"@id":"https:\/\/www.em.com.br\/emfoco\/2026\/03\/07\/o-erro-na-poda-que-pode-deixar-sua-hortensia-um-ano-inteiro-sem-flores\/#primaryimage"},"thumbnailUrl":"https:\/\/www.em.com.br\/emfoco\/wp-content\/uploads\/2026\/03\/Gemini_Generated_Image_yezdsuyezdsuyezd-1.png","datePublished":"2026-03-07T16:25:13+00:00","dateModified":"2026-03-06T22:20:16+00:00","author":{"@id":"https:\/\/www.em.com.br\/emfoco\/#\/schema\/person\/0a8186d72f2c3a5c6276d90b41f271a0"},"description":"Aprenda a podar hort\u00eansias corretamente para garantir flores exuberantes e evitar erros que travam a flora\u00e7\u00e3o.","breadcrumb":{"@id":"https:\/\/www.em.com.br\/emfoco\/2026\/03\/07\/o-erro-na-poda-que-pode-deixar-sua-hortensia-um-ano-inteiro-sem-flores\/#breadcrumb"},"inLanguage":"pt-BR","potentialAction":[{"@type":"ReadAction","target":["https:\/\/www.em.com.br\/emfoco\/2026\/03\/07\/o-erro-na-poda-que-pode-deixar-sua-hortensia-um-ano-inteiro-sem-flores\/"]}]},{"@type":"ImageObject","inLanguage":"pt-BR","@id":"https:\/\/www.em.com.br\/emfoco\/2026\/03\/07\/o-erro-na-poda-que-pode-deixar-sua-hortensia-um-ano-inteiro-sem-flores\/#primaryimage","url":"https:\/\/www.em.com.br\/emfoco\/wp-content\/uploads\/2026\/03\/Gemini_Generated_Image_yezdsuyezdsuyezd-1.png","contentUrl":"https:\/\/www.em.com.br\/emfoco\/wp-content\/uploads\/2026\/03\/Gemini_Generated_Image_yezdsuyezdsuyezd-1.png","width":1280,"height":720,"caption":"Quem cultiva hort\u00eansias precisa entender que n\u00e3o existe um \u00fanico jeito de podar esse arbusto; cada tipo reage de forma diferente"},{"@type":"BreadcrumbList","@id":"https:\/\/www.em.com.br\/emfoco\/2026\/03\/07\/o-erro-na-poda-que-pode-deixar-sua-hortensia-um-ano-inteiro-sem-flores\/#breadcrumb","itemListElement":[{"@type":"ListItem","position":1,"name":"In\u00edcio","item":"https:\/\/www.em.com.br\/emfoco\/"},{"@type":"ListItem","position":2,"name":"O erro na poda que pode deixar sua hort\u00eansia um ano inteiro sem flores"}]},{"@type":"WebSite","@id":"https:\/\/www.em.com.br\/emfoco\/#website","url":"https:\/\/www.em.com.br\/emfoco\/","name":"Estado de Minas - Em foco","description":"Acompanhe as \u00faltimas not\u00edcias e fique bem informado sobre tudo o que acontece em Minas Gerais, Brasil e no mundo.","potentialAction":[{"@type":"SearchAction","target":{"@type":"EntryPoint","urlTemplate":"https:\/\/www.em.com.br\/emfoco\/?s={search_term_string}"},"query-input":{"@type":"PropertyValueSpecification","valueRequired":true,"valueName":"search_term_string"}}],"inLanguage":"pt-BR"},{"@type":"Person","@id":"https:\/\/www.em.com.br\/emfoco\/#\/schema\/person\/0a8186d72f2c3a5c6276d90b41f271a0","name":"Daniely Cardoso","image":{"@type":"ImageObject","inLanguage":"pt-BR","@id":"https:\/\/www.em.com.br\/emfoco\/#\/schema\/person\/image\/","url":"https:\/\/secure.gravatar.com\/avatar\/4b80ddbd124d1f071b626d52d62e5dff?s=96&d=mm&r=g","contentUrl":"https:\/\/secure.gravatar.com\/avatar\/4b80ddbd124d1f071b626d52d62e5dff?s=96&d=mm&r=g","caption":"Daniely Cardoso"},"url":"https:\/\/www.em.com.br\/emfoco\/author\/danielymyth\/"}]}},"_links":{"self":[{"href":"https:\/\/www.em.com.br\/emfoco\/wp-json\/wp\/v2\/posts\/178576","targetHints":{"allow":["GET"]}}],"collection":[{"href":"https:\/\/www.em.com.br\/emfoco\/wp-json\/wp\/v2\/posts"}],"about":[{"href":"https:\/\/www.em.com.br\/emfoco\/wp-json\/wp\/v2\/types\/post"}],"author":[{"embeddable":true,"href":"https:\/\/www.em.com.br\/emfoco\/wp-json\/wp\/v2\/users\/9"}],"replies":[{"embeddable":true,"href":"https:\/\/www.em.com.br\/emfoco\/wp-json\/wp\/v2\/comments?post=178576"}],"version-history":[{"count":3,"href":"https:\/\/www.em.com.br\/emfoco\/wp-json\/wp\/v2\/posts\/178576\/revisions"}],"predecessor-version":[{"id":178628,"href":"https:\/\/www.em.com.br\/emfoco\/wp-json\/wp\/v2\/posts\/178576\/revisions\/178628"}],"wp:featuredmedia":[{"embeddable":true,"href":"https:\/\/www.em.com.br\/emfoco\/wp-json\/wp\/v2\/media\/178615"}],"wp:attachment":[{"href":"https:\/\/www.em.com.br\/emfoco\/wp-json\/wp\/v2\/media?parent=178576"}],"wp:term":[{"taxonomy":"category","embeddable":true,"href":"https:\/\/www.em.com.br\/emfoco\/wp-json\/wp\/v2\/categories?post=178576"},{"taxonomy":"post_tag","embeddable":true,"href":"https:\/\/www.em.com.br\/emfoco\/wp-json\/wp\/v2\/tags?post=178576"}],"curies":[{"name":"wp","href":"https:\/\/api.w.org\/{rel}","templated":true}]}}