{"id":178526,"date":"2026-03-07T11:15:00","date_gmt":"2026-03-07T14:15:00","guid":{"rendered":"https:\/\/www.em.com.br\/emfoco\/?p=178526"},"modified":"2026-03-06T23:13:53","modified_gmt":"2026-03-07T02:13:53","slug":"adeus-a-cama-tradicional-com-a-nova-tendencia-que-esta-ganhando-espaco-nas-casas-pelo-mundo","status":"publish","type":"post","link":"https:\/\/www.em.com.br\/emfoco\/2026\/03\/07\/adeus-a-cama-tradicional-com-a-nova-tendencia-que-esta-ganhando-espaco-nas-casas-pelo-mundo\/","title":{"rendered":"Adeus \u00e0 cama tradicional com a nova tend\u00eancia que est\u00e1 ganhando espa\u00e7o nas casas pelo mundo"},"content":{"rendered":"\n<p>Em apartamentos compactos, cada cent\u00edmetro conta e o morador precisa conciliar descanso, trabalho e lazer no mesmo ambiente. Nesse cen\u00e1rio mais din\u00e2mico, a <strong>cama dobr\u00e1vel <\/strong>surge como aliada para transformar o quarto em \u00e1rea de estar, escrit\u00f3rio ou espa\u00e7o de treino ao longo do dia, acompanhando o crescimento do home office e dos studios e quitinetes nas grandes cidades.<\/p>\n\n\n\n<h2 class=\"wp-block-heading\">O que \u00e9 cama dobr\u00e1vel e por que ela se tornou tend\u00eancia<\/h2>\n\n\n\n<p>A cama dobr\u00e1vel, tamb\u00e9m chamada de <strong>cama embutida<\/strong> ou de <strong>parede<\/strong>, \u00e9 um sistema em que a estrutura do colch\u00e3o se oculta em um m\u00f3vel vertical ou horizontal. Em poucos movimentos, o m\u00f3vel se fecha, libera \u00e1rea livre para outras atividades e ajuda a manter uma apar\u00eancia mais organizada no ambiente.<\/p>\n\n\n\n<p>Um conjunto de ferragens, pist\u00f5es e dobradi\u00e7as permite erguer a base da <a href=\"https:\/\/www.em.com.br\/emfoco\/2026\/03\/05\/deixar-um-pote-de-sal-grosso-ao-lado-da-cama-por-que-essa-pratica-tem-chamado-atencao\/\" target=\"_blank\" rel=\"noreferrer noopener\">cama <\/a>e trav\u00e1-la em posi\u00e7\u00e3o segura dentro de um painel. Quando aberta, funciona como uma cama convencional, com colch\u00e3o padr\u00e3o e estrutura est\u00e1vel; quando fechada, pode simular um arm\u00e1rio, estante ou painel liso, refor\u00e7ando a sensa\u00e7\u00e3o de amplitude no espa\u00e7o.<\/p>\n\n\n\n<figure class=\"wp-block-image size-large\"><img loading=\"lazy\" decoding=\"async\" width=\"1024\" height=\"576\" src=\"https:\/\/www.em.com.br\/emfoco\/wp-content\/uploads\/2026\/03\/mosaico_1772833264225-1024x576.jpg\" alt=\"A solu\u00e7\u00e3o de decora\u00e7\u00e3o que est\u00e1 mudando apartamentos pequenos\n\" class=\"wp-image-178588\" srcset=\"https:\/\/www.em.com.br\/emfoco\/wp-content\/uploads\/2026\/03\/mosaico_1772833264225-1024x576.jpg 1024w, https:\/\/www.em.com.br\/emfoco\/wp-content\/uploads\/2026\/03\/mosaico_1772833264225-300x169.jpg 300w, https:\/\/www.em.com.br\/emfoco\/wp-content\/uploads\/2026\/03\/mosaico_1772833264225-768x432.jpg 768w, https:\/\/www.em.com.br\/emfoco\/wp-content\/uploads\/2026\/03\/mosaico_1772833264225-750x422.jpg 750w, https:\/\/www.em.com.br\/emfoco\/wp-content\/uploads\/2026\/03\/mosaico_1772833264225-1140x641.jpg 1140w, https:\/\/www.em.com.br\/emfoco\/wp-content\/uploads\/2026\/03\/mosaico_1772833264225.jpg 1280w\" sizes=\"auto, (max-width: 1024px) 100vw, 1024px\" \/><figcaption class=\"wp-element-caption\">A solu\u00e7\u00e3o de decora\u00e7\u00e3o que est\u00e1 mudando apartamentos pequenos<\/figcaption><\/figure>\n\n\n\n<h2 class=\"wp-block-heading\">Quais s\u00e3o as principais vantagens da cama dobr\u00e1vel<\/h2>\n\n\n\n<p>Entre as solu\u00e7\u00f5es para apartamentos pequenos, a cama dobr\u00e1vel de parede se destaca por unir funcionalidade, versatilidade e conforto. Em im\u00f3veis onde o mesmo espa\u00e7o serve para trabalhar, receber visitas e dormir, ela permite rearranjar o c\u00f4modo conforme a rotina, sem exigir reformas estruturais.<\/p>\n\n\n\n<p>Ao mesmo tempo, a evolu\u00e7\u00e3o das ferragens e dos sistemas de seguran\u00e7a tornou o uso di\u00e1rio mais pr\u00e1tico, inclusive para camas de casal. A seguir, alguns benef\u00edcios que explicam por que esse tipo de mobili\u00e1rio ganhou tanta for\u00e7a nos \u00faltimos anos:<\/p>\n\n\n\n<ul class=\"wp-block-list\">\n<li><strong>Aproveitamento m\u00e1ximo do espa\u00e7o:<\/strong>\u00a0ao ser recolhida, a cama libera \u00e1rea para circula\u00e7\u00e3o, mesa de trabalho, exerc\u00edcios ou brinquedos infantis.<\/li>\n\n\n\n<li><strong>Ambiente multifuncional:<\/strong>\u00a0um \u00fanico c\u00f4modo pode funcionar como sala, escrit\u00f3rio e quarto em hor\u00e1rios diferentes.<\/li>\n\n\n\n<li><strong>Organiza\u00e7\u00e3o visual:<\/strong>\u00a0com a cama \u201cescondida\u201d, o ambiente parece mais amplo e menos carregado.<\/li>\n\n\n\n<li><strong>Prote\u00e7\u00e3o do colch\u00e3o:<\/strong>\u00a0fechado durante o dia, o colch\u00e3o fica menos exposto \u00e0 poeira e \u00e0 luz direta.<\/li>\n\n\n\n<li><strong>Uso facilitado:<\/strong>\u00a0pist\u00f5es a g\u00e1s, molas dimensionadas e travas antiqueda reduzem o esfor\u00e7o e aumentam a seguran\u00e7a.<\/li>\n<\/ul>\n\n\n\n<h2 class=\"wp-block-heading\">Como integrar a cama dobr\u00e1vel \u00e0 decora\u00e7\u00e3o do ambiente<\/h2>\n\n\n\n<p>Arquitetos e designers passaram a tratar a <a href=\"https:\/\/br.pinterest.com\/ideas\/cama-dobr%C3%A1vel\/920111188348\/\" target=\"_blank\" rel=\"noreferrer noopener\">cama dobr\u00e1vel <\/a>como pe\u00e7a central em est\u00fadios e lofts, integrando-a \u00e0 marcenaria planejada. A estrutura que abriga a cama pode receber portas, nichos, prateleiras e ilumina\u00e7\u00e3o embutida, substituindo estantes, racks ou cabeceiras tradicionais com um \u00fanico volume discreto.<\/p>\n\n\n\n<p>H\u00e1 modelos com arm\u00e1rio, vers\u00f5es com bancada articulada para home office e frentes espelhadas que ampliam visualmente o espa\u00e7o. Materiais como melamina, MDF e madeira natural, em cores neutras ou marcantes, permitem alinhar o m\u00f3vel a estilos minimalistas, industriais, escandinavos ou contempor\u00e2neos sem destoar do restante da decora\u00e7\u00e3o.<\/p>\n\n\n\n<figure class=\"wp-block-image size-large\"><img loading=\"lazy\" decoding=\"async\" width=\"1024\" height=\"576\" src=\"https:\/\/www.em.com.br\/emfoco\/wp-content\/uploads\/2026\/03\/ChatGPT-Image-6-de-mar.-de-2026-18_34_30-1-1024x576.png\" alt=\"A solu\u00e7\u00e3o de decora\u00e7\u00e3o que est\u00e1 mudando apartamentos pequenos\n\" class=\"wp-image-178583\" srcset=\"https:\/\/www.em.com.br\/emfoco\/wp-content\/uploads\/2026\/03\/ChatGPT-Image-6-de-mar.-de-2026-18_34_30-1-1024x576.png 1024w, https:\/\/www.em.com.br\/emfoco\/wp-content\/uploads\/2026\/03\/ChatGPT-Image-6-de-mar.-de-2026-18_34_30-1-300x169.png 300w, https:\/\/www.em.com.br\/emfoco\/wp-content\/uploads\/2026\/03\/ChatGPT-Image-6-de-mar.-de-2026-18_34_30-1-768x432.png 768w, https:\/\/www.em.com.br\/emfoco\/wp-content\/uploads\/2026\/03\/ChatGPT-Image-6-de-mar.-de-2026-18_34_30-1-750x422.png 750w, https:\/\/www.em.com.br\/emfoco\/wp-content\/uploads\/2026\/03\/ChatGPT-Image-6-de-mar.-de-2026-18_34_30-1-1140x641.png 1140w, https:\/\/www.em.com.br\/emfoco\/wp-content\/uploads\/2026\/03\/ChatGPT-Image-6-de-mar.-de-2026-18_34_30-1.png 1280w\" sizes=\"auto, (max-width: 1024px) 100vw, 1024px\" \/><figcaption class=\"wp-element-caption\">A solu\u00e7\u00e3o de decora\u00e7\u00e3o que est\u00e1 mudando apartamentos pequenos<\/figcaption><\/figure>\n\n\n\n<h2 class=\"wp-block-heading\">Como escolher a cama dobr\u00e1vel ideal para o seu espa\u00e7o<\/h2>\n\n\n\n<p>A escolha da cama dobr\u00e1vel ideal passa por planejamento cuidadoso do ambiente e do uso di\u00e1rio. Medidas, tipo de abertura, peso do colch\u00e3o e qualidade das ferragens influenciam diretamente na seguran\u00e7a, durabilidade e conforto ao longo do tempo.<\/p>\n\n\n\n<p>Em projetos sob medida, \u00e9 poss\u00edvel incluir m\u00f3dulos laterais, gavetas inferiores, ilumina\u00e7\u00e3o e at\u00e9 tomadas e portas USB no painel. Para evitar erros e retrabalho, alguns pontos de aten\u00e7\u00e3o fazem toda a diferen\u00e7a na hora da compra e da instala\u00e7\u00e3o:<\/p>\n\n\n\n<ol class=\"wp-block-list\">\n<li><strong>Medi\u00e7\u00e3o do ambiente:<\/strong>\u00a0verifique altura do p\u00e9-direito, largura da parede e profundidade dispon\u00edvel para o m\u00f3vel fechado.<\/li>\n\n\n\n<li><strong>Tipo de abertura:<\/strong>\u00a0modelos verticais aproveitam melhor paredes altas; horizontais funcionam bem sob janelas ou sancas.<\/li>\n\n\n\n<li><strong>Frequ\u00eancia de uso:<\/strong>\u00a0para uso di\u00e1rio, priorize ferragens refor\u00e7adas e sistemas de abertura suaves e confi\u00e1veis.<\/li>\n\n\n\n<li><strong>Tipo de colch\u00e3o:<\/strong>\u00a0cheque peso e espessura suportados pela estrutura para evitar sobrecarga.<\/li>\n\n\n\n<li><strong>Fixa\u00e7\u00e3o correta:<\/strong>\u00a0garanta que o painel esteja ancorado em paredes adequadas, seguindo rigorosamente as orienta\u00e7\u00f5es do fabricante.<\/li>\n<\/ol>\n\n\n\n<h2 class=\"wp-block-heading\">Por que voc\u00ea deve considerar uma cama dobr\u00e1vel agora<\/h2>\n\n\n\n<p>Com im\u00f3veis cada vez menores e rotinas mais h\u00edbridas, adiar a decis\u00e3o de otimizar o espa\u00e7o significa continuar perdendo \u00e1rea \u00fatil todos os dias. A cama dobr\u00e1vel permite transformar um c\u00f4modo apertado em um ambiente funcional, bonito e pronto para receber visitas, trabalhar ou simplesmente relaxar sem sensa\u00e7\u00e3o de aperto.<\/p>\n\n\n\n<p>Se voc\u00ea sente que seu apartamento est\u00e1 sempre bagun\u00e7ado ou pequeno demais, este \u00e9 o momento de agir: avalie suas medidas, pesquise modelos e consulte um projeto sob medida ainda hoje. Cada m\u00eas que passa sem essa mudan\u00e7a \u00e9 um m\u00eas a mais vivendo em um espa\u00e7o limitado, quando voc\u00ea poderia ter um ambiente vers\u00e1til, organizado e muito mais agrad\u00e1vel agora mesmo.<\/p>\n","protected":false},"excerpt":{"rendered":"<p>Em apartamentos compactos, cada cent\u00edmetro conta e o morador precisa conciliar descanso, trabalho e lazer no mesmo ambiente. Nesse cen\u00e1rio mais din\u00e2mico, a cama dobr\u00e1vel surge como aliada para transformar o quarto em \u00e1rea de estar, escrit\u00f3rio ou espa\u00e7o de treino ao longo do dia, acompanhando o crescimento do home office e dos studios e [&hellip;]<\/p>\n","protected":false},"author":11,"featured_media":169981,"comment_status":"open","ping_status":"open","sticky":false,"template":"","format":"standard","meta":{"jnews-multi-image_gallery":[],"jnews_single_post":{"format":"standard"},"jnews_primary_category":[],"jnews_social_meta":[],"jnews_override_counter":[],"footnotes":""},"categories":[8819,1],"tags":[21672,8873,25826,4687,13874],"class_list":["post-178526","post","type-post","status-publish","format-standard","has-post-thumbnail","hentry","category-curiosidades","category-noticias","tag-apartamentos-pequenos","tag-cama","tag-cama-dobravel","tag-decoracao","tag-quarto"],"yoast_head":"<!-- This site is optimized with the Yoast SEO plugin v23.8 - https:\/\/yoast.com\/wordpress\/plugins\/seo\/ -->\n<title>Adeus \u00e0 cama tradicional com a nova tend\u00eancia que est\u00e1 ganhando espa\u00e7o nas casas pelo mundo - Estado de Minas - Em foco<\/title>\n<meta name=\"description\" content=\"Cama dobr\u00e1vel ganha espa\u00e7o em apartamentos compactos ao transformar o quarto em ambiente multifuncional.\" \/>\n<meta name=\"robots\" content=\"index, follow, max-snippet:-1, max-image-preview:large, max-video-preview:-1\" \/>\n<link rel=\"canonical\" href=\"https:\/\/www.em.com.br\/emfoco\/2026\/03\/07\/adeus-a-cama-tradicional-com-a-nova-tendencia-que-esta-ganhando-espaco-nas-casas-pelo-mundo\/\" \/>\n<meta property=\"og:locale\" content=\"pt_BR\" \/>\n<meta property=\"og:type\" content=\"article\" \/>\n<meta property=\"og:title\" content=\"Adeus \u00e0 cama tradicional com a nova tend\u00eancia que est\u00e1 ganhando espa\u00e7o nas casas pelo mundo - Estado de Minas - Em foco\" \/>\n<meta property=\"og:description\" content=\"Cama dobr\u00e1vel ganha espa\u00e7o em apartamentos compactos ao transformar o quarto em ambiente multifuncional.\" \/>\n<meta property=\"og:url\" content=\"https:\/\/www.em.com.br\/emfoco\/2026\/03\/07\/adeus-a-cama-tradicional-com-a-nova-tendencia-que-esta-ganhando-espaco-nas-casas-pelo-mundo\/\" \/>\n<meta property=\"og:site_name\" content=\"Estado de Minas - Em foco\" \/>\n<meta property=\"article:published_time\" content=\"2026-03-07T14:15:00+00:00\" \/>\n<meta property=\"article:modified_time\" content=\"2026-03-07T02:13:53+00:00\" \/>\n<meta property=\"og:image\" content=\"https:\/\/www.em.com.br\/emfoco\/wp-content\/uploads\/2026\/02\/Gemini_Generated_Image_1fvi6h1fvi6h1fvi-1.png\" \/>\n\t<meta property=\"og:image:width\" content=\"1280\" \/>\n\t<meta property=\"og:image:height\" content=\"720\" \/>\n\t<meta property=\"og:image:type\" content=\"image\/png\" \/>\n<meta name=\"author\" content=\"Andre\u0301 Rangel\u00a0\" \/>\n<meta name=\"twitter:card\" content=\"summary_large_image\" \/>\n<meta name=\"twitter:label1\" content=\"Escrito por\" \/>\n\t<meta name=\"twitter:data1\" content=\"Andre\u0301 Rangel\u00a0\" \/>\n\t<meta name=\"twitter:label2\" content=\"Est. tempo de leitura\" \/>\n\t<meta name=\"twitter:data2\" content=\"5 minutos\" \/>\n<!-- \/ Yoast SEO plugin. -->","yoast_head_json":{"title":"Adeus \u00e0 cama tradicional com a nova tend\u00eancia que est\u00e1 ganhando espa\u00e7o nas casas pelo mundo - Estado de Minas - Em foco","description":"Cama dobr\u00e1vel ganha espa\u00e7o em apartamentos compactos ao transformar o quarto em ambiente multifuncional.","robots":{"index":"index","follow":"follow","max-snippet":"max-snippet:-1","max-image-preview":"max-image-preview:large","max-video-preview":"max-video-preview:-1"},"canonical":"https:\/\/www.em.com.br\/emfoco\/2026\/03\/07\/adeus-a-cama-tradicional-com-a-nova-tendencia-que-esta-ganhando-espaco-nas-casas-pelo-mundo\/","og_locale":"pt_BR","og_type":"article","og_title":"Adeus \u00e0 cama tradicional com a nova tend\u00eancia que est\u00e1 ganhando espa\u00e7o nas casas pelo mundo - Estado de Minas - Em foco","og_description":"Cama dobr\u00e1vel ganha espa\u00e7o em apartamentos compactos ao transformar o quarto em ambiente multifuncional.","og_url":"https:\/\/www.em.com.br\/emfoco\/2026\/03\/07\/adeus-a-cama-tradicional-com-a-nova-tendencia-que-esta-ganhando-espaco-nas-casas-pelo-mundo\/","og_site_name":"Estado de Minas - Em foco","article_published_time":"2026-03-07T14:15:00+00:00","article_modified_time":"2026-03-07T02:13:53+00:00","og_image":[{"width":1280,"height":720,"url":"https:\/\/www.em.com.br\/emfoco\/wp-content\/uploads\/2026\/02\/Gemini_Generated_Image_1fvi6h1fvi6h1fvi-1.png","type":"image\/png"}],"author":"Andre\u0301 Rangel\u00a0","twitter_card":"summary_large_image","twitter_misc":{"Escrito por":"Andre\u0301 Rangel\u00a0","Est. tempo de leitura":"5 minutos"},"schema":{"@context":"https:\/\/schema.org","@graph":[{"@type":"WebPage","@id":"https:\/\/www.em.com.br\/emfoco\/2026\/03\/07\/adeus-a-cama-tradicional-com-a-nova-tendencia-que-esta-ganhando-espaco-nas-casas-pelo-mundo\/","url":"https:\/\/www.em.com.br\/emfoco\/2026\/03\/07\/adeus-a-cama-tradicional-com-a-nova-tendencia-que-esta-ganhando-espaco-nas-casas-pelo-mundo\/","name":"Adeus \u00e0 cama tradicional com a nova tend\u00eancia que est\u00e1 ganhando espa\u00e7o nas casas pelo mundo - Estado de Minas - Em foco","isPartOf":{"@id":"https:\/\/www.em.com.br\/emfoco\/#website"},"primaryImageOfPage":{"@id":"https:\/\/www.em.com.br\/emfoco\/2026\/03\/07\/adeus-a-cama-tradicional-com-a-nova-tendencia-que-esta-ganhando-espaco-nas-casas-pelo-mundo\/#primaryimage"},"image":{"@id":"https:\/\/www.em.com.br\/emfoco\/2026\/03\/07\/adeus-a-cama-tradicional-com-a-nova-tendencia-que-esta-ganhando-espaco-nas-casas-pelo-mundo\/#primaryimage"},"thumbnailUrl":"https:\/\/www.em.com.br\/emfoco\/wp-content\/uploads\/2026\/02\/Gemini_Generated_Image_1fvi6h1fvi6h1fvi-1.png","datePublished":"2026-03-07T14:15:00+00:00","dateModified":"2026-03-07T02:13:53+00:00","author":{"@id":"https:\/\/www.em.com.br\/emfoco\/#\/schema\/person\/60eda09c1fedf0d6891f4cef4b60b8b8"},"description":"Cama dobr\u00e1vel ganha espa\u00e7o em apartamentos compactos ao transformar o quarto em ambiente multifuncional.","breadcrumb":{"@id":"https:\/\/www.em.com.br\/emfoco\/2026\/03\/07\/adeus-a-cama-tradicional-com-a-nova-tendencia-que-esta-ganhando-espaco-nas-casas-pelo-mundo\/#breadcrumb"},"inLanguage":"pt-BR","potentialAction":[{"@type":"ReadAction","target":["https:\/\/www.em.com.br\/emfoco\/2026\/03\/07\/adeus-a-cama-tradicional-com-a-nova-tendencia-que-esta-ganhando-espaco-nas-casas-pelo-mundo\/"]}]},{"@type":"ImageObject","inLanguage":"pt-BR","@id":"https:\/\/www.em.com.br\/emfoco\/2026\/03\/07\/adeus-a-cama-tradicional-com-a-nova-tendencia-que-esta-ganhando-espaco-nas-casas-pelo-mundo\/#primaryimage","url":"https:\/\/www.em.com.br\/emfoco\/wp-content\/uploads\/2026\/02\/Gemini_Generated_Image_1fvi6h1fvi6h1fvi-1.png","contentUrl":"https:\/\/www.em.com.br\/emfoco\/wp-content\/uploads\/2026\/02\/Gemini_Generated_Image_1fvi6h1fvi6h1fvi-1.png","width":1280,"height":720,"caption":"A solu\u00e7\u00e3o de decora\u00e7\u00e3o que est\u00e1 mudando apartamentos pequenos"},{"@type":"BreadcrumbList","@id":"https:\/\/www.em.com.br\/emfoco\/2026\/03\/07\/adeus-a-cama-tradicional-com-a-nova-tendencia-que-esta-ganhando-espaco-nas-casas-pelo-mundo\/#breadcrumb","itemListElement":[{"@type":"ListItem","position":1,"name":"In\u00edcio","item":"https:\/\/www.em.com.br\/emfoco\/"},{"@type":"ListItem","position":2,"name":"Adeus \u00e0 cama tradicional com a nova tend\u00eancia que est\u00e1 ganhando espa\u00e7o nas casas pelo mundo"}]},{"@type":"WebSite","@id":"https:\/\/www.em.com.br\/emfoco\/#website","url":"https:\/\/www.em.com.br\/emfoco\/","name":"Estado de Minas - Em foco","description":"Acompanhe as \u00faltimas not\u00edcias e fique bem informado sobre tudo o que acontece em Minas Gerais, Brasil e no mundo.","potentialAction":[{"@type":"SearchAction","target":{"@type":"EntryPoint","urlTemplate":"https:\/\/www.em.com.br\/emfoco\/?s={search_term_string}"},"query-input":{"@type":"PropertyValueSpecification","valueRequired":true,"valueName":"search_term_string"}}],"inLanguage":"pt-BR"},{"@type":"Person","@id":"https:\/\/www.em.com.br\/emfoco\/#\/schema\/person\/60eda09c1fedf0d6891f4cef4b60b8b8","name":"Andre\u0301 Rangel\u00a0","image":{"@type":"ImageObject","inLanguage":"pt-BR","@id":"https:\/\/www.em.com.br\/emfoco\/#\/schema\/person\/image\/","url":"https:\/\/secure.gravatar.com\/avatar\/6234dc814c77c8ef6d8bba622c787efc?s=96&d=mm&r=g","contentUrl":"https:\/\/secure.gravatar.com\/avatar\/6234dc814c77c8ef6d8bba622c787efc?s=96&d=mm&r=g","caption":"Andre\u0301 Rangel\u00a0"},"url":"https:\/\/www.em.com.br\/emfoco\/author\/luizmyth\/"}]}},"_links":{"self":[{"href":"https:\/\/www.em.com.br\/emfoco\/wp-json\/wp\/v2\/posts\/178526","targetHints":{"allow":["GET"]}}],"collection":[{"href":"https:\/\/www.em.com.br\/emfoco\/wp-json\/wp\/v2\/posts"}],"about":[{"href":"https:\/\/www.em.com.br\/emfoco\/wp-json\/wp\/v2\/types\/post"}],"author":[{"embeddable":true,"href":"https:\/\/www.em.com.br\/emfoco\/wp-json\/wp\/v2\/users\/11"}],"replies":[{"embeddable":true,"href":"https:\/\/www.em.com.br\/emfoco\/wp-json\/wp\/v2\/comments?post=178526"}],"version-history":[{"count":4,"href":"https:\/\/www.em.com.br\/emfoco\/wp-json\/wp\/v2\/posts\/178526\/revisions"}],"predecessor-version":[{"id":178594,"href":"https:\/\/www.em.com.br\/emfoco\/wp-json\/wp\/v2\/posts\/178526\/revisions\/178594"}],"wp:featuredmedia":[{"embeddable":true,"href":"https:\/\/www.em.com.br\/emfoco\/wp-json\/wp\/v2\/media\/169981"}],"wp:attachment":[{"href":"https:\/\/www.em.com.br\/emfoco\/wp-json\/wp\/v2\/media?parent=178526"}],"wp:term":[{"taxonomy":"category","embeddable":true,"href":"https:\/\/www.em.com.br\/emfoco\/wp-json\/wp\/v2\/categories?post=178526"},{"taxonomy":"post_tag","embeddable":true,"href":"https:\/\/www.em.com.br\/emfoco\/wp-json\/wp\/v2\/tags?post=178526"}],"curies":[{"name":"wp","href":"https:\/\/api.w.org\/{rel}","templated":true}]}}