{"id":178502,"date":"2026-03-07T21:15:32","date_gmt":"2026-03-08T00:15:32","guid":{"rendered":"https:\/\/www.em.com.br\/emfoco\/?p=178502"},"modified":"2026-03-06T18:04:05","modified_gmt":"2026-03-06T21:04:05","slug":"psicologia-explica-por-que-algumas-pessoas-misturam-maiusculas-e-minusculas-ao-escrever","status":"publish","type":"post","link":"https:\/\/www.em.com.br\/emfoco\/2026\/03\/07\/psicologia-explica-por-que-algumas-pessoas-misturam-maiusculas-e-minusculas-ao-escrever\/","title":{"rendered":"Psicologia explica por que algumas pessoas misturam mai\u00fasculas e min\u00fasculas ao escrever"},"content":{"rendered":"\n<p>Voc\u00ea j\u00e1 reparou na letra de algu\u00e9m que escreve <b>\u201caMesSA\u201d<\/b> ou <b>\u201ccaSa\u201d<\/b> misturando mai\u00fasculas e min\u00fasculas no meio da palavra? Esse jeito de escrever chama aten\u00e7\u00e3o em <b>bilhetes<\/b>, provas, anota\u00e7\u00f5es e at\u00e9 assinaturas, e muitas pessoas se perguntam se isso revela algo sobre a mente, a <b>personalidade<\/b> ou o estado emocional de quem escreve.<\/p>\n\n\n\n<h2 class=\"wp-block-heading\">O que significa misturar mai\u00fasculas e min\u00fasculas na escrita<\/h2>\n\n\n\n<p>Na <b>psicologia<\/b> e na grafologia, essa mistura n\u00e3o costuma ser vista s\u00f3 como \u201cerro\u201d ou descuido. Em muitos casos, ela mostra uma vontade de fugir do padr\u00e3o, criar um estilo pr\u00f3prio e tornar a <b>escrita<\/b> algo mais pessoal e <b>expressivo<\/b>.<\/p>\n\n\n\n<p>Essa altern\u00e2ncia pode aparecer tanto em recados r\u00e1pidos quanto em textos <b>longos<\/b>. Quando vira um h\u00e1bito constante, passa a ser observada como um tra\u00e7o de express\u00e3o individual, que pode se <b>combinar<\/b> com outros sinais da escrita para sugerir certos <b>comportamentos<\/b> ou tend\u00eancias.<\/p>\n\n\n<div class=\"wp-block-image\">\n<figure class=\"aligncenter size-large\"><img loading=\"lazy\" decoding=\"async\" width=\"1024\" height=\"576\" src=\"https:\/\/www.em.com.br\/emfoco\/wp-content\/uploads\/2026\/03\/Gemini_Generated_Image_6utymb6utymb6uty-1-1024x576.png\" alt=\"\" class=\"wp-image-178521\" srcset=\"https:\/\/www.em.com.br\/emfoco\/wp-content\/uploads\/2026\/03\/Gemini_Generated_Image_6utymb6utymb6uty-1-1024x576.png 1024w, https:\/\/www.em.com.br\/emfoco\/wp-content\/uploads\/2026\/03\/Gemini_Generated_Image_6utymb6utymb6uty-1-300x169.png 300w, https:\/\/www.em.com.br\/emfoco\/wp-content\/uploads\/2026\/03\/Gemini_Generated_Image_6utymb6utymb6uty-1-768x432.png 768w, https:\/\/www.em.com.br\/emfoco\/wp-content\/uploads\/2026\/03\/Gemini_Generated_Image_6utymb6utymb6uty-1-750x422.png 750w, https:\/\/www.em.com.br\/emfoco\/wp-content\/uploads\/2026\/03\/Gemini_Generated_Image_6utymb6utymb6uty-1-1140x641.png 1140w, https:\/\/www.em.com.br\/emfoco\/wp-content\/uploads\/2026\/03\/Gemini_Generated_Image_6utymb6utymb6uty-1.png 1280w\" sizes=\"auto, (max-width: 1024px) 100vw, 1024px\" \/><figcaption class=\"wp-element-caption\">Na psicologia e na grafologia, essa mistura n\u00e3o costuma ser vista s\u00f3 como \u201cerro\u201d ou descuido<\/figcaption><\/figure><\/div>\n\n\n<p>Leia tamb\u00e9m:&nbsp;<a href=\"https:\/\/www.em.com.br\/emfoco\/2026\/03\/06\/o-que-significa-quando-uma-pessoa-nao-ajuda-a-retirar-os-utensilios-da-mesa-segundo-a-psicologia\/\" target=\"_blank\" rel=\"noopener\">O que significa quando uma pessoa n\u00e3o ajuda a retirar os utens\u00edlios da mesa, segundo a psicologia<\/a><\/p>\n\n\n\n<h2 class=\"wp-block-heading\">Quais comportamentos podem estar ligados a essa mistura de letras<\/h2>\n\n\n\n<p>De forma geral, a altern\u00e2ncia entre letras grandes e pequenas no meio da palavra costuma ser associada a algumas <b>caracter\u00edsticas<\/b>, sempre analisadas junto de outros aspectos da escrita e do contexto de vida da pessoa. N\u00e3o \u00e9 \u201cregra fixa\u201d, mas pistas que podem ser <b>observadas<\/b> com certo cuidado e <b>crit\u00e9rios<\/b> t\u00e9cnicos.<\/p>\n\n\n\n<p>Entre as interpreta\u00e7\u00f5es mais comuns, est\u00e3o ideias como desejo de <b>originalidade<\/b>, vontade de se destacar ou at\u00e9 momentos de pressa e tens\u00e3o mental, em que a m\u00e3o corre mais do que o pensamento consegue organizar. Em alguns casos, tamb\u00e9m se relaciona a fases de mudan\u00e7a <b>pessoal<\/b> ou busca de nova <b>identidade<\/b> visual na escrita.<\/p>\n\n\n\n<h2 class=\"wp-block-heading\">O que a psicologia observa ao analisar essa forma de escrever<\/h2>\n\n\n\n<p>Quando psic\u00f3logos e graf\u00f3logos olham para esse h\u00e1bito, costumam considerar tr\u00eas pontos principais: <b>emo\u00e7\u00e3o<\/b>, organiza\u00e7\u00e3o interna e forma de <b>express\u00e3o<\/b>. A escrita \u00e9 vista como um comportamento motor influenciado pelo c\u00e9rebro, pelo momento <b>emocional<\/b> e pela hist\u00f3ria de aprendizado de cada pessoa.<\/p>\n\n\n\n<p>Em per\u00edodos de <a href=\"https:\/\/www.einstein.br\/n\/glossario-de-saude\/ansiedade\" target=\"_blank\" rel=\"noreferrer noopener\">ansiedade<\/a>, agita\u00e7\u00e3o ou irrita\u00e7\u00e3o, por exemplo, \u00e9 comum que as letras mudem de tamanho e forma de maneira mais brusca. J\u00e1 quando existe um padr\u00e3o est\u00e1vel de mistura, isso pode indicar inten\u00e7\u00e3o consciente, como se a pessoa estivesse \u201cdesenhando\u201d o texto de prop\u00f3sito, usando a forma das letras como recurso de <b>linguagem<\/b> e tamb\u00e9m de <b>autoexpress\u00e3o<\/b> visual.<\/p>\n\n\n<div class=\"wp-block-image\">\n<figure class=\"aligncenter size-large\"><img loading=\"lazy\" decoding=\"async\" width=\"1024\" height=\"576\" src=\"https:\/\/www.em.com.br\/emfoco\/wp-content\/uploads\/2026\/03\/escrita_1772830680708-1024x576.jpg\" alt=\"\" class=\"wp-image-178527\" srcset=\"https:\/\/www.em.com.br\/emfoco\/wp-content\/uploads\/2026\/03\/escrita_1772830680708-1024x576.jpg 1024w, https:\/\/www.em.com.br\/emfoco\/wp-content\/uploads\/2026\/03\/escrita_1772830680708-300x169.jpg 300w, https:\/\/www.em.com.br\/emfoco\/wp-content\/uploads\/2026\/03\/escrita_1772830680708-768x432.jpg 768w, https:\/\/www.em.com.br\/emfoco\/wp-content\/uploads\/2026\/03\/escrita_1772830680708-750x422.jpg 750w, https:\/\/www.em.com.br\/emfoco\/wp-content\/uploads\/2026\/03\/escrita_1772830680708-1140x641.jpg 1140w, https:\/\/www.em.com.br\/emfoco\/wp-content\/uploads\/2026\/03\/escrita_1772830680708.jpg 1280w\" sizes=\"auto, (max-width: 1024px) 100vw, 1024px\" \/><figcaption class=\"wp-element-caption\">De forma geral, a altern\u00e2ncia entre letras grandes e pequenas no meio da palavra costuma ser associada &#8211; Cr\u00e9ditos: depositphotos.com \/ TarasMalyarevich<\/figcaption><\/figure><\/div>\n\n\n<h2 class=\"wp-block-heading\">Esse h\u00e1bito indica mais criatividade ou impulsividade<\/h2>\n\n\n\n<p>Muita gente se pergunta se escrever misturando mai\u00fasculas e min\u00fasculas \u00e9 sinal de mente <b>criativa<\/b> ou de pessoa impulsiva. Para v\u00e1rios graf\u00f3logos, esse tra\u00e7o aparece com frequ\u00eancia em quem gosta de experimentar, tem imagina\u00e7\u00e3o ativa e enxerga a escrita tamb\u00e9m como um espa\u00e7o de express\u00e3o visual, quase como um <b>desenho<\/b> ou forma de <b>arte<\/b>.<\/p>\n\n\n\n<p>Por outro lado, quando essa mistura \u00e9 totalmente desorganizada, com letras que mudam sem ritmo, linhas quebradas e press\u00e3o muito forte no papel, alguns especialistas associam o padr\u00e3o a momentos de tens\u00e3o e descompasso <b>emocional<\/b>, em que a mente est\u00e1 acelerada e a m\u00e3o acompanha esse ritmo. Nessas situa\u00e7\u00f5es, \u00e9 importante considerar o contexto de <b>vida<\/b> da pessoa e poss\u00edveis sinais de <b>impulsividade<\/b> em outras \u00e1reas.<\/p>\n\n\n\n<h2 class=\"wp-block-heading\">Como diferenciar express\u00e3o criativa de desorganiza\u00e7\u00e3o<\/h2>\n\n\n\n<p>Para entender melhor se a mistura de letras \u00e9 mais um recurso <b>est\u00e9tico<\/b> ou um reflexo de descontrole, a an\u00e1lise costuma observar alguns elementos em conjunto, e n\u00e3o apenas a forma das letras isoladamente. Em abordagens mais atuais, tamb\u00e9m se considera a influ\u00eancia de h\u00e1bitos digitais e contato com diferentes <b>fontes<\/b> de <b>escrita<\/b>.<\/p>\n\n\n\n<p>Esses pontos ajudam a montar um quadro mais completo da escrita e do momento de quem escreveu:<\/p>\n\n\n\n<div class=\"google-auto-ads-ignore\" style=\"box-sizing: border-box; display: flex; flex-direction: column; width: 100%; max-width: 800px; margin: 30px auto; background-color: #f0faff; color: #1f1f1f; border-radius: 12px; overflow: hidden; font-family: 'Segoe UI', Roboto, Helvetica, Arial, sans-serif; box-shadow: 0 4px 15px rgba(0,0,0,0.08); border: 1px solid #d9f7ff; position: relative; z-index: 5;\">\n\n  <div style=\"background-color: #e6f7ff; padding: 25px; border-bottom: 3px solid #1890ff; text-align: center;\">\n    <h2 style=\"margin: 0; color: #003a8c; font-size: 1.5rem; line-height: 1.3;\">\u270d\ufe0f An\u00e1lise e Interpreta\u00e7\u00e3o de Sinais Gr\u00e1ficos<\/h2>\n    <div style=\"font-size: 0.95rem; margin-top: 8px; color: #434343; opacity: 0.9;\">Entenda como padr\u00f5es, contextos e tra\u00e7os revelam estados emocionais<\/div>\n  <\/div>\n\n  <div style=\"padding: 25px; display: flex; flex-wrap: wrap; gap: 20px;\">\n    \n    <div style=\"flex: 1 1 300px; background-color: #ffffff; border-radius: 8px; padding: 20px; border: 1px solid #bae7ff; box-shadow: 0 2px 5px rgba(0,0,0,0.02);\">\n      <h3 style=\"margin: 0 0 15px 0; color: #096dd9; font-size: 1.1rem; font-weight: bold; border-bottom: 1px solid #e6f7ff; padding-bottom: 8px;\">\n        \ud83d\udd04 Regularidade\n      <\/h3>\n      <div style=\"font-size: 0.95rem; line-height: 1.5; font-weight: 400;\">\n        Quando o padr\u00e3o se repete, indica uma escolha mais consciente. Por outro lado, mudan\u00e7as ca\u00f3ticas sugerem <strong>oscila\u00e7\u00e3o emocional<\/strong>.\n      <\/div>\n    <\/div>\n\n    <div style=\"flex: 1 1 300px; background-color: #ffffff; border-radius: 8px; padding: 20px; border: 1px solid #bae7ff; box-shadow: 0 2px 5px rgba(0,0,0,0.02);\">\n      <h3 style=\"margin: 0 0 15px 0; color: #096dd9; font-size: 1.1rem; font-weight: bold; border-bottom: 1px solid #e6f7ff; padding-bottom: 8px;\">\n        \ud83d\uddbc\ufe0f Contexto\n      <\/h3>\n      <div style=\"font-size: 0.95rem; line-height: 1.5; font-weight: 400;\">\n        Se aparece em di\u00e1rios ou desenhos, tende \u00e0 <strong>criatividade<\/strong>. Se surge em situa\u00e7\u00f5es de estresse, pode refletir <strong>tens\u00e3o<\/strong>.\n      <\/div>\n    <\/div>\n\n    <div style=\"flex: 1 1 100%; background-color: #ffffff; border-radius: 8px; padding: 20px; border: 1px solid #bae7ff; box-shadow: 0 2px 5px rgba(0,0,0,0.02);\">\n      <h3 style=\"margin: 0 0 10px 0; color: #096dd9; font-size: 1.1rem; font-weight: bold;\">\n        \ud83d\udcd0 Outros sinais gr\u00e1ficos\n      <\/h3>\n      <div style=\"font-size: 0.95rem; line-height: 1.5; font-weight: 400;\">\n        Elementos como inclina\u00e7\u00e3o, espa\u00e7amento, margens e a press\u00e3o exercida no papel complementam a <strong>interpreta\u00e7\u00e3o<\/strong> final.\n      <\/div>\n    <\/div>\n\n  <\/div>\n<\/div>\n\n\n\n<h2 class=\"wp-block-heading\">Como entender esse tra\u00e7o sem tirar conclus\u00f5es r\u00e1pidas<\/h2>\n\n\n\n<p>Ao falar em o que significa misturar mai\u00fasculas e min\u00fasculas, especialistas refor\u00e7am a import\u00e2ncia de n\u00e3o transformar um detalhe da escrita em <b>r\u00f3tulo<\/b>. Hoje, muita gente copia estilos vistos em redes <b>sociais<\/b>, logos de marcas ou fontes de computador, sem que isso diga algo profundo sobre sua <b>personalidade<\/b>.<\/p>\n\n\n\n<p>Por isso, essa caracter\u00edstica deve ser vista como um sinal entre muitos outros. Quando existe interesse em uma avalia\u00e7\u00e3o mais cuidadosa, o ideal \u00e9 combinar a an\u00e1lise da escrita com <b>entrevistas<\/b>, question\u00e1rios e outros recursos da psicologia. Assim, a mistura de mai\u00fasculas e min\u00fasculas deixa de ser um mist\u00e9rio isolado e passa a ser apenas uma parte do jeito pessoal de se <b>expressar<\/b> no <b>mundo<\/b>.<\/p>\n","protected":false},"excerpt":{"rendered":"<p>Voc\u00ea j\u00e1 reparou na letra de algu\u00e9m que escreve \u201caMesSA\u201d ou \u201ccaSa\u201d misturando mai\u00fasculas e min\u00fasculas no meio da palavra? Esse jeito de escrever chama aten\u00e7\u00e3o em bilhetes, provas, anota\u00e7\u00f5es e at\u00e9 assinaturas, e muitas pessoas se perguntam se isso revela algo sobre a mente, a personalidade ou o estado emocional de quem escreve. O [&hellip;]<\/p>\n","protected":false},"author":9,"featured_media":178522,"comment_status":"open","ping_status":"open","sticky":false,"template":"","format":"standard","meta":{"jnews-multi-image_gallery":[],"jnews_single_post":{"format":"standard"},"jnews_primary_category":[],"jnews_social_meta":[],"jnews_override_counter":[],"footnotes":""},"categories":[8819,9053],"tags":[9615,25825,5155],"class_list":["post-178502","post","type-post","status-publish","format-standard","has-post-thumbnail","hentry","category-curiosidades","category-saude","tag-escrita","tag-misturar-letras","tag-psicologia"],"yoast_head":"<!-- This site is optimized with the Yoast SEO plugin v23.8 - https:\/\/yoast.com\/wordpress\/plugins\/seo\/ -->\n<title>Psicologia explica por que algumas pessoas misturam mai\u00fasculas e min\u00fasculas ao escrever - Estado de Minas - Em foco<\/title>\n<meta name=\"description\" content=\"Misturar mai\u00fasculas e min\u00fasculas na escrita pode indicar criatividade, estilo pessoal ou tens\u00e3o emocional, segundo psicologia e grafologia.\" \/>\n<meta name=\"robots\" content=\"index, follow, max-snippet:-1, max-image-preview:large, max-video-preview:-1\" \/>\n<link rel=\"canonical\" href=\"https:\/\/www.em.com.br\/emfoco\/2026\/03\/07\/psicologia-explica-por-que-algumas-pessoas-misturam-maiusculas-e-minusculas-ao-escrever\/\" \/>\n<meta property=\"og:locale\" content=\"pt_BR\" \/>\n<meta property=\"og:type\" content=\"article\" \/>\n<meta property=\"og:title\" content=\"Psicologia explica por que algumas pessoas misturam mai\u00fasculas e min\u00fasculas ao escrever - Estado de Minas - Em foco\" \/>\n<meta property=\"og:description\" content=\"Misturar mai\u00fasculas e min\u00fasculas na escrita pode indicar criatividade, estilo pessoal ou tens\u00e3o emocional, segundo psicologia e grafologia.\" \/>\n<meta property=\"og:url\" content=\"https:\/\/www.em.com.br\/emfoco\/2026\/03\/07\/psicologia-explica-por-que-algumas-pessoas-misturam-maiusculas-e-minusculas-ao-escrever\/\" \/>\n<meta property=\"og:site_name\" content=\"Estado de Minas - Em foco\" \/>\n<meta property=\"article:published_time\" content=\"2026-03-08T00:15:32+00:00\" \/>\n<meta property=\"article:modified_time\" content=\"2026-03-06T21:04:05+00:00\" \/>\n<meta property=\"og:image\" content=\"https:\/\/www.em.com.br\/emfoco\/wp-content\/uploads\/2026\/03\/Gemini_Generated_Image_3r77p23r77p23r77-1.png\" \/>\n\t<meta property=\"og:image:width\" content=\"1280\" \/>\n\t<meta property=\"og:image:height\" content=\"720\" \/>\n\t<meta property=\"og:image:type\" content=\"image\/png\" \/>\n<meta name=\"author\" content=\"Daniely Cardoso\" \/>\n<meta name=\"twitter:card\" content=\"summary_large_image\" \/>\n<meta name=\"twitter:label1\" content=\"Escrito por\" \/>\n\t<meta name=\"twitter:data1\" content=\"Daniely Cardoso\" \/>\n\t<meta name=\"twitter:label2\" content=\"Est. tempo de leitura\" \/>\n\t<meta name=\"twitter:data2\" content=\"6 minutos\" \/>\n<!-- \/ Yoast SEO plugin. -->","yoast_head_json":{"title":"Psicologia explica por que algumas pessoas misturam mai\u00fasculas e min\u00fasculas ao escrever - Estado de Minas - Em foco","description":"Misturar mai\u00fasculas e min\u00fasculas na escrita pode indicar criatividade, estilo pessoal ou tens\u00e3o emocional, segundo psicologia e grafologia.","robots":{"index":"index","follow":"follow","max-snippet":"max-snippet:-1","max-image-preview":"max-image-preview:large","max-video-preview":"max-video-preview:-1"},"canonical":"https:\/\/www.em.com.br\/emfoco\/2026\/03\/07\/psicologia-explica-por-que-algumas-pessoas-misturam-maiusculas-e-minusculas-ao-escrever\/","og_locale":"pt_BR","og_type":"article","og_title":"Psicologia explica por que algumas pessoas misturam mai\u00fasculas e min\u00fasculas ao escrever - Estado de Minas - Em foco","og_description":"Misturar mai\u00fasculas e min\u00fasculas na escrita pode indicar criatividade, estilo pessoal ou tens\u00e3o emocional, segundo psicologia e grafologia.","og_url":"https:\/\/www.em.com.br\/emfoco\/2026\/03\/07\/psicologia-explica-por-que-algumas-pessoas-misturam-maiusculas-e-minusculas-ao-escrever\/","og_site_name":"Estado de Minas - Em foco","article_published_time":"2026-03-08T00:15:32+00:00","article_modified_time":"2026-03-06T21:04:05+00:00","og_image":[{"width":1280,"height":720,"url":"https:\/\/www.em.com.br\/emfoco\/wp-content\/uploads\/2026\/03\/Gemini_Generated_Image_3r77p23r77p23r77-1.png","type":"image\/png"}],"author":"Daniely Cardoso","twitter_card":"summary_large_image","twitter_misc":{"Escrito por":"Daniely Cardoso","Est. tempo de leitura":"6 minutos"},"schema":{"@context":"https:\/\/schema.org","@graph":[{"@type":"WebPage","@id":"https:\/\/www.em.com.br\/emfoco\/2026\/03\/07\/psicologia-explica-por-que-algumas-pessoas-misturam-maiusculas-e-minusculas-ao-escrever\/","url":"https:\/\/www.em.com.br\/emfoco\/2026\/03\/07\/psicologia-explica-por-que-algumas-pessoas-misturam-maiusculas-e-minusculas-ao-escrever\/","name":"Psicologia explica por que algumas pessoas misturam mai\u00fasculas e min\u00fasculas ao escrever - Estado de Minas - Em foco","isPartOf":{"@id":"https:\/\/www.em.com.br\/emfoco\/#website"},"primaryImageOfPage":{"@id":"https:\/\/www.em.com.br\/emfoco\/2026\/03\/07\/psicologia-explica-por-que-algumas-pessoas-misturam-maiusculas-e-minusculas-ao-escrever\/#primaryimage"},"image":{"@id":"https:\/\/www.em.com.br\/emfoco\/2026\/03\/07\/psicologia-explica-por-que-algumas-pessoas-misturam-maiusculas-e-minusculas-ao-escrever\/#primaryimage"},"thumbnailUrl":"https:\/\/www.em.com.br\/emfoco\/wp-content\/uploads\/2026\/03\/Gemini_Generated_Image_3r77p23r77p23r77-1.png","datePublished":"2026-03-08T00:15:32+00:00","dateModified":"2026-03-06T21:04:05+00:00","author":{"@id":"https:\/\/www.em.com.br\/emfoco\/#\/schema\/person\/0a8186d72f2c3a5c6276d90b41f271a0"},"description":"Misturar mai\u00fasculas e min\u00fasculas na escrita pode indicar criatividade, estilo pessoal ou tens\u00e3o emocional, segundo psicologia e grafologia.","breadcrumb":{"@id":"https:\/\/www.em.com.br\/emfoco\/2026\/03\/07\/psicologia-explica-por-que-algumas-pessoas-misturam-maiusculas-e-minusculas-ao-escrever\/#breadcrumb"},"inLanguage":"pt-BR","potentialAction":[{"@type":"ReadAction","target":["https:\/\/www.em.com.br\/emfoco\/2026\/03\/07\/psicologia-explica-por-que-algumas-pessoas-misturam-maiusculas-e-minusculas-ao-escrever\/"]}]},{"@type":"ImageObject","inLanguage":"pt-BR","@id":"https:\/\/www.em.com.br\/emfoco\/2026\/03\/07\/psicologia-explica-por-que-algumas-pessoas-misturam-maiusculas-e-minusculas-ao-escrever\/#primaryimage","url":"https:\/\/www.em.com.br\/emfoco\/wp-content\/uploads\/2026\/03\/Gemini_Generated_Image_3r77p23r77p23r77-1.png","contentUrl":"https:\/\/www.em.com.br\/emfoco\/wp-content\/uploads\/2026\/03\/Gemini_Generated_Image_3r77p23r77p23r77-1.png","width":1280,"height":720,"caption":"De forma geral, a altern\u00e2ncia entre letras grandes e pequenas no meio da palavra costuma ser associada a algumas caracter\u00edsticas"},{"@type":"BreadcrumbList","@id":"https:\/\/www.em.com.br\/emfoco\/2026\/03\/07\/psicologia-explica-por-que-algumas-pessoas-misturam-maiusculas-e-minusculas-ao-escrever\/#breadcrumb","itemListElement":[{"@type":"ListItem","position":1,"name":"In\u00edcio","item":"https:\/\/www.em.com.br\/emfoco\/"},{"@type":"ListItem","position":2,"name":"Psicologia explica por que algumas pessoas misturam mai\u00fasculas e min\u00fasculas ao escrever"}]},{"@type":"WebSite","@id":"https:\/\/www.em.com.br\/emfoco\/#website","url":"https:\/\/www.em.com.br\/emfoco\/","name":"Estado de Minas - Em foco","description":"Acompanhe as \u00faltimas not\u00edcias e fique bem informado sobre tudo o que acontece em Minas Gerais, Brasil e no mundo.","potentialAction":[{"@type":"SearchAction","target":{"@type":"EntryPoint","urlTemplate":"https:\/\/www.em.com.br\/emfoco\/?s={search_term_string}"},"query-input":{"@type":"PropertyValueSpecification","valueRequired":true,"valueName":"search_term_string"}}],"inLanguage":"pt-BR"},{"@type":"Person","@id":"https:\/\/www.em.com.br\/emfoco\/#\/schema\/person\/0a8186d72f2c3a5c6276d90b41f271a0","name":"Daniely Cardoso","image":{"@type":"ImageObject","inLanguage":"pt-BR","@id":"https:\/\/www.em.com.br\/emfoco\/#\/schema\/person\/image\/","url":"https:\/\/secure.gravatar.com\/avatar\/4b80ddbd124d1f071b626d52d62e5dff?s=96&d=mm&r=g","contentUrl":"https:\/\/secure.gravatar.com\/avatar\/4b80ddbd124d1f071b626d52d62e5dff?s=96&d=mm&r=g","caption":"Daniely Cardoso"},"url":"https:\/\/www.em.com.br\/emfoco\/author\/danielymyth\/"}]}},"_links":{"self":[{"href":"https:\/\/www.em.com.br\/emfoco\/wp-json\/wp\/v2\/posts\/178502","targetHints":{"allow":["GET"]}}],"collection":[{"href":"https:\/\/www.em.com.br\/emfoco\/wp-json\/wp\/v2\/posts"}],"about":[{"href":"https:\/\/www.em.com.br\/emfoco\/wp-json\/wp\/v2\/types\/post"}],"author":[{"embeddable":true,"href":"https:\/\/www.em.com.br\/emfoco\/wp-json\/wp\/v2\/users\/9"}],"replies":[{"embeddable":true,"href":"https:\/\/www.em.com.br\/emfoco\/wp-json\/wp\/v2\/comments?post=178502"}],"version-history":[{"count":3,"href":"https:\/\/www.em.com.br\/emfoco\/wp-json\/wp\/v2\/posts\/178502\/revisions"}],"predecessor-version":[{"id":178534,"href":"https:\/\/www.em.com.br\/emfoco\/wp-json\/wp\/v2\/posts\/178502\/revisions\/178534"}],"wp:featuredmedia":[{"embeddable":true,"href":"https:\/\/www.em.com.br\/emfoco\/wp-json\/wp\/v2\/media\/178522"}],"wp:attachment":[{"href":"https:\/\/www.em.com.br\/emfoco\/wp-json\/wp\/v2\/media?parent=178502"}],"wp:term":[{"taxonomy":"category","embeddable":true,"href":"https:\/\/www.em.com.br\/emfoco\/wp-json\/wp\/v2\/categories?post=178502"},{"taxonomy":"post_tag","embeddable":true,"href":"https:\/\/www.em.com.br\/emfoco\/wp-json\/wp\/v2\/tags?post=178502"}],"curies":[{"name":"wp","href":"https:\/\/api.w.org\/{rel}","templated":true}]}}