{"id":178496,"date":"2026-03-07T08:30:00","date_gmt":"2026-03-07T11:30:00","guid":{"rendered":"https:\/\/www.em.com.br\/emfoco\/?p=178496"},"modified":"2026-03-06T23:43:20","modified_gmt":"2026-03-07T02:43:20","slug":"nova-regra-vai-acabar-com-shampoos-e-sabonetes-em-miniatura-nos-hoteis-a-partir-de-agosto-de-2026","status":"publish","type":"post","link":"https:\/\/www.em.com.br\/emfoco\/2026\/03\/07\/nova-regra-vai-acabar-com-shampoos-e-sabonetes-em-miniatura-nos-hoteis-a-partir-de-agosto-de-2026\/","title":{"rendered":"Nova regra vai acabar com shampoos e sabonetes em miniatura nos hot\u00e9is a partir de agosto de 2026"},"content":{"rendered":"\n<p>Levar para casa aqueles mini frascos ador\u00e1veis de shampoo como lembran\u00e7a de viagem \u00e9 um h\u00e1bito nost\u00e1lgico que est\u00e1 com os dias contados. A <strong>Uni\u00e3o Europeia<\/strong> acaba de decretar o fim das embalagens pl\u00e1sticas descart\u00e1veis na rede hoteleira, estabelecendo uma meta rigorosa para eliminar montanhas de lixo at\u00e9 o ano de <strong>2030<\/strong>. Essa mudan\u00e7a dr\u00e1stica na forma como nos hospedamos marca o in\u00edcio de uma nova era no turismo global, exigindo que viajantes e hot\u00e9is adotem pr\u00e1ticas muito mais sustent\u00e1veis para proteger o futuro do planeta.<\/p>\n\n\n\n<h2 class=\"wp-block-heading\">Por que os famosos frascos de hotel v\u00e3o desaparecer das malas<\/h2>\n\n\n\n<p>O plano ambicioso promovido pela <strong>Comiss\u00e3o Europeia<\/strong> visa combater radicalmente a polui\u00e7\u00e3o ambiental gerada por produtos de higiene pessoal de dose \u00fanica. A nova legisla\u00e7\u00e3o foca na elimina\u00e7\u00e3o total de pl\u00e1sticos descart\u00e1veis que s\u00e3o usados por poucos minutos pelos h\u00f3spedes e acabam poluindo os oceanos por centenas de anos.<\/p>\n\n\n\n<p>Essa <a href=\"https:\/\/www.boe.es\/buscar\/doc.php?id=DOUE-L-2025-80087\" target=\"_blank\" rel=\"noreferrer noopener\">regulamenta\u00e7\u00e3o ambiental <\/a>pioneira j\u00e1 est\u00e1 em vigor desde o in\u00edcio do ano e ter\u00e1 sua aplica\u00e7\u00e3o geral exigida em todos os pa\u00edses membros a partir de agosto. A inten\u00e7\u00e3o do governo europeu \u00e9 unificar as regras de reciclagem e impedir que o lixo cosm\u00e9tico continue destruindo os nossos ecossistemas.<\/p>\n\n\n\n<figure class=\"wp-block-image size-large\"><img loading=\"lazy\" decoding=\"async\" width=\"1024\" height=\"576\" src=\"https:\/\/www.em.com.br\/emfoco\/wp-content\/uploads\/2026\/03\/Gemini_Generated_Image_aum8lbaum8lbaum8-1024x576.png\" alt=\"O impacto gigantesco dessa lei no turismo e no meio ambiente\" class=\"wp-image-178737\" srcset=\"https:\/\/www.em.com.br\/emfoco\/wp-content\/uploads\/2026\/03\/Gemini_Generated_Image_aum8lbaum8lbaum8-1024x576.png 1024w, https:\/\/www.em.com.br\/emfoco\/wp-content\/uploads\/2026\/03\/Gemini_Generated_Image_aum8lbaum8lbaum8-300x169.png 300w, https:\/\/www.em.com.br\/emfoco\/wp-content\/uploads\/2026\/03\/Gemini_Generated_Image_aum8lbaum8lbaum8-768x432.png 768w, https:\/\/www.em.com.br\/emfoco\/wp-content\/uploads\/2026\/03\/Gemini_Generated_Image_aum8lbaum8lbaum8-750x422.png 750w, https:\/\/www.em.com.br\/emfoco\/wp-content\/uploads\/2026\/03\/Gemini_Generated_Image_aum8lbaum8lbaum8-1140x641.png 1140w, https:\/\/www.em.com.br\/emfoco\/wp-content\/uploads\/2026\/03\/Gemini_Generated_Image_aum8lbaum8lbaum8.png 1280w\" sizes=\"auto, (max-width: 1024px) 100vw, 1024px\" \/><figcaption class=\"wp-element-caption\">O impacto gigantesco dessa lei no turismo e no meio ambiente<\/figcaption><\/figure>\n\n\n\n<h2 class=\"wp-block-heading\">O que muda na pr\u00e1tica durante a sua pr\u00f3xima hospedagem europeia<\/h2>\n\n\n\n<p>O setor de hotelaria e os grandes restaurantes est\u00e3o na mira principal dessa lei rigorosa por serem os maiores geradores de lixo pl\u00e1stico descart\u00e1vel do continente. Os h\u00f3spedes n\u00e3o encontrar\u00e3o mais aquelas pequenas lo\u00e7\u00f5es corporais, condicionadores ou sach\u00eas individuais repousando nas luxuosas bancadas de m\u00e1rmore dos banheiros.<\/p>\n\n\n\n<p>Mesmo os tradicionais sabonetes s\u00f3lidos perder\u00e3o o seu espa\u00e7o caso continuem sendo embalados em pl\u00e1sticos de uso \u00fanico desenvolvidos para uma estadia r\u00e1pida. O problema central combatido pelas autoridades n\u00e3o \u00e9 o tamanho do cosm\u00e9tico em si, mas sim a terr\u00edvel cultura do descarte imediato que afunda a natureza em lixo.<\/p>\n\n\n\n<h2 class=\"wp-block-heading\">Como os hot\u00e9is de luxo est\u00e3o adaptando os seus banheiros hoje<\/h2>\n\n\n\n<p>A boa not\u00edcia para os viajantes \u00e9 que os itens de higiene essenciais n\u00e3o desaparecer\u00e3o, mas passar\u00e3o por uma reformula\u00e7\u00e3o visual inteligente e totalmente ecol\u00f3gica. As acomoda\u00e7\u00f5es modernas est\u00e3o substituindo as miniaturas poluentes por dispensadores grandes e sofisticados que ficam elegantemente fixados nas paredes dos <a href=\"https:\/\/www.em.com.br\/emfoco\/2026\/02\/19\/adeus-ao-classico-box-de-chuveiro-a-tendencia-que-esta-ganhando-forca-nos-hoteis-europeus-em-2026\/\" target=\"_blank\" rel=\"noreferrer noopener\">chuveiros<\/a>.<\/p>\n\n\n\n<p>Para entender perfeitamente o impacto pr\u00e1tico dessa transi\u00e7\u00e3o ecol\u00f3gica e saber o que esperar das suas pr\u00f3ximas f\u00e9rias internacionais, precisamos observar as adequa\u00e7\u00f5es do setor. Confira detalhadamente as principais mudan\u00e7as estruturais que os hot\u00e9is j\u00e1 est\u00e3o implementando para garantir o seu conforto di\u00e1rio sem destruir o meio ambiente.<\/p>\n\n\n\n<figure class=\"wp-block-image size-large\"><img loading=\"lazy\" decoding=\"async\" width=\"1024\" height=\"576\" src=\"https:\/\/www.em.com.br\/emfoco\/wp-content\/uploads\/2026\/03\/sabonete-hotel_1772850312660-1024x576.jpg\" alt=\"O impacto gigantesco dessa lei no turismo e no meio ambiente - Cr\u00e9ditos: depositphotos.com \/ thaiprayboy@hotmail.com\" class=\"wp-image-178736\" srcset=\"https:\/\/www.em.com.br\/emfoco\/wp-content\/uploads\/2026\/03\/sabonete-hotel_1772850312660-1024x576.jpg 1024w, https:\/\/www.em.com.br\/emfoco\/wp-content\/uploads\/2026\/03\/sabonete-hotel_1772850312660-300x169.jpg 300w, https:\/\/www.em.com.br\/emfoco\/wp-content\/uploads\/2026\/03\/sabonete-hotel_1772850312660-768x432.jpg 768w, https:\/\/www.em.com.br\/emfoco\/wp-content\/uploads\/2026\/03\/sabonete-hotel_1772850312660-750x422.jpg 750w, https:\/\/www.em.com.br\/emfoco\/wp-content\/uploads\/2026\/03\/sabonete-hotel_1772850312660-1140x641.jpg 1140w, https:\/\/www.em.com.br\/emfoco\/wp-content\/uploads\/2026\/03\/sabonete-hotel_1772850312660.jpg 1280w\" sizes=\"auto, (max-width: 1024px) 100vw, 1024px\" \/><figcaption class=\"wp-element-caption\">O impacto gigantesco dessa lei no turismo e no meio ambiente &#8211; Cr\u00e9ditos: depositphotos.com \/ thaiprayboy@hotmail.com<\/figcaption><\/figure>\n\n\n\n<ul class=\"wp-block-list\">\n<li>Instala\u00e7\u00e3o de recipientes recarreg\u00e1veis de alta capacidade para fornecer shampoo e sabonete l\u00edquido.<\/li>\n\n\n\n<li>Substitui\u00e7\u00e3o de sach\u00eas pl\u00e1sticos por embalagens de papel biodegrad\u00e1vel para armazenar itens secos.<\/li>\n\n\n\n<li>Elimina\u00e7\u00e3o completa de lo\u00e7\u00f5es corporais envasadas em pequenos frascos de pl\u00e1stico virgem.<\/li>\n\n\n\n<li>Incentivo maci\u00e7o para que os h\u00f3spedes utilizem apenas a quantidade exata de produto necess\u00e1ria.<\/li>\n<\/ul>\n\n\n\n<h2 class=\"wp-block-heading\">O impacto gigantesco dessa lei no turismo e no meio ambiente<\/h2>\n\n\n\n<p>Reduzir o consumo di\u00e1rio de pequenos itens pl\u00e1sticos dentro dos quartos de hotel gera uma economia assustadora de recursos naturais e diminui a pegada de carbono. Milh\u00f5es de embalagens deixar\u00e3o de ser despejadas em aterros sanit\u00e1rios todos os anos, permitindo que a natureza respire aliviada ap\u00f3s d\u00e9cadas de sufocamento.<\/p>\n\n\n\n<p>Essa atitude governamental corajosa for\u00e7a a ind\u00fastria cosm\u00e9tica a reinventar os seus processos de produ\u00e7\u00e3o, buscando materiais biodegrad\u00e1veis e solu\u00e7\u00f5es inovadoras de refil sustent\u00e1vel. O turismo europeu dita uma tend\u00eancia global maravilhosa, mostrando ao resto do mundo que \u00e9 totalmente poss\u00edvel unir o luxo da hotelaria com a preserva\u00e7\u00e3o ambiental.<\/p>\n\n\n\n<figure class=\"wp-block-image size-large\"><img loading=\"lazy\" decoding=\"async\" width=\"1024\" height=\"576\" src=\"https:\/\/www.em.com.br\/emfoco\/wp-content\/uploads\/2026\/03\/Gemini_Generated_Image_q3wjflq3wjflq3wj-1-1024x576.png\" alt=\"Cen\u00e1rio em Outros Pa\u00edses\n\" class=\"wp-image-178506\" srcset=\"https:\/\/www.em.com.br\/emfoco\/wp-content\/uploads\/2026\/03\/Gemini_Generated_Image_q3wjflq3wjflq3wj-1-1024x576.png 1024w, https:\/\/www.em.com.br\/emfoco\/wp-content\/uploads\/2026\/03\/Gemini_Generated_Image_q3wjflq3wjflq3wj-1-300x169.png 300w, https:\/\/www.em.com.br\/emfoco\/wp-content\/uploads\/2026\/03\/Gemini_Generated_Image_q3wjflq3wjflq3wj-1-768x432.png 768w, https:\/\/www.em.com.br\/emfoco\/wp-content\/uploads\/2026\/03\/Gemini_Generated_Image_q3wjflq3wjflq3wj-1-750x422.png 750w, https:\/\/www.em.com.br\/emfoco\/wp-content\/uploads\/2026\/03\/Gemini_Generated_Image_q3wjflq3wjflq3wj-1-1140x641.png 1140w, https:\/\/www.em.com.br\/emfoco\/wp-content\/uploads\/2026\/03\/Gemini_Generated_Image_q3wjflq3wjflq3wj-1.png 1280w\" sizes=\"auto, (max-width: 1024px) 100vw, 1024px\" \/><figcaption class=\"wp-element-caption\">Cen\u00e1rio em Outros Pa\u00edses<\/figcaption><\/figure>\n\n\n\n<h2 class=\"wp-block-heading\">Qual o momento exato para transformar os seus h\u00e1bitos de viagem<\/h2>\n\n\n\n<p>A preserva\u00e7\u00e3o do nosso planeta n\u00e3o pode depender apenas de leis governamentais rigorosas ou de mudan\u00e7as estruturais impostas \u00e0s grandes redes hoteleiras mundiais. Cada passageiro carrega a imensa responsabilidade de repensar o pr\u00f3prio consumo, abandonando o desejo ego\u00edsta de acumular lixo pl\u00e1stico apenas para ter uma lembran\u00e7a material de suas f\u00e9rias.<\/p>\n\n\n\n<p>N\u00e3o espere o ano de dois mil e trinta chegar para come\u00e7ar a agir com intelig\u00eancia e empatia pela nossa casa comum chamada Terra! Compre hoje mesmo os seus pr\u00f3prios frascos reutiliz\u00e1veis, recuse embalagens descart\u00e1veis nas suas pr\u00f3ximas f\u00e9rias e lute desesperadamente para salvar o meio ambiente antes que a natureza n\u00e3o tenha mais salva\u00e7\u00e3o!<\/p>\n\n\n\n<p><\/p>\n","protected":false},"excerpt":{"rendered":"<p>Levar para casa aqueles mini frascos ador\u00e1veis de shampoo como lembran\u00e7a de viagem \u00e9 um h\u00e1bito nost\u00e1lgico que est\u00e1 com os dias contados. A Uni\u00e3o Europeia acaba de decretar o fim das embalagens pl\u00e1sticas descart\u00e1veis na rede hoteleira, estabelecendo uma meta rigorosa para eliminar montanhas de lixo at\u00e9 o ano de 2030. Essa mudan\u00e7a dr\u00e1stica [&hellip;]<\/p>\n","protected":false},"author":11,"featured_media":178738,"comment_status":"open","ping_status":"open","sticky":false,"template":"","format":"standard","meta":{"jnews-multi-image_gallery":[],"jnews_single_post":{"format":"standard"},"jnews_primary_category":[],"jnews_social_meta":[],"jnews_override_counter":[],"footnotes":""},"categories":[28,1],"tags":[1444,16652,25823,8216,325,7823],"class_list":["post-178496","post","type-post","status-publish","format-standard","has-post-thumbnail","hentry","category-economia","category-noticias","tag-europa","tag-hoteis","tag-mini-frascos-de-shampoo","tag-nova-regra","tag-sustentabilidade","tag-uniao-europeia"],"yoast_head":"<!-- This site is optimized with the Yoast SEO plugin v23.8 - https:\/\/yoast.com\/wordpress\/plugins\/seo\/ -->\n<title>Nova regra vai acabar com shampoos e sabonetes em miniatura nos hot\u00e9is a partir de agosto de 2026 - Estado de Minas - Em foco<\/title>\n<meta name=\"description\" content=\"Nova regra ambiental da Uni\u00e3o Europeia muda itens de higiene em hot\u00e9is e busca reduzir lixo pl\u00e1stico no turismo.\" \/>\n<meta name=\"robots\" content=\"index, follow, max-snippet:-1, max-image-preview:large, max-video-preview:-1\" \/>\n<link rel=\"canonical\" href=\"https:\/\/www.em.com.br\/emfoco\/2026\/03\/07\/nova-regra-vai-acabar-com-shampoos-e-sabonetes-em-miniatura-nos-hoteis-a-partir-de-agosto-de-2026\/\" \/>\n<meta property=\"og:locale\" content=\"pt_BR\" \/>\n<meta property=\"og:type\" content=\"article\" \/>\n<meta property=\"og:title\" content=\"Nova regra vai acabar com shampoos e sabonetes em miniatura nos hot\u00e9is a partir de agosto de 2026 - Estado de Minas - Em foco\" \/>\n<meta property=\"og:description\" content=\"Nova regra ambiental da Uni\u00e3o Europeia muda itens de higiene em hot\u00e9is e busca reduzir lixo pl\u00e1stico no turismo.\" \/>\n<meta property=\"og:url\" content=\"https:\/\/www.em.com.br\/emfoco\/2026\/03\/07\/nova-regra-vai-acabar-com-shampoos-e-sabonetes-em-miniatura-nos-hoteis-a-partir-de-agosto-de-2026\/\" \/>\n<meta property=\"og:site_name\" content=\"Estado de Minas - Em foco\" \/>\n<meta property=\"article:published_time\" content=\"2026-03-07T11:30:00+00:00\" \/>\n<meta property=\"article:modified_time\" content=\"2026-03-07T02:43:20+00:00\" \/>\n<meta property=\"og:image\" content=\"https:\/\/www.em.com.br\/emfoco\/wp-content\/uploads\/2026\/03\/Gemini_Generated_Image_59fre959fre959fr-1.png\" \/>\n\t<meta property=\"og:image:width\" content=\"1280\" \/>\n\t<meta property=\"og:image:height\" content=\"720\" \/>\n\t<meta property=\"og:image:type\" content=\"image\/png\" \/>\n<meta name=\"author\" content=\"Andre\u0301 Rangel\u00a0\" \/>\n<meta name=\"twitter:card\" content=\"summary_large_image\" \/>\n<meta name=\"twitter:label1\" content=\"Escrito por\" \/>\n\t<meta name=\"twitter:data1\" content=\"Andre\u0301 Rangel\u00a0\" \/>\n\t<meta name=\"twitter:label2\" content=\"Est. tempo de leitura\" \/>\n\t<meta name=\"twitter:data2\" content=\"5 minutos\" \/>\n<!-- \/ Yoast SEO plugin. -->","yoast_head_json":{"title":"Nova regra vai acabar com shampoos e sabonetes em miniatura nos hot\u00e9is a partir de agosto de 2026 - Estado de Minas - Em foco","description":"Nova regra ambiental da Uni\u00e3o Europeia muda itens de higiene em hot\u00e9is e busca reduzir lixo pl\u00e1stico no turismo.","robots":{"index":"index","follow":"follow","max-snippet":"max-snippet:-1","max-image-preview":"max-image-preview:large","max-video-preview":"max-video-preview:-1"},"canonical":"https:\/\/www.em.com.br\/emfoco\/2026\/03\/07\/nova-regra-vai-acabar-com-shampoos-e-sabonetes-em-miniatura-nos-hoteis-a-partir-de-agosto-de-2026\/","og_locale":"pt_BR","og_type":"article","og_title":"Nova regra vai acabar com shampoos e sabonetes em miniatura nos hot\u00e9is a partir de agosto de 2026 - Estado de Minas - Em foco","og_description":"Nova regra ambiental da Uni\u00e3o Europeia muda itens de higiene em hot\u00e9is e busca reduzir lixo pl\u00e1stico no turismo.","og_url":"https:\/\/www.em.com.br\/emfoco\/2026\/03\/07\/nova-regra-vai-acabar-com-shampoos-e-sabonetes-em-miniatura-nos-hoteis-a-partir-de-agosto-de-2026\/","og_site_name":"Estado de Minas - Em foco","article_published_time":"2026-03-07T11:30:00+00:00","article_modified_time":"2026-03-07T02:43:20+00:00","og_image":[{"width":1280,"height":720,"url":"https:\/\/www.em.com.br\/emfoco\/wp-content\/uploads\/2026\/03\/Gemini_Generated_Image_59fre959fre959fr-1.png","type":"image\/png"}],"author":"Andre\u0301 Rangel\u00a0","twitter_card":"summary_large_image","twitter_misc":{"Escrito por":"Andre\u0301 Rangel\u00a0","Est. tempo de leitura":"5 minutos"},"schema":{"@context":"https:\/\/schema.org","@graph":[{"@type":"WebPage","@id":"https:\/\/www.em.com.br\/emfoco\/2026\/03\/07\/nova-regra-vai-acabar-com-shampoos-e-sabonetes-em-miniatura-nos-hoteis-a-partir-de-agosto-de-2026\/","url":"https:\/\/www.em.com.br\/emfoco\/2026\/03\/07\/nova-regra-vai-acabar-com-shampoos-e-sabonetes-em-miniatura-nos-hoteis-a-partir-de-agosto-de-2026\/","name":"Nova regra vai acabar com shampoos e sabonetes em miniatura nos hot\u00e9is a partir de agosto de 2026 - Estado de Minas - Em foco","isPartOf":{"@id":"https:\/\/www.em.com.br\/emfoco\/#website"},"primaryImageOfPage":{"@id":"https:\/\/www.em.com.br\/emfoco\/2026\/03\/07\/nova-regra-vai-acabar-com-shampoos-e-sabonetes-em-miniatura-nos-hoteis-a-partir-de-agosto-de-2026\/#primaryimage"},"image":{"@id":"https:\/\/www.em.com.br\/emfoco\/2026\/03\/07\/nova-regra-vai-acabar-com-shampoos-e-sabonetes-em-miniatura-nos-hoteis-a-partir-de-agosto-de-2026\/#primaryimage"},"thumbnailUrl":"https:\/\/www.em.com.br\/emfoco\/wp-content\/uploads\/2026\/03\/Gemini_Generated_Image_59fre959fre959fr-1.png","datePublished":"2026-03-07T11:30:00+00:00","dateModified":"2026-03-07T02:43:20+00:00","author":{"@id":"https:\/\/www.em.com.br\/emfoco\/#\/schema\/person\/60eda09c1fedf0d6891f4cef4b60b8b8"},"description":"Nova regra ambiental da Uni\u00e3o Europeia muda itens de higiene em hot\u00e9is e busca reduzir lixo pl\u00e1stico no turismo.","breadcrumb":{"@id":"https:\/\/www.em.com.br\/emfoco\/2026\/03\/07\/nova-regra-vai-acabar-com-shampoos-e-sabonetes-em-miniatura-nos-hoteis-a-partir-de-agosto-de-2026\/#breadcrumb"},"inLanguage":"pt-BR","potentialAction":[{"@type":"ReadAction","target":["https:\/\/www.em.com.br\/emfoco\/2026\/03\/07\/nova-regra-vai-acabar-com-shampoos-e-sabonetes-em-miniatura-nos-hoteis-a-partir-de-agosto-de-2026\/"]}]},{"@type":"ImageObject","inLanguage":"pt-BR","@id":"https:\/\/www.em.com.br\/emfoco\/2026\/03\/07\/nova-regra-vai-acabar-com-shampoos-e-sabonetes-em-miniatura-nos-hoteis-a-partir-de-agosto-de-2026\/#primaryimage","url":"https:\/\/www.em.com.br\/emfoco\/wp-content\/uploads\/2026\/03\/Gemini_Generated_Image_59fre959fre959fr-1.png","contentUrl":"https:\/\/www.em.com.br\/emfoco\/wp-content\/uploads\/2026\/03\/Gemini_Generated_Image_59fre959fre959fr-1.png","width":1280,"height":720,"caption":"O impacto gigantesco dessa lei no turismo e no meio ambiente"},{"@type":"BreadcrumbList","@id":"https:\/\/www.em.com.br\/emfoco\/2026\/03\/07\/nova-regra-vai-acabar-com-shampoos-e-sabonetes-em-miniatura-nos-hoteis-a-partir-de-agosto-de-2026\/#breadcrumb","itemListElement":[{"@type":"ListItem","position":1,"name":"In\u00edcio","item":"https:\/\/www.em.com.br\/emfoco\/"},{"@type":"ListItem","position":2,"name":"Nova regra vai acabar com shampoos e sabonetes em miniatura nos hot\u00e9is a partir de agosto de 2026"}]},{"@type":"WebSite","@id":"https:\/\/www.em.com.br\/emfoco\/#website","url":"https:\/\/www.em.com.br\/emfoco\/","name":"Estado de Minas - Em foco","description":"Acompanhe as \u00faltimas not\u00edcias e fique bem informado sobre tudo o que acontece em Minas Gerais, Brasil e no mundo.","potentialAction":[{"@type":"SearchAction","target":{"@type":"EntryPoint","urlTemplate":"https:\/\/www.em.com.br\/emfoco\/?s={search_term_string}"},"query-input":{"@type":"PropertyValueSpecification","valueRequired":true,"valueName":"search_term_string"}}],"inLanguage":"pt-BR"},{"@type":"Person","@id":"https:\/\/www.em.com.br\/emfoco\/#\/schema\/person\/60eda09c1fedf0d6891f4cef4b60b8b8","name":"Andre\u0301 Rangel\u00a0","image":{"@type":"ImageObject","inLanguage":"pt-BR","@id":"https:\/\/www.em.com.br\/emfoco\/#\/schema\/person\/image\/","url":"https:\/\/secure.gravatar.com\/avatar\/6234dc814c77c8ef6d8bba622c787efc?s=96&d=mm&r=g","contentUrl":"https:\/\/secure.gravatar.com\/avatar\/6234dc814c77c8ef6d8bba622c787efc?s=96&d=mm&r=g","caption":"Andre\u0301 Rangel\u00a0"},"url":"https:\/\/www.em.com.br\/emfoco\/author\/luizmyth\/"}]}},"_links":{"self":[{"href":"https:\/\/www.em.com.br\/emfoco\/wp-json\/wp\/v2\/posts\/178496","targetHints":{"allow":["GET"]}}],"collection":[{"href":"https:\/\/www.em.com.br\/emfoco\/wp-json\/wp\/v2\/posts"}],"about":[{"href":"https:\/\/www.em.com.br\/emfoco\/wp-json\/wp\/v2\/types\/post"}],"author":[{"embeddable":true,"href":"https:\/\/www.em.com.br\/emfoco\/wp-json\/wp\/v2\/users\/11"}],"replies":[{"embeddable":true,"href":"https:\/\/www.em.com.br\/emfoco\/wp-json\/wp\/v2\/comments?post=178496"}],"version-history":[{"count":5,"href":"https:\/\/www.em.com.br\/emfoco\/wp-json\/wp\/v2\/posts\/178496\/revisions"}],"predecessor-version":[{"id":178739,"href":"https:\/\/www.em.com.br\/emfoco\/wp-json\/wp\/v2\/posts\/178496\/revisions\/178739"}],"wp:featuredmedia":[{"embeddable":true,"href":"https:\/\/www.em.com.br\/emfoco\/wp-json\/wp\/v2\/media\/178738"}],"wp:attachment":[{"href":"https:\/\/www.em.com.br\/emfoco\/wp-json\/wp\/v2\/media?parent=178496"}],"wp:term":[{"taxonomy":"category","embeddable":true,"href":"https:\/\/www.em.com.br\/emfoco\/wp-json\/wp\/v2\/categories?post=178496"},{"taxonomy":"post_tag","embeddable":true,"href":"https:\/\/www.em.com.br\/emfoco\/wp-json\/wp\/v2\/tags?post=178496"}],"curies":[{"name":"wp","href":"https:\/\/api.w.org\/{rel}","templated":true}]}}