{"id":178439,"date":"2026-03-09T17:55:00","date_gmt":"2026-03-09T20:55:00","guid":{"rendered":"https:\/\/www.em.com.br\/emfoco\/?p=178439"},"modified":"2026-03-06T16:35:17","modified_gmt":"2026-03-06T19:35:17","slug":"quer-colher-uvas-em-casa-veja-como-plantar-videira-e-transformar-seu-quintal-em-um-cantinho-produtivo","status":"publish","type":"post","link":"https:\/\/www.em.com.br\/emfoco\/2026\/03\/09\/quer-colher-uvas-em-casa-veja-como-plantar-videira-e-transformar-seu-quintal-em-um-cantinho-produtivo\/","title":{"rendered":"Quer colher uvas em casa? Veja como plantar videira e transformar seu quintal em um cantinho produtivo"},"content":{"rendered":"\n<p>A videira \u00e9 uma trepadeira r\u00fastica, produtiva e vers\u00e1til, capaz de transformar varandas, quintais e pequenos jardins em \u00e1reas sombreadas e cheias de uvas doces. Al\u00e9m de valorizar o visual do espa\u00e7o com seus ramos e folhas, ela produz frutos para consumo in natura, sucos, geleias e at\u00e9 vinhos artesanais, desde que receba sol adequado, solo bem preparado e alguns cuidados b\u00e1sicos.<\/p>\n\n\n\n<h2 class=\"wp-block-heading\">O que \u00e9 a videira e por que ela \u00e9 t\u00e3o produtiva?<\/h2>\n\n\n\n<p>A videira \u00e9 uma planta de caule lenhoso e flex\u00edvel, com crescimento trepador, que usa gavinhas como \u201cganchos\u201d naturais para se fixar em estruturas como arames, p\u00e9rgolas, muros e grades. Esse h\u00e1bito permite aproveitar melhor o espa\u00e7o vertical e a luz, liberando o ch\u00e3o para outras plantas.<\/p>\n\n\n\n<p>Suas folhas largas realizam fotoss\u00edntese intensa, influenciando diretamente o ac\u00famulo de a\u00e7\u00facares nas uvas e, consequentemente, sua do\u00e7ura. H\u00e1 variedades espec\u00edficas para mesa, com bagas grandes e casca mais fina, e outras voltadas \u00e0 produ\u00e7\u00e3o de vinhos, com maior concentra\u00e7\u00e3o de a\u00e7\u00facares e compostos arom\u00e1ticos.<\/p>\n\n\n\n<figure class=\"wp-block-image size-large\"><img loading=\"lazy\" decoding=\"async\" width=\"1024\" height=\"576\" src=\"https:\/\/www.em.com.br\/emfoco\/wp-content\/uploads\/2026\/03\/1-39-1024x576.jpg\" alt=\"Quer colher uvas em casa? Veja como plantar videira e transformar seu quintal em um cantinho produtivo\" class=\"wp-image-178464\" srcset=\"https:\/\/www.em.com.br\/emfoco\/wp-content\/uploads\/2026\/03\/1-39-1024x576.jpg 1024w, https:\/\/www.em.com.br\/emfoco\/wp-content\/uploads\/2026\/03\/1-39-300x169.jpg 300w, https:\/\/www.em.com.br\/emfoco\/wp-content\/uploads\/2026\/03\/1-39-768x432.jpg 768w, https:\/\/www.em.com.br\/emfoco\/wp-content\/uploads\/2026\/03\/1-39-750x422.jpg 750w, https:\/\/www.em.com.br\/emfoco\/wp-content\/uploads\/2026\/03\/1-39-1140x641.jpg 1140w, https:\/\/www.em.com.br\/emfoco\/wp-content\/uploads\/2026\/03\/1-39.jpg 1280w\" sizes=\"auto, (max-width: 1024px) 100vw, 1024px\" \/><figcaption class=\"wp-element-caption\">Planta r\u00fastica utiliza gavinhas para fixa\u00e7\u00e3o em estruturas verticais de apoio<\/figcaption><\/figure>\n\n\n\n<h2 class=\"wp-block-heading\">Como escolher o local ideal para cultivar a videira?<\/h2>\n\n\n\n<p>A escolha do local \u00e9 decisiva para uma trepadeira vigorosa e carregada de frutos, especialmente em ambientes urbanos. A videira precisa de sol direto, boa circula\u00e7\u00e3o de ar e um solo que n\u00e3o acumule \u00e1gua para crescer saud\u00e1vel e evitar o surgimento de <strong><a href=\"https:\/\/www.em.com.br\/emfoco\/2026\/02\/20\/nao-jogue-fora-aprenda-a-criar-mini-bercarios-em-casa-e-proteja-suas-suculentas-de-fungos\/\" target=\"_blank\" rel=\"noreferrer noopener\">fungos<\/a><\/strong>.<\/p>\n\n\n\n<p>Antes do plantio, observe se h\u00e1 espa\u00e7o vertical para conduzir a planta e, em solos compactados, fa\u00e7a a descompacta\u00e7\u00e3o e a incorpora\u00e7\u00e3o de mat\u00e9ria org\u00e2nica bem decomposta. Alguns pontos essenciais ajudam a definir o melhor ambiente:<\/p>\n\n\n\n<ul class=\"wp-block-list\">\n<li><strong>Luz solar:<\/strong>\u00a04 a 6 horas di\u00e1rias de sol direto.<\/li>\n\n\n\n<li><strong>Ventila\u00e7\u00e3o:<\/strong>\u00a0ambiente arejado, sem abafamento excessivo.<\/li>\n\n\n\n<li><strong>Drenagem:<\/strong>\u00a0solo que n\u00e3o acumule \u00e1gua ap\u00f3s regas ou chuvas.<\/li>\n\n\n\n<li><strong>Espa\u00e7o vertical:<\/strong>\u00a0muro, cerca ou p\u00e9rgola para condu\u00e7\u00e3o da planta.<\/li>\n<\/ul>\n\n\n\n<h2 class=\"wp-block-heading\">Como cultivar a videira em quatro passos simples?<\/h2>\n\n\n\n<p>O cultivo da videira em casa pode ser organizado em quatro etapas, que v\u00e3o do plantio \u00e0 colheita, facilitando a rotina de quem est\u00e1 come\u00e7ando. Seguir essa sequ\u00eancia ajuda a estruturar o manejo, mantendo a planta equilibrada e produtiva ao longo dos anos.<\/p>\n\n\n\n<table style=\"width: 100%; border-collapse: collapse; font-family: 'Segoe UI', Tahoma, Geneva, Verdana, sans-serif; border-radius: 10px; overflow: hidden; box-shadow: 0 4px 8px rgba(0,0,0,0.1);\">\n  <thead>\n    <tr style=\"background-color: #2d5a27; color: #ffffff; text-align: left;\">\n      <th style=\"padding: 15px; border-bottom: 3px solid #1e3d1a; width: 30%;\">Etapa do Cultivo<\/th>\n      <th style=\"padding: 15px; border-bottom: 3px solid #1e3d1a;\">Como Fazer<\/th>\n    <\/tr>\n  <\/thead>\n  <tbody>\n    <tr style=\"background-color: #f0f7ef;\">\n      <td style=\"padding: 15px; border-bottom: 1px solid #e0e0e0; font-weight: bold; color: #2d5a27;\">\n        \ud83c\udf31 Preparo do Solo ou Vaso\n      <\/td>\n      <td style=\"padding: 15px; border-bottom: 1px solid #e0e0e0;\">\n        <strong>No solo:<\/strong> Abra uma cova e misture terra com composto org\u00e2nico ou esterco curtido. <br>\n        <strong>Em vasos:<\/strong> Use recipientes de 50L com drenagem (brita\/argila) e substrato leve.\n      <\/td>\n    <\/tr>\n    <tr style=\"background-color: #ffffff;\">\n      <td style=\"padding: 15px; border-bottom: 1px solid #e0e0e0; font-weight: bold; color: #2d5a27;\">\n        \ud83c\udfd7\ufe0f Estrutura de Sustenta\u00e7\u00e3o\n      <\/td>\n      <td style=\"padding: 15px; border-bottom: 1px solid #e0e0e0;\">\n        Planeje o uso de arames, p\u00e9rgolas ou treli\u00e7as desde o in\u00edcio. A copa sobre esses apoios garantir\u00e1 a produ\u00e7\u00e3o de uvas e uma sombra agrad\u00e1vel.\n      <\/td>\n    <\/tr>\n    <tr style=\"background-color: #f0f7ef;\">\n      <td style=\"padding: 15px; border-bottom: 1px solid #e0e0e0; font-weight: bold; color: #2d5a27;\">\n        \u2702\ufe0f Condu\u00e7\u00e3o e Poda\n      <\/td>\n      <td style=\"padding: 15px; border-bottom: 1px solid #e0e0e0;\">\n        Amarre os ramos levemente \u00e0 estrutura sem apertar o caule. Realize a <strong>poda anual<\/strong> no per\u00edodo de dorm\u00eancia para renovar os ramos e melhorar os cachos.\n      <\/td>\n    <\/tr>\n    <tr style=\"background-color: #ffffff;\">\n      <td style=\"padding: 15px; border-bottom: 1px solid #e0e0e0; font-weight: bold; color: #2d5a27;\">\n        \ud83d\udca7 Rega e Nutri\u00e7\u00e3o\n      <\/td>\n      <td style=\"padding: 15px; border-bottom: 1px solid #e0e0e0;\">\n        Mantenha o solo \u00famido, mas nunca encharcado. Fa\u00e7a aduba\u00e7\u00f5es peri\u00f3dicas com fertilizantes para frut\u00edferas ou mat\u00e9ria org\u00e2nica, observando sempre a sa\u00fade das folhas.\n      <\/td>\n    <\/tr>\n  <\/tbody>\n<\/table>\n\n\n\n<h2 class=\"wp-block-heading\">Quais cuidados garantem uvas doces e saud\u00e1veis?<\/h2>\n\n\n\n<p>Para manter a qualidade das uvas, \u00e9 importante controlar a vegeta\u00e7\u00e3o, retirando brota\u00e7\u00f5es muito baixas e ramos voltados para dentro da copa. Assim, diminui-se o excesso de sombra sobre os cachos, melhora-se a ventila\u00e7\u00e3o e reduz-se a incid\u00eancia de fungos, permitindo uma matura\u00e7\u00e3o mais uniforme dos frutos.<\/p>\n\n\n\n<p>Observe regularmente folhas e cachos para identificar pragas e doen\u00e7as logo no in\u00edcio, quando o manejo \u00e9 mais simples e eficiente. Em plantas muito carregadas, o desbaste de cachos ajuda a concentrar energia em menos frutos, resultando em uvas maiores, mais doces e com melhor textura para consumo e preparo de sucos e geleias.<\/p>\n\n\n\n<p>Confira o v\u00eddeo compartilhado pelo canal do YouTube <strong><a href=\"https:\/\/www.youtube.com\/@horadaroca\" target=\"_blank\" rel=\"noreferrer noopener\">Hora da Ro\u00e7a<\/a><\/strong> ensinando passo a passo de como come\u00e7ar o cultivo de uvas em casa. <\/p>\n\n\n\n<figure class=\"wp-block-embed is-type-video is-provider-youtube wp-block-embed-youtube wp-embed-aspect-16-9 wp-has-aspect-ratio\"><div class=\"wp-block-embed__wrapper\">\n<div class=\"jeg_video_container jeg_video_content\"><iframe loading=\"lazy\" title=\"Guia Completo para o Plantio de Uva Caseiro: Dicas e Passo a Passo\" width=\"500\" height=\"281\" src=\"https:\/\/www.youtube.com\/embed\/6oeqvljgBeM?feature=oembed\" frameborder=\"0\" allow=\"accelerometer; autoplay; clipboard-write; encrypted-media; gyroscope; picture-in-picture; web-share\" referrerpolicy=\"strict-origin-when-cross-origin\" allowfullscreen><\/iframe><\/div>\n<\/div><\/figure>\n\n\n\n<h2 class=\"wp-block-heading\">Por que investir agora no cultivo de videiras em casa?<\/h2>\n\n\n\n<p>Ao longo das safras, a videira se adapta ao clima local e ao manejo, tornando-se uma presen\u00e7a duradoura no jardim ou quintal, oferecendo sombra e cachos de uvas doces por muitos anos. Com sol suficiente, estrutura bem planejada e podas regulares, voc\u00ea transforma qualquer parede ou p\u00e9rgola em um cantinho produtivo e aconchegante.<\/p>\n\n\n\n<p>N\u00e3o adie esse projeto: comece hoje a preparar o espa\u00e7o, escolher a variedade e montar a estrutura para sua trepadeira. Cada esta\u00e7\u00e3o que passa sem plantio \u00e9 uma safra perdida; plante agora e sinta, em poucos anos, a diferen\u00e7a de colher suas pr\u00f3prias uvas frescas em casa.<\/p>\n","protected":false},"excerpt":{"rendered":"<p>A videira \u00e9 uma trepadeira r\u00fastica, produtiva e vers\u00e1til, capaz de transformar varandas, quintais e pequenos jardins em \u00e1reas sombreadas e cheias de uvas doces. Al\u00e9m de valorizar o visual do espa\u00e7o com seus ramos e folhas, ela produz frutos para consumo in natura, sucos, geleias e at\u00e9 vinhos artesanais, desde que receba sol adequado, [&hellip;]<\/p>\n","protected":false},"author":13,"featured_media":178465,"comment_status":"open","ping_status":"open","sticky":false,"template":"","format":"standard","meta":{"jnews-multi-image_gallery":[],"jnews_single_post":{"format":"standard"},"jnews_primary_category":[],"jnews_social_meta":[],"jnews_override_counter":[],"footnotes":""},"categories":[8819],"tags":[2911,3358,25822],"class_list":["post-178439","post","type-post","status-publish","format-standard","has-post-thumbnail","hentry","category-curiosidades","tag-casa","tag-jardinagem","tag-videria"],"yoast_head":"<!-- This site is optimized with the Yoast SEO plugin v23.8 - https:\/\/yoast.com\/wordpress\/plugins\/seo\/ -->\n<title>Quer colher uvas em casa? Veja como plantar videira e transformar seu quintal em um cantinho produtivo - Estado de Minas - Em foco<\/title>\n<meta name=\"description\" content=\"Veja como plantar videira em casa, preparar o solo e cuidar da trepadeira para colher uvas doces e criar sombra no quintal.\" \/>\n<meta name=\"robots\" content=\"index, follow, max-snippet:-1, max-image-preview:large, max-video-preview:-1\" \/>\n<link rel=\"canonical\" href=\"https:\/\/www.em.com.br\/emfoco\/2026\/03\/09\/quer-colher-uvas-em-casa-veja-como-plantar-videira-e-transformar-seu-quintal-em-um-cantinho-produtivo\/\" \/>\n<meta property=\"og:locale\" content=\"pt_BR\" \/>\n<meta property=\"og:type\" content=\"article\" \/>\n<meta property=\"og:title\" content=\"Quer colher uvas em casa? Veja como plantar videira e transformar seu quintal em um cantinho produtivo - Estado de Minas - Em foco\" \/>\n<meta property=\"og:description\" content=\"Veja como plantar videira em casa, preparar o solo e cuidar da trepadeira para colher uvas doces e criar sombra no quintal.\" \/>\n<meta property=\"og:url\" content=\"https:\/\/www.em.com.br\/emfoco\/2026\/03\/09\/quer-colher-uvas-em-casa-veja-como-plantar-videira-e-transformar-seu-quintal-em-um-cantinho-produtivo\/\" \/>\n<meta property=\"og:site_name\" content=\"Estado de Minas - Em foco\" \/>\n<meta property=\"article:published_time\" content=\"2026-03-09T20:55:00+00:00\" \/>\n<meta property=\"article:modified_time\" content=\"2026-03-06T19:35:17+00:00\" \/>\n<meta property=\"og:image\" content=\"https:\/\/www.em.com.br\/emfoco\/wp-content\/uploads\/2026\/03\/2-35.jpg\" \/>\n\t<meta property=\"og:image:width\" content=\"1280\" \/>\n\t<meta property=\"og:image:height\" content=\"720\" \/>\n\t<meta property=\"og:image:type\" content=\"image\/jpeg\" \/>\n<meta name=\"author\" content=\"Gabriel Martins\" \/>\n<meta name=\"twitter:card\" content=\"summary_large_image\" \/>\n<meta name=\"twitter:label1\" content=\"Escrito por\" \/>\n\t<meta name=\"twitter:data1\" content=\"Gabriel Martins\" \/>\n\t<meta name=\"twitter:label2\" content=\"Est. tempo de leitura\" \/>\n\t<meta name=\"twitter:data2\" content=\"5 minutos\" \/>\n<!-- \/ Yoast SEO plugin. -->","yoast_head_json":{"title":"Quer colher uvas em casa? Veja como plantar videira e transformar seu quintal em um cantinho produtivo - Estado de Minas - Em foco","description":"Veja como plantar videira em casa, preparar o solo e cuidar da trepadeira para colher uvas doces e criar sombra no quintal.","robots":{"index":"index","follow":"follow","max-snippet":"max-snippet:-1","max-image-preview":"max-image-preview:large","max-video-preview":"max-video-preview:-1"},"canonical":"https:\/\/www.em.com.br\/emfoco\/2026\/03\/09\/quer-colher-uvas-em-casa-veja-como-plantar-videira-e-transformar-seu-quintal-em-um-cantinho-produtivo\/","og_locale":"pt_BR","og_type":"article","og_title":"Quer colher uvas em casa? Veja como plantar videira e transformar seu quintal em um cantinho produtivo - Estado de Minas - Em foco","og_description":"Veja como plantar videira em casa, preparar o solo e cuidar da trepadeira para colher uvas doces e criar sombra no quintal.","og_url":"https:\/\/www.em.com.br\/emfoco\/2026\/03\/09\/quer-colher-uvas-em-casa-veja-como-plantar-videira-e-transformar-seu-quintal-em-um-cantinho-produtivo\/","og_site_name":"Estado de Minas - Em foco","article_published_time":"2026-03-09T20:55:00+00:00","article_modified_time":"2026-03-06T19:35:17+00:00","og_image":[{"width":1280,"height":720,"url":"https:\/\/www.em.com.br\/emfoco\/wp-content\/uploads\/2026\/03\/2-35.jpg","type":"image\/jpeg"}],"author":"Gabriel Martins","twitter_card":"summary_large_image","twitter_misc":{"Escrito por":"Gabriel Martins","Est. tempo de leitura":"5 minutos"},"schema":{"@context":"https:\/\/schema.org","@graph":[{"@type":"WebPage","@id":"https:\/\/www.em.com.br\/emfoco\/2026\/03\/09\/quer-colher-uvas-em-casa-veja-como-plantar-videira-e-transformar-seu-quintal-em-um-cantinho-produtivo\/","url":"https:\/\/www.em.com.br\/emfoco\/2026\/03\/09\/quer-colher-uvas-em-casa-veja-como-plantar-videira-e-transformar-seu-quintal-em-um-cantinho-produtivo\/","name":"Quer colher uvas em casa? Veja como plantar videira e transformar seu quintal em um cantinho produtivo - Estado de Minas - Em foco","isPartOf":{"@id":"https:\/\/www.em.com.br\/emfoco\/#website"},"primaryImageOfPage":{"@id":"https:\/\/www.em.com.br\/emfoco\/2026\/03\/09\/quer-colher-uvas-em-casa-veja-como-plantar-videira-e-transformar-seu-quintal-em-um-cantinho-produtivo\/#primaryimage"},"image":{"@id":"https:\/\/www.em.com.br\/emfoco\/2026\/03\/09\/quer-colher-uvas-em-casa-veja-como-plantar-videira-e-transformar-seu-quintal-em-um-cantinho-produtivo\/#primaryimage"},"thumbnailUrl":"https:\/\/www.em.com.br\/emfoco\/wp-content\/uploads\/2026\/03\/2-35.jpg","datePublished":"2026-03-09T20:55:00+00:00","dateModified":"2026-03-06T19:35:17+00:00","author":{"@id":"https:\/\/www.em.com.br\/emfoco\/#\/schema\/person\/1c9ddeab18b98abeffef834667bcf08a"},"description":"Veja como plantar videira em casa, preparar o solo e cuidar da trepadeira para colher uvas doces e criar sombra no quintal.","breadcrumb":{"@id":"https:\/\/www.em.com.br\/emfoco\/2026\/03\/09\/quer-colher-uvas-em-casa-veja-como-plantar-videira-e-transformar-seu-quintal-em-um-cantinho-produtivo\/#breadcrumb"},"inLanguage":"pt-BR","potentialAction":[{"@type":"ReadAction","target":["https:\/\/www.em.com.br\/emfoco\/2026\/03\/09\/quer-colher-uvas-em-casa-veja-como-plantar-videira-e-transformar-seu-quintal-em-um-cantinho-produtivo\/"]}]},{"@type":"ImageObject","inLanguage":"pt-BR","@id":"https:\/\/www.em.com.br\/emfoco\/2026\/03\/09\/quer-colher-uvas-em-casa-veja-como-plantar-videira-e-transformar-seu-quintal-em-um-cantinho-produtivo\/#primaryimage","url":"https:\/\/www.em.com.br\/emfoco\/wp-content\/uploads\/2026\/03\/2-35.jpg","contentUrl":"https:\/\/www.em.com.br\/emfoco\/wp-content\/uploads\/2026\/03\/2-35.jpg","width":1280,"height":720,"caption":"Cultivar videiras em casa proporciona sombra agrad\u00e1vel e frutos muito doces"},{"@type":"BreadcrumbList","@id":"https:\/\/www.em.com.br\/emfoco\/2026\/03\/09\/quer-colher-uvas-em-casa-veja-como-plantar-videira-e-transformar-seu-quintal-em-um-cantinho-produtivo\/#breadcrumb","itemListElement":[{"@type":"ListItem","position":1,"name":"In\u00edcio","item":"https:\/\/www.em.com.br\/emfoco\/"},{"@type":"ListItem","position":2,"name":"Quer colher uvas em casa? Veja como plantar videira e transformar seu quintal em um cantinho produtivo"}]},{"@type":"WebSite","@id":"https:\/\/www.em.com.br\/emfoco\/#website","url":"https:\/\/www.em.com.br\/emfoco\/","name":"Estado de Minas - Em foco","description":"Acompanhe as \u00faltimas not\u00edcias e fique bem informado sobre tudo o que acontece em Minas Gerais, Brasil e no mundo.","potentialAction":[{"@type":"SearchAction","target":{"@type":"EntryPoint","urlTemplate":"https:\/\/www.em.com.br\/emfoco\/?s={search_term_string}"},"query-input":{"@type":"PropertyValueSpecification","valueRequired":true,"valueName":"search_term_string"}}],"inLanguage":"pt-BR"},{"@type":"Person","@id":"https:\/\/www.em.com.br\/emfoco\/#\/schema\/person\/1c9ddeab18b98abeffef834667bcf08a","name":"Gabriel Martins","image":{"@type":"ImageObject","inLanguage":"pt-BR","@id":"https:\/\/www.em.com.br\/emfoco\/#\/schema\/person\/image\/","url":"https:\/\/secure.gravatar.com\/avatar\/f0f1e2efdfd88f1ad2cb08c5c2731e50?s=96&d=mm&r=g","contentUrl":"https:\/\/secure.gravatar.com\/avatar\/f0f1e2efdfd88f1ad2cb08c5c2731e50?s=96&d=mm&r=g","caption":"Gabriel Martins"},"sameAs":["https:\/\/www.em.com.br\/emfoco\/"],"url":"https:\/\/www.em.com.br\/emfoco\/author\/gabrielmartinsmyth\/"}]}},"_links":{"self":[{"href":"https:\/\/www.em.com.br\/emfoco\/wp-json\/wp\/v2\/posts\/178439","targetHints":{"allow":["GET"]}}],"collection":[{"href":"https:\/\/www.em.com.br\/emfoco\/wp-json\/wp\/v2\/posts"}],"about":[{"href":"https:\/\/www.em.com.br\/emfoco\/wp-json\/wp\/v2\/types\/post"}],"author":[{"embeddable":true,"href":"https:\/\/www.em.com.br\/emfoco\/wp-json\/wp\/v2\/users\/13"}],"replies":[{"embeddable":true,"href":"https:\/\/www.em.com.br\/emfoco\/wp-json\/wp\/v2\/comments?post=178439"}],"version-history":[{"count":1,"href":"https:\/\/www.em.com.br\/emfoco\/wp-json\/wp\/v2\/posts\/178439\/revisions"}],"predecessor-version":[{"id":178472,"href":"https:\/\/www.em.com.br\/emfoco\/wp-json\/wp\/v2\/posts\/178439\/revisions\/178472"}],"wp:featuredmedia":[{"embeddable":true,"href":"https:\/\/www.em.com.br\/emfoco\/wp-json\/wp\/v2\/media\/178465"}],"wp:attachment":[{"href":"https:\/\/www.em.com.br\/emfoco\/wp-json\/wp\/v2\/media?parent=178439"}],"wp:term":[{"taxonomy":"category","embeddable":true,"href":"https:\/\/www.em.com.br\/emfoco\/wp-json\/wp\/v2\/categories?post=178439"},{"taxonomy":"post_tag","embeddable":true,"href":"https:\/\/www.em.com.br\/emfoco\/wp-json\/wp\/v2\/tags?post=178439"}],"curies":[{"name":"wp","href":"https:\/\/api.w.org\/{rel}","templated":true}]}}