{"id":178436,"date":"2026-03-09T21:05:00","date_gmt":"2026-03-10T00:05:00","guid":{"rendered":"https:\/\/www.em.com.br\/emfoco\/?p=178436"},"modified":"2026-03-06T16:26:16","modified_gmt":"2026-03-06T19:26:16","slug":"sente-dor-nas-costas-ao-sentar-este-erro-de-postura-comum-pode-estar-pressionando-sua-coluna-sem-voce-perceber","status":"publish","type":"post","link":"https:\/\/www.em.com.br\/emfoco\/2026\/03\/09\/sente-dor-nas-costas-ao-sentar-este-erro-de-postura-comum-pode-estar-pressionando-sua-coluna-sem-voce-perceber\/","title":{"rendered":"Sente dor nas costas ao sentar? Este erro de postura comum pode estar pressionando sua coluna sem voc\u00ea perceber"},"content":{"rendered":"\n<p>Dor nas costas ao sentar \u00e9 hoje uma das queixas mais comuns entre adultos que passam longas horas em frente ao computador, no carro ou usando o celular. O desconforto costuma surgir de forma silenciosa, at\u00e9 que pequenas \u201cfisgadas\u201d se transformam em dor constante, sobretudo na regi\u00e3o lombar e entre as esc\u00e1pulas, frequentemente ligada \u00e0 forma de sentar, de se movimentar e \u00e0 organiza\u00e7\u00e3o do ambiente de trabalho.<\/p>\n\n\n\n<h2 class=\"wp-block-heading\">O que acontece com a coluna quando surge dor nas costas ao sentar<\/h2>\n\n\n\n<p>A dor nas costas ao sentar costuma surgir quando a coluna permanece muito tempo em posi\u00e7\u00f5es que fogem da sua curvatura natural. Ao sentar com o quadril muito \u00e0 frente da cadeira, lombar arredondada e pesco\u00e7o inclinado para baixo, a press\u00e3o sobre os discos intervertebrais aumenta e a musculatura entra em fadiga.<\/p>\n\n\n\n<p>O ortopedista\u00a0<strong>Dr. Mariana Lopes<\/strong>, especialista em <strong><a href=\"https:\/\/www.em.com.br\/emfoco\/2026\/01\/26\/dr-cesar-cimonari-artrose-da-coluna-causa-dor-constante\/\" target=\"_blank\" rel=\"noreferrer noopener\">coluna<\/a><\/strong>, explica que a postura sentada prolongada reduz a circula\u00e7\u00e3o sangu\u00ednea na musculatura paravertebral e nos gl\u00fateos, favorecendo contraturas e desconforto. Segundo o fisioterapeuta\u00a0<strong>Dr. Ricardo Menezes<\/strong>, \u201ca dor nas costas ao sentar \u00e9 um sinal de que o corpo est\u00e1 sendo exigido al\u00e9m da capacidade de sustenta\u00e7\u00e3o, principalmente quando n\u00e3o h\u00e1 fortalecimento muscular adequado\u201d.<\/p>\n\n\n\n<figure class=\"wp-block-image size-large\"><img loading=\"lazy\" decoding=\"async\" width=\"1024\" height=\"576\" src=\"https:\/\/www.em.com.br\/emfoco\/wp-content\/uploads\/2026\/03\/3-31-1024x576.jpg\" alt=\"Sente dor nas costas ao sentar? Este erro de postura comum pode estar pressionando sua coluna sem voc\u00ea perceber\" class=\"wp-image-178453\" srcset=\"https:\/\/www.em.com.br\/emfoco\/wp-content\/uploads\/2026\/03\/3-31-1024x576.jpg 1024w, https:\/\/www.em.com.br\/emfoco\/wp-content\/uploads\/2026\/03\/3-31-300x169.jpg 300w, https:\/\/www.em.com.br\/emfoco\/wp-content\/uploads\/2026\/03\/3-31-768x432.jpg 768w, https:\/\/www.em.com.br\/emfoco\/wp-content\/uploads\/2026\/03\/3-31-750x422.jpg 750w, https:\/\/www.em.com.br\/emfoco\/wp-content\/uploads\/2026\/03\/3-31-1140x641.jpg 1140w, https:\/\/www.em.com.br\/emfoco\/wp-content\/uploads\/2026\/03\/3-31.jpg 1280w\" sizes=\"auto, (max-width: 1024px) 100vw, 1024px\" \/><figcaption class=\"wp-element-caption\">Manter a curvatura natural da coluna evita fadiga muscular durante o trabalho<\/figcaption><\/figure>\n\n\n\n<h2 class=\"wp-block-heading\">Quais s\u00e3o os principais erros de postura ao sentar<\/h2>\n\n\n\n<p>Alguns comportamentos di\u00e1rios colaboram diretamente para o surgimento de dor nas costas ao sentar. Identificar esses h\u00e1bitos \u00e9 um passo importante para proteger a coluna e adaptar o ambiente para uma rotina de trabalho mais saud\u00e1vel e produtiva.<\/p>\n\n\n\n<ul class=\"wp-block-list\">\n<li>Sentar na ponta da cadeira, sem apoio total das costas.<\/li>\n\n\n\n<li>Ficar com os ombros projetados para frente, em dire\u00e7\u00e3o ao teclado ou ao volante.<\/li>\n\n\n\n<li>Manter os p\u00e9s suspensos ou cruzar as pernas por longos per\u00edodos.<\/li>\n\n\n\n<li>Deixar o monitor muito baixo, for\u00e7ando a flex\u00e3o do pesco\u00e7o.<\/li>\n\n\n\n<li>Permanecer mais de 40 a 50 minutos sentado sem levantar ou se movimentar.<\/li>\n<\/ul>\n\n\n\n<h2 class=\"wp-block-heading\">Quais exerc\u00edcios r\u00e1pidos ajudam a aliviar dor nas costas ao sentar<\/h2>\n\n\n\n<p>Para quem sente dor nas costas ao sentar e precisa de alternativas pr\u00e1ticas, alguns exerc\u00edcios simples podem ser feitos em casa ou no trabalho, sem equipamentos espec\u00edficos. \u00c9 importante realiz\u00e1-los de forma suave, sem movimentos bruscos, respeitando limites individuais e interrompendo em caso de dor intensa.<\/p>\n\n\n\n<table style=\"width: 100%; border-collapse: collapse; font-family: Arial, sans-serif; border: 1px solid #ddd; border-radius: 8px; overflow: hidden;\">\n  <thead>\n    <tr style=\"background-color: #2c3e50; color: white; text-align: left;\">\n      <th style=\"padding: 15px; border-bottom: 2px solid #1a252f;\">Exerc\u00edcio<\/th>\n      <th style=\"padding: 15px; border-bottom: 2px solid #1a252f;\">Instru\u00e7\u00f5es de Execu\u00e7\u00e3o<\/th>\n      <th style=\"padding: 15px; border-bottom: 2px solid #1a252f; text-align: center;\">Tempo \/ Repeti\u00e7\u00f5es<\/th>\n    <\/tr>\n  <\/thead>\n  <tbody>\n    <tr style=\"background-color: #f9f9f9;\">\n      <td style=\"padding: 15px; border-bottom: 1px solid #ddd; font-weight: bold; color: #2980b9;\">Alongamento da coluna em \u201cC\u201d<\/td>\n      <td style=\"padding: 15px; border-bottom: 1px solid #ddd;\">Sente-se no meio da cadeira, p\u00e9s no ch\u00e3o. Entrelace as m\u00e3os \u00e0 frente do peito, estenda os bra\u00e7os e arredonde a parte superior das costas (&#8220;abra\u00e7ando um barril&#8221;), com a cabe\u00e7a levemente inclinada.<\/td>\n      <td style=\"padding: 15px; border-bottom: 1px solid #ddd; text-align: center;\">20 a 30 segundos<\/td>\n    <\/tr>\n    <tr>\n      <td style=\"padding: 15px; border-bottom: 1px solid #ddd; font-weight: bold; color: #2980b9;\">Fortalecimento Isom\u00e9trico<\/td>\n      <td style=\"padding: 15px; border-bottom: 1px solid #ddd;\">Sentado com a coluna ereta, contraia o abd\u00f4men e empurre suavemente a lombar contra o encosto da cadeira, sem prender a respira\u00e7\u00e3o.<\/td>\n      <td style=\"padding: 15px; border-bottom: 1px solid #ddd; text-align: center;\">10s (contra\u00e7\u00e3o) + 10s (relaxar)<br><strong>5 a 8 repeti\u00e7\u00f5es<\/strong><\/td>\n    <\/tr>\n    <tr style=\"background-color: #f9f9f9;\">\n      <td style=\"padding: 15px; border-bottom: 1px solid #ddd; font-weight: bold; color: #2980b9;\">Pesco\u00e7o e Ombros<\/td>\n      <td style=\"padding: 15px; border-bottom: 1px solid #ddd;\">Incline a cabe\u00e7a lateralmente com ajuda da m\u00e3o (repetir os dois lados). Depois, eleve os ombros em dire\u00e7\u00e3o \u00e0s orelhas e solte.<\/td>\n      <td style=\"padding: 15px; border-bottom: 1px solid #ddd; text-align: center;\">20s (cada lado)<br>8 a 10 repeti\u00e7\u00f5es (ombros)<\/td>\n    <\/tr>\n  <\/tbody>\n<\/table>\n\n\n\n<h2 class=\"wp-block-heading\">Como ajustar a rotina para sentar com menos dor nas costas<\/h2>\n\n\n\n<p>Al\u00e9m dos exerc\u00edcios, reorganizar o dia a dia \u00e9 decisivo para controlar a dor nas costas ao sentar. Pausas programadas, pequenas caminhadas internas e alongamentos curtos ajudam a quebrar o ciclo de sobrecarga, especialmente para quem trabalha muitas horas em frente ao computador.<\/p>\n\n\n\n<p>Segundo a fisioterapeuta&nbsp;<strong>Dr. Ana Paula Castro<\/strong>, especialista em ergonomia, pequenos ajustes de altura da cadeira, posicionamento da tela e apoio dos p\u00e9s reduzem significativamente o estresse sobre a coluna. O m\u00e9dico fisiatra&nbsp;<strong>Dr. Carla Nogueira<\/strong>&nbsp;refor\u00e7a que a combina\u00e7\u00e3o de cuidados ergon\u00f4micos, fortalecimento da musculatura de suporte e intervalos de movimento costuma trazer melhora gradual da dor e mais disposi\u00e7\u00e3o ao final do dia.<\/p>\n\n\n\n<p>Confira o v\u00eddeo compartilhado pelo canal do YouTube <strong><a href=\"https:\/\/www.youtube.com\/@DrAlexandreMota\" target=\"_blank\" rel=\"noreferrer noopener\">Dr. Alexandre Mota<\/a><\/strong> ensinando t\u00e9cnicas para aliviar dores nas costas depois de passar um dia inteiro sentado.<\/p>\n\n\n\n<figure class=\"wp-block-embed is-type-video is-provider-youtube wp-block-embed-youtube wp-embed-aspect-16-9 wp-has-aspect-ratio\"><div class=\"wp-block-embed__wrapper\">\n<div class=\"jeg_video_container jeg_video_content\"><iframe loading=\"lazy\" title=\"Como Aliviar a Dor nas Costas em 4 Minutos - Funciona em 90% das pessoas! (Erros no Final)\" width=\"500\" height=\"281\" src=\"https:\/\/www.youtube.com\/embed\/vPs6P6WnxhM?feature=oembed\" frameborder=\"0\" allow=\"accelerometer; autoplay; clipboard-write; encrypted-media; gyroscope; picture-in-picture; web-share\" referrerpolicy=\"strict-origin-when-cross-origin\" allowfullscreen><\/iframe><\/div>\n<\/div><\/figure>\n\n\n\n<h2 class=\"wp-block-heading\">Como evitar que a dor nas costas ao sentar piore ao longo do tempo<\/h2>\n\n\n\n<p>A dor nas costas ao sentar n\u00e3o deve ser normalizada, pois pode evoluir para quadros mais graves se ignorada. Ao notar que o inc\u00f4modo est\u00e1 mais frequente, intenso ou limita suas atividades di\u00e1rias, \u00e9 sinal de alerta para buscar ajuda especializada e ajustar h\u00e1bitos com urg\u00eancia.<\/p>\n\n\n\n<p>N\u00e3o espere a dor se tornar incapacitante para agir: introduza hoje mesmo pausas ativas, revise sua postura e procure avalia\u00e7\u00e3o de um profissional de coluna ou fisioterapeuta para um plano personalizado. Cuidar da sua coluna agora \u00e9 decisivo para preservar sua autonomia, seu bem-estar e sua qualidade de vida no futuro.<\/p>\n","protected":false},"excerpt":{"rendered":"<p>Dor nas costas ao sentar \u00e9 hoje uma das queixas mais comuns entre adultos que passam longas horas em frente ao computador, no carro ou usando o celular. O desconforto costuma surgir de forma silenciosa, at\u00e9 que pequenas \u201cfisgadas\u201d se transformam em dor constante, sobretudo na regi\u00e3o lombar e entre as esc\u00e1pulas, frequentemente ligada \u00e0 [&hellip;]<\/p>\n","protected":false},"author":13,"featured_media":178454,"comment_status":"open","ping_status":"open","sticky":false,"template":"","format":"standard","meta":{"jnews-multi-image_gallery":[],"jnews_single_post":{"format":"standard"},"jnews_primary_category":[],"jnews_social_meta":[],"jnews_override_counter":[],"footnotes":""},"categories":[9053],"tags":[9560,4874,5287],"class_list":["post-178436","post","type-post","status-publish","format-standard","has-post-thumbnail","hentry","category-saude","tag-dor-nas-costas","tag-exercicios-fisicos","tag-postura"],"yoast_head":"<!-- This site is optimized with the Yoast SEO plugin v23.8 - https:\/\/yoast.com\/wordpress\/plugins\/seo\/ -->\n<title>Sente dor nas costas ao sentar? Este erro de postura comum pode estar pressionando sua coluna sem voc\u00ea perceber - Estado de Minas - Em foco<\/title>\n<meta name=\"description\" content=\"Dor nas costas ao sentar pode estar ligada \u00e0 postura e ao tempo parado. Veja erros comuns e exerc\u00edcios simples que ajudam a aliviar.\" \/>\n<meta name=\"robots\" content=\"index, follow, max-snippet:-1, max-image-preview:large, max-video-preview:-1\" \/>\n<link rel=\"canonical\" href=\"https:\/\/www.em.com.br\/emfoco\/2026\/03\/09\/sente-dor-nas-costas-ao-sentar-este-erro-de-postura-comum-pode-estar-pressionando-sua-coluna-sem-voce-perceber\/\" \/>\n<meta property=\"og:locale\" content=\"pt_BR\" \/>\n<meta property=\"og:type\" content=\"article\" \/>\n<meta property=\"og:title\" content=\"Sente dor nas costas ao sentar? Este erro de postura comum pode estar pressionando sua coluna sem voc\u00ea perceber - Estado de Minas - Em foco\" \/>\n<meta property=\"og:description\" content=\"Dor nas costas ao sentar pode estar ligada \u00e0 postura e ao tempo parado. Veja erros comuns e exerc\u00edcios simples que ajudam a aliviar.\" \/>\n<meta property=\"og:url\" content=\"https:\/\/www.em.com.br\/emfoco\/2026\/03\/09\/sente-dor-nas-costas-ao-sentar-este-erro-de-postura-comum-pode-estar-pressionando-sua-coluna-sem-voce-perceber\/\" \/>\n<meta property=\"og:site_name\" content=\"Estado de Minas - Em foco\" \/>\n<meta property=\"article:published_time\" content=\"2026-03-10T00:05:00+00:00\" \/>\n<meta property=\"article:modified_time\" content=\"2026-03-06T19:26:16+00:00\" \/>\n<meta property=\"og:image\" content=\"https:\/\/www.em.com.br\/emfoco\/wp-content\/uploads\/2026\/03\/4-31.jpg\" \/>\n\t<meta property=\"og:image:width\" content=\"1280\" \/>\n\t<meta property=\"og:image:height\" content=\"720\" \/>\n\t<meta property=\"og:image:type\" content=\"image\/jpeg\" \/>\n<meta name=\"author\" content=\"Gabriel Martins\" \/>\n<meta name=\"twitter:card\" content=\"summary_large_image\" \/>\n<meta name=\"twitter:label1\" content=\"Escrito por\" \/>\n\t<meta name=\"twitter:data1\" content=\"Gabriel Martins\" \/>\n\t<meta name=\"twitter:label2\" content=\"Est. tempo de leitura\" \/>\n\t<meta name=\"twitter:data2\" content=\"5 minutos\" \/>\n<!-- \/ Yoast SEO plugin. -->","yoast_head_json":{"title":"Sente dor nas costas ao sentar? Este erro de postura comum pode estar pressionando sua coluna sem voc\u00ea perceber - Estado de Minas - Em foco","description":"Dor nas costas ao sentar pode estar ligada \u00e0 postura e ao tempo parado. Veja erros comuns e exerc\u00edcios simples que ajudam a aliviar.","robots":{"index":"index","follow":"follow","max-snippet":"max-snippet:-1","max-image-preview":"max-image-preview:large","max-video-preview":"max-video-preview:-1"},"canonical":"https:\/\/www.em.com.br\/emfoco\/2026\/03\/09\/sente-dor-nas-costas-ao-sentar-este-erro-de-postura-comum-pode-estar-pressionando-sua-coluna-sem-voce-perceber\/","og_locale":"pt_BR","og_type":"article","og_title":"Sente dor nas costas ao sentar? Este erro de postura comum pode estar pressionando sua coluna sem voc\u00ea perceber - Estado de Minas - Em foco","og_description":"Dor nas costas ao sentar pode estar ligada \u00e0 postura e ao tempo parado. Veja erros comuns e exerc\u00edcios simples que ajudam a aliviar.","og_url":"https:\/\/www.em.com.br\/emfoco\/2026\/03\/09\/sente-dor-nas-costas-ao-sentar-este-erro-de-postura-comum-pode-estar-pressionando-sua-coluna-sem-voce-perceber\/","og_site_name":"Estado de Minas - Em foco","article_published_time":"2026-03-10T00:05:00+00:00","article_modified_time":"2026-03-06T19:26:16+00:00","og_image":[{"width":1280,"height":720,"url":"https:\/\/www.em.com.br\/emfoco\/wp-content\/uploads\/2026\/03\/4-31.jpg","type":"image\/jpeg"}],"author":"Gabriel Martins","twitter_card":"summary_large_image","twitter_misc":{"Escrito por":"Gabriel Martins","Est. tempo de leitura":"5 minutos"},"schema":{"@context":"https:\/\/schema.org","@graph":[{"@type":"WebPage","@id":"https:\/\/www.em.com.br\/emfoco\/2026\/03\/09\/sente-dor-nas-costas-ao-sentar-este-erro-de-postura-comum-pode-estar-pressionando-sua-coluna-sem-voce-perceber\/","url":"https:\/\/www.em.com.br\/emfoco\/2026\/03\/09\/sente-dor-nas-costas-ao-sentar-este-erro-de-postura-comum-pode-estar-pressionando-sua-coluna-sem-voce-perceber\/","name":"Sente dor nas costas ao sentar? Este erro de postura comum pode estar pressionando sua coluna sem voc\u00ea perceber - Estado de Minas - Em foco","isPartOf":{"@id":"https:\/\/www.em.com.br\/emfoco\/#website"},"primaryImageOfPage":{"@id":"https:\/\/www.em.com.br\/emfoco\/2026\/03\/09\/sente-dor-nas-costas-ao-sentar-este-erro-de-postura-comum-pode-estar-pressionando-sua-coluna-sem-voce-perceber\/#primaryimage"},"image":{"@id":"https:\/\/www.em.com.br\/emfoco\/2026\/03\/09\/sente-dor-nas-costas-ao-sentar-este-erro-de-postura-comum-pode-estar-pressionando-sua-coluna-sem-voce-perceber\/#primaryimage"},"thumbnailUrl":"https:\/\/www.em.com.br\/emfoco\/wp-content\/uploads\/2026\/03\/4-31.jpg","datePublished":"2026-03-10T00:05:00+00:00","dateModified":"2026-03-06T19:26:16+00:00","author":{"@id":"https:\/\/www.em.com.br\/emfoco\/#\/schema\/person\/1c9ddeab18b98abeffef834667bcf08a"},"description":"Dor nas costas ao sentar pode estar ligada \u00e0 postura e ao tempo parado. Veja erros comuns e exerc\u00edcios simples que ajudam a aliviar.","breadcrumb":{"@id":"https:\/\/www.em.com.br\/emfoco\/2026\/03\/09\/sente-dor-nas-costas-ao-sentar-este-erro-de-postura-comum-pode-estar-pressionando-sua-coluna-sem-voce-perceber\/#breadcrumb"},"inLanguage":"pt-BR","potentialAction":[{"@type":"ReadAction","target":["https:\/\/www.em.com.br\/emfoco\/2026\/03\/09\/sente-dor-nas-costas-ao-sentar-este-erro-de-postura-comum-pode-estar-pressionando-sua-coluna-sem-voce-perceber\/"]}]},{"@type":"ImageObject","inLanguage":"pt-BR","@id":"https:\/\/www.em.com.br\/emfoco\/2026\/03\/09\/sente-dor-nas-costas-ao-sentar-este-erro-de-postura-comum-pode-estar-pressionando-sua-coluna-sem-voce-perceber\/#primaryimage","url":"https:\/\/www.em.com.br\/emfoco\/wp-content\/uploads\/2026\/03\/4-31.jpg","contentUrl":"https:\/\/www.em.com.br\/emfoco\/wp-content\/uploads\/2026\/03\/4-31.jpg","width":1280,"height":720,"caption":"Postura inadequada ao sentar causa desconforto e press\u00f5es na regi\u00e3o lombar"},{"@type":"BreadcrumbList","@id":"https:\/\/www.em.com.br\/emfoco\/2026\/03\/09\/sente-dor-nas-costas-ao-sentar-este-erro-de-postura-comum-pode-estar-pressionando-sua-coluna-sem-voce-perceber\/#breadcrumb","itemListElement":[{"@type":"ListItem","position":1,"name":"In\u00edcio","item":"https:\/\/www.em.com.br\/emfoco\/"},{"@type":"ListItem","position":2,"name":"Sente dor nas costas ao sentar? Este erro de postura comum pode estar pressionando sua coluna sem voc\u00ea perceber"}]},{"@type":"WebSite","@id":"https:\/\/www.em.com.br\/emfoco\/#website","url":"https:\/\/www.em.com.br\/emfoco\/","name":"Estado de Minas - Em foco","description":"Acompanhe as \u00faltimas not\u00edcias e fique bem informado sobre tudo o que acontece em Minas Gerais, Brasil e no mundo.","potentialAction":[{"@type":"SearchAction","target":{"@type":"EntryPoint","urlTemplate":"https:\/\/www.em.com.br\/emfoco\/?s={search_term_string}"},"query-input":{"@type":"PropertyValueSpecification","valueRequired":true,"valueName":"search_term_string"}}],"inLanguage":"pt-BR"},{"@type":"Person","@id":"https:\/\/www.em.com.br\/emfoco\/#\/schema\/person\/1c9ddeab18b98abeffef834667bcf08a","name":"Gabriel Martins","image":{"@type":"ImageObject","inLanguage":"pt-BR","@id":"https:\/\/www.em.com.br\/emfoco\/#\/schema\/person\/image\/","url":"https:\/\/secure.gravatar.com\/avatar\/f0f1e2efdfd88f1ad2cb08c5c2731e50?s=96&d=mm&r=g","contentUrl":"https:\/\/secure.gravatar.com\/avatar\/f0f1e2efdfd88f1ad2cb08c5c2731e50?s=96&d=mm&r=g","caption":"Gabriel Martins"},"sameAs":["https:\/\/www.em.com.br\/emfoco\/"],"url":"https:\/\/www.em.com.br\/emfoco\/author\/gabrielmartinsmyth\/"}]}},"_links":{"self":[{"href":"https:\/\/www.em.com.br\/emfoco\/wp-json\/wp\/v2\/posts\/178436","targetHints":{"allow":["GET"]}}],"collection":[{"href":"https:\/\/www.em.com.br\/emfoco\/wp-json\/wp\/v2\/posts"}],"about":[{"href":"https:\/\/www.em.com.br\/emfoco\/wp-json\/wp\/v2\/types\/post"}],"author":[{"embeddable":true,"href":"https:\/\/www.em.com.br\/emfoco\/wp-json\/wp\/v2\/users\/13"}],"replies":[{"embeddable":true,"href":"https:\/\/www.em.com.br\/emfoco\/wp-json\/wp\/v2\/comments?post=178436"}],"version-history":[{"count":1,"href":"https:\/\/www.em.com.br\/emfoco\/wp-json\/wp\/v2\/posts\/178436\/revisions"}],"predecessor-version":[{"id":178460,"href":"https:\/\/www.em.com.br\/emfoco\/wp-json\/wp\/v2\/posts\/178436\/revisions\/178460"}],"wp:featuredmedia":[{"embeddable":true,"href":"https:\/\/www.em.com.br\/emfoco\/wp-json\/wp\/v2\/media\/178454"}],"wp:attachment":[{"href":"https:\/\/www.em.com.br\/emfoco\/wp-json\/wp\/v2\/media?parent=178436"}],"wp:term":[{"taxonomy":"category","embeddable":true,"href":"https:\/\/www.em.com.br\/emfoco\/wp-json\/wp\/v2\/categories?post=178436"},{"taxonomy":"post_tag","embeddable":true,"href":"https:\/\/www.em.com.br\/emfoco\/wp-json\/wp\/v2\/tags?post=178436"}],"curies":[{"name":"wp","href":"https:\/\/api.w.org\/{rel}","templated":true}]}}