{"id":178415,"date":"2026-03-11T12:45:00","date_gmt":"2026-03-11T15:45:00","guid":{"rendered":"https:\/\/www.em.com.br\/emfoco\/?p=178415"},"modified":"2026-03-10T20:25:36","modified_gmt":"2026-03-10T23:25:36","slug":"nem-caminhada-nem-bicicleta-o-exercicio-ideal-para-cuidar-do-coracao-e-melhorar-a-circulacao","status":"publish","type":"post","link":"https:\/\/www.em.com.br\/emfoco\/2026\/03\/11\/nem-caminhada-nem-bicicleta-o-exercicio-ideal-para-cuidar-do-coracao-e-melhorar-a-circulacao\/","title":{"rendered":"Nem caminhada nem bicicleta: o exerc\u00edcio ideal para cuidar do cora\u00e7\u00e3o e melhorar a circula\u00e7\u00e3o"},"content":{"rendered":"\n<p>Entre as diversas formas de se manter ativo no dia a dia, <strong>subir escadas<\/strong> vem ganhando destaque nas recomenda\u00e7\u00f5es de sa\u00fade por ser uma forma simples, pr\u00e1tica e acess\u00edvel de fortalecer o cora\u00e7\u00e3o, melhorar a circula\u00e7\u00e3o e preservar a for\u00e7a muscular, especialmente a partir da meia-idade.<\/p>\n\n\n\n<h2 class=\"wp-block-heading\">Por que subir escadas faz t\u00e3o bem ao cora\u00e7\u00e3o<\/h2>\n\n\n\n<p>Subir escadas \u00e9 um <strong>exerc\u00edcio cardiovascular<\/strong> que pode variar de intensidade moderada a vigorosa, dependendo do ritmo. Ao deslocar o corpo para cima, o esfor\u00e7o exigido do cora\u00e7\u00e3o \u00e9 maior do que em uma caminhada no plano, funcionando como um \u201ctreino intervalado\u201d natural ao longo do dia.<\/p>\n\n\n\n<p>Estudos indicam que incluir lances de escada na rotina ajuda a reduzir o risco de doen\u00e7as cardiovasculares, como <strong><a href=\"https:\/\/www.em.com.br\/emfoco\/2026\/02\/09\/o-risco-silencioso-de-infarto-que-cresce-nos-homens-apos-os-35\/\" target=\"_blank\" rel=\"noreferrer noopener\">infarto <\/a><\/strong>e <strong>AVC<\/strong>, especialmente em pessoas sedent\u00e1rias. Pequenos esfor\u00e7os distribu\u00eddos em v\u00e1rios momentos do dia mant\u00eam o sistema cardiorrespirat\u00f3rio mais ativo, sem depender apenas de longas sess\u00f5es de atividade f\u00edsica.<\/p>\n\n\n\n<figure class=\"wp-block-image size-large\"><img loading=\"lazy\" decoding=\"async\" width=\"1024\" height=\"576\" src=\"https:\/\/www.em.com.br\/emfoco\/wp-content\/uploads\/2026\/03\/ChatGPT-Image-10-de-mar.-de-2026-10_55_39-1-1024x576.png\" alt=\"Subir escadas \u00e9 um exerc\u00edcio cardiovascular \" class=\"wp-image-179700\" srcset=\"https:\/\/www.em.com.br\/emfoco\/wp-content\/uploads\/2026\/03\/ChatGPT-Image-10-de-mar.-de-2026-10_55_39-1-1024x576.png 1024w, https:\/\/www.em.com.br\/emfoco\/wp-content\/uploads\/2026\/03\/ChatGPT-Image-10-de-mar.-de-2026-10_55_39-1-300x169.png 300w, https:\/\/www.em.com.br\/emfoco\/wp-content\/uploads\/2026\/03\/ChatGPT-Image-10-de-mar.-de-2026-10_55_39-1-768x432.png 768w, https:\/\/www.em.com.br\/emfoco\/wp-content\/uploads\/2026\/03\/ChatGPT-Image-10-de-mar.-de-2026-10_55_39-1-750x422.png 750w, https:\/\/www.em.com.br\/emfoco\/wp-content\/uploads\/2026\/03\/ChatGPT-Image-10-de-mar.-de-2026-10_55_39-1-1140x641.png 1140w, https:\/\/www.em.com.br\/emfoco\/wp-content\/uploads\/2026\/03\/ChatGPT-Image-10-de-mar.-de-2026-10_55_39-1.png 1280w\" sizes=\"auto, (max-width: 1024px) 100vw, 1024px\" \/><figcaption class=\"wp-element-caption\">Subir escadas \u00e9 um exerc\u00edcio cardiovascular <\/figcaption><\/figure>\n\n\n\n<h2 class=\"wp-block-heading\">Como subir escadas favorece a circula\u00e7\u00e3o e protege as articula\u00e7\u00f5es<\/h2>\n\n\n\n<p>Ao impulsionar o corpo para cima, m\u00fasculos de panturrilhas, coxas e gl\u00fateos se contraem de forma r\u00edtmica, atuando como uma \u201cbomba muscular\u201d que favorece o retorno venoso. Isso ajuda a reduzir incha\u00e7os, a sensa\u00e7\u00e3o de peso nas pernas e pode auxiliar na <a href=\"https:\/\/dranayarabatagini.com.br\/10-dicas-de-como-evitar-as-varizes-i-dra-nayara-cioffi-batagini\/\" target=\"_blank\" rel=\"noreferrer noopener\">preven\u00e7\u00e3o de varizes<\/a> em pessoas predispostas.<\/p>\n\n\n\n<p>O fortalecimento de quadr\u00edceps, gl\u00fateos e musculatura posterior da coxa melhora estabilidade e apoio ao caminhar, subir cal\u00e7adas e levantar-se de cadeiras. Em idades avan\u00e7adas, essa for\u00e7a extra se associa a menor risco de quedas, embora pessoas com desgaste articular ou dor cr\u00f4nica devam ajustar o n\u00famero de degraus com orienta\u00e7\u00e3o profissional.<\/p>\n\n\n\n<h2 class=\"wp-block-heading\">Como incluir o h\u00e1bito de subir escadas com seguran\u00e7a no dia a dia<\/h2>\n\n\n\n<p>Para que o exerc\u00edcio seja um aliado, a forma de execu\u00e7\u00e3o precisa ser gradual e atenta aos sinais do corpo. A respira\u00e7\u00e3o pode acelerar um pouco, mas nunca a ponto de causar falta de ar intensa, tontura, dor no peito ou palpita\u00e7\u00f5es fora do comum, que exigem interrup\u00e7\u00e3o imediata e avalia\u00e7\u00e3o m\u00e9dica.<\/p>\n\n\n\n<p>Alguns cuidados simples aumentam a seguran\u00e7a e a efici\u00eancia do movimento, especialmente para iniciantes, pessoas com sobrepeso ou com equil\u00edbrio reduzido:<\/p>\n\n\n\n<ul class=\"wp-block-list\">\n<li>Manter o tronco levemente inclinado \u00e0 frente, sem curvar demais as costas.<\/li>\n\n\n\n<li>Usar o corrim\u00e3o como apoio sempre que houver inseguran\u00e7a ou instabilidade.<\/li>\n\n\n\n<li>Apoiar o p\u00e9 inteiro no degrau, evitando sobrecarga apenas na ponta do p\u00e9.<\/li>\n\n\n\n<li>Subir em ritmo constante, sem correr ou fazer movimentos bruscos.<\/li>\n<\/ul>\n\n\n\n<p>Para transformar o ato de subir escadas em h\u00e1bito, vale criar pequenos \u201cblocos\u201d ao longo do dia. Comece com 1 a 2 lances uma ou duas vezes ao dia, observe como o corpo reage nas 24 horas seguintes e aumente aos poucos o n\u00famero de degraus, alternando dias mais intensos com dias mais leves para recupera\u00e7\u00e3o muscular.<\/p>\n\n\n\n<figure class=\"wp-block-image size-large\"><img loading=\"lazy\" decoding=\"async\" width=\"1024\" height=\"576\" src=\"https:\/\/www.em.com.br\/emfoco\/wp-content\/uploads\/2026\/03\/ChatGPT-Image-10-de-mar.-de-2026-10_59_01-1-1024x576.png\" alt=\"Subir escadas \u00e9 um exerc\u00edcio cardiovascular \" class=\"wp-image-179701\" srcset=\"https:\/\/www.em.com.br\/emfoco\/wp-content\/uploads\/2026\/03\/ChatGPT-Image-10-de-mar.-de-2026-10_59_01-1-1024x576.png 1024w, https:\/\/www.em.com.br\/emfoco\/wp-content\/uploads\/2026\/03\/ChatGPT-Image-10-de-mar.-de-2026-10_59_01-1-300x169.png 300w, https:\/\/www.em.com.br\/emfoco\/wp-content\/uploads\/2026\/03\/ChatGPT-Image-10-de-mar.-de-2026-10_59_01-1-768x432.png 768w, https:\/\/www.em.com.br\/emfoco\/wp-content\/uploads\/2026\/03\/ChatGPT-Image-10-de-mar.-de-2026-10_59_01-1-750x422.png 750w, https:\/\/www.em.com.br\/emfoco\/wp-content\/uploads\/2026\/03\/ChatGPT-Image-10-de-mar.-de-2026-10_59_01-1-1140x641.png 1140w, https:\/\/www.em.com.br\/emfoco\/wp-content\/uploads\/2026\/03\/ChatGPT-Image-10-de-mar.-de-2026-10_59_01-1.png 1280w\" sizes=\"auto, (max-width: 1024px) 100vw, 1024px\" \/><figcaption class=\"wp-element-caption\">Subir escadas \u00e9 um exerc\u00edcio cardiovascular <\/figcaption><\/figure>\n\n\n\n<h2 class=\"wp-block-heading\">Para quem subir escadas \u00e9 mais indicado<\/h2>\n\n\n\n<p>Subir escadas pode ser \u00fatil em diferentes fases da vida, desde que respeitados limites individuais e eventuais orienta\u00e7\u00f5es m\u00e9dicas. Adultos jovens podem usar o exerc\u00edcio como complemento de corrida ou muscula\u00e7\u00e3o, enquanto trabalhadores de escrit\u00f3rio podem trocar o elevador por alguns andares para quebrar longos per\u00edodos sentados.<\/p>\n\n\n\n<p>Entre idosos, o h\u00e1bito moderado de subir escadas se relaciona \u00e0 manuten\u00e7\u00e3o de autonomia, equil\u00edbrio e for\u00e7a nas pernas. Nessa faixa et\u00e1ria, uma avalia\u00e7\u00e3o m\u00e9dica \u00e9 essencial, sobretudo em casos de doen\u00e7as card\u00edacas, respirat\u00f3rias ou limita\u00e7\u00f5es de mobilidade; \u00e0s vezes, um \u00fanico lance di\u00e1rio j\u00e1 representa um est\u00edmulo relevante e seguro.<\/p>\n\n\n\n<h2 class=\"wp-block-heading\">Por que voc\u00ea deve come\u00e7ar a subir escadas hoje mesmo<\/h2>\n\n\n\n<p>Em um cen\u00e1rio de sedentarismo crescente, subir escadas se destaca como recurso simples, acess\u00edvel e de baixo custo para fortalecer o cora\u00e7\u00e3o, melhorar a circula\u00e7\u00e3o e preservar a for\u00e7a das pernas ao longo dos anos. Mesmo poucos lances, praticados com regularidade e t\u00e9cnica adequada, j\u00e1 podem gerar benef\u00edcios consistentes para a sa\u00fade.<\/p>\n\n\n\n<p>Se voc\u00ea tem libera\u00e7\u00e3o m\u00e9dica, aja agora: escolha ao menos uma vez por dia substituir o elevador pelas escadas durante esta semana e mantenha o compromisso. N\u00e3o espere perder mobilidade ou receber um alerta do cora\u00e7\u00e3o para mudar; use esse h\u00e1bito hoje como uma decis\u00e3o urgente de autocuidado e prote\u00e7\u00e3o da sua sa\u00fade futura.<\/p>\n","protected":false},"excerpt":{"rendered":"<p>Entre as diversas formas de se manter ativo no dia a dia, subir escadas vem ganhando destaque nas recomenda\u00e7\u00f5es de sa\u00fade por ser uma forma simples, pr\u00e1tica e acess\u00edvel de fortalecer o cora\u00e7\u00e3o, melhorar a circula\u00e7\u00e3o e preservar a for\u00e7a muscular, especialmente a partir da meia-idade. Por que subir escadas faz t\u00e3o bem ao cora\u00e7\u00e3o [&hellip;]<\/p>\n","protected":false},"author":11,"featured_media":179704,"comment_status":"open","ping_status":"open","sticky":false,"template":"","format":"standard","meta":{"jnews-multi-image_gallery":[],"jnews_single_post":{"format":"standard"},"jnews_primary_category":[],"jnews_social_meta":[],"jnews_override_counter":[],"footnotes":""},"categories":[8819,1],"tags":[2552,16929,23382,415,23948],"class_list":["post-178415","post","type-post","status-publish","format-standard","has-post-thumbnail","hentry","category-curiosidades","category-noticias","tag-coracao","tag-forca-muscular","tag-melhorar-a-circulacao","tag-saude","tag-subir-escadas"],"yoast_head":"<!-- This site is optimized with the Yoast SEO plugin v23.8 - https:\/\/yoast.com\/wordpress\/plugins\/seo\/ -->\n<title>Nem caminhada nem bicicleta: o exerc\u00edcio ideal para cuidar do cora\u00e7\u00e3o e melhorar a circula\u00e7\u00e3o - Estado de Minas - Em foco<\/title>\n<meta name=\"description\" content=\"Um h\u00e1bito simples do dia a dia pode ajudar a proteger o cora\u00e7\u00e3o e melhorar a circula\u00e7\u00e3o. Entenda os benef\u00edcios de subir escadas.\" \/>\n<meta name=\"robots\" content=\"index, follow, max-snippet:-1, max-image-preview:large, max-video-preview:-1\" \/>\n<link rel=\"canonical\" href=\"https:\/\/www.em.com.br\/emfoco\/2026\/03\/11\/nem-caminhada-nem-bicicleta-o-exercicio-ideal-para-cuidar-do-coracao-e-melhorar-a-circulacao\/\" \/>\n<meta property=\"og:locale\" content=\"pt_BR\" \/>\n<meta property=\"og:type\" content=\"article\" \/>\n<meta property=\"og:title\" content=\"Nem caminhada nem bicicleta: o exerc\u00edcio ideal para cuidar do cora\u00e7\u00e3o e melhorar a circula\u00e7\u00e3o - Estado de Minas - Em foco\" \/>\n<meta property=\"og:description\" content=\"Um h\u00e1bito simples do dia a dia pode ajudar a proteger o cora\u00e7\u00e3o e melhorar a circula\u00e7\u00e3o. Entenda os benef\u00edcios de subir escadas.\" \/>\n<meta property=\"og:url\" content=\"https:\/\/www.em.com.br\/emfoco\/2026\/03\/11\/nem-caminhada-nem-bicicleta-o-exercicio-ideal-para-cuidar-do-coracao-e-melhorar-a-circulacao\/\" \/>\n<meta property=\"og:site_name\" content=\"Estado de Minas - Em foco\" \/>\n<meta property=\"article:published_time\" content=\"2026-03-11T15:45:00+00:00\" \/>\n<meta property=\"article:modified_time\" content=\"2026-03-10T23:25:36+00:00\" \/>\n<meta property=\"og:image\" content=\"https:\/\/www.em.com.br\/emfoco\/wp-content\/uploads\/2026\/03\/ChatGPT-Image-10-de-mar.-de-2026-11_00_43-1.png\" \/>\n\t<meta property=\"og:image:width\" content=\"1280\" \/>\n\t<meta property=\"og:image:height\" content=\"720\" \/>\n\t<meta property=\"og:image:type\" content=\"image\/png\" \/>\n<meta name=\"author\" content=\"Andre\u0301 Rangel\u00a0\" \/>\n<meta name=\"twitter:card\" content=\"summary_large_image\" \/>\n<meta name=\"twitter:label1\" content=\"Escrito por\" \/>\n\t<meta name=\"twitter:data1\" content=\"Andre\u0301 Rangel\u00a0\" \/>\n\t<meta name=\"twitter:label2\" content=\"Est. tempo de leitura\" \/>\n\t<meta name=\"twitter:data2\" content=\"5 minutos\" \/>\n<!-- \/ Yoast SEO plugin. -->","yoast_head_json":{"title":"Nem caminhada nem bicicleta: o exerc\u00edcio ideal para cuidar do cora\u00e7\u00e3o e melhorar a circula\u00e7\u00e3o - Estado de Minas - Em foco","description":"Um h\u00e1bito simples do dia a dia pode ajudar a proteger o cora\u00e7\u00e3o e melhorar a circula\u00e7\u00e3o. Entenda os benef\u00edcios de subir escadas.","robots":{"index":"index","follow":"follow","max-snippet":"max-snippet:-1","max-image-preview":"max-image-preview:large","max-video-preview":"max-video-preview:-1"},"canonical":"https:\/\/www.em.com.br\/emfoco\/2026\/03\/11\/nem-caminhada-nem-bicicleta-o-exercicio-ideal-para-cuidar-do-coracao-e-melhorar-a-circulacao\/","og_locale":"pt_BR","og_type":"article","og_title":"Nem caminhada nem bicicleta: o exerc\u00edcio ideal para cuidar do cora\u00e7\u00e3o e melhorar a circula\u00e7\u00e3o - Estado de Minas - Em foco","og_description":"Um h\u00e1bito simples do dia a dia pode ajudar a proteger o cora\u00e7\u00e3o e melhorar a circula\u00e7\u00e3o. Entenda os benef\u00edcios de subir escadas.","og_url":"https:\/\/www.em.com.br\/emfoco\/2026\/03\/11\/nem-caminhada-nem-bicicleta-o-exercicio-ideal-para-cuidar-do-coracao-e-melhorar-a-circulacao\/","og_site_name":"Estado de Minas - Em foco","article_published_time":"2026-03-11T15:45:00+00:00","article_modified_time":"2026-03-10T23:25:36+00:00","og_image":[{"width":1280,"height":720,"url":"https:\/\/www.em.com.br\/emfoco\/wp-content\/uploads\/2026\/03\/ChatGPT-Image-10-de-mar.-de-2026-11_00_43-1.png","type":"image\/png"}],"author":"Andre\u0301 Rangel\u00a0","twitter_card":"summary_large_image","twitter_misc":{"Escrito por":"Andre\u0301 Rangel\u00a0","Est. tempo de leitura":"5 minutos"},"schema":{"@context":"https:\/\/schema.org","@graph":[{"@type":"WebPage","@id":"https:\/\/www.em.com.br\/emfoco\/2026\/03\/11\/nem-caminhada-nem-bicicleta-o-exercicio-ideal-para-cuidar-do-coracao-e-melhorar-a-circulacao\/","url":"https:\/\/www.em.com.br\/emfoco\/2026\/03\/11\/nem-caminhada-nem-bicicleta-o-exercicio-ideal-para-cuidar-do-coracao-e-melhorar-a-circulacao\/","name":"Nem caminhada nem bicicleta: o exerc\u00edcio ideal para cuidar do cora\u00e7\u00e3o e melhorar a circula\u00e7\u00e3o - Estado de Minas - Em foco","isPartOf":{"@id":"https:\/\/www.em.com.br\/emfoco\/#website"},"primaryImageOfPage":{"@id":"https:\/\/www.em.com.br\/emfoco\/2026\/03\/11\/nem-caminhada-nem-bicicleta-o-exercicio-ideal-para-cuidar-do-coracao-e-melhorar-a-circulacao\/#primaryimage"},"image":{"@id":"https:\/\/www.em.com.br\/emfoco\/2026\/03\/11\/nem-caminhada-nem-bicicleta-o-exercicio-ideal-para-cuidar-do-coracao-e-melhorar-a-circulacao\/#primaryimage"},"thumbnailUrl":"https:\/\/www.em.com.br\/emfoco\/wp-content\/uploads\/2026\/03\/ChatGPT-Image-10-de-mar.-de-2026-11_00_43-1.png","datePublished":"2026-03-11T15:45:00+00:00","dateModified":"2026-03-10T23:25:36+00:00","author":{"@id":"https:\/\/www.em.com.br\/emfoco\/#\/schema\/person\/60eda09c1fedf0d6891f4cef4b60b8b8"},"description":"Um h\u00e1bito simples do dia a dia pode ajudar a proteger o cora\u00e7\u00e3o e melhorar a circula\u00e7\u00e3o. Entenda os benef\u00edcios de subir escadas.","breadcrumb":{"@id":"https:\/\/www.em.com.br\/emfoco\/2026\/03\/11\/nem-caminhada-nem-bicicleta-o-exercicio-ideal-para-cuidar-do-coracao-e-melhorar-a-circulacao\/#breadcrumb"},"inLanguage":"pt-BR","potentialAction":[{"@type":"ReadAction","target":["https:\/\/www.em.com.br\/emfoco\/2026\/03\/11\/nem-caminhada-nem-bicicleta-o-exercicio-ideal-para-cuidar-do-coracao-e-melhorar-a-circulacao\/"]}]},{"@type":"ImageObject","inLanguage":"pt-BR","@id":"https:\/\/www.em.com.br\/emfoco\/2026\/03\/11\/nem-caminhada-nem-bicicleta-o-exercicio-ideal-para-cuidar-do-coracao-e-melhorar-a-circulacao\/#primaryimage","url":"https:\/\/www.em.com.br\/emfoco\/wp-content\/uploads\/2026\/03\/ChatGPT-Image-10-de-mar.-de-2026-11_00_43-1.png","contentUrl":"https:\/\/www.em.com.br\/emfoco\/wp-content\/uploads\/2026\/03\/ChatGPT-Image-10-de-mar.-de-2026-11_00_43-1.png","width":1280,"height":720,"caption":"Subir escadas \u00e9 um exerc\u00edcio cardiovascular"},{"@type":"BreadcrumbList","@id":"https:\/\/www.em.com.br\/emfoco\/2026\/03\/11\/nem-caminhada-nem-bicicleta-o-exercicio-ideal-para-cuidar-do-coracao-e-melhorar-a-circulacao\/#breadcrumb","itemListElement":[{"@type":"ListItem","position":1,"name":"In\u00edcio","item":"https:\/\/www.em.com.br\/emfoco\/"},{"@type":"ListItem","position":2,"name":"Nem caminhada nem bicicleta: o exerc\u00edcio ideal para cuidar do cora\u00e7\u00e3o e melhorar a circula\u00e7\u00e3o"}]},{"@type":"WebSite","@id":"https:\/\/www.em.com.br\/emfoco\/#website","url":"https:\/\/www.em.com.br\/emfoco\/","name":"Estado de Minas - Em foco","description":"Acompanhe as \u00faltimas not\u00edcias e fique bem informado sobre tudo o que acontece em Minas Gerais, Brasil e no mundo.","potentialAction":[{"@type":"SearchAction","target":{"@type":"EntryPoint","urlTemplate":"https:\/\/www.em.com.br\/emfoco\/?s={search_term_string}"},"query-input":{"@type":"PropertyValueSpecification","valueRequired":true,"valueName":"search_term_string"}}],"inLanguage":"pt-BR"},{"@type":"Person","@id":"https:\/\/www.em.com.br\/emfoco\/#\/schema\/person\/60eda09c1fedf0d6891f4cef4b60b8b8","name":"Andre\u0301 Rangel\u00a0","image":{"@type":"ImageObject","inLanguage":"pt-BR","@id":"https:\/\/www.em.com.br\/emfoco\/#\/schema\/person\/image\/","url":"https:\/\/secure.gravatar.com\/avatar\/6234dc814c77c8ef6d8bba622c787efc?s=96&d=mm&r=g","contentUrl":"https:\/\/secure.gravatar.com\/avatar\/6234dc814c77c8ef6d8bba622c787efc?s=96&d=mm&r=g","caption":"Andre\u0301 Rangel\u00a0"},"url":"https:\/\/www.em.com.br\/emfoco\/author\/luizmyth\/"}]}},"_links":{"self":[{"href":"https:\/\/www.em.com.br\/emfoco\/wp-json\/wp\/v2\/posts\/178415","targetHints":{"allow":["GET"]}}],"collection":[{"href":"https:\/\/www.em.com.br\/emfoco\/wp-json\/wp\/v2\/posts"}],"about":[{"href":"https:\/\/www.em.com.br\/emfoco\/wp-json\/wp\/v2\/types\/post"}],"author":[{"embeddable":true,"href":"https:\/\/www.em.com.br\/emfoco\/wp-json\/wp\/v2\/users\/11"}],"replies":[{"embeddable":true,"href":"https:\/\/www.em.com.br\/emfoco\/wp-json\/wp\/v2\/comments?post=178415"}],"version-history":[{"count":3,"href":"https:\/\/www.em.com.br\/emfoco\/wp-json\/wp\/v2\/posts\/178415\/revisions"}],"predecessor-version":[{"id":179705,"href":"https:\/\/www.em.com.br\/emfoco\/wp-json\/wp\/v2\/posts\/178415\/revisions\/179705"}],"wp:featuredmedia":[{"embeddable":true,"href":"https:\/\/www.em.com.br\/emfoco\/wp-json\/wp\/v2\/media\/179704"}],"wp:attachment":[{"href":"https:\/\/www.em.com.br\/emfoco\/wp-json\/wp\/v2\/media?parent=178415"}],"wp:term":[{"taxonomy":"category","embeddable":true,"href":"https:\/\/www.em.com.br\/emfoco\/wp-json\/wp\/v2\/categories?post=178415"},{"taxonomy":"post_tag","embeddable":true,"href":"https:\/\/www.em.com.br\/emfoco\/wp-json\/wp\/v2\/tags?post=178415"}],"curies":[{"name":"wp","href":"https:\/\/api.w.org\/{rel}","templated":true}]}}