{"id":178413,"date":"2026-03-11T16:05:00","date_gmt":"2026-03-11T19:05:00","guid":{"rendered":"https:\/\/www.em.com.br\/emfoco\/?p=178413"},"modified":"2026-03-10T20:30:03","modified_gmt":"2026-03-10T23:30:03","slug":"cabeleireiros-revelam-o-truque-simples-agua-quente-na-lavagem-e-agua-fria-no-final-deixa-o-cabelo-mais-brilhante","status":"publish","type":"post","link":"https:\/\/www.em.com.br\/emfoco\/2026\/03\/11\/cabeleireiros-revelam-o-truque-simples-agua-quente-na-lavagem-e-agua-fria-no-final-deixa-o-cabelo-mais-brilhante\/","title":{"rendered":"Cabeleireiros revelam o truque simples: \u00e1gua quente na lavagem e \u00e1gua fria no final deixa o cabelo mais brilhante"},"content":{"rendered":"\n<p>Gastar fortunas em tratamentos de sal\u00e3o n\u00e3o trar\u00e1 os resultados esperados se voc\u00ea ignorar um detalhe di\u00e1rio e totalmente gratuito: a temperatura da \u00e1gua. Especialistas renomados confirmam que a forma exata como voc\u00ea controla o registro do seu chuveiro define se o cabelo ficar\u00e1 ressecado ou incrivelmente brilhante. Compreender a ci\u00eancia por tr\u00e1s da higieniza\u00e7\u00e3o t\u00e9rmica, baseada nas orienta\u00e7\u00f5es rigorosas dos maiores profissionais de beleza e dermatologistas do mercado, \u00e9 o verdadeiro divisor de \u00e1guas para transformar fios opacos em uma cabeleira deslumbrante e super saud\u00e1vel.<\/p>\n\n\n\n<h2 class=\"wp-block-heading\">Qual a temperatura ideal para a limpeza profunda dos fios<\/h2>\n\n\n\n<p>Para <strong>remover o ac\u00famulo de sujeira e a oleosidade<\/strong> excessiva sem agredir o couro cabeludo sens\u00edvel, a \u00e1gua morna \u00e9 a escolha mais inteligente. O famoso cabeleireiro <strong>Antonio Breu<\/strong> (@soyantonioabreu nas redes sociais) afirma que esse aquecimento suave, combinado com uma boa massagem, ajuda todos os produtos a penetrarem muito melhor na fibra capilar durante a lavagem.<\/p>\n\n\n\n<p>Entretanto, o uso prolongado de \u00e1gua fervendo \u00e9 um erro grav\u00edssimo que derrete a prote\u00e7\u00e3o natural da raiz capilar e resseca os fios. O especialista <strong>Ram\u00f3n Santiago<\/strong> (@ramonsantiago_peluqueros no Instagram)&nbsp;aconselha manter a temperatura do chuveiro estritamente entre trinta e quarenta graus Celsius, limpando os fios sem danific\u00e1-los e garantindo uma higieniza\u00e7\u00e3o completamente segura.<\/p>\n\n\n\n<figure class=\"wp-block-image\"><img decoding=\"async\" src=\"https:\/\/www.em.com.br\/emfoco\/wp-content\/uploads\/2026\/03\/ChatGPT-Image-10-de-mar.-de-2026-10_39_07-1-1024x576.png\" alt=\"\"\/><figcaption class=\"wp-element-caption\">Qual a temperatura ideal para a limpeza profunda dos fios <\/figcaption><\/figure>\n\n\n\n<h2 class=\"wp-block-heading\">Como o enx\u00e1gue frio garante um brilho espelhado duradouro<\/h2>\n\n\n\n<p>Se a \u00e1gua morna \u00e9 perfeita para limpar as impurezas, o grande segredo profissional para um acabamento impec\u00e1vel \u00e9 finalizar a lavagem com um jato de \u00e1gua fria. Especialistas renomados como <strong>V\u00edctor del Valle<\/strong> e <strong>Inma Botella<\/strong> concordam que o frio sela rapidamente a cut\u00edcula dilatada, estimula os poros e deixa o cabelo muito brilhante.<\/p>\n\n\n\n<p>Esse choque t\u00e9rmico inteligente no final do banho bloqueia a umidade respons\u00e1vel pelo frizz e garante que a limpeza permane\u00e7a intacta por v\u00e1rios dias. O cabeleireiro <strong><a href=\"https:\/\/www.instagram.com\/rafaelbuenopeluqueros\/\" target=\"_blank\" rel=\"noreferrer noopener\">Rafael Bueno<\/a><\/strong> refor\u00e7a que essa pr\u00e1tica di\u00e1ria evita a produ\u00e7\u00e3o compensat\u00f3ria de \u00f3leo excessivo, mantendo a raiz do cabelo sempre soltinha e incrivelmente saud\u00e1vel.<\/p>\n\n\n\n<h2 class=\"wp-block-heading\">Por que a \u00e1gua quente destr\u00f3i a cor do cabelo tingido<\/h2>\n\n\n\n<p>Mulheres que investem muito dinheiro em colora\u00e7\u00f5es precisam redobrar a aten\u00e7\u00e3o di\u00e1ria, pois o calor extremo atua como um verdadeiro removedor de pigmentos artificiais. O cabeleireiro <strong>Fran G\u00e1mez<\/strong> (@frangamezpeluquero) alerta severamente que a \u00e1gua muito quente abre demais as cut\u00edculas protetoras, permitindo que a tintura escape pelo ralo e desbote a cor.<\/p>\n\n\n\n<p>Al\u00e9m da temperatura desregulada, a experiente farmac\u00eautica <strong>Helena Rodero<\/strong> avisa que o tempo excessivo debaixo da \u00e1gua corrente \u00e9 totalmente desastroso para os fios quimicamente tratados. Limitar os minutos no banho e fugir das altas temperaturas s\u00e3o regras inegoci\u00e1veis para manter o seu tom capilar sempre vibrante e muito luminoso.<\/p>\n\n\n\n<h2 class=\"wp-block-heading\">O truque de especialista para blindar os fios antes do banho<\/h2>\n\n\n\n<p>Para maximizar a sa\u00fade capilar e evitar o ressecamento di\u00e1rio, o dermatologista <strong>Simon Scarano <\/strong>(@simon.scarano) recomenda adotar com urg\u00eancia a famosa t\u00e9cnica de prote\u00e7\u00e3o do pr\u00e9-shampoo. Ao aplicar uma m\u00e1scara nutritiva espessa no comprimento do <a href=\"https:\/\/www.em.com.br\/emfoco\/2026\/03\/06\/nem-repicado-demais-truques-que-os-saloes-escondem-para-dar-mais-volume-aos-fios-finos-apos-os-40\/\" target=\"_blank\" rel=\"noreferrer noopener\">cabelo <\/a>ainda completamente seco, voc\u00ea cria uma barreira lip\u00eddica poderosa antes mesmo de entrar no chuveiro.<\/p>\n\n\n\n<figure class=\"wp-block-image\"><img decoding=\"async\" src=\"https:\/\/www.em.com.br\/emfoco\/wp-content\/uploads\/2025\/07\/lavar-o-cabelo_1753744102006-1024x576.jpg\" alt=\"\"\/><figcaption class=\"wp-element-caption\">Qual a temperatura ideal para a limpeza profunda dos fios &#8211; Cr\u00e9ditos: depositphotos.com \/ esp2k<\/figcaption><\/figure>\n\n\n\n<p>Essa blindagem estrat\u00e9gica protege ativamente contra os danos severos causados pelo pr\u00f3prio shampoo adstringente e transforma a textura das mechas mais ressecadas e sem vida. Para que voc\u00ea aplique essa t\u00e9cnica como uma verdadeira profissional e conquiste fios de seda em casa, listamos os passos essenciais desse ritual maravilhoso.<\/p>\n\n\n\n<ul class=\"wp-block-list\">\n<li>Desembarace o seu cabelo ainda seco com muito cuidado e paci\u00eancia para evitar quebras desnecess\u00e1rias.<\/li>\n\n\n\n<li>Espalhe a sua m\u00e1scara nutritiva favorita do meio para as pontas e aguarde longos cinco minutos.<\/li>\n\n\n\n<li>Lave apenas o seu couro cabeludo suavemente utilizando \u00e1gua morna e o shampoo da sua prefer\u00eancia.<\/li>\n\n\n\n<li>Enx\u00e1gue todo o cabelo completamente usando \u00e1gua bem fria para selar as cut\u00edculas abertas perfeitamente.<\/li>\n<\/ul>\n\n\n\n<h2 class=\"wp-block-heading\">Qual o momento exato para revolucionar a sua rotina de cuidados<\/h2>\n\n\n\n<p>Entender as reais necessidades do seu cabelo atrav\u00e9s das dicas valiosas dos melhores especialistas \u00e9 o ato supremo de intelig\u00eancia e autocuidado feminino di\u00e1rio. N\u00e3o permita que banhos escaldantes continuem sabotando a sua beleza natural e desperdi\u00e7ando todo o dinheiro que voc\u00ea investe no sal\u00e3o e em cosm\u00e9ticos maravilhosos.<\/p>\n\n\n\n<p>O poder de exibir fios blindados, cheios de vida e com um brilho estonteante e duradouro est\u00e1 literalmente no ajuste milim\u00e9trico do seu pr\u00f3prio chuveiro! Corra agora mesmo para o seu banheiro, aplique a sua m\u00e1scara a seco, ligue a \u00e1gua morna e resgate a sa\u00fade capilar que voc\u00ea merece hoje!<\/p>\n","protected":false},"excerpt":{"rendered":"<p>Gastar fortunas em tratamentos de sal\u00e3o n\u00e3o trar\u00e1 os resultados esperados se voc\u00ea ignorar um detalhe di\u00e1rio e totalmente gratuito: a temperatura da \u00e1gua. Especialistas renomados confirmam que a forma exata como voc\u00ea controla o registro do seu chuveiro define se o cabelo ficar\u00e1 ressecado ou incrivelmente brilhante. Compreender a ci\u00eancia por tr\u00e1s da higieniza\u00e7\u00e3o [&hellip;]<\/p>\n","protected":false},"author":11,"featured_media":179698,"comment_status":"open","ping_status":"open","sticky":false,"template":"","format":"standard","meta":{"jnews-multi-image_gallery":[],"jnews_single_post":{"format":"standard"},"jnews_primary_category":[],"jnews_social_meta":[],"jnews_override_counter":[],"footnotes":""},"categories":[8819,1],"tags":[5643,18709,4905,8990,25818],"class_list":["post-178413","post","type-post","status-publish","format-standard","has-post-thumbnail","hentry","category-curiosidades","category-noticias","tag-banho","tag-brilho-do-cabelo","tag-cabelo","tag-chuveiro","tag-temperatura-da-agua"],"yoast_head":"<!-- This site is optimized with the Yoast SEO plugin v23.8 - https:\/\/yoast.com\/wordpress\/plugins\/seo\/ -->\n<title>Cabeleireiros revelam o truque simples: \u00e1gua quente na lavagem e \u00e1gua fria no final deixa o cabelo mais brilhante - Estado de Minas - Em foco<\/title>\n<meta name=\"description\" content=\"A forma como voc\u00ea regula o chuveiro pode afetar diretamente seus fios. Entenda qual \u00e9 a temperatura ideal.\" \/>\n<meta name=\"robots\" content=\"index, follow, max-snippet:-1, max-image-preview:large, max-video-preview:-1\" \/>\n<link rel=\"canonical\" href=\"https:\/\/www.em.com.br\/emfoco\/2026\/03\/11\/cabeleireiros-revelam-o-truque-simples-agua-quente-na-lavagem-e-agua-fria-no-final-deixa-o-cabelo-mais-brilhante\/\" \/>\n<meta property=\"og:locale\" content=\"pt_BR\" \/>\n<meta property=\"og:type\" content=\"article\" \/>\n<meta property=\"og:title\" content=\"Cabeleireiros revelam o truque simples: \u00e1gua quente na lavagem e \u00e1gua fria no final deixa o cabelo mais brilhante - Estado de Minas - Em foco\" \/>\n<meta property=\"og:description\" content=\"A forma como voc\u00ea regula o chuveiro pode afetar diretamente seus fios. Entenda qual \u00e9 a temperatura ideal.\" \/>\n<meta property=\"og:url\" content=\"https:\/\/www.em.com.br\/emfoco\/2026\/03\/11\/cabeleireiros-revelam-o-truque-simples-agua-quente-na-lavagem-e-agua-fria-no-final-deixa-o-cabelo-mais-brilhante\/\" \/>\n<meta property=\"og:site_name\" content=\"Estado de Minas - Em foco\" \/>\n<meta property=\"article:published_time\" content=\"2026-03-11T19:05:00+00:00\" \/>\n<meta property=\"article:modified_time\" content=\"2026-03-10T23:30:03+00:00\" \/>\n<meta property=\"og:image\" content=\"https:\/\/www.em.com.br\/emfoco\/wp-content\/uploads\/2026\/03\/ChatGPT-Image-10-de-mar.-de-2026-10_52_05-1.png\" \/>\n\t<meta property=\"og:image:width\" content=\"1280\" \/>\n\t<meta property=\"og:image:height\" content=\"720\" \/>\n\t<meta property=\"og:image:type\" content=\"image\/png\" \/>\n<meta name=\"author\" content=\"Andre\u0301 Rangel\u00a0\" \/>\n<meta name=\"twitter:card\" content=\"summary_large_image\" \/>\n<meta name=\"twitter:label1\" content=\"Escrito por\" \/>\n\t<meta name=\"twitter:data1\" content=\"Andre\u0301 Rangel\u00a0\" \/>\n\t<meta name=\"twitter:label2\" content=\"Est. tempo de leitura\" \/>\n\t<meta name=\"twitter:data2\" content=\"5 minutos\" \/>\n<!-- \/ Yoast SEO plugin. -->","yoast_head_json":{"title":"Cabeleireiros revelam o truque simples: \u00e1gua quente na lavagem e \u00e1gua fria no final deixa o cabelo mais brilhante - Estado de Minas - Em foco","description":"A forma como voc\u00ea regula o chuveiro pode afetar diretamente seus fios. Entenda qual \u00e9 a temperatura ideal.","robots":{"index":"index","follow":"follow","max-snippet":"max-snippet:-1","max-image-preview":"max-image-preview:large","max-video-preview":"max-video-preview:-1"},"canonical":"https:\/\/www.em.com.br\/emfoco\/2026\/03\/11\/cabeleireiros-revelam-o-truque-simples-agua-quente-na-lavagem-e-agua-fria-no-final-deixa-o-cabelo-mais-brilhante\/","og_locale":"pt_BR","og_type":"article","og_title":"Cabeleireiros revelam o truque simples: \u00e1gua quente na lavagem e \u00e1gua fria no final deixa o cabelo mais brilhante - Estado de Minas - Em foco","og_description":"A forma como voc\u00ea regula o chuveiro pode afetar diretamente seus fios. Entenda qual \u00e9 a temperatura ideal.","og_url":"https:\/\/www.em.com.br\/emfoco\/2026\/03\/11\/cabeleireiros-revelam-o-truque-simples-agua-quente-na-lavagem-e-agua-fria-no-final-deixa-o-cabelo-mais-brilhante\/","og_site_name":"Estado de Minas - Em foco","article_published_time":"2026-03-11T19:05:00+00:00","article_modified_time":"2026-03-10T23:30:03+00:00","og_image":[{"width":1280,"height":720,"url":"https:\/\/www.em.com.br\/emfoco\/wp-content\/uploads\/2026\/03\/ChatGPT-Image-10-de-mar.-de-2026-10_52_05-1.png","type":"image\/png"}],"author":"Andre\u0301 Rangel\u00a0","twitter_card":"summary_large_image","twitter_misc":{"Escrito por":"Andre\u0301 Rangel\u00a0","Est. tempo de leitura":"5 minutos"},"schema":{"@context":"https:\/\/schema.org","@graph":[{"@type":"WebPage","@id":"https:\/\/www.em.com.br\/emfoco\/2026\/03\/11\/cabeleireiros-revelam-o-truque-simples-agua-quente-na-lavagem-e-agua-fria-no-final-deixa-o-cabelo-mais-brilhante\/","url":"https:\/\/www.em.com.br\/emfoco\/2026\/03\/11\/cabeleireiros-revelam-o-truque-simples-agua-quente-na-lavagem-e-agua-fria-no-final-deixa-o-cabelo-mais-brilhante\/","name":"Cabeleireiros revelam o truque simples: \u00e1gua quente na lavagem e \u00e1gua fria no final deixa o cabelo mais brilhante - Estado de Minas - Em foco","isPartOf":{"@id":"https:\/\/www.em.com.br\/emfoco\/#website"},"primaryImageOfPage":{"@id":"https:\/\/www.em.com.br\/emfoco\/2026\/03\/11\/cabeleireiros-revelam-o-truque-simples-agua-quente-na-lavagem-e-agua-fria-no-final-deixa-o-cabelo-mais-brilhante\/#primaryimage"},"image":{"@id":"https:\/\/www.em.com.br\/emfoco\/2026\/03\/11\/cabeleireiros-revelam-o-truque-simples-agua-quente-na-lavagem-e-agua-fria-no-final-deixa-o-cabelo-mais-brilhante\/#primaryimage"},"thumbnailUrl":"https:\/\/www.em.com.br\/emfoco\/wp-content\/uploads\/2026\/03\/ChatGPT-Image-10-de-mar.-de-2026-10_52_05-1.png","datePublished":"2026-03-11T19:05:00+00:00","dateModified":"2026-03-10T23:30:03+00:00","author":{"@id":"https:\/\/www.em.com.br\/emfoco\/#\/schema\/person\/60eda09c1fedf0d6891f4cef4b60b8b8"},"description":"A forma como voc\u00ea regula o chuveiro pode afetar diretamente seus fios. Entenda qual \u00e9 a temperatura ideal.","breadcrumb":{"@id":"https:\/\/www.em.com.br\/emfoco\/2026\/03\/11\/cabeleireiros-revelam-o-truque-simples-agua-quente-na-lavagem-e-agua-fria-no-final-deixa-o-cabelo-mais-brilhante\/#breadcrumb"},"inLanguage":"pt-BR","potentialAction":[{"@type":"ReadAction","target":["https:\/\/www.em.com.br\/emfoco\/2026\/03\/11\/cabeleireiros-revelam-o-truque-simples-agua-quente-na-lavagem-e-agua-fria-no-final-deixa-o-cabelo-mais-brilhante\/"]}]},{"@type":"ImageObject","inLanguage":"pt-BR","@id":"https:\/\/www.em.com.br\/emfoco\/2026\/03\/11\/cabeleireiros-revelam-o-truque-simples-agua-quente-na-lavagem-e-agua-fria-no-final-deixa-o-cabelo-mais-brilhante\/#primaryimage","url":"https:\/\/www.em.com.br\/emfoco\/wp-content\/uploads\/2026\/03\/ChatGPT-Image-10-de-mar.-de-2026-10_52_05-1.png","contentUrl":"https:\/\/www.em.com.br\/emfoco\/wp-content\/uploads\/2026\/03\/ChatGPT-Image-10-de-mar.-de-2026-10_52_05-1.png","width":1280,"height":720,"caption":"Qual a temperatura ideal para a limpeza profunda dos fios"},{"@type":"BreadcrumbList","@id":"https:\/\/www.em.com.br\/emfoco\/2026\/03\/11\/cabeleireiros-revelam-o-truque-simples-agua-quente-na-lavagem-e-agua-fria-no-final-deixa-o-cabelo-mais-brilhante\/#breadcrumb","itemListElement":[{"@type":"ListItem","position":1,"name":"In\u00edcio","item":"https:\/\/www.em.com.br\/emfoco\/"},{"@type":"ListItem","position":2,"name":"Cabeleireiros revelam o truque simples: \u00e1gua quente na lavagem e \u00e1gua fria no final deixa o cabelo mais brilhante"}]},{"@type":"WebSite","@id":"https:\/\/www.em.com.br\/emfoco\/#website","url":"https:\/\/www.em.com.br\/emfoco\/","name":"Estado de Minas - Em foco","description":"Acompanhe as \u00faltimas not\u00edcias e fique bem informado sobre tudo o que acontece em Minas Gerais, Brasil e no mundo.","potentialAction":[{"@type":"SearchAction","target":{"@type":"EntryPoint","urlTemplate":"https:\/\/www.em.com.br\/emfoco\/?s={search_term_string}"},"query-input":{"@type":"PropertyValueSpecification","valueRequired":true,"valueName":"search_term_string"}}],"inLanguage":"pt-BR"},{"@type":"Person","@id":"https:\/\/www.em.com.br\/emfoco\/#\/schema\/person\/60eda09c1fedf0d6891f4cef4b60b8b8","name":"Andre\u0301 Rangel\u00a0","image":{"@type":"ImageObject","inLanguage":"pt-BR","@id":"https:\/\/www.em.com.br\/emfoco\/#\/schema\/person\/image\/","url":"https:\/\/secure.gravatar.com\/avatar\/6234dc814c77c8ef6d8bba622c787efc?s=96&d=mm&r=g","contentUrl":"https:\/\/secure.gravatar.com\/avatar\/6234dc814c77c8ef6d8bba622c787efc?s=96&d=mm&r=g","caption":"Andre\u0301 Rangel\u00a0"},"url":"https:\/\/www.em.com.br\/emfoco\/author\/luizmyth\/"}]}},"_links":{"self":[{"href":"https:\/\/www.em.com.br\/emfoco\/wp-json\/wp\/v2\/posts\/178413","targetHints":{"allow":["GET"]}}],"collection":[{"href":"https:\/\/www.em.com.br\/emfoco\/wp-json\/wp\/v2\/posts"}],"about":[{"href":"https:\/\/www.em.com.br\/emfoco\/wp-json\/wp\/v2\/types\/post"}],"author":[{"embeddable":true,"href":"https:\/\/www.em.com.br\/emfoco\/wp-json\/wp\/v2\/users\/11"}],"replies":[{"embeddable":true,"href":"https:\/\/www.em.com.br\/emfoco\/wp-json\/wp\/v2\/comments?post=178413"}],"version-history":[{"count":3,"href":"https:\/\/www.em.com.br\/emfoco\/wp-json\/wp\/v2\/posts\/178413\/revisions"}],"predecessor-version":[{"id":179699,"href":"https:\/\/www.em.com.br\/emfoco\/wp-json\/wp\/v2\/posts\/178413\/revisions\/179699"}],"wp:featuredmedia":[{"embeddable":true,"href":"https:\/\/www.em.com.br\/emfoco\/wp-json\/wp\/v2\/media\/179698"}],"wp:attachment":[{"href":"https:\/\/www.em.com.br\/emfoco\/wp-json\/wp\/v2\/media?parent=178413"}],"wp:term":[{"taxonomy":"category","embeddable":true,"href":"https:\/\/www.em.com.br\/emfoco\/wp-json\/wp\/v2\/categories?post=178413"},{"taxonomy":"post_tag","embeddable":true,"href":"https:\/\/www.em.com.br\/emfoco\/wp-json\/wp\/v2\/tags?post=178413"}],"curies":[{"name":"wp","href":"https:\/\/api.w.org\/{rel}","templated":true}]}}