{"id":178408,"date":"2026-03-09T19:35:00","date_gmt":"2026-03-09T22:35:00","guid":{"rendered":"https:\/\/www.em.com.br\/emfoco\/?p=178408"},"modified":"2026-03-06T15:51:03","modified_gmt":"2026-03-06T18:51:03","slug":"exigiam-540-ligacoes-por-dia-e-faziam-a-reuniao-dos-desesperados-justica-reconhece-assedio-moral-e-mantem-indenizacao-contra-empresa","status":"publish","type":"post","link":"https:\/\/www.em.com.br\/emfoco\/2026\/03\/09\/exigiam-540-ligacoes-por-dia-e-faziam-a-reuniao-dos-desesperados-justica-reconhece-assedio-moral-e-mantem-indenizacao-contra-empresa\/","title":{"rendered":"Exigiam 540 liga\u00e7\u00f5es por dia e faziam a \u201creuni\u00e3o dos desesperados\u201d: Justi\u00e7a reconhece ass\u00e9dio moral e mant\u00e9m indeniza\u00e7\u00e3o contra empresa"},"content":{"rendered":"\n<p>O ass\u00e9dio moral no trabalho tem ganhado cada vez mais visibilidade na Justi\u00e7a do Trabalho, especialmente em ambientes de alta press\u00e3o por resultados, como telemarketing, cobran\u00e7a e vendas. Em um caso recente, o Tribunal Superior do Trabalho (TST) analisou a situa\u00e7\u00e3o de uma coordenadora submetida a metas consideradas incompat\u00edveis com a dignidade humana, cobran\u00e7as agressivas e exposi\u00e7\u00e3o constante diante da equipe, reconhecendo a necessidade de limites claros na gest\u00e3o por desempenho.<\/p>\n\n\n\n<h2 class=\"wp-block-heading\">O que caracteriza o ass\u00e9dio moral no ambiente de trabalho<\/h2>\n\n\n\n<p>O termo\u00a0<strong><a href=\"https:\/\/mpt.mp.br\/pgt\/noticias\/final-cartilha-assedio-moral-no-trabalho-atualizada-2025-3.pdf\" target=\"_blank\" rel=\"noreferrer noopener\">ass\u00e9dio moral no trabalho<\/a><\/strong>\u00a0descreve condutas repetitivas que exp\u00f5em o empregado a humilha\u00e7\u00e3o, constrangimento ou press\u00e3o desproporcional. S\u00e3o pr\u00e1ticas abusivas que ferem a personalidade, a dignidade e a integridade f\u00edsica ou ps\u00edquica da pessoa, degradando o ambiente e colocando em risco a manuten\u00e7\u00e3o do emprego.<\/p>\n\n\n\n<p>No caso julgado, houve reuni\u00f5es apelidadas de \u201c<strong>reuni\u00e3o dos desesperados<\/strong>\u201d, <strong>cobran\u00e7a agressiva de metas<\/strong> e <strong>exig\u00eancia de cerca de 540 liga\u00e7\u00f5es di\u00e1rias<\/strong>, em atividade semelhante \u00e0 de telemarketing. A chefia utilizava compara\u00e7\u00f5es e express\u00f5es que ultrapassavam a mera cobran\u00e7a de desempenho, gerando um clima constante de ang\u00fastia e apreens\u00e3o entre os trabalhadores.<\/p>\n\n\n\n<figure class=\"wp-block-image size-large\"><img loading=\"lazy\" decoding=\"async\" width=\"1024\" height=\"576\" src=\"https:\/\/www.em.com.br\/emfoco\/wp-content\/uploads\/2026\/03\/9-17-1024x576.jpg\" alt=\"Exigiam 540 liga\u00e7\u00f5es por dia e faziam a \u201creuni\u00e3o dos desesperados\u201d: Justi\u00e7a reconhece ass\u00e9dio moral e mant\u00e9m indeniza\u00e7\u00e3o contra empresa\" class=\"wp-image-178426\" srcset=\"https:\/\/www.em.com.br\/emfoco\/wp-content\/uploads\/2026\/03\/9-17-1024x576.jpg 1024w, https:\/\/www.em.com.br\/emfoco\/wp-content\/uploads\/2026\/03\/9-17-300x169.jpg 300w, https:\/\/www.em.com.br\/emfoco\/wp-content\/uploads\/2026\/03\/9-17-768x432.jpg 768w, https:\/\/www.em.com.br\/emfoco\/wp-content\/uploads\/2026\/03\/9-17-750x422.jpg 750w, https:\/\/www.em.com.br\/emfoco\/wp-content\/uploads\/2026\/03\/9-17-1140x641.jpg 1140w, https:\/\/www.em.com.br\/emfoco\/wp-content\/uploads\/2026\/03\/9-17.jpg 1280w\" sizes=\"auto, (max-width: 1024px) 100vw, 1024px\" \/><figcaption class=\"wp-element-caption\">Condutas repetitivas que humilham o trabalhador caracterizam o ass\u00e9dio moral grave<\/figcaption><\/figure>\n\n\n\n<h2 class=\"wp-block-heading\">Como a Justi\u00e7a do Trabalho avalia o ass\u00e9dio moral<\/h2>\n\n\n\n<p>Na primeira inst\u00e2ncia, a <strong><a href=\"https:\/\/www.em.com.br\/emfoco\/2026\/02\/24\/justica-do-trabalho-rejeita-indenizacao-por-apelido-pejorativo-ao-entender-que-nao-houve-assedio-patronal-nem-omissao-da-empresa\/\" target=\"_blank\" rel=\"noreferrer noopener\">Justi\u00e7a do Trabalho<\/a><\/strong> reconheceu o ass\u00e9dio moral com base em provas testemunhais e documentais, condenando as empresas ao pagamento de indeniza\u00e7\u00e3o. Testemunhas relataram situa\u00e7\u00f5es humilhantes frequentes, press\u00e3o excessiva, compara\u00e7\u00f5es entre colegas e amea\u00e7as veladas de perda do emprego, inclusive por meio de mensagens eletr\u00f4nicas.<\/p>\n\n\n\n<p>O Tribunal Regional do Trabalho da 15\u00aa Regi\u00e3o manteve o reconhecimento do dano moral, ajustando apenas o valor. O ac\u00f3rd\u00e3o destacou e-mails e conversas em aplicativo com frases como \u201ctem muita gente querendo o seu emprego\u201d e \u201cvoc\u00ea est\u00e1 sendo paga para isso\u201d, evidenciando um padr\u00e3o cont\u00ednuo de cobran\u00e7a abusiva e exposi\u00e7\u00e3o p\u00fablica de resultados, que ultrapassava a gest\u00e3o leg\u00edtima por metas.<\/p>\n\n\n\n<h2 class=\"wp-block-heading\">Por que o TST manteve a indeniza\u00e7\u00e3o por ass\u00e9dio moral<\/h2>\n\n\n\n<p>Ao analisar o recurso, a 8\u00aa Turma do&nbsp;<strong>Tribunal Superior do Trabalho<\/strong>&nbsp;constatou que n\u00e3o se tratava apenas de metas elevadas, mas de um conjunto de pr\u00e1ticas abusivas: linguagem desrespeitosa, amea\u00e7as indiretas, exposi\u00e7\u00e3o diante da equipe e ritmo de trabalho extenuante. Diante das provas j\u00e1 consolidadas, o TST entendeu que n\u00e3o cabia reexaminar os fatos e manteve a indeniza\u00e7\u00e3o fixada pelo TRT.<\/p>\n\n\n\n<p>O julgamento refor\u00e7a que a busca por resultados n\u00e3o autoriza m\u00e9todos que prejudiquem a sa\u00fade ps\u00edquica ou a dignidade de quem trabalha. Em setores altamente controlados por metas, como call centers e cobran\u00e7a, a linha entre cobran\u00e7a leg\u00edtima e abuso est\u00e1 na&nbsp;<strong>frequ\u00eancia<\/strong>, na&nbsp;<strong>forma<\/strong>&nbsp;e no&nbsp;<strong>conte\u00fado<\/strong>&nbsp;das cobran\u00e7as, exigindo aten\u00e7\u00e3o redobrada de gestores e empresas.<\/p>\n\n\n\n<figure class=\"wp-block-image size-large\"><img loading=\"lazy\" decoding=\"async\" width=\"1024\" height=\"576\" src=\"https:\/\/www.em.com.br\/emfoco\/wp-content\/uploads\/2026\/03\/6-24-1024x576.jpg\" alt=\"Exigiam 540 liga\u00e7\u00f5es por dia e faziam a \u201creuni\u00e3o dos desesperados\u201d: Justi\u00e7a reconhece ass\u00e9dio moral e mant\u00e9m indeniza\u00e7\u00e3o contra empresa\" class=\"wp-image-178423\" srcset=\"https:\/\/www.em.com.br\/emfoco\/wp-content\/uploads\/2026\/03\/6-24-1024x576.jpg 1024w, https:\/\/www.em.com.br\/emfoco\/wp-content\/uploads\/2026\/03\/6-24-300x169.jpg 300w, https:\/\/www.em.com.br\/emfoco\/wp-content\/uploads\/2026\/03\/6-24-768x432.jpg 768w, https:\/\/www.em.com.br\/emfoco\/wp-content\/uploads\/2026\/03\/6-24-750x422.jpg 750w, https:\/\/www.em.com.br\/emfoco\/wp-content\/uploads\/2026\/03\/6-24-1140x641.jpg 1140w, https:\/\/www.em.com.br\/emfoco\/wp-content\/uploads\/2026\/03\/6-24.jpg 1280w\" sizes=\"auto, (max-width: 1024px) 100vw, 1024px\" \/><figcaption class=\"wp-element-caption\">Tribunal Superior do Trabalho manteve indeniza\u00e7\u00e3o por m\u00e9todos de gest\u00e3o desrespeitosos<\/figcaption><\/figure>\n\n\n\n<h2 class=\"wp-block-heading\">Quais cuidados empresas e trabalhadores devem adotar diante do ass\u00e9dio moral<\/h2>\n\n\n\n<p>Para evitar a repeti\u00e7\u00e3o de situa\u00e7\u00f5es como a do caso julgado pelo TST, \u00e9 essencial que empresas adotem a\u00e7\u00f5es preventivas e que trabalhadores saibam reconhecer e registrar abusos. A seguir, alguns cuidados pr\u00e1ticos demonstram como ambos os lados podem atuar para reduzir riscos e fortalecer a prote\u00e7\u00e3o no ambiente de trabalho.<\/p>\n\n\n\n<ul class=\"wp-block-list\">\n<li>Implementar pol\u00edticas internas claras de preven\u00e7\u00e3o ao ass\u00e9dio e treinamentos peri\u00f3dicos de lideran\u00e7a;<\/li>\n\n\n\n<li>Criar canais confidenciais e eficazes de den\u00fancia, com prote\u00e7\u00e3o contra retalia\u00e7\u00f5es;<\/li>\n\n\n\n<li>Evitar metas incompat\u00edveis com o tempo e recursos dispon\u00edveis para execu\u00e7\u00e3o das tarefas;<\/li>\n\n\n\n<li>Registrar mensagens, e-mails e relatos de testemunhas em situa\u00e7\u00f5es de press\u00e3o abusiva.<\/li>\n<\/ul>\n\n\n\n<h2 class=\"wp-block-heading\">Como identificar, registrar e reagir ao ass\u00e9dio moral no trabalho<\/h2>\n\n\n\n<p>Situa\u00e7\u00f5es de&nbsp;<strong>ass\u00e9dio moral no ambiente profissional<\/strong>&nbsp;costumam envolver repeti\u00e7\u00e3o de humilha\u00e7\u00f5es, cobran\u00e7as intimidat\u00f3rias e clima permanente de medo. No caso analisado pelo TST, mensagens eletr\u00f4nicas e depoimentos de colegas foram decisivos para demonstrar a pr\u00e1tica abusiva e sustentar a indeniza\u00e7\u00e3o.<\/p>\n\n\n\n<p>Se voc\u00ea vivencia press\u00f5es semelhantes, n\u00e3o normalize o abuso e n\u00e3o espere que o quadro se agrave para agir. Registre epis\u00f3dios, guarde provas, busque orienta\u00e7\u00e3o jur\u00eddica e apoio psicol\u00f3gico se necess\u00e1rio. Sua sa\u00fade e sua dignidade valem mais do que qualquer meta: procure ajuda especializada e, se for o caso, leve a situa\u00e7\u00e3o \u00e0 Justi\u00e7a o quanto antes, antes que os danos se tornem ainda mais profundos e dif\u00edceis de reverter.<\/p>\n","protected":false},"excerpt":{"rendered":"<p>O ass\u00e9dio moral no trabalho tem ganhado cada vez mais visibilidade na Justi\u00e7a do Trabalho, especialmente em ambientes de alta press\u00e3o por resultados, como telemarketing, cobran\u00e7a e vendas. Em um caso recente, o Tribunal Superior do Trabalho (TST) analisou a situa\u00e7\u00e3o de uma coordenadora submetida a metas consideradas incompat\u00edveis com a dignidade humana, cobran\u00e7as agressivas [&hellip;]<\/p>\n","protected":false},"author":13,"featured_media":178425,"comment_status":"open","ping_status":"open","sticky":false,"template":"","format":"standard","meta":{"jnews-multi-image_gallery":[],"jnews_single_post":{"format":"standard"},"jnews_primary_category":[],"jnews_social_meta":[],"jnews_override_counter":[],"footnotes":""},"categories":[28],"tags":[10218,1098,508,8551],"class_list":["post-178408","post","type-post","status-publish","format-standard","has-post-thumbnail","hentry","category-economia","tag-assedio-moral","tag-leis-trabalhistas","tag-trabalho","tag-tst"],"yoast_head":"<!-- This site is optimized with the Yoast SEO plugin v23.8 - https:\/\/yoast.com\/wordpress\/plugins\/seo\/ -->\n<title>Exigiam 540 liga\u00e7\u00f5es por dia e faziam a \u201creuni\u00e3o dos desesperados\u201d: Justi\u00e7a reconhece ass\u00e9dio moral e mant\u00e9m indeniza\u00e7\u00e3o contra empresa - Estado de Minas - Em foco<\/title>\n<meta name=\"description\" content=\"Metas extremas, reuni\u00f5es humilhantes e amea\u00e7as veladas levaram a Justi\u00e7a a reconhecer ass\u00e9dio moral. Entenda os crit\u00e9rios usados pelo TST.\" \/>\n<meta name=\"robots\" content=\"index, follow, max-snippet:-1, max-image-preview:large, max-video-preview:-1\" \/>\n<link rel=\"canonical\" href=\"https:\/\/www.em.com.br\/emfoco\/2026\/03\/09\/exigiam-540-ligacoes-por-dia-e-faziam-a-reuniao-dos-desesperados-justica-reconhece-assedio-moral-e-mantem-indenizacao-contra-empresa\/\" \/>\n<meta property=\"og:locale\" content=\"pt_BR\" \/>\n<meta property=\"og:type\" content=\"article\" \/>\n<meta property=\"og:title\" content=\"Exigiam 540 liga\u00e7\u00f5es por dia e faziam a \u201creuni\u00e3o dos desesperados\u201d: Justi\u00e7a reconhece ass\u00e9dio moral e mant\u00e9m indeniza\u00e7\u00e3o contra empresa - Estado de Minas - Em foco\" \/>\n<meta property=\"og:description\" content=\"Metas extremas, reuni\u00f5es humilhantes e amea\u00e7as veladas levaram a Justi\u00e7a a reconhecer ass\u00e9dio moral. Entenda os crit\u00e9rios usados pelo TST.\" \/>\n<meta property=\"og:url\" content=\"https:\/\/www.em.com.br\/emfoco\/2026\/03\/09\/exigiam-540-ligacoes-por-dia-e-faziam-a-reuniao-dos-desesperados-justica-reconhece-assedio-moral-e-mantem-indenizacao-contra-empresa\/\" \/>\n<meta property=\"og:site_name\" content=\"Estado de Minas - Em foco\" \/>\n<meta property=\"article:published_time\" content=\"2026-03-09T22:35:00+00:00\" \/>\n<meta property=\"article:modified_time\" content=\"2026-03-06T18:51:03+00:00\" \/>\n<meta property=\"og:image\" content=\"https:\/\/www.em.com.br\/emfoco\/wp-content\/uploads\/2026\/03\/8-18.jpg\" \/>\n\t<meta property=\"og:image:width\" content=\"1280\" \/>\n\t<meta property=\"og:image:height\" content=\"720\" \/>\n\t<meta property=\"og:image:type\" content=\"image\/jpeg\" \/>\n<meta name=\"author\" content=\"Gabriel Martins\" \/>\n<meta name=\"twitter:card\" content=\"summary_large_image\" \/>\n<meta name=\"twitter:label1\" content=\"Escrito por\" \/>\n\t<meta name=\"twitter:data1\" content=\"Gabriel Martins\" \/>\n\t<meta name=\"twitter:label2\" content=\"Est. tempo de leitura\" \/>\n\t<meta name=\"twitter:data2\" content=\"5 minutos\" \/>\n<!-- \/ Yoast SEO plugin. -->","yoast_head_json":{"title":"Exigiam 540 liga\u00e7\u00f5es por dia e faziam a \u201creuni\u00e3o dos desesperados\u201d: Justi\u00e7a reconhece ass\u00e9dio moral e mant\u00e9m indeniza\u00e7\u00e3o contra empresa - Estado de Minas - Em foco","description":"Metas extremas, reuni\u00f5es humilhantes e amea\u00e7as veladas levaram a Justi\u00e7a a reconhecer ass\u00e9dio moral. Entenda os crit\u00e9rios usados pelo TST.","robots":{"index":"index","follow":"follow","max-snippet":"max-snippet:-1","max-image-preview":"max-image-preview:large","max-video-preview":"max-video-preview:-1"},"canonical":"https:\/\/www.em.com.br\/emfoco\/2026\/03\/09\/exigiam-540-ligacoes-por-dia-e-faziam-a-reuniao-dos-desesperados-justica-reconhece-assedio-moral-e-mantem-indenizacao-contra-empresa\/","og_locale":"pt_BR","og_type":"article","og_title":"Exigiam 540 liga\u00e7\u00f5es por dia e faziam a \u201creuni\u00e3o dos desesperados\u201d: Justi\u00e7a reconhece ass\u00e9dio moral e mant\u00e9m indeniza\u00e7\u00e3o contra empresa - Estado de Minas - Em foco","og_description":"Metas extremas, reuni\u00f5es humilhantes e amea\u00e7as veladas levaram a Justi\u00e7a a reconhecer ass\u00e9dio moral. Entenda os crit\u00e9rios usados pelo TST.","og_url":"https:\/\/www.em.com.br\/emfoco\/2026\/03\/09\/exigiam-540-ligacoes-por-dia-e-faziam-a-reuniao-dos-desesperados-justica-reconhece-assedio-moral-e-mantem-indenizacao-contra-empresa\/","og_site_name":"Estado de Minas - Em foco","article_published_time":"2026-03-09T22:35:00+00:00","article_modified_time":"2026-03-06T18:51:03+00:00","og_image":[{"width":1280,"height":720,"url":"https:\/\/www.em.com.br\/emfoco\/wp-content\/uploads\/2026\/03\/8-18.jpg","type":"image\/jpeg"}],"author":"Gabriel Martins","twitter_card":"summary_large_image","twitter_misc":{"Escrito por":"Gabriel Martins","Est. tempo de leitura":"5 minutos"},"schema":{"@context":"https:\/\/schema.org","@graph":[{"@type":"WebPage","@id":"https:\/\/www.em.com.br\/emfoco\/2026\/03\/09\/exigiam-540-ligacoes-por-dia-e-faziam-a-reuniao-dos-desesperados-justica-reconhece-assedio-moral-e-mantem-indenizacao-contra-empresa\/","url":"https:\/\/www.em.com.br\/emfoco\/2026\/03\/09\/exigiam-540-ligacoes-por-dia-e-faziam-a-reuniao-dos-desesperados-justica-reconhece-assedio-moral-e-mantem-indenizacao-contra-empresa\/","name":"Exigiam 540 liga\u00e7\u00f5es por dia e faziam a \u201creuni\u00e3o dos desesperados\u201d: Justi\u00e7a reconhece ass\u00e9dio moral e mant\u00e9m indeniza\u00e7\u00e3o contra empresa - Estado de Minas - Em foco","isPartOf":{"@id":"https:\/\/www.em.com.br\/emfoco\/#website"},"primaryImageOfPage":{"@id":"https:\/\/www.em.com.br\/emfoco\/2026\/03\/09\/exigiam-540-ligacoes-por-dia-e-faziam-a-reuniao-dos-desesperados-justica-reconhece-assedio-moral-e-mantem-indenizacao-contra-empresa\/#primaryimage"},"image":{"@id":"https:\/\/www.em.com.br\/emfoco\/2026\/03\/09\/exigiam-540-ligacoes-por-dia-e-faziam-a-reuniao-dos-desesperados-justica-reconhece-assedio-moral-e-mantem-indenizacao-contra-empresa\/#primaryimage"},"thumbnailUrl":"https:\/\/www.em.com.br\/emfoco\/wp-content\/uploads\/2026\/03\/8-18.jpg","datePublished":"2026-03-09T22:35:00+00:00","dateModified":"2026-03-06T18:51:03+00:00","author":{"@id":"https:\/\/www.em.com.br\/emfoco\/#\/schema\/person\/1c9ddeab18b98abeffef834667bcf08a"},"description":"Metas extremas, reuni\u00f5es humilhantes e amea\u00e7as veladas levaram a Justi\u00e7a a reconhecer ass\u00e9dio moral. Entenda os crit\u00e9rios usados pelo TST.","breadcrumb":{"@id":"https:\/\/www.em.com.br\/emfoco\/2026\/03\/09\/exigiam-540-ligacoes-por-dia-e-faziam-a-reuniao-dos-desesperados-justica-reconhece-assedio-moral-e-mantem-indenizacao-contra-empresa\/#breadcrumb"},"inLanguage":"pt-BR","potentialAction":[{"@type":"ReadAction","target":["https:\/\/www.em.com.br\/emfoco\/2026\/03\/09\/exigiam-540-ligacoes-por-dia-e-faziam-a-reuniao-dos-desesperados-justica-reconhece-assedio-moral-e-mantem-indenizacao-contra-empresa\/"]}]},{"@type":"ImageObject","inLanguage":"pt-BR","@id":"https:\/\/www.em.com.br\/emfoco\/2026\/03\/09\/exigiam-540-ligacoes-por-dia-e-faziam-a-reuniao-dos-desesperados-justica-reconhece-assedio-moral-e-mantem-indenizacao-contra-empresa\/#primaryimage","url":"https:\/\/www.em.com.br\/emfoco\/wp-content\/uploads\/2026\/03\/8-18.jpg","contentUrl":"https:\/\/www.em.com.br\/emfoco\/wp-content\/uploads\/2026\/03\/8-18.jpg","width":1280,"height":720,"caption":"Justi\u00e7a do Trabalho estabelece limites rigorosos para cobran\u00e7a de metas profissionais"},{"@type":"BreadcrumbList","@id":"https:\/\/www.em.com.br\/emfoco\/2026\/03\/09\/exigiam-540-ligacoes-por-dia-e-faziam-a-reuniao-dos-desesperados-justica-reconhece-assedio-moral-e-mantem-indenizacao-contra-empresa\/#breadcrumb","itemListElement":[{"@type":"ListItem","position":1,"name":"In\u00edcio","item":"https:\/\/www.em.com.br\/emfoco\/"},{"@type":"ListItem","position":2,"name":"Exigiam 540 liga\u00e7\u00f5es por dia e faziam a \u201creuni\u00e3o dos desesperados\u201d: Justi\u00e7a reconhece ass\u00e9dio moral e mant\u00e9m indeniza\u00e7\u00e3o contra empresa"}]},{"@type":"WebSite","@id":"https:\/\/www.em.com.br\/emfoco\/#website","url":"https:\/\/www.em.com.br\/emfoco\/","name":"Estado de Minas - Em foco","description":"Acompanhe as \u00faltimas not\u00edcias e fique bem informado sobre tudo o que acontece em Minas Gerais, Brasil e no mundo.","potentialAction":[{"@type":"SearchAction","target":{"@type":"EntryPoint","urlTemplate":"https:\/\/www.em.com.br\/emfoco\/?s={search_term_string}"},"query-input":{"@type":"PropertyValueSpecification","valueRequired":true,"valueName":"search_term_string"}}],"inLanguage":"pt-BR"},{"@type":"Person","@id":"https:\/\/www.em.com.br\/emfoco\/#\/schema\/person\/1c9ddeab18b98abeffef834667bcf08a","name":"Gabriel Martins","image":{"@type":"ImageObject","inLanguage":"pt-BR","@id":"https:\/\/www.em.com.br\/emfoco\/#\/schema\/person\/image\/","url":"https:\/\/secure.gravatar.com\/avatar\/f0f1e2efdfd88f1ad2cb08c5c2731e50?s=96&d=mm&r=g","contentUrl":"https:\/\/secure.gravatar.com\/avatar\/f0f1e2efdfd88f1ad2cb08c5c2731e50?s=96&d=mm&r=g","caption":"Gabriel Martins"},"sameAs":["https:\/\/www.em.com.br\/emfoco\/"],"url":"https:\/\/www.em.com.br\/emfoco\/author\/gabrielmartinsmyth\/"}]}},"_links":{"self":[{"href":"https:\/\/www.em.com.br\/emfoco\/wp-json\/wp\/v2\/posts\/178408","targetHints":{"allow":["GET"]}}],"collection":[{"href":"https:\/\/www.em.com.br\/emfoco\/wp-json\/wp\/v2\/posts"}],"about":[{"href":"https:\/\/www.em.com.br\/emfoco\/wp-json\/wp\/v2\/types\/post"}],"author":[{"embeddable":true,"href":"https:\/\/www.em.com.br\/emfoco\/wp-json\/wp\/v2\/users\/13"}],"replies":[{"embeddable":true,"href":"https:\/\/www.em.com.br\/emfoco\/wp-json\/wp\/v2\/comments?post=178408"}],"version-history":[{"count":1,"href":"https:\/\/www.em.com.br\/emfoco\/wp-json\/wp\/v2\/posts\/178408\/revisions"}],"predecessor-version":[{"id":178427,"href":"https:\/\/www.em.com.br\/emfoco\/wp-json\/wp\/v2\/posts\/178408\/revisions\/178427"}],"wp:featuredmedia":[{"embeddable":true,"href":"https:\/\/www.em.com.br\/emfoco\/wp-json\/wp\/v2\/media\/178425"}],"wp:attachment":[{"href":"https:\/\/www.em.com.br\/emfoco\/wp-json\/wp\/v2\/media?parent=178408"}],"wp:term":[{"taxonomy":"category","embeddable":true,"href":"https:\/\/www.em.com.br\/emfoco\/wp-json\/wp\/v2\/categories?post=178408"},{"taxonomy":"post_tag","embeddable":true,"href":"https:\/\/www.em.com.br\/emfoco\/wp-json\/wp\/v2\/tags?post=178408"}],"curies":[{"name":"wp","href":"https:\/\/api.w.org\/{rel}","templated":true}]}}